{"id":9600,"date":"2014-02-25T11:15:12","date_gmt":"2014-02-25T14:15:12","guid":{"rendered":"http:\/\/blogdaandreasimonetti.com.br\/?p=9600"},"modified":"2018-05-25T08:52:59","modified_gmt":"2018-05-25T11:52:59","slug":"semana-de-moda-de-milao-2014","status":"publish","type":"post","link":"https:\/\/andreasimonetti.com.br\/blog\/semana-de-moda-de-milao-2014\/","title":{"rendered":"Semana de Moda de Mil\u00e3o 2014"},"content":{"rendered":"<p>A Semana de Moda de Mil\u00e3o para outono-inverno 2014\/15 foi bastante agitada. Para quem n\u00e3o sabe a semana de moda em Mil\u00e3o apresenta as tend\u00eancias para 2014 da moda outono-inverno e v\u00e1rias marcas famosas se apresentam nas passarelas mostrando suas novidades.<br \/>\nApesar de todos serem surpreendidos com as lindas roupas apresentadas pelas marcas, a maior atra\u00e7\u00e3o e mais comentada foi \u00e0 participa\u00e7\u00e3o da cantora Katy Perry no desfile.<br \/>\nPelo o que sabemos a cantora atrasou uma hora para aparecer nas passarelas desfilando a grife Moschino, assim que entrou foi vaiada por alguns fot\u00f3grafos.<\/p>\n<p>Mas n\u00e3o foi s\u00f3 coisas ruins que movimentaram os desfiles por outro lado Giorgio Armani ficou a vontade por estar em suas terras e foi a escolha da moda italiana para encerrar a semana de moda de Mil\u00e3o. O mesmo surpreendeu a todos como sempre com a qualidade de suas roupas quando se trata de tingimento da flanela, tecido que ser\u00e1 o principal em sua pr\u00f3xima cole\u00e7\u00e3o com o exemplo de cores como: cinza sejam eles claros ou escuros e at\u00e9 verde-lim\u00e3o.<br \/>\nCom muito degrade ele apresenta uma cole\u00e7\u00e3o para mulheres de modo simples, por\u00e9m sofisticadas e elegantes.<\/p>\n<p>Para ficarem por dentro de um pouquinho de tudo que aconteceu colocarei para voc\u00eas algumas fotos das marcas que tamb\u00e9m desfilaram e fizeram sucesso nas passarelas Italianas.<\/p>\n<p><img loading=\"lazy\" decoding=\"async\" src=\"http:\/\/blogdaandreasimonetti.com.br\/wp-content\/uploads\/2014\/02\/Semana-de-Moda-de-Mil\u00e3o-2014.jpg\" alt=\"Semana de Moda de Mil\u00e3o 2014\" width=\"720\" height=\"2500\" class=\"aligncenter size-full wp-image-9602\" srcset=\"https:\/\/andreasimonetti.com.br\/blog\/wp-content\/uploads\/2014\/02\/Semana-de-Moda-de-Mil\u00e3o-2014.jpg 720w, https:\/\/andreasimonetti.com.br\/blog\/wp-content\/uploads\/2014\/02\/Semana-de-Moda-de-Mil\u00e3o-2014-86x300.jpg 86w\" sizes=\"auto, (max-width: 720px) 100vw, 720px\" \/><\/p>\n","protected":false},"excerpt":{"rendered":"<p>A Semana de Moda de Mil\u00e3o para outono-inverno 2014\/15 foi bastante agitada. Para quem n\u00e3o sabe a semana de moda em Mil\u00e3o apresenta as tend\u00eancias para 2014 da moda outono-inverno&hellip;<\/p>\n","protected":false},"author":7,"featured_media":0,"comment_status":"open","ping_status":"open","sticky":false,"template":"","format":"standard","meta":{"_monsterinsights_skip_tracking":false,"_monsterinsights_sitenote_active":false,"_monsterinsights_sitenote_note":"","_monsterinsights_sitenote_category":0,"footnotes":""},"categories":[1508,2013,3],"tags":[1446,1444,41,1408,1442,1443,1445,1409,1441],"class_list":["post-9600","post","type-post","status-publish","format-standard","hentry","category-destaque","category-lifestyle","category-moda","tag-gianfranco-ferre","tag-giorgio-armani","tag-gucci","tag-katy-perry","tag-milao","tag-milao-2014","tag-moschino","tag-prada","tag-semana-de-moda"],"yoast_head":"<!-- This site is optimized with the Yoast SEO plugin v26.3 - https:\/\/yoast.com\/wordpress\/plugins\/seo\/ -->\n<title>Semana de Moda de Mil\u00e3o 2014 - Andrea Simonetti<\/title>\n<meta name=\"robots\" content=\"index, follow, max-snippet:-1, max-image-preview:large, max-video-preview:-1\" \/>\n<link rel=\"canonical\" href=\"https:\/\/andreasimonetti.com.br\/blog\/semana-de-moda-de-milao-2014\/\" \/>\n<meta property=\"og:locale\" content=\"pt_BR\" \/>\n<meta property=\"og:type\" content=\"article\" \/>\n<meta property=\"og:title\" content=\"Semana de Moda de Mil\u00e3o 2014 - Andrea Simonetti\" \/>\n<meta property=\"og:description\" content=\"A Semana de Moda de Mil\u00e3o para outono-inverno 2014\/15 foi bastante agitada. Para quem n\u00e3o sabe a semana de moda em Mil\u00e3o apresenta as tend\u00eancias para 2014 da moda outono-inverno&hellip;\" \/>\n<meta property=\"og:url\" content=\"https:\/\/andreasimonetti.com.br\/blog\/semana-de-moda-de-milao-2014\/\" \/>\n<meta property=\"og:site_name\" content=\"Andrea Simonetti\" \/>\n<meta property=\"article:publisher\" content=\"https:\/\/www.facebook.com\/blogdaandreasimonetti\/\" \/>\n<meta property=\"article:author\" content=\"https:\/\/www.facebook.com\/blogdaandreasimonetti\/\" \/>\n<meta property=\"article:published_time\" content=\"2014-02-25T14:15:12+00:00\" \/>\n<meta property=\"article:modified_time\" content=\"2018-05-25T11:52:59+00:00\" \/>\n<meta name=\"author\" content=\"Andrea Simonetti\" \/>\n<meta name=\"twitter:card\" content=\"summary_large_image\" \/>\n<meta name=\"twitter:creator\" content=\"@https:\/\/twitter.com\/Andrea_Simoneti\" \/>\n<meta name=\"twitter:site\" content=\"@Andrea_Simoneti\" \/>\n<meta name=\"twitter:label1\" content=\"Escrito por\" \/>\n\t<meta name=\"twitter:data1\" content=\"Andrea Simonetti\" \/>\n\t<meta name=\"twitter:label2\" content=\"Est. tempo de leitura\" \/>\n\t<meta name=\"twitter:data2\" content=\"1 minuto\" \/>\n<!-- \/ Yoast SEO plugin. -->","yoast_head_json":{"title":"Semana de Moda de Mil\u00e3o 2014 - Andrea Simonetti","robots":{"index":"index","follow":"follow","max-snippet":"max-snippet:-1","max-image-preview":"max-image-preview:large","max-video-preview":"max-video-preview:-1"},"canonical":"https:\/\/andreasimonetti.com.br\/blog\/semana-de-moda-de-milao-2014\/","og_locale":"pt_BR","og_type":"article","og_title":"Semana de Moda de Mil\u00e3o 2014 - Andrea Simonetti","og_description":"A Semana de Moda de Mil\u00e3o para outono-inverno 2014\/15 foi bastante agitada. Para quem n\u00e3o sabe a semana de moda em Mil\u00e3o apresenta as tend\u00eancias para 2014 da moda outono-inverno&hellip;","og_url":"https:\/\/andreasimonetti.com.br\/blog\/semana-de-moda-de-milao-2014\/","og_site_name":"Andrea Simonetti","article_publisher":"https:\/\/www.facebook.com\/blogdaandreasimonetti\/","article_author":"https:\/\/www.facebook.com\/blogdaandreasimonetti\/","article_published_time":"2014-02-25T14:15:12+00:00","article_modified_time":"2018-05-25T11:52:59+00:00","author":"Andrea Simonetti","twitter_card":"summary_large_image","twitter_creator":"@https:\/\/twitter.com\/Andrea_Simoneti","twitter_site":"@Andrea_Simoneti","twitter_misc":{"Escrito por":"Andrea Simonetti","Est. tempo de leitura":"1 minuto"},"schema":{"@context":"https:\/\/schema.org","@graph":[{"@type":"WebPage","@id":"https:\/\/andreasimonetti.com.br\/blog\/semana-de-moda-de-milao-2014\/","url":"https:\/\/andreasimonetti.com.br\/blog\/semana-de-moda-de-milao-2014\/","name":"Semana de Moda de Mil\u00e3o 2014 - Andrea Simonetti","isPartOf":{"@id":"https:\/\/andreasimonetti.com.br\/blog\/#website"},"datePublished":"2014-02-25T14:15:12+00:00","dateModified":"2018-05-25T11:52:59+00:00","author":{"@id":"https:\/\/andreasimonetti.com.br\/blog\/#\/schema\/person\/254f763c24ac288e27ea738a7366ad2a"},"breadcrumb":{"@id":"https:\/\/andreasimonetti.com.br\/blog\/semana-de-moda-de-milao-2014\/#breadcrumb"},"inLanguage":"pt-BR","potentialAction":[{"@type":"ReadAction","target":["https:\/\/andreasimonetti.com.br\/blog\/semana-de-moda-de-milao-2014\/"]}]},{"@type":"BreadcrumbList","@id":"https:\/\/andreasimonetti.com.br\/blog\/semana-de-moda-de-milao-2014\/#breadcrumb","itemListElement":[{"@type":"ListItem","position":1,"name":"In\u00edcio","item":"https:\/\/andreasimonetti.com.br\/blog\/"},{"@type":"ListItem","position":2,"name":"Semana de Moda de Mil\u00e3o 2014"}]},{"@type":"WebSite","@id":"https:\/\/andreasimonetti.com.br\/blog\/#website","url":"https:\/\/andreasimonetti.com.br\/blog\/","name":"Andrea Simonetti","description":"","potentialAction":[{"@type":"SearchAction","target":{"@type":"EntryPoint","urlTemplate":"https:\/\/andreasimonetti.com.br\/blog\/?s={search_term_string}"},"query-input":{"@type":"PropertyValueSpecification","valueRequired":true,"valueName":"search_term_string"}}],"inLanguage":"pt-BR"},{"@type":"Person","@id":"https:\/\/andreasimonetti.com.br\/blog\/#\/schema\/person\/254f763c24ac288e27ea738a7366ad2a","name":"Andrea Simonetti","image":{"@type":"ImageObject","inLanguage":"pt-BR","@id":"https:\/\/andreasimonetti.com.br\/blog\/#\/schema\/person\/image\/","url":"https:\/\/andreasimonetti.com.br\/blog\/wp-content\/uploads\/2018\/04\/andrea-simonetti-96x96.png","contentUrl":"https:\/\/andreasimonetti.com.br\/blog\/wp-content\/uploads\/2018\/04\/andrea-simonetti-96x96.png","caption":"Andrea Simonetti"},"description":"Sou formada em Administra\u00e7\u00e3o de Empresas, Produ\u00e7\u00e3o de Moda pelo SENAC e Consultoria de Estilo. Sou fascinada por moda desde sempre, adoro ver as pessoas produzidas e de bem com a vida. Moda \u00e9 o meu assunto preferido. Comecei meu blog em 2011, ele cresceu e hoje \u00e9 um site bem mais abrangente, onde eu falo sobre moda e meu trabalho de consultora de estilo. E falo tamb\u00e9m sobre a minha experi\u00eancia de vida. Mas antes de tudo, acredito num Deus Soberano que nos guia e aben\u00e7oa, o tempo todo!","sameAs":["https:\/\/www.andreasimonetti.com.br\/","https:\/\/www.facebook.com\/blogdaandreasimonetti\/","https:\/\/www.instagram.com\/andrea_simonetti\/","https:\/\/br.pinterest.com\/BlogAndrea\/","https:\/\/x.com\/https:\/\/twitter.com\/Andrea_Simoneti"],"url":"https:\/\/andreasimonetti.com.br\/blog\/author\/andrea\/"}]}},"_links":{"self":[{"href":"https:\/\/andreasimonetti.com.br\/blog\/wp-json\/wp\/v2\/posts\/9600","targetHints":{"allow":["GET"]}}],"collection":[{"href":"https:\/\/andreasimonetti.com.br\/blog\/wp-json\/wp\/v2\/posts"}],"about":[{"href":"https:\/\/andreasimonetti.com.br\/blog\/wp-json\/wp\/v2\/types\/post"}],"author":[{"embeddable":true,"href":"https:\/\/andreasimonetti.com.br\/blog\/wp-json\/wp\/v2\/users\/7"}],"replies":[{"embeddable":true,"href":"https:\/\/andreasimonetti.com.br\/blog\/wp-json\/wp\/v2\/comments?post=9600"}],"version-history":[{"count":0,"href":"https:\/\/andreasimonetti.com.br\/blog\/wp-json\/wp\/v2\/posts\/9600\/revisions"}],"wp:attachment":[{"href":"https:\/\/andreasimonetti.com.br\/blog\/wp-json\/wp\/v2\/media?parent=9600"}],"wp:term":[{"taxonomy":"category","embeddable":true,"href":"https:\/\/andreasimonetti.com.br\/blog\/wp-json\/wp\/v2\/categories?post=9600"},{"taxonomy":"post_tag","embeddable":true,"href":"https:\/\/andreasimonetti.com.br\/blog\/wp-json\/wp\/v2\/tags?post=9600"}],"curies":[{"name":"wp","href":"https:\/\/api.w.org\/{rel}","templated":true}]}}