{"id":9441,"date":"2014-02-11T12:34:06","date_gmt":"2014-02-11T14:34:06","guid":{"rendered":"http:\/\/blogdaandreasimonetti.com.br\/?p=9441"},"modified":"2018-05-25T08:48:27","modified_gmt":"2018-05-25T11:48:27","slug":"esmaltes-destaques-no-verao-2014","status":"publish","type":"post","link":"https:\/\/andreasimonetti.com.br\/blog\/esmaltes-destaques-no-verao-2014\/","title":{"rendered":"Esmaltes: Destaques no Ver\u00e3o 2014"},"content":{"rendered":"<p><img loading=\"lazy\" decoding=\"async\" class=\"aligncenter size-full wp-image-9445\" alt=\"Primeira\" src=\"http:\/\/blogdaandreasimonetti.com.br\/wp-content\/uploads\/2014\/02\/Primeira1.jpg\" width=\"720\" height=\"360\" srcset=\"https:\/\/andreasimonetti.com.br\/blog\/wp-content\/uploads\/2014\/02\/Primeira1.jpg 720w, https:\/\/andreasimonetti.com.br\/blog\/wp-content\/uploads\/2014\/02\/Primeira1-300x150.jpg 300w\" sizes=\"auto, (max-width: 720px) 100vw, 720px\" \/><\/p>\n<p>O ver\u00e3o termina no fim de Mar\u00e7o e as empresas de esmaltes n\u00e3o param de inovar para essa esta\u00e7\u00e3o. As apaixonadas por esmaltes assim como eu j\u00e1 podem comemorar, pois v\u00e1rias marcas com cores e novidades tomam conta das prateleiras neste m\u00eas.<br \/>\nSempre digo que os esmaltes tem sido um detalhe essencial para composi\u00e7\u00e3o de um \u201clook\u201d seja ele despojado, rom\u00e2ntico, alternativo, cl\u00e1ssico ou at\u00e9 mesmo Rock\u2019n Roll.<br \/>\nSeparei para voc\u00eas os mais comentados e destaques at\u00e9 o fim do ver\u00e3o, espero que gostem e usem a imagina\u00e7\u00e3o para criar desenhos com as cores do momento.<\/p>\n<p><img loading=\"lazy\" decoding=\"async\" class=\"aligncenter size-full wp-image-9452\" alt=\"Destaque esmaltes\" src=\"http:\/\/blogdaandreasimonetti.com.br\/wp-content\/uploads\/2014\/02\/Destaque-esmaltes.jpg\" width=\"720\" height=\"1200\" srcset=\"https:\/\/andreasimonetti.com.br\/blog\/wp-content\/uploads\/2014\/02\/Destaque-esmaltes.jpg 720w, https:\/\/andreasimonetti.com.br\/blog\/wp-content\/uploads\/2014\/02\/Destaque-esmaltes-180x300.jpg 180w, https:\/\/andreasimonetti.com.br\/blog\/wp-content\/uploads\/2014\/02\/Destaque-esmaltes-614x1024.jpg 614w\" sizes=\"auto, (max-width: 720px) 100vw, 720px\" \/><\/p>\n<p><strong>1) Marca: Avon &#8211; Nail Pro + 5 em 1<\/strong><br \/>\nA Avon desenvolveu uma cole\u00e7\u00e3o com dez cores novas para voc\u00ea inovar suas unhas com alta cobertura, extrabilho, cor intensa, prote\u00e7\u00e3o e fortalecimento. Nela possui duas cores de edi\u00e7\u00e3o limitada a verde esmeralda e o roxo glam.<\/p>\n<p><strong>2) Marca: Impala \u2013 Calif\u00f3rnia<\/strong><br \/>\nA Impala resolveu criar esmaltes para o alto ver\u00e3o com inspira\u00e7\u00f5es ligadas ao calor, celebridades e lugares. As cinco cores tem nomes como: Destino dos Sonhos, Di\u00e1rio de Viagem, Na Estrada, Beleza Natural, e Fim de Tarde.<\/p>\n<p><strong>3) Marca: Super P\u00e9rola &#8211; 3 Resort<\/strong><br \/>\nA Super P\u00e9rola criou a cole\u00e7\u00e3o Resort inspirada na cor do c\u00e9u ao entardecer, esmaltes enriquecidos de queratina e \u00f3leo de argan. Cinco cores com o nome de : Bangal\u00f4, Rede, Sol Forte, Boa Vida e Balan\u00e7o.<\/p>\n<p><strong>4) Marca: Facinatus\/ Linha F. Colors<\/strong><br \/>\nA Marca oferece cor intensa e secagem r\u00e1pida. A cole\u00e7\u00e3o possui 15 cores diferenciadas + \u00f3leo secante, extra brilho e base.<\/p>\n<p><strong>5) Marca: Essie<\/strong><br \/>\nA marca Essie j\u00e1 \u00e9 famosa fora do Brasil. Agora j\u00e1 podemos comemorar pois ser\u00e3o vendidos a partir deste m\u00eas nos principais sal\u00f5es de nosso pa\u00eds tamb\u00e9m com uma linha de 108 cores diferentes.<\/p>\n<p><strong>6) Marca: O.P.I<\/strong><br \/>\nA diretora criativa da empresa ficou encantada com nosso carnaval em sua visita no ano passado e resolveu criar uma cole\u00e7\u00e3o com 16 cores inspiradas em nossas belezas naturais.<\/p>\n<p><strong>7) Marca: Avon &#8211; Quero Mais<\/strong><br \/>\nA Avon quer transmitir atrav\u00e9s de seus esmaltes muitas energias positivas para o come\u00e7o deste ano de 2014. Assim sua cole\u00e7\u00e3o \u00e9 inspirada nos melhores desejos como: Love!, Luxo e Poder, Boas Vibra\u00e7\u00f5es, Glamour e Alto Astral.<\/p>\n<p><strong>8) Marca: Maybelline &#8211; Color Show<\/strong><br \/>\nA Maybelline t\u00e3o esperada trouxe ao Brasil uma cole\u00e7\u00e3o de 60 cores com v\u00e1rios acabamentos. Com muita cor intensa e concentrada intensificando cor do esmalte.<\/p>\n<p><strong>9) Marca: Impala &#8211; Cole\u00e7\u00e3o Isis Valverde<\/strong><br \/>\nA Impala lan\u00e7ou a primeira linha em parceria com a atriz Isis Valverde. Embalagens novas e inspiradas nas mulheres brasileiras. A cole\u00e7\u00e3o conta com as seguintes cores: Flora, Maria, Sofia, Laura, Na, Carolina, Helena e Clara.<\/p>\n<p><strong>10) Marca: Alta Moda \u00e9&#8230; <\/strong><br \/>\nA Alta Mode \u00e9&#8230; Desenvolveu uma linha que ajuda o fortalecimento das unhas al\u00e9m de colorir possuindo 60 cores. Uma f\u00f3rmula de 3free sendo livre de Folmalde\u00eddo Tolueno e DBP.<\/p>\n","protected":false},"excerpt":{"rendered":"<p>O ver\u00e3o termina no fim de Mar\u00e7o e as empresas de esmaltes n\u00e3o param de inovar para essa esta\u00e7\u00e3o. As apaixonadas por esmaltes assim como eu j\u00e1 podem comemorar, pois&hellip;<\/p>\n","protected":false},"author":7,"featured_media":0,"comment_status":"open","ping_status":"open","sticky":false,"template":"","format":"standard","meta":{"_monsterinsights_skip_tracking":false,"_monsterinsights_sitenote_active":false,"_monsterinsights_sitenote_note":"","_monsterinsights_sitenote_category":0,"footnotes":""},"categories":[6,3],"tags":[150,2325,573],"class_list":["post-9441","post","type-post","status-publish","format-standard","hentry","category-beleza","category-moda","tag-esmaltes-2","tag-lancamentos","tag-verao"],"yoast_head":"<!-- This site is optimized with the Yoast SEO plugin v26.3 - https:\/\/yoast.com\/wordpress\/plugins\/seo\/ -->\n<title>Esmaltes: Destaques no Ver\u00e3o 2014 - Andrea Simonetti<\/title>\n<meta name=\"robots\" content=\"index, follow, max-snippet:-1, max-image-preview:large, max-video-preview:-1\" \/>\n<link rel=\"canonical\" href=\"https:\/\/andreasimonetti.com.br\/blog\/esmaltes-destaques-no-verao-2014\/\" \/>\n<meta property=\"og:locale\" content=\"pt_BR\" \/>\n<meta property=\"og:type\" content=\"article\" \/>\n<meta property=\"og:title\" content=\"Esmaltes: Destaques no Ver\u00e3o 2014 - Andrea Simonetti\" \/>\n<meta property=\"og:description\" content=\"O ver\u00e3o termina no fim de Mar\u00e7o e as empresas de esmaltes n\u00e3o param de inovar para essa esta\u00e7\u00e3o. As apaixonadas por esmaltes assim como eu j\u00e1 podem comemorar, pois&hellip;\" \/>\n<meta property=\"og:url\" content=\"https:\/\/andreasimonetti.com.br\/blog\/esmaltes-destaques-no-verao-2014\/\" \/>\n<meta property=\"og:site_name\" content=\"Andrea Simonetti\" \/>\n<meta property=\"article:publisher\" content=\"https:\/\/www.facebook.com\/blogdaandreasimonetti\/\" \/>\n<meta property=\"article:author\" content=\"https:\/\/www.facebook.com\/blogdaandreasimonetti\/\" \/>\n<meta property=\"article:published_time\" content=\"2014-02-11T14:34:06+00:00\" \/>\n<meta property=\"article:modified_time\" content=\"2018-05-25T11:48:27+00:00\" \/>\n<meta property=\"og:image\" content=\"http:\/\/blogdaandreasimonetti.com.br\/wp-content\/uploads\/2014\/02\/Primeira1.jpg\" \/>\n<meta name=\"author\" content=\"Andrea Simonetti\" \/>\n<meta name=\"twitter:card\" content=\"summary_large_image\" \/>\n<meta name=\"twitter:creator\" content=\"@https:\/\/twitter.com\/Andrea_Simoneti\" \/>\n<meta name=\"twitter:site\" content=\"@Andrea_Simoneti\" \/>\n<meta name=\"twitter:label1\" content=\"Escrito por\" \/>\n\t<meta name=\"twitter:data1\" content=\"Andrea Simonetti\" \/>\n\t<meta name=\"twitter:label2\" content=\"Est. tempo de leitura\" \/>\n\t<meta name=\"twitter:data2\" content=\"2 minutos\" \/>\n<!-- \/ Yoast SEO plugin. -->","yoast_head_json":{"title":"Esmaltes: Destaques no Ver\u00e3o 2014 - Andrea Simonetti","robots":{"index":"index","follow":"follow","max-snippet":"max-snippet:-1","max-image-preview":"max-image-preview:large","max-video-preview":"max-video-preview:-1"},"canonical":"https:\/\/andreasimonetti.com.br\/blog\/esmaltes-destaques-no-verao-2014\/","og_locale":"pt_BR","og_type":"article","og_title":"Esmaltes: Destaques no Ver\u00e3o 2014 - Andrea Simonetti","og_description":"O ver\u00e3o termina no fim de Mar\u00e7o e as empresas de esmaltes n\u00e3o param de inovar para essa esta\u00e7\u00e3o. As apaixonadas por esmaltes assim como eu j\u00e1 podem comemorar, pois&hellip;","og_url":"https:\/\/andreasimonetti.com.br\/blog\/esmaltes-destaques-no-verao-2014\/","og_site_name":"Andrea Simonetti","article_publisher":"https:\/\/www.facebook.com\/blogdaandreasimonetti\/","article_author":"https:\/\/www.facebook.com\/blogdaandreasimonetti\/","article_published_time":"2014-02-11T14:34:06+00:00","article_modified_time":"2018-05-25T11:48:27+00:00","og_image":[{"url":"http:\/\/blogdaandreasimonetti.com.br\/wp-content\/uploads\/2014\/02\/Primeira1.jpg","type":"","width":"","height":""}],"author":"Andrea Simonetti","twitter_card":"summary_large_image","twitter_creator":"@https:\/\/twitter.com\/Andrea_Simoneti","twitter_site":"@Andrea_Simoneti","twitter_misc":{"Escrito por":"Andrea Simonetti","Est. tempo de leitura":"2 minutos"},"schema":{"@context":"https:\/\/schema.org","@graph":[{"@type":"WebPage","@id":"https:\/\/andreasimonetti.com.br\/blog\/esmaltes-destaques-no-verao-2014\/","url":"https:\/\/andreasimonetti.com.br\/blog\/esmaltes-destaques-no-verao-2014\/","name":"Esmaltes: Destaques no Ver\u00e3o 2014 - Andrea Simonetti","isPartOf":{"@id":"https:\/\/andreasimonetti.com.br\/blog\/#website"},"primaryImageOfPage":{"@id":"https:\/\/andreasimonetti.com.br\/blog\/esmaltes-destaques-no-verao-2014\/#primaryimage"},"image":{"@id":"https:\/\/andreasimonetti.com.br\/blog\/esmaltes-destaques-no-verao-2014\/#primaryimage"},"thumbnailUrl":"http:\/\/blogdaandreasimonetti.com.br\/wp-content\/uploads\/2014\/02\/Primeira1.jpg","datePublished":"2014-02-11T14:34:06+00:00","dateModified":"2018-05-25T11:48:27+00:00","author":{"@id":"https:\/\/andreasimonetti.com.br\/blog\/#\/schema\/person\/254f763c24ac288e27ea738a7366ad2a"},"breadcrumb":{"@id":"https:\/\/andreasimonetti.com.br\/blog\/esmaltes-destaques-no-verao-2014\/#breadcrumb"},"inLanguage":"pt-BR","potentialAction":[{"@type":"ReadAction","target":["https:\/\/andreasimonetti.com.br\/blog\/esmaltes-destaques-no-verao-2014\/"]}]},{"@type":"ImageObject","inLanguage":"pt-BR","@id":"https:\/\/andreasimonetti.com.br\/blog\/esmaltes-destaques-no-verao-2014\/#primaryimage","url":"http:\/\/blogdaandreasimonetti.com.br\/wp-content\/uploads\/2014\/02\/Primeira1.jpg","contentUrl":"http:\/\/blogdaandreasimonetti.com.br\/wp-content\/uploads\/2014\/02\/Primeira1.jpg"},{"@type":"BreadcrumbList","@id":"https:\/\/andreasimonetti.com.br\/blog\/esmaltes-destaques-no-verao-2014\/#breadcrumb","itemListElement":[{"@type":"ListItem","position":1,"name":"In\u00edcio","item":"https:\/\/andreasimonetti.com.br\/blog\/"},{"@type":"ListItem","position":2,"name":"Esmaltes: Destaques no Ver\u00e3o 2014"}]},{"@type":"WebSite","@id":"https:\/\/andreasimonetti.com.br\/blog\/#website","url":"https:\/\/andreasimonetti.com.br\/blog\/","name":"Andrea Simonetti","description":"","potentialAction":[{"@type":"SearchAction","target":{"@type":"EntryPoint","urlTemplate":"https:\/\/andreasimonetti.com.br\/blog\/?s={search_term_string}"},"query-input":{"@type":"PropertyValueSpecification","valueRequired":true,"valueName":"search_term_string"}}],"inLanguage":"pt-BR"},{"@type":"Person","@id":"https:\/\/andreasimonetti.com.br\/blog\/#\/schema\/person\/254f763c24ac288e27ea738a7366ad2a","name":"Andrea Simonetti","image":{"@type":"ImageObject","inLanguage":"pt-BR","@id":"https:\/\/andreasimonetti.com.br\/blog\/#\/schema\/person\/image\/","url":"https:\/\/andreasimonetti.com.br\/blog\/wp-content\/uploads\/2018\/04\/andrea-simonetti-96x96.png","contentUrl":"https:\/\/andreasimonetti.com.br\/blog\/wp-content\/uploads\/2018\/04\/andrea-simonetti-96x96.png","caption":"Andrea Simonetti"},"description":"Sou formada em Administra\u00e7\u00e3o de Empresas, Produ\u00e7\u00e3o de Moda pelo SENAC e Consultoria de Estilo. Sou fascinada por moda desde sempre, adoro ver as pessoas produzidas e de bem com a vida. Moda \u00e9 o meu assunto preferido. Comecei meu blog em 2011, ele cresceu e hoje \u00e9 um site bem mais abrangente, onde eu falo sobre moda e meu trabalho de consultora de estilo. E falo tamb\u00e9m sobre a minha experi\u00eancia de vida. Mas antes de tudo, acredito num Deus Soberano que nos guia e aben\u00e7oa, o tempo todo!","sameAs":["https:\/\/www.andreasimonetti.com.br\/","https:\/\/www.facebook.com\/blogdaandreasimonetti\/","https:\/\/www.instagram.com\/andrea_simonetti\/","https:\/\/br.pinterest.com\/BlogAndrea\/","https:\/\/x.com\/https:\/\/twitter.com\/Andrea_Simoneti"],"url":"https:\/\/andreasimonetti.com.br\/blog\/author\/andrea\/"}]}},"_links":{"self":[{"href":"https:\/\/andreasimonetti.com.br\/blog\/wp-json\/wp\/v2\/posts\/9441","targetHints":{"allow":["GET"]}}],"collection":[{"href":"https:\/\/andreasimonetti.com.br\/blog\/wp-json\/wp\/v2\/posts"}],"about":[{"href":"https:\/\/andreasimonetti.com.br\/blog\/wp-json\/wp\/v2\/types\/post"}],"author":[{"embeddable":true,"href":"https:\/\/andreasimonetti.com.br\/blog\/wp-json\/wp\/v2\/users\/7"}],"replies":[{"embeddable":true,"href":"https:\/\/andreasimonetti.com.br\/blog\/wp-json\/wp\/v2\/comments?post=9441"}],"version-history":[{"count":0,"href":"https:\/\/andreasimonetti.com.br\/blog\/wp-json\/wp\/v2\/posts\/9441\/revisions"}],"wp:attachment":[{"href":"https:\/\/andreasimonetti.com.br\/blog\/wp-json\/wp\/v2\/media?parent=9441"}],"wp:term":[{"taxonomy":"category","embeddable":true,"href":"https:\/\/andreasimonetti.com.br\/blog\/wp-json\/wp\/v2\/categories?post=9441"},{"taxonomy":"post_tag","embeddable":true,"href":"https:\/\/andreasimonetti.com.br\/blog\/wp-json\/wp\/v2\/tags?post=9441"}],"curies":[{"name":"wp","href":"https:\/\/api.w.org\/{rel}","templated":true}]}}