{"id":9162,"date":"2014-01-27T13:25:27","date_gmt":"2014-01-27T15:25:27","guid":{"rendered":"http:\/\/blogdaandreasimonetti.com.br\/?p=9162"},"modified":"2018-05-25T08:47:24","modified_gmt":"2018-05-25T11:47:24","slug":"pele-bem-cuidada-com-as-comprinhas-na-europa","status":"publish","type":"post","link":"https:\/\/andreasimonetti.com.br\/blog\/pele-bem-cuidada-com-as-comprinhas-na-europa\/","title":{"rendered":"Pele bem cuidada com as comprinhas na Europa !"},"content":{"rendered":"<p>Desde que voltei de viagem estou curtindo as coisas que comprei. Na Europa os pre\u00e7os n\u00e3o s\u00e3o t\u00e3o acess\u00edveis como nos Estados Unidos, mas as makes e produtos para cuidado da pele tem pre\u00e7os \u00f3timos na compara\u00e7\u00e3o com o Brasil.\u00a0E o lugar que eu indico para a compra desses produtos \u00e9 a gigante de perfumaria e beleza, a \u00a0<a href=\"http:\/\/www.douglas.pt\/\">Douglas<\/a> , com lojas espalhadas por toda a Alemanha. \u00c9 imposs\u00edvel entrar e n\u00e3o sair de l\u00e1 com muitas sacolinhas. E durante esse ano o blog vai sortear muitos produtos pra voc\u00ea que se ama e se cuida!<\/p>\n<p>&nbsp;<\/p>\n<p><img loading=\"lazy\" decoding=\"async\" class=\"alignnone size-full wp-image-9163\" alt=\"Imagem 730\" src=\"http:\/\/blogdaandreasimonetti.com.br\/wp-content\/uploads\/2014\/01\/Imagem-730.jpg\" width=\"1024\" height=\"683\" srcset=\"https:\/\/andreasimonetti.com.br\/blog\/wp-content\/uploads\/2014\/01\/Imagem-730.jpg 1024w, https:\/\/andreasimonetti.com.br\/blog\/wp-content\/uploads\/2014\/01\/Imagem-730-300x200.jpg 300w\" sizes=\"auto, (max-width: 1024px) 100vw, 1024px\" \/><\/p>\n<p>Comprei esse kit de tratamento para a pele da Vichy , que foi indicado pela minha dermatologista:<br \/>\nDemaquilante, t\u00f4nico , s\u00e9rum (para usar 3 gotinhas antes do creme, indicado para todos os tipos de pele) \u00a0creme hidrante \u00a0Id\u00e9alia \u00a0e \u00a0\u00e1gua termal .<\/p>\n<p><img loading=\"lazy\" decoding=\"async\" class=\"alignnone size-full wp-image-9164\" alt=\"Imagem 734\" src=\"http:\/\/blogdaandreasimonetti.com.br\/wp-content\/uploads\/2014\/01\/Imagem-734.jpg\" width=\"1024\" height=\"683\" srcset=\"https:\/\/andreasimonetti.com.br\/blog\/wp-content\/uploads\/2014\/01\/Imagem-734.jpg 1024w, https:\/\/andreasimonetti.com.br\/blog\/wp-content\/uploads\/2014\/01\/Imagem-734-300x200.jpg 300w\" sizes=\"auto, (max-width: 1024px) 100vw, 1024px\" \/><\/p>\n<p>Esses lencinhos para limpar a pele voc\u00ea encontra de v\u00e1rias marcas e pre\u00e7os. Comprei esse da Balea(1,50 euros). O p\u00f3 iluminador \u00a0para o corpo da marca D\u00e9esse , ainda n\u00e3o vi no Brasil.<br \/>\n<img loading=\"lazy\" decoding=\"async\" class=\"alignnone size-full wp-image-9165\" alt=\"Imagem 732\" src=\"http:\/\/blogdaandreasimonetti.com.br\/wp-content\/uploads\/2014\/01\/Imagem-732.jpg\" width=\"1024\" height=\"683\" srcset=\"https:\/\/andreasimonetti.com.br\/blog\/wp-content\/uploads\/2014\/01\/Imagem-732.jpg 1024w, https:\/\/andreasimonetti.com.br\/blog\/wp-content\/uploads\/2014\/01\/Imagem-732-300x200.jpg 300w\" sizes=\"auto, (max-width: 1024px) 100vw, 1024px\" \/><\/p>\n<p>Para a minha pele que \u00e9 muito branca o efeito \u00e9 \u00f3timo; gosto de passar quando uso vestido ou regatinha.<\/p>\n<p><img loading=\"lazy\" decoding=\"async\" class=\"alignnone size-full wp-image-9166\" alt=\"Imagem 739\" src=\"http:\/\/blogdaandreasimonetti.com.br\/wp-content\/uploads\/2014\/01\/Imagem-739.jpg\" width=\"1024\" height=\"683\" srcset=\"https:\/\/andreasimonetti.com.br\/blog\/wp-content\/uploads\/2014\/01\/Imagem-739.jpg 1024w, https:\/\/andreasimonetti.com.br\/blog\/wp-content\/uploads\/2014\/01\/Imagem-739-300x200.jpg 300w\" sizes=\"auto, (max-width: 1024px) 100vw, 1024px\" \/><\/p>\n<p>Essas s\u00e3o algumas das muitas makes que comprei :<br \/>\n&#8211; Base da Yves Saint laurente<br \/>\n&#8211; Corretivo para a \u00e1rea dos olhos Shiseido, que eu tinha uma monstrinha. Estava louca para comprar e \u00f3timo.<br \/>\n&#8211; Batom da Chanel cor \u00a0de boca &#8211; Rouge Dior n.169<br \/>\n&#8211; Batom Mac &#8211; A 53 e o Snob A 43 (um dos que eu mais uso)<br \/>\n&#8211; Perfume Elie Saab &#8211; : elegante e sofisticado.<\/p>\n","protected":false},"excerpt":{"rendered":"<p>Desde que voltei de viagem estou curtindo as coisas que comprei. Na Europa os pre\u00e7os n\u00e3o s\u00e3o t\u00e3o acess\u00edveis como nos Estados Unidos, mas as makes e produtos para cuidado&hellip;<\/p>\n","protected":false},"author":7,"featured_media":0,"comment_status":"open","ping_status":"open","sticky":false,"template":"","format":"standard","meta":{"_monsterinsights_skip_tracking":false,"_monsterinsights_sitenote_active":false,"_monsterinsights_sitenote_note":"","_monsterinsights_sitenote_category":0,"footnotes":""},"categories":[2013,3],"tags":[656,658,1383,1384],"class_list":["post-9162","post","type-post","status-publish","format-standard","hentry","category-lifestyle","category-moda","tag-chanel","tag-mac","tag-minha-comprinhas","tag-vichy"],"yoast_head":"<!-- This site is optimized with the Yoast SEO plugin v26.3 - https:\/\/yoast.com\/wordpress\/plugins\/seo\/ -->\n<title>Pele bem cuidada com as comprinhas na Europa ! - Andrea Simonetti<\/title>\n<meta name=\"robots\" content=\"index, follow, max-snippet:-1, max-image-preview:large, max-video-preview:-1\" \/>\n<link rel=\"canonical\" href=\"https:\/\/andreasimonetti.com.br\/blog\/pele-bem-cuidada-com-as-comprinhas-na-europa\/\" \/>\n<meta property=\"og:locale\" content=\"pt_BR\" \/>\n<meta property=\"og:type\" content=\"article\" \/>\n<meta property=\"og:title\" content=\"Pele bem cuidada com as comprinhas na Europa ! - Andrea Simonetti\" \/>\n<meta property=\"og:description\" content=\"Desde que voltei de viagem estou curtindo as coisas que comprei. Na Europa os pre\u00e7os n\u00e3o s\u00e3o t\u00e3o acess\u00edveis como nos Estados Unidos, mas as makes e produtos para cuidado&hellip;\" \/>\n<meta property=\"og:url\" content=\"https:\/\/andreasimonetti.com.br\/blog\/pele-bem-cuidada-com-as-comprinhas-na-europa\/\" \/>\n<meta property=\"og:site_name\" content=\"Andrea Simonetti\" \/>\n<meta property=\"article:publisher\" content=\"https:\/\/www.facebook.com\/blogdaandreasimonetti\/\" \/>\n<meta property=\"article:author\" content=\"https:\/\/www.facebook.com\/blogdaandreasimonetti\/\" \/>\n<meta property=\"article:published_time\" content=\"2014-01-27T15:25:27+00:00\" \/>\n<meta property=\"article:modified_time\" content=\"2018-05-25T11:47:24+00:00\" \/>\n<meta property=\"og:image\" content=\"http:\/\/blogdaandreasimonetti.com.br\/wp-content\/uploads\/2014\/01\/Imagem-730.jpg\" \/>\n<meta name=\"author\" content=\"Andrea Simonetti\" \/>\n<meta name=\"twitter:card\" content=\"summary_large_image\" \/>\n<meta name=\"twitter:creator\" content=\"@https:\/\/twitter.com\/Andrea_Simoneti\" \/>\n<meta name=\"twitter:site\" content=\"@Andrea_Simoneti\" \/>\n<meta name=\"twitter:label1\" content=\"Escrito por\" \/>\n\t<meta name=\"twitter:data1\" content=\"Andrea Simonetti\" \/>\n\t<meta name=\"twitter:label2\" content=\"Est. tempo de leitura\" \/>\n\t<meta name=\"twitter:data2\" content=\"1 minuto\" \/>\n<!-- \/ Yoast SEO plugin. -->","yoast_head_json":{"title":"Pele bem cuidada com as comprinhas na Europa ! - Andrea Simonetti","robots":{"index":"index","follow":"follow","max-snippet":"max-snippet:-1","max-image-preview":"max-image-preview:large","max-video-preview":"max-video-preview:-1"},"canonical":"https:\/\/andreasimonetti.com.br\/blog\/pele-bem-cuidada-com-as-comprinhas-na-europa\/","og_locale":"pt_BR","og_type":"article","og_title":"Pele bem cuidada com as comprinhas na Europa ! - Andrea Simonetti","og_description":"Desde que voltei de viagem estou curtindo as coisas que comprei. Na Europa os pre\u00e7os n\u00e3o s\u00e3o t\u00e3o acess\u00edveis como nos Estados Unidos, mas as makes e produtos para cuidado&hellip;","og_url":"https:\/\/andreasimonetti.com.br\/blog\/pele-bem-cuidada-com-as-comprinhas-na-europa\/","og_site_name":"Andrea Simonetti","article_publisher":"https:\/\/www.facebook.com\/blogdaandreasimonetti\/","article_author":"https:\/\/www.facebook.com\/blogdaandreasimonetti\/","article_published_time":"2014-01-27T15:25:27+00:00","article_modified_time":"2018-05-25T11:47:24+00:00","og_image":[{"url":"http:\/\/blogdaandreasimonetti.com.br\/wp-content\/uploads\/2014\/01\/Imagem-730.jpg","type":"","width":"","height":""}],"author":"Andrea Simonetti","twitter_card":"summary_large_image","twitter_creator":"@https:\/\/twitter.com\/Andrea_Simoneti","twitter_site":"@Andrea_Simoneti","twitter_misc":{"Escrito por":"Andrea Simonetti","Est. tempo de leitura":"1 minuto"},"schema":{"@context":"https:\/\/schema.org","@graph":[{"@type":"WebPage","@id":"https:\/\/andreasimonetti.com.br\/blog\/pele-bem-cuidada-com-as-comprinhas-na-europa\/","url":"https:\/\/andreasimonetti.com.br\/blog\/pele-bem-cuidada-com-as-comprinhas-na-europa\/","name":"Pele bem cuidada com as comprinhas na Europa ! - Andrea Simonetti","isPartOf":{"@id":"https:\/\/andreasimonetti.com.br\/blog\/#website"},"primaryImageOfPage":{"@id":"https:\/\/andreasimonetti.com.br\/blog\/pele-bem-cuidada-com-as-comprinhas-na-europa\/#primaryimage"},"image":{"@id":"https:\/\/andreasimonetti.com.br\/blog\/pele-bem-cuidada-com-as-comprinhas-na-europa\/#primaryimage"},"thumbnailUrl":"http:\/\/blogdaandreasimonetti.com.br\/wp-content\/uploads\/2014\/01\/Imagem-730.jpg","datePublished":"2014-01-27T15:25:27+00:00","dateModified":"2018-05-25T11:47:24+00:00","author":{"@id":"https:\/\/andreasimonetti.com.br\/blog\/#\/schema\/person\/254f763c24ac288e27ea738a7366ad2a"},"breadcrumb":{"@id":"https:\/\/andreasimonetti.com.br\/blog\/pele-bem-cuidada-com-as-comprinhas-na-europa\/#breadcrumb"},"inLanguage":"pt-BR","potentialAction":[{"@type":"ReadAction","target":["https:\/\/andreasimonetti.com.br\/blog\/pele-bem-cuidada-com-as-comprinhas-na-europa\/"]}]},{"@type":"ImageObject","inLanguage":"pt-BR","@id":"https:\/\/andreasimonetti.com.br\/blog\/pele-bem-cuidada-com-as-comprinhas-na-europa\/#primaryimage","url":"http:\/\/blogdaandreasimonetti.com.br\/wp-content\/uploads\/2014\/01\/Imagem-730.jpg","contentUrl":"http:\/\/blogdaandreasimonetti.com.br\/wp-content\/uploads\/2014\/01\/Imagem-730.jpg"},{"@type":"BreadcrumbList","@id":"https:\/\/andreasimonetti.com.br\/blog\/pele-bem-cuidada-com-as-comprinhas-na-europa\/#breadcrumb","itemListElement":[{"@type":"ListItem","position":1,"name":"In\u00edcio","item":"https:\/\/andreasimonetti.com.br\/blog\/"},{"@type":"ListItem","position":2,"name":"Pele bem cuidada com as comprinhas na Europa !"}]},{"@type":"WebSite","@id":"https:\/\/andreasimonetti.com.br\/blog\/#website","url":"https:\/\/andreasimonetti.com.br\/blog\/","name":"Andrea Simonetti","description":"","potentialAction":[{"@type":"SearchAction","target":{"@type":"EntryPoint","urlTemplate":"https:\/\/andreasimonetti.com.br\/blog\/?s={search_term_string}"},"query-input":{"@type":"PropertyValueSpecification","valueRequired":true,"valueName":"search_term_string"}}],"inLanguage":"pt-BR"},{"@type":"Person","@id":"https:\/\/andreasimonetti.com.br\/blog\/#\/schema\/person\/254f763c24ac288e27ea738a7366ad2a","name":"Andrea Simonetti","image":{"@type":"ImageObject","inLanguage":"pt-BR","@id":"https:\/\/andreasimonetti.com.br\/blog\/#\/schema\/person\/image\/","url":"https:\/\/andreasimonetti.com.br\/blog\/wp-content\/uploads\/2018\/04\/andrea-simonetti-96x96.png","contentUrl":"https:\/\/andreasimonetti.com.br\/blog\/wp-content\/uploads\/2018\/04\/andrea-simonetti-96x96.png","caption":"Andrea Simonetti"},"description":"Sou formada em Administra\u00e7\u00e3o de Empresas, Produ\u00e7\u00e3o de Moda pelo SENAC e Consultoria de Estilo. Sou fascinada por moda desde sempre, adoro ver as pessoas produzidas e de bem com a vida. Moda \u00e9 o meu assunto preferido. Comecei meu blog em 2011, ele cresceu e hoje \u00e9 um site bem mais abrangente, onde eu falo sobre moda e meu trabalho de consultora de estilo. E falo tamb\u00e9m sobre a minha experi\u00eancia de vida. Mas antes de tudo, acredito num Deus Soberano que nos guia e aben\u00e7oa, o tempo todo!","sameAs":["https:\/\/www.andreasimonetti.com.br\/","https:\/\/www.facebook.com\/blogdaandreasimonetti\/","https:\/\/www.instagram.com\/andrea_simonetti\/","https:\/\/br.pinterest.com\/BlogAndrea\/","https:\/\/x.com\/https:\/\/twitter.com\/Andrea_Simoneti"],"url":"https:\/\/andreasimonetti.com.br\/blog\/author\/andrea\/"}]}},"_links":{"self":[{"href":"https:\/\/andreasimonetti.com.br\/blog\/wp-json\/wp\/v2\/posts\/9162","targetHints":{"allow":["GET"]}}],"collection":[{"href":"https:\/\/andreasimonetti.com.br\/blog\/wp-json\/wp\/v2\/posts"}],"about":[{"href":"https:\/\/andreasimonetti.com.br\/blog\/wp-json\/wp\/v2\/types\/post"}],"author":[{"embeddable":true,"href":"https:\/\/andreasimonetti.com.br\/blog\/wp-json\/wp\/v2\/users\/7"}],"replies":[{"embeddable":true,"href":"https:\/\/andreasimonetti.com.br\/blog\/wp-json\/wp\/v2\/comments?post=9162"}],"version-history":[{"count":0,"href":"https:\/\/andreasimonetti.com.br\/blog\/wp-json\/wp\/v2\/posts\/9162\/revisions"}],"wp:attachment":[{"href":"https:\/\/andreasimonetti.com.br\/blog\/wp-json\/wp\/v2\/media?parent=9162"}],"wp:term":[{"taxonomy":"category","embeddable":true,"href":"https:\/\/andreasimonetti.com.br\/blog\/wp-json\/wp\/v2\/categories?post=9162"},{"taxonomy":"post_tag","embeddable":true,"href":"https:\/\/andreasimonetti.com.br\/blog\/wp-json\/wp\/v2\/tags?post=9162"}],"curies":[{"name":"wp","href":"https:\/\/api.w.org\/{rel}","templated":true}]}}