{"id":8964,"date":"2014-01-01T17:40:05","date_gmt":"2014-01-01T19:40:05","guid":{"rendered":"http:\/\/blogdaandreasimonetti.com.br\/?p=8964"},"modified":"2018-05-25T08:51:30","modified_gmt":"2018-05-25T11:51:30","slug":"o-restaurante-sonn-alm-e-uma-hutte","status":"publish","type":"post","link":"https:\/\/andreasimonetti.com.br\/blog\/o-restaurante-sonn-alm-e-uma-hutte\/","title":{"rendered":"O restaurante Sonn Alm e uma h\u00fctte !!"},"content":{"rendered":"<p>Hoje eu mostro para voc\u00eas um restaurante que \u00e9 ponto obrigat\u00f3rio para os esquiadores, o Sonn Alm, que tem uma decora\u00e7\u00e3o inusitada e gar\u00e7ons com trajes t\u00edpicos. E eu conhec\u00ed tamb\u00e9m um restaurante daqueles bem originais, chamados aqui de h\u00fctte (caverna). Esses lugares normalmente funcionam em antigas resid\u00eancias, s\u00e3o pequenos e aconchegantes e est\u00e3o espalhados pelas montanhas geladas de Turracher H\u00f6he. \u00c9 coisa doutro mundo meus amores !<\/p>\n<p><img loading=\"lazy\" decoding=\"async\" class=\"alignnone size-full wp-image-8965\" alt=\"130\" src=\"http:\/\/blogdaandreasimonetti.com.br\/wp-content\/uploads\/2014\/01\/130.jpg\" width=\"1024\" height=\"768\" srcset=\"https:\/\/andreasimonetti.com.br\/blog\/wp-content\/uploads\/2014\/01\/130.jpg 1024w, https:\/\/andreasimonetti.com.br\/blog\/wp-content\/uploads\/2014\/01\/130-300x225.jpg 300w\" sizes=\"auto, (max-width: 1024px) 100vw, 1024px\" \/><\/p>\n<p><img loading=\"lazy\" decoding=\"async\" class=\"alignnone size-full wp-image-8968\" alt=\"141\" src=\"http:\/\/blogdaandreasimonetti.com.br\/wp-content\/uploads\/2014\/01\/141.jpg\" width=\"1024\" height=\"768\" srcset=\"https:\/\/andreasimonetti.com.br\/blog\/wp-content\/uploads\/2014\/01\/141.jpg 1024w, https:\/\/andreasimonetti.com.br\/blog\/wp-content\/uploads\/2014\/01\/141-300x225.jpg 300w\" sizes=\"auto, (max-width: 1024px) 100vw, 1024px\" \/><\/p>\n<p><img loading=\"lazy\" decoding=\"async\" class=\"alignnone size-full wp-image-8969\" alt=\"146\" src=\"http:\/\/blogdaandreasimonetti.com.br\/wp-content\/uploads\/2014\/01\/146.jpg\" width=\"768\" height=\"1024\" srcset=\"https:\/\/andreasimonetti.com.br\/blog\/wp-content\/uploads\/2014\/01\/146.jpg 768w, https:\/\/andreasimonetti.com.br\/blog\/wp-content\/uploads\/2014\/01\/146-225x300.jpg 225w\" sizes=\"auto, (max-width: 768px) 100vw, 768px\" \/><\/p>\n<p><img loading=\"lazy\" decoding=\"async\" class=\"alignnone size-full wp-image-8970\" alt=\"144\" src=\"http:\/\/blogdaandreasimonetti.com.br\/wp-content\/uploads\/2014\/01\/144.jpg\" width=\"1024\" height=\"768\" srcset=\"https:\/\/andreasimonetti.com.br\/blog\/wp-content\/uploads\/2014\/01\/144.jpg 1024w, https:\/\/andreasimonetti.com.br\/blog\/wp-content\/uploads\/2014\/01\/144-300x225.jpg 300w\" sizes=\"auto, (max-width: 1024px) 100vw, 1024px\" \/><\/p>\n<div id=\"attachment_8971\" style=\"width: 1034px\" class=\"wp-caption alignnone\"><img loading=\"lazy\" decoding=\"async\" aria-describedby=\"caption-attachment-8971\" class=\"size-full wp-image-8971\" alt=\"148\" src=\"http:\/\/blogdaandreasimonetti.com.br\/wp-content\/uploads\/2014\/01\/148.jpg\" width=\"1024\" height=\"768\" srcset=\"https:\/\/andreasimonetti.com.br\/blog\/wp-content\/uploads\/2014\/01\/148.jpg 1024w, https:\/\/andreasimonetti.com.br\/blog\/wp-content\/uploads\/2014\/01\/148-300x225.jpg 300w\" sizes=\"auto, (max-width: 1024px) 100vw, 1024px\" \/><p id=\"caption-attachment-8971\" class=\"wp-caption-text\">O k\u00e4s sp\u00e4tzle \u00e9 um prato t\u00edpico da \u00c1ustria. Delicioso !!<\/p><\/div>\n<div id=\"attachment_8999\" style=\"width: 1034px\" class=\"wp-caption alignnone\"><img loading=\"lazy\" decoding=\"async\" aria-describedby=\"caption-attachment-8999\" class=\"size-full wp-image-8999 \" alt=\"080\" src=\"http:\/\/blogdaandreasimonetti.com.br\/wp-content\/uploads\/2014\/01\/080.jpg\" width=\"1024\" height=\"768\" srcset=\"https:\/\/andreasimonetti.com.br\/blog\/wp-content\/uploads\/2014\/01\/080.jpg 1024w, https:\/\/andreasimonetti.com.br\/blog\/wp-content\/uploads\/2014\/01\/080-300x225.jpg 300w\" sizes=\"auto, (max-width: 1024px) 100vw, 1024px\" \/><p id=\"caption-attachment-8999\" class=\"wp-caption-text\">Para aquecer : sopa com bolas de gr\u00e3o de bico e legumes !<\/p><\/div>\n<p><img loading=\"lazy\" decoding=\"async\" class=\"alignnone size-full wp-image-8998\" alt=\"075\" src=\"http:\/\/blogdaandreasimonetti.com.br\/wp-content\/uploads\/2014\/01\/075.jpg\" width=\"1024\" height=\"768\" srcset=\"https:\/\/andreasimonetti.com.br\/blog\/wp-content\/uploads\/2014\/01\/075.jpg 1024w, https:\/\/andreasimonetti.com.br\/blog\/wp-content\/uploads\/2014\/01\/075-300x225.jpg 300w\" sizes=\"auto, (max-width: 1024px) 100vw, 1024px\" \/><br \/>\n<img loading=\"lazy\" decoding=\"async\" class=\"alignnone size-full wp-image-9017\" alt=\"085\" src=\"http:\/\/blogdaandreasimonetti.com.br\/wp-content\/uploads\/2014\/01\/085.jpg\" width=\"1024\" height=\"768\" srcset=\"https:\/\/andreasimonetti.com.br\/blog\/wp-content\/uploads\/2014\/01\/085.jpg 1024w, https:\/\/andreasimonetti.com.br\/blog\/wp-content\/uploads\/2014\/01\/085-300x225.jpg 300w\" sizes=\"auto, (max-width: 1024px) 100vw, 1024px\" \/><\/p>\n<div id=\"attachment_9021\" style=\"width: 778px\" class=\"wp-caption alignnone\"><img loading=\"lazy\" decoding=\"async\" aria-describedby=\"caption-attachment-9021\" class=\"size-full wp-image-9021\" alt=\"092\" src=\"http:\/\/blogdaandreasimonetti.com.br\/wp-content\/uploads\/2014\/01\/092.jpg\" width=\"768\" height=\"1024\" srcset=\"https:\/\/andreasimonetti.com.br\/blog\/wp-content\/uploads\/2014\/01\/092.jpg 768w, https:\/\/andreasimonetti.com.br\/blog\/wp-content\/uploads\/2014\/01\/092-225x300.jpg 225w\" sizes=\"auto, (max-width: 768px) 100vw, 768px\" \/><p id=\"caption-attachment-9021\" class=\"wp-caption-text\">Seja num restaurante bacana, seja numa h\u00fctte, a presen\u00e7a de cachorros \u00e9 muito comum.<\/p><\/div>\n","protected":false},"excerpt":{"rendered":"<p>Hoje eu mostro para voc\u00eas um restaurante que \u00e9 ponto obrigat\u00f3rio para os esquiadores, o Sonn Alm, que tem uma decora\u00e7\u00e3o inusitada e gar\u00e7ons com trajes t\u00edpicos. E eu conhec\u00ed&hellip;<\/p>\n","protected":false},"author":7,"featured_media":0,"comment_status":"open","ping_status":"open","sticky":false,"template":"","format":"standard","meta":{"_monsterinsights_skip_tracking":false,"_monsterinsights_sitenote_active":false,"_monsterinsights_sitenote_note":"","_monsterinsights_sitenote_category":0,"footnotes":""},"categories":[2013],"tags":[250,219,1353,1351,217],"class_list":["post-8964","post","type-post","status-publish","format-standard","hentry","category-lifestyle","tag-austria","tag-restaurante","tag-sonn-alm","tag-turracher-hohe","tag-viagens-2"],"yoast_head":"<!-- This site is optimized with the Yoast SEO plugin v26.3 - https:\/\/yoast.com\/wordpress\/plugins\/seo\/ -->\n<title>O restaurante Sonn Alm e uma h\u00fctte !! - Andrea Simonetti<\/title>\n<meta name=\"robots\" content=\"index, follow, max-snippet:-1, max-image-preview:large, max-video-preview:-1\" \/>\n<link rel=\"canonical\" href=\"https:\/\/andreasimonetti.com.br\/blog\/o-restaurante-sonn-alm-e-uma-hutte\/\" \/>\n<meta property=\"og:locale\" content=\"pt_BR\" \/>\n<meta property=\"og:type\" content=\"article\" \/>\n<meta property=\"og:title\" content=\"O restaurante Sonn Alm e uma h\u00fctte !! - Andrea Simonetti\" \/>\n<meta property=\"og:description\" content=\"Hoje eu mostro para voc\u00eas um restaurante que \u00e9 ponto obrigat\u00f3rio para os esquiadores, o Sonn Alm, que tem uma decora\u00e7\u00e3o inusitada e gar\u00e7ons com trajes t\u00edpicos. E eu conhec\u00ed&hellip;\" \/>\n<meta property=\"og:url\" content=\"https:\/\/andreasimonetti.com.br\/blog\/o-restaurante-sonn-alm-e-uma-hutte\/\" \/>\n<meta property=\"og:site_name\" content=\"Andrea Simonetti\" \/>\n<meta property=\"article:publisher\" content=\"https:\/\/www.facebook.com\/blogdaandreasimonetti\/\" \/>\n<meta property=\"article:author\" content=\"https:\/\/www.facebook.com\/blogdaandreasimonetti\/\" \/>\n<meta property=\"article:published_time\" content=\"2014-01-01T19:40:05+00:00\" \/>\n<meta property=\"article:modified_time\" content=\"2018-05-25T11:51:30+00:00\" \/>\n<meta property=\"og:image\" content=\"http:\/\/blogdaandreasimonetti.com.br\/wp-content\/uploads\/2014\/01\/130.jpg\" \/>\n<meta name=\"author\" content=\"Andrea Simonetti\" \/>\n<meta name=\"twitter:card\" content=\"summary_large_image\" \/>\n<meta name=\"twitter:creator\" content=\"@https:\/\/twitter.com\/Andrea_Simoneti\" \/>\n<meta name=\"twitter:site\" content=\"@Andrea_Simoneti\" \/>\n<meta name=\"twitter:label1\" content=\"Escrito por\" \/>\n\t<meta name=\"twitter:data1\" content=\"Andrea Simonetti\" \/>\n\t<meta name=\"twitter:label2\" content=\"Est. tempo de leitura\" \/>\n\t<meta name=\"twitter:data2\" content=\"1 minuto\" \/>\n<!-- \/ Yoast SEO plugin. -->","yoast_head_json":{"title":"O restaurante Sonn Alm e uma h\u00fctte !! - Andrea Simonetti","robots":{"index":"index","follow":"follow","max-snippet":"max-snippet:-1","max-image-preview":"max-image-preview:large","max-video-preview":"max-video-preview:-1"},"canonical":"https:\/\/andreasimonetti.com.br\/blog\/o-restaurante-sonn-alm-e-uma-hutte\/","og_locale":"pt_BR","og_type":"article","og_title":"O restaurante Sonn Alm e uma h\u00fctte !! - Andrea Simonetti","og_description":"Hoje eu mostro para voc\u00eas um restaurante que \u00e9 ponto obrigat\u00f3rio para os esquiadores, o Sonn Alm, que tem uma decora\u00e7\u00e3o inusitada e gar\u00e7ons com trajes t\u00edpicos. E eu conhec\u00ed&hellip;","og_url":"https:\/\/andreasimonetti.com.br\/blog\/o-restaurante-sonn-alm-e-uma-hutte\/","og_site_name":"Andrea Simonetti","article_publisher":"https:\/\/www.facebook.com\/blogdaandreasimonetti\/","article_author":"https:\/\/www.facebook.com\/blogdaandreasimonetti\/","article_published_time":"2014-01-01T19:40:05+00:00","article_modified_time":"2018-05-25T11:51:30+00:00","og_image":[{"url":"http:\/\/blogdaandreasimonetti.com.br\/wp-content\/uploads\/2014\/01\/130.jpg","type":"","width":"","height":""}],"author":"Andrea Simonetti","twitter_card":"summary_large_image","twitter_creator":"@https:\/\/twitter.com\/Andrea_Simoneti","twitter_site":"@Andrea_Simoneti","twitter_misc":{"Escrito por":"Andrea Simonetti","Est. tempo de leitura":"1 minuto"},"schema":{"@context":"https:\/\/schema.org","@graph":[{"@type":"WebPage","@id":"https:\/\/andreasimonetti.com.br\/blog\/o-restaurante-sonn-alm-e-uma-hutte\/","url":"https:\/\/andreasimonetti.com.br\/blog\/o-restaurante-sonn-alm-e-uma-hutte\/","name":"O restaurante Sonn Alm e uma h\u00fctte !! - Andrea Simonetti","isPartOf":{"@id":"https:\/\/andreasimonetti.com.br\/blog\/#website"},"primaryImageOfPage":{"@id":"https:\/\/andreasimonetti.com.br\/blog\/o-restaurante-sonn-alm-e-uma-hutte\/#primaryimage"},"image":{"@id":"https:\/\/andreasimonetti.com.br\/blog\/o-restaurante-sonn-alm-e-uma-hutte\/#primaryimage"},"thumbnailUrl":"http:\/\/blogdaandreasimonetti.com.br\/wp-content\/uploads\/2014\/01\/130.jpg","datePublished":"2014-01-01T19:40:05+00:00","dateModified":"2018-05-25T11:51:30+00:00","author":{"@id":"https:\/\/andreasimonetti.com.br\/blog\/#\/schema\/person\/254f763c24ac288e27ea738a7366ad2a"},"breadcrumb":{"@id":"https:\/\/andreasimonetti.com.br\/blog\/o-restaurante-sonn-alm-e-uma-hutte\/#breadcrumb"},"inLanguage":"pt-BR","potentialAction":[{"@type":"ReadAction","target":["https:\/\/andreasimonetti.com.br\/blog\/o-restaurante-sonn-alm-e-uma-hutte\/"]}]},{"@type":"ImageObject","inLanguage":"pt-BR","@id":"https:\/\/andreasimonetti.com.br\/blog\/o-restaurante-sonn-alm-e-uma-hutte\/#primaryimage","url":"http:\/\/blogdaandreasimonetti.com.br\/wp-content\/uploads\/2014\/01\/130.jpg","contentUrl":"http:\/\/blogdaandreasimonetti.com.br\/wp-content\/uploads\/2014\/01\/130.jpg"},{"@type":"BreadcrumbList","@id":"https:\/\/andreasimonetti.com.br\/blog\/o-restaurante-sonn-alm-e-uma-hutte\/#breadcrumb","itemListElement":[{"@type":"ListItem","position":1,"name":"In\u00edcio","item":"https:\/\/andreasimonetti.com.br\/blog\/"},{"@type":"ListItem","position":2,"name":"O restaurante Sonn Alm e uma h\u00fctte !!"}]},{"@type":"WebSite","@id":"https:\/\/andreasimonetti.com.br\/blog\/#website","url":"https:\/\/andreasimonetti.com.br\/blog\/","name":"Andrea Simonetti","description":"","potentialAction":[{"@type":"SearchAction","target":{"@type":"EntryPoint","urlTemplate":"https:\/\/andreasimonetti.com.br\/blog\/?s={search_term_string}"},"query-input":{"@type":"PropertyValueSpecification","valueRequired":true,"valueName":"search_term_string"}}],"inLanguage":"pt-BR"},{"@type":"Person","@id":"https:\/\/andreasimonetti.com.br\/blog\/#\/schema\/person\/254f763c24ac288e27ea738a7366ad2a","name":"Andrea Simonetti","image":{"@type":"ImageObject","inLanguage":"pt-BR","@id":"https:\/\/andreasimonetti.com.br\/blog\/#\/schema\/person\/image\/","url":"https:\/\/andreasimonetti.com.br\/blog\/wp-content\/uploads\/2018\/04\/andrea-simonetti-96x96.png","contentUrl":"https:\/\/andreasimonetti.com.br\/blog\/wp-content\/uploads\/2018\/04\/andrea-simonetti-96x96.png","caption":"Andrea Simonetti"},"description":"Sou formada em Administra\u00e7\u00e3o de Empresas, Produ\u00e7\u00e3o de Moda pelo SENAC e Consultoria de Estilo. Sou fascinada por moda desde sempre, adoro ver as pessoas produzidas e de bem com a vida. Moda \u00e9 o meu assunto preferido. Comecei meu blog em 2011, ele cresceu e hoje \u00e9 um site bem mais abrangente, onde eu falo sobre moda e meu trabalho de consultora de estilo. E falo tamb\u00e9m sobre a minha experi\u00eancia de vida. Mas antes de tudo, acredito num Deus Soberano que nos guia e aben\u00e7oa, o tempo todo!","sameAs":["https:\/\/www.andreasimonetti.com.br\/","https:\/\/www.facebook.com\/blogdaandreasimonetti\/","https:\/\/www.instagram.com\/andrea_simonetti\/","https:\/\/br.pinterest.com\/BlogAndrea\/","https:\/\/x.com\/https:\/\/twitter.com\/Andrea_Simoneti"],"url":"https:\/\/andreasimonetti.com.br\/blog\/author\/andrea\/"}]}},"_links":{"self":[{"href":"https:\/\/andreasimonetti.com.br\/blog\/wp-json\/wp\/v2\/posts\/8964","targetHints":{"allow":["GET"]}}],"collection":[{"href":"https:\/\/andreasimonetti.com.br\/blog\/wp-json\/wp\/v2\/posts"}],"about":[{"href":"https:\/\/andreasimonetti.com.br\/blog\/wp-json\/wp\/v2\/types\/post"}],"author":[{"embeddable":true,"href":"https:\/\/andreasimonetti.com.br\/blog\/wp-json\/wp\/v2\/users\/7"}],"replies":[{"embeddable":true,"href":"https:\/\/andreasimonetti.com.br\/blog\/wp-json\/wp\/v2\/comments?post=8964"}],"version-history":[{"count":0,"href":"https:\/\/andreasimonetti.com.br\/blog\/wp-json\/wp\/v2\/posts\/8964\/revisions"}],"wp:attachment":[{"href":"https:\/\/andreasimonetti.com.br\/blog\/wp-json\/wp\/v2\/media?parent=8964"}],"wp:term":[{"taxonomy":"category","embeddable":true,"href":"https:\/\/andreasimonetti.com.br\/blog\/wp-json\/wp\/v2\/categories?post=8964"},{"taxonomy":"post_tag","embeddable":true,"href":"https:\/\/andreasimonetti.com.br\/blog\/wp-json\/wp\/v2\/tags?post=8964"}],"curies":[{"name":"wp","href":"https:\/\/api.w.org\/{rel}","templated":true}]}}