{"id":892,"date":"2011-10-17T11:41:50","date_gmt":"2011-10-17T13:41:50","guid":{"rendered":"http:\/\/blogdaandreasimonetti.com.br\/?p=892"},"modified":"2018-05-25T08:33:32","modified_gmt":"2018-05-25T11:33:32","slug":"cores-acidas-na-nova-colecao-de-make-da-givenchy","status":"publish","type":"post","link":"https:\/\/andreasimonetti.com.br\/blog\/cores-acidas-na-nova-colecao-de-make-da-givenchy\/","title":{"rendered":"Cores \u00e1cidas na nova cole\u00e7\u00e3o de make da Givenchy"},"content":{"rendered":"<p><strong>Oi meninas , com o ver\u00e3o chegando, d\u00e1 aquela vontade de fazer uma maquiagem colorida, olha que linda essa cole\u00e7\u00e3o de make da Givenchy.<br \/>\nA paleta com nove sombras que ganhou o nome de &#8220;Le Prismissime Yeux&#8221;<\/strong><\/p>\n<p><a href=\"http:\/\/blogdaandreasimonetti.com.br\/wp-content\/uploads\/2011\/10\/cores-acidas-na-nova-colecao-de-make-givenchy-14-610.jpg\" data-rel=\"penci-gallery-image-content\" ><img loading=\"lazy\" decoding=\"async\" src=\"http:\/\/blogdaandreasimonetti.com.br\/wp-content\/uploads\/2011\/10\/cores-acidas-na-nova-colecao-de-make-givenchy-14-610.jpg\" alt=\"\" title=\"cores-acidas-na-nova-colecao-de-make-givenchy-14-610\" width=\"570\" height=\"557\" class=\"aligncenter size-full wp-image-893\" srcset=\"https:\/\/andreasimonetti.com.br\/blog\/wp-content\/uploads\/2011\/10\/cores-acidas-na-nova-colecao-de-make-givenchy-14-610.jpg 570w, https:\/\/andreasimonetti.com.br\/blog\/wp-content\/uploads\/2011\/10\/cores-acidas-na-nova-colecao-de-make-givenchy-14-610-300x293.jpg 300w\" sizes=\"auto, (max-width: 570px) 100vw, 570px\" \/><\/a><\/p>\n<p><strong>N\u00e3o s\u00e3o lindas?<br \/>\nMesmo parecendo que as cores s\u00e3o fortes o efeito na pele \u00e9 suave.<br \/>\nO valor \u00e9 de R$ 239,00.<\/strong><\/p>\n","protected":false},"excerpt":{"rendered":"<p>Oi meninas , com o ver\u00e3o chegando, d\u00e1 aquela vontade de fazer uma maquiagem colorida, olha que linda essa cole\u00e7\u00e3o de make da Givenchy. A paleta com nove sombras que&hellip;<\/p>\n","protected":false},"author":7,"featured_media":0,"comment_status":"open","ping_status":"open","sticky":false,"template":"","format":"nota","meta":{"_monsterinsights_skip_tracking":false,"_monsterinsights_sitenote_active":false,"_monsterinsights_sitenote_note":"","_monsterinsights_sitenote_category":0,"footnotes":""},"categories":[3],"tags":[62],"class_list":["post-892","post","type-post","status-publish","format-nota","hentry","category-moda","tag-sombragivenchy","post_format-nota"],"yoast_head":"<!-- This site is optimized with the Yoast SEO plugin v26.3 - https:\/\/yoast.com\/wordpress\/plugins\/seo\/ -->\n<title>Cores \u00e1cidas na nova cole\u00e7\u00e3o de make da Givenchy - Andrea Simonetti<\/title>\n<meta name=\"robots\" content=\"index, follow, max-snippet:-1, max-image-preview:large, max-video-preview:-1\" \/>\n<link rel=\"canonical\" href=\"https:\/\/andreasimonetti.com.br\/blog\/cores-acidas-na-nova-colecao-de-make-da-givenchy\/\" \/>\n<meta property=\"og:locale\" content=\"pt_BR\" \/>\n<meta property=\"og:type\" content=\"article\" \/>\n<meta property=\"og:title\" content=\"Cores \u00e1cidas na nova cole\u00e7\u00e3o de make da Givenchy - Andrea Simonetti\" \/>\n<meta property=\"og:description\" content=\"Oi meninas , com o ver\u00e3o chegando, d\u00e1 aquela vontade de fazer uma maquiagem colorida, olha que linda essa cole\u00e7\u00e3o de make da Givenchy. A paleta com nove sombras que&hellip;\" \/>\n<meta property=\"og:url\" content=\"https:\/\/andreasimonetti.com.br\/blog\/cores-acidas-na-nova-colecao-de-make-da-givenchy\/\" \/>\n<meta property=\"og:site_name\" content=\"Andrea Simonetti\" \/>\n<meta property=\"article:publisher\" content=\"https:\/\/www.facebook.com\/blogdaandreasimonetti\/\" \/>\n<meta property=\"article:author\" content=\"https:\/\/www.facebook.com\/blogdaandreasimonetti\/\" \/>\n<meta property=\"article:published_time\" content=\"2011-10-17T13:41:50+00:00\" \/>\n<meta property=\"article:modified_time\" content=\"2018-05-25T11:33:32+00:00\" \/>\n<meta property=\"og:image\" content=\"http:\/\/blogdaandreasimonetti.com.br\/wp-content\/uploads\/2011\/10\/cores-acidas-na-nova-colecao-de-make-givenchy-14-610.jpg\" \/>\n<meta name=\"author\" content=\"Andrea Simonetti\" \/>\n<meta name=\"twitter:card\" content=\"summary_large_image\" \/>\n<meta name=\"twitter:creator\" content=\"@https:\/\/twitter.com\/Andrea_Simoneti\" \/>\n<meta name=\"twitter:site\" content=\"@Andrea_Simoneti\" \/>\n<meta name=\"twitter:label1\" content=\"Escrito por\" \/>\n\t<meta name=\"twitter:data1\" content=\"Andrea Simonetti\" \/>\n<!-- \/ Yoast SEO plugin. -->","yoast_head_json":{"title":"Cores \u00e1cidas na nova cole\u00e7\u00e3o de make da Givenchy - Andrea Simonetti","robots":{"index":"index","follow":"follow","max-snippet":"max-snippet:-1","max-image-preview":"max-image-preview:large","max-video-preview":"max-video-preview:-1"},"canonical":"https:\/\/andreasimonetti.com.br\/blog\/cores-acidas-na-nova-colecao-de-make-da-givenchy\/","og_locale":"pt_BR","og_type":"article","og_title":"Cores \u00e1cidas na nova cole\u00e7\u00e3o de make da Givenchy - Andrea Simonetti","og_description":"Oi meninas , com o ver\u00e3o chegando, d\u00e1 aquela vontade de fazer uma maquiagem colorida, olha que linda essa cole\u00e7\u00e3o de make da Givenchy. A paleta com nove sombras que&hellip;","og_url":"https:\/\/andreasimonetti.com.br\/blog\/cores-acidas-na-nova-colecao-de-make-da-givenchy\/","og_site_name":"Andrea Simonetti","article_publisher":"https:\/\/www.facebook.com\/blogdaandreasimonetti\/","article_author":"https:\/\/www.facebook.com\/blogdaandreasimonetti\/","article_published_time":"2011-10-17T13:41:50+00:00","article_modified_time":"2018-05-25T11:33:32+00:00","og_image":[{"url":"http:\/\/blogdaandreasimonetti.com.br\/wp-content\/uploads\/2011\/10\/cores-acidas-na-nova-colecao-de-make-givenchy-14-610.jpg","type":"","width":"","height":""}],"author":"Andrea Simonetti","twitter_card":"summary_large_image","twitter_creator":"@https:\/\/twitter.com\/Andrea_Simoneti","twitter_site":"@Andrea_Simoneti","twitter_misc":{"Escrito por":"Andrea Simonetti"},"schema":{"@context":"https:\/\/schema.org","@graph":[{"@type":"WebPage","@id":"https:\/\/andreasimonetti.com.br\/blog\/cores-acidas-na-nova-colecao-de-make-da-givenchy\/","url":"https:\/\/andreasimonetti.com.br\/blog\/cores-acidas-na-nova-colecao-de-make-da-givenchy\/","name":"Cores \u00e1cidas na nova cole\u00e7\u00e3o de make da Givenchy - Andrea Simonetti","isPartOf":{"@id":"https:\/\/andreasimonetti.com.br\/blog\/#website"},"primaryImageOfPage":{"@id":"https:\/\/andreasimonetti.com.br\/blog\/cores-acidas-na-nova-colecao-de-make-da-givenchy\/#primaryimage"},"image":{"@id":"https:\/\/andreasimonetti.com.br\/blog\/cores-acidas-na-nova-colecao-de-make-da-givenchy\/#primaryimage"},"thumbnailUrl":"http:\/\/blogdaandreasimonetti.com.br\/wp-content\/uploads\/2011\/10\/cores-acidas-na-nova-colecao-de-make-givenchy-14-610.jpg","datePublished":"2011-10-17T13:41:50+00:00","dateModified":"2018-05-25T11:33:32+00:00","author":{"@id":"https:\/\/andreasimonetti.com.br\/blog\/#\/schema\/person\/254f763c24ac288e27ea738a7366ad2a"},"breadcrumb":{"@id":"https:\/\/andreasimonetti.com.br\/blog\/cores-acidas-na-nova-colecao-de-make-da-givenchy\/#breadcrumb"},"inLanguage":"pt-BR","potentialAction":[{"@type":"ReadAction","target":["https:\/\/andreasimonetti.com.br\/blog\/cores-acidas-na-nova-colecao-de-make-da-givenchy\/"]}]},{"@type":"ImageObject","inLanguage":"pt-BR","@id":"https:\/\/andreasimonetti.com.br\/blog\/cores-acidas-na-nova-colecao-de-make-da-givenchy\/#primaryimage","url":"http:\/\/blogdaandreasimonetti.com.br\/wp-content\/uploads\/2011\/10\/cores-acidas-na-nova-colecao-de-make-givenchy-14-610.jpg","contentUrl":"http:\/\/blogdaandreasimonetti.com.br\/wp-content\/uploads\/2011\/10\/cores-acidas-na-nova-colecao-de-make-givenchy-14-610.jpg"},{"@type":"BreadcrumbList","@id":"https:\/\/andreasimonetti.com.br\/blog\/cores-acidas-na-nova-colecao-de-make-da-givenchy\/#breadcrumb","itemListElement":[{"@type":"ListItem","position":1,"name":"In\u00edcio","item":"https:\/\/andreasimonetti.com.br\/blog\/"},{"@type":"ListItem","position":2,"name":"Cores \u00e1cidas na nova cole\u00e7\u00e3o de make da Givenchy"}]},{"@type":"WebSite","@id":"https:\/\/andreasimonetti.com.br\/blog\/#website","url":"https:\/\/andreasimonetti.com.br\/blog\/","name":"Andrea Simonetti","description":"","potentialAction":[{"@type":"SearchAction","target":{"@type":"EntryPoint","urlTemplate":"https:\/\/andreasimonetti.com.br\/blog\/?s={search_term_string}"},"query-input":{"@type":"PropertyValueSpecification","valueRequired":true,"valueName":"search_term_string"}}],"inLanguage":"pt-BR"},{"@type":"Person","@id":"https:\/\/andreasimonetti.com.br\/blog\/#\/schema\/person\/254f763c24ac288e27ea738a7366ad2a","name":"Andrea Simonetti","image":{"@type":"ImageObject","inLanguage":"pt-BR","@id":"https:\/\/andreasimonetti.com.br\/blog\/#\/schema\/person\/image\/","url":"https:\/\/andreasimonetti.com.br\/blog\/wp-content\/uploads\/2018\/04\/andrea-simonetti-96x96.png","contentUrl":"https:\/\/andreasimonetti.com.br\/blog\/wp-content\/uploads\/2018\/04\/andrea-simonetti-96x96.png","caption":"Andrea Simonetti"},"description":"Sou formada em Administra\u00e7\u00e3o de Empresas, Produ\u00e7\u00e3o de Moda pelo SENAC e Consultoria de Estilo. Sou fascinada por moda desde sempre, adoro ver as pessoas produzidas e de bem com a vida. Moda \u00e9 o meu assunto preferido. Comecei meu blog em 2011, ele cresceu e hoje \u00e9 um site bem mais abrangente, onde eu falo sobre moda e meu trabalho de consultora de estilo. E falo tamb\u00e9m sobre a minha experi\u00eancia de vida. Mas antes de tudo, acredito num Deus Soberano que nos guia e aben\u00e7oa, o tempo todo!","sameAs":["https:\/\/www.andreasimonetti.com.br\/","https:\/\/www.facebook.com\/blogdaandreasimonetti\/","https:\/\/www.instagram.com\/andrea_simonetti\/","https:\/\/br.pinterest.com\/BlogAndrea\/","https:\/\/x.com\/https:\/\/twitter.com\/Andrea_Simoneti"],"url":"https:\/\/andreasimonetti.com.br\/blog\/author\/andrea\/"}]}},"_links":{"self":[{"href":"https:\/\/andreasimonetti.com.br\/blog\/wp-json\/wp\/v2\/posts\/892","targetHints":{"allow":["GET"]}}],"collection":[{"href":"https:\/\/andreasimonetti.com.br\/blog\/wp-json\/wp\/v2\/posts"}],"about":[{"href":"https:\/\/andreasimonetti.com.br\/blog\/wp-json\/wp\/v2\/types\/post"}],"author":[{"embeddable":true,"href":"https:\/\/andreasimonetti.com.br\/blog\/wp-json\/wp\/v2\/users\/7"}],"replies":[{"embeddable":true,"href":"https:\/\/andreasimonetti.com.br\/blog\/wp-json\/wp\/v2\/comments?post=892"}],"version-history":[{"count":0,"href":"https:\/\/andreasimonetti.com.br\/blog\/wp-json\/wp\/v2\/posts\/892\/revisions"}],"wp:attachment":[{"href":"https:\/\/andreasimonetti.com.br\/blog\/wp-json\/wp\/v2\/media?parent=892"}],"wp:term":[{"taxonomy":"category","embeddable":true,"href":"https:\/\/andreasimonetti.com.br\/blog\/wp-json\/wp\/v2\/categories?post=892"},{"taxonomy":"post_tag","embeddable":true,"href":"https:\/\/andreasimonetti.com.br\/blog\/wp-json\/wp\/v2\/tags?post=892"}],"curies":[{"name":"wp","href":"https:\/\/api.w.org\/{rel}","templated":true}]}}