{"id":8885,"date":"2013-12-27T11:22:08","date_gmt":"2013-12-27T13:22:08","guid":{"rendered":"http:\/\/blogdaandreasimonetti.com.br\/?p=8885"},"modified":"2018-05-25T08:47:25","modified_gmt":"2018-05-25T11:47:25","slug":"um-almoco-muito-especial","status":"publish","type":"post","link":"https:\/\/andreasimonetti.com.br\/blog\/um-almoco-muito-especial\/","title":{"rendered":"Um almo\u00e7o muito especial"},"content":{"rendered":"<p>Eu tenho conhecido pessoas ador\u00e1veis nessa viagem, que s\u00e3o os amigos da Cl\u00e1udia e do Oliver. Um desses casais \u00e9 Kersti e Heiko, que moram em Neu-Bamberger. Eles nos convidaram para um delicioso almo\u00e7o em sua casa, ao lado dos filhos Mirko e Nico. Foram momentos muito agrad\u00e1veis, entre sorrisos e gentilezas. O idioma n\u00e3o \u00e9 obst\u00e1culo para sentir afeto e amizade. Eu gostei dos enfeites de natal na casa dessa fam\u00edlia t\u00e3o especial.<\/p>\n<p><img loading=\"lazy\" decoding=\"async\" src=\"http:\/\/blogdaandreasimonetti.com.br\/wp-content\/uploads\/2013\/12\/1485070_572660586151929_91639371_n.jpg\" alt=\"1485070_572660586151929_91639371_n\" width=\"640\" height=\"640\" class=\"alignnone size-full wp-image-8886\" srcset=\"https:\/\/andreasimonetti.com.br\/blog\/wp-content\/uploads\/2013\/12\/1485070_572660586151929_91639371_n.jpg 640w, https:\/\/andreasimonetti.com.br\/blog\/wp-content\/uploads\/2013\/12\/1485070_572660586151929_91639371_n-150x150.jpg 150w, https:\/\/andreasimonetti.com.br\/blog\/wp-content\/uploads\/2013\/12\/1485070_572660586151929_91639371_n-300x300.jpg 300w\" sizes=\"auto, (max-width: 640px) 100vw, 640px\" \/><\/p>\n<p><img loading=\"lazy\" decoding=\"async\" src=\"http:\/\/blogdaandreasimonetti.com.br\/wp-content\/uploads\/2013\/12\/109.jpg\" alt=\"109\" width=\"1024\" height=\"768\" class=\"alignnone size-full wp-image-8887\" srcset=\"https:\/\/andreasimonetti.com.br\/blog\/wp-content\/uploads\/2013\/12\/109.jpg 1024w, https:\/\/andreasimonetti.com.br\/blog\/wp-content\/uploads\/2013\/12\/109-300x225.jpg 300w\" sizes=\"auto, (max-width: 1024px) 100vw, 1024px\" \/><\/p>\n<p><img loading=\"lazy\" decoding=\"async\" src=\"http:\/\/blogdaandreasimonetti.com.br\/wp-content\/uploads\/2013\/12\/102.jpg\" alt=\"102\" width=\"1024\" height=\"768\" class=\"alignnone size-full wp-image-8888\" srcset=\"https:\/\/andreasimonetti.com.br\/blog\/wp-content\/uploads\/2013\/12\/102.jpg 1024w, https:\/\/andreasimonetti.com.br\/blog\/wp-content\/uploads\/2013\/12\/102-300x225.jpg 300w\" sizes=\"auto, (max-width: 1024px) 100vw, 1024px\" \/><\/p>\n<p><img loading=\"lazy\" decoding=\"async\" src=\"http:\/\/blogdaandreasimonetti.com.br\/wp-content\/uploads\/2013\/12\/105.jpg\" alt=\"105\" width=\"1024\" height=\"768\" class=\"alignnone size-full wp-image-8889\" srcset=\"https:\/\/andreasimonetti.com.br\/blog\/wp-content\/uploads\/2013\/12\/105.jpg 1024w, https:\/\/andreasimonetti.com.br\/blog\/wp-content\/uploads\/2013\/12\/105-300x225.jpg 300w\" sizes=\"auto, (max-width: 1024px) 100vw, 1024px\" \/><\/p>\n<p><img loading=\"lazy\" decoding=\"async\" src=\"http:\/\/blogdaandreasimonetti.com.br\/wp-content\/uploads\/2013\/12\/106.jpg\" alt=\"106\" width=\"1024\" height=\"768\" class=\"alignnone size-full wp-image-8890\" srcset=\"https:\/\/andreasimonetti.com.br\/blog\/wp-content\/uploads\/2013\/12\/106.jpg 1024w, https:\/\/andreasimonetti.com.br\/blog\/wp-content\/uploads\/2013\/12\/106-300x225.jpg 300w\" sizes=\"auto, (max-width: 1024px) 100vw, 1024px\" \/><\/p>\n<p><img loading=\"lazy\" decoding=\"async\" src=\"http:\/\/blogdaandreasimonetti.com.br\/wp-content\/uploads\/2013\/12\/107.jpg\" alt=\"107\" width=\"1024\" height=\"768\" class=\"alignnone size-full wp-image-8891\" srcset=\"https:\/\/andreasimonetti.com.br\/blog\/wp-content\/uploads\/2013\/12\/107.jpg 1024w, https:\/\/andreasimonetti.com.br\/blog\/wp-content\/uploads\/2013\/12\/107-300x225.jpg 300w\" sizes=\"auto, (max-width: 1024px) 100vw, 1024px\" \/><\/p>\n","protected":false},"excerpt":{"rendered":"<p>Eu tenho conhecido pessoas ador\u00e1veis nessa viagem, que s\u00e3o os amigos da Cl\u00e1udia e do Oliver. Um desses casais \u00e9 Kersti e Heiko, que moram em Neu-Bamberger. Eles nos convidaram&hellip;<\/p>\n","protected":false},"author":7,"featured_media":0,"comment_status":"open","ping_status":"open","sticky":false,"template":"","format":"standard","meta":{"_monsterinsights_skip_tracking":false,"_monsterinsights_sitenote_active":false,"_monsterinsights_sitenote_note":"","_monsterinsights_sitenote_category":0,"footnotes":""},"categories":[2013],"tags":[1345,1347,1346],"class_list":["post-8885","post","type-post","status-publish","format-standard","hentry","category-lifestyle","tag-almoco","tag-amizada","tag-enfeites"],"yoast_head":"<!-- This site is optimized with the Yoast SEO plugin v26.3 - https:\/\/yoast.com\/wordpress\/plugins\/seo\/ -->\n<title>Um almo\u00e7o muito especial - Andrea Simonetti<\/title>\n<meta name=\"robots\" content=\"index, follow, max-snippet:-1, max-image-preview:large, max-video-preview:-1\" \/>\n<link rel=\"canonical\" href=\"https:\/\/andreasimonetti.com.br\/blog\/um-almoco-muito-especial\/\" \/>\n<meta property=\"og:locale\" content=\"pt_BR\" \/>\n<meta property=\"og:type\" content=\"article\" \/>\n<meta property=\"og:title\" content=\"Um almo\u00e7o muito especial - Andrea Simonetti\" \/>\n<meta property=\"og:description\" content=\"Eu tenho conhecido pessoas ador\u00e1veis nessa viagem, que s\u00e3o os amigos da Cl\u00e1udia e do Oliver. Um desses casais \u00e9 Kersti e Heiko, que moram em Neu-Bamberger. Eles nos convidaram&hellip;\" \/>\n<meta property=\"og:url\" content=\"https:\/\/andreasimonetti.com.br\/blog\/um-almoco-muito-especial\/\" \/>\n<meta property=\"og:site_name\" content=\"Andrea Simonetti\" \/>\n<meta property=\"article:publisher\" content=\"https:\/\/www.facebook.com\/blogdaandreasimonetti\/\" \/>\n<meta property=\"article:author\" content=\"https:\/\/www.facebook.com\/blogdaandreasimonetti\/\" \/>\n<meta property=\"article:published_time\" content=\"2013-12-27T13:22:08+00:00\" \/>\n<meta property=\"article:modified_time\" content=\"2018-05-25T11:47:25+00:00\" \/>\n<meta property=\"og:image\" content=\"http:\/\/blogdaandreasimonetti.com.br\/wp-content\/uploads\/2013\/12\/1485070_572660586151929_91639371_n.jpg\" \/>\n<meta name=\"author\" content=\"Andrea Simonetti\" \/>\n<meta name=\"twitter:card\" content=\"summary_large_image\" \/>\n<meta name=\"twitter:creator\" content=\"@https:\/\/twitter.com\/Andrea_Simoneti\" \/>\n<meta name=\"twitter:site\" content=\"@Andrea_Simoneti\" \/>\n<meta name=\"twitter:label1\" content=\"Escrito por\" \/>\n\t<meta name=\"twitter:data1\" content=\"Andrea Simonetti\" \/>\n<!-- \/ Yoast SEO plugin. -->","yoast_head_json":{"title":"Um almo\u00e7o muito especial - Andrea Simonetti","robots":{"index":"index","follow":"follow","max-snippet":"max-snippet:-1","max-image-preview":"max-image-preview:large","max-video-preview":"max-video-preview:-1"},"canonical":"https:\/\/andreasimonetti.com.br\/blog\/um-almoco-muito-especial\/","og_locale":"pt_BR","og_type":"article","og_title":"Um almo\u00e7o muito especial - Andrea Simonetti","og_description":"Eu tenho conhecido pessoas ador\u00e1veis nessa viagem, que s\u00e3o os amigos da Cl\u00e1udia e do Oliver. Um desses casais \u00e9 Kersti e Heiko, que moram em Neu-Bamberger. Eles nos convidaram&hellip;","og_url":"https:\/\/andreasimonetti.com.br\/blog\/um-almoco-muito-especial\/","og_site_name":"Andrea Simonetti","article_publisher":"https:\/\/www.facebook.com\/blogdaandreasimonetti\/","article_author":"https:\/\/www.facebook.com\/blogdaandreasimonetti\/","article_published_time":"2013-12-27T13:22:08+00:00","article_modified_time":"2018-05-25T11:47:25+00:00","og_image":[{"url":"http:\/\/blogdaandreasimonetti.com.br\/wp-content\/uploads\/2013\/12\/1485070_572660586151929_91639371_n.jpg","type":"","width":"","height":""}],"author":"Andrea Simonetti","twitter_card":"summary_large_image","twitter_creator":"@https:\/\/twitter.com\/Andrea_Simoneti","twitter_site":"@Andrea_Simoneti","twitter_misc":{"Escrito por":"Andrea Simonetti"},"schema":{"@context":"https:\/\/schema.org","@graph":[{"@type":"WebPage","@id":"https:\/\/andreasimonetti.com.br\/blog\/um-almoco-muito-especial\/","url":"https:\/\/andreasimonetti.com.br\/blog\/um-almoco-muito-especial\/","name":"Um almo\u00e7o muito especial - Andrea Simonetti","isPartOf":{"@id":"https:\/\/andreasimonetti.com.br\/blog\/#website"},"primaryImageOfPage":{"@id":"https:\/\/andreasimonetti.com.br\/blog\/um-almoco-muito-especial\/#primaryimage"},"image":{"@id":"https:\/\/andreasimonetti.com.br\/blog\/um-almoco-muito-especial\/#primaryimage"},"thumbnailUrl":"http:\/\/blogdaandreasimonetti.com.br\/wp-content\/uploads\/2013\/12\/1485070_572660586151929_91639371_n.jpg","datePublished":"2013-12-27T13:22:08+00:00","dateModified":"2018-05-25T11:47:25+00:00","author":{"@id":"https:\/\/andreasimonetti.com.br\/blog\/#\/schema\/person\/254f763c24ac288e27ea738a7366ad2a"},"breadcrumb":{"@id":"https:\/\/andreasimonetti.com.br\/blog\/um-almoco-muito-especial\/#breadcrumb"},"inLanguage":"pt-BR","potentialAction":[{"@type":"ReadAction","target":["https:\/\/andreasimonetti.com.br\/blog\/um-almoco-muito-especial\/"]}]},{"@type":"ImageObject","inLanguage":"pt-BR","@id":"https:\/\/andreasimonetti.com.br\/blog\/um-almoco-muito-especial\/#primaryimage","url":"http:\/\/blogdaandreasimonetti.com.br\/wp-content\/uploads\/2013\/12\/1485070_572660586151929_91639371_n.jpg","contentUrl":"http:\/\/blogdaandreasimonetti.com.br\/wp-content\/uploads\/2013\/12\/1485070_572660586151929_91639371_n.jpg"},{"@type":"BreadcrumbList","@id":"https:\/\/andreasimonetti.com.br\/blog\/um-almoco-muito-especial\/#breadcrumb","itemListElement":[{"@type":"ListItem","position":1,"name":"In\u00edcio","item":"https:\/\/andreasimonetti.com.br\/blog\/"},{"@type":"ListItem","position":2,"name":"Um almo\u00e7o muito especial"}]},{"@type":"WebSite","@id":"https:\/\/andreasimonetti.com.br\/blog\/#website","url":"https:\/\/andreasimonetti.com.br\/blog\/","name":"Andrea Simonetti","description":"","potentialAction":[{"@type":"SearchAction","target":{"@type":"EntryPoint","urlTemplate":"https:\/\/andreasimonetti.com.br\/blog\/?s={search_term_string}"},"query-input":{"@type":"PropertyValueSpecification","valueRequired":true,"valueName":"search_term_string"}}],"inLanguage":"pt-BR"},{"@type":"Person","@id":"https:\/\/andreasimonetti.com.br\/blog\/#\/schema\/person\/254f763c24ac288e27ea738a7366ad2a","name":"Andrea Simonetti","image":{"@type":"ImageObject","inLanguage":"pt-BR","@id":"https:\/\/andreasimonetti.com.br\/blog\/#\/schema\/person\/image\/","url":"https:\/\/andreasimonetti.com.br\/blog\/wp-content\/uploads\/2018\/04\/andrea-simonetti-96x96.png","contentUrl":"https:\/\/andreasimonetti.com.br\/blog\/wp-content\/uploads\/2018\/04\/andrea-simonetti-96x96.png","caption":"Andrea Simonetti"},"description":"Sou formada em Administra\u00e7\u00e3o de Empresas, Produ\u00e7\u00e3o de Moda pelo SENAC e Consultoria de Estilo. Sou fascinada por moda desde sempre, adoro ver as pessoas produzidas e de bem com a vida. Moda \u00e9 o meu assunto preferido. Comecei meu blog em 2011, ele cresceu e hoje \u00e9 um site bem mais abrangente, onde eu falo sobre moda e meu trabalho de consultora de estilo. E falo tamb\u00e9m sobre a minha experi\u00eancia de vida. Mas antes de tudo, acredito num Deus Soberano que nos guia e aben\u00e7oa, o tempo todo!","sameAs":["https:\/\/www.andreasimonetti.com.br\/","https:\/\/www.facebook.com\/blogdaandreasimonetti\/","https:\/\/www.instagram.com\/andrea_simonetti\/","https:\/\/br.pinterest.com\/BlogAndrea\/","https:\/\/x.com\/https:\/\/twitter.com\/Andrea_Simoneti"],"url":"https:\/\/andreasimonetti.com.br\/blog\/author\/andrea\/"}]}},"_links":{"self":[{"href":"https:\/\/andreasimonetti.com.br\/blog\/wp-json\/wp\/v2\/posts\/8885","targetHints":{"allow":["GET"]}}],"collection":[{"href":"https:\/\/andreasimonetti.com.br\/blog\/wp-json\/wp\/v2\/posts"}],"about":[{"href":"https:\/\/andreasimonetti.com.br\/blog\/wp-json\/wp\/v2\/types\/post"}],"author":[{"embeddable":true,"href":"https:\/\/andreasimonetti.com.br\/blog\/wp-json\/wp\/v2\/users\/7"}],"replies":[{"embeddable":true,"href":"https:\/\/andreasimonetti.com.br\/blog\/wp-json\/wp\/v2\/comments?post=8885"}],"version-history":[{"count":0,"href":"https:\/\/andreasimonetti.com.br\/blog\/wp-json\/wp\/v2\/posts\/8885\/revisions"}],"wp:attachment":[{"href":"https:\/\/andreasimonetti.com.br\/blog\/wp-json\/wp\/v2\/media?parent=8885"}],"wp:term":[{"taxonomy":"category","embeddable":true,"href":"https:\/\/andreasimonetti.com.br\/blog\/wp-json\/wp\/v2\/categories?post=8885"},{"taxonomy":"post_tag","embeddable":true,"href":"https:\/\/andreasimonetti.com.br\/blog\/wp-json\/wp\/v2\/tags?post=8885"}],"curies":[{"name":"wp","href":"https:\/\/api.w.org\/{rel}","templated":true}]}}