{"id":8699,"date":"2013-12-19T15:44:05","date_gmt":"2013-12-19T17:44:05","guid":{"rendered":"http:\/\/blogdaandreasimonetti.com.br\/?p=8699"},"modified":"2018-05-25T08:30:27","modified_gmt":"2018-05-25T11:30:27","slug":"meu-look-sandalia-e-bolsa-verde","status":"publish","type":"post","link":"https:\/\/andreasimonetti.com.br\/blog\/meu-look-sandalia-e-bolsa-verde\/","title":{"rendered":"Meu look : Sand\u00e1lia e bolsa verde"},"content":{"rendered":"<p>Quando vi essa bolsa \u00a0e sand\u00e1lia \u00a0verde \u00a0adorei , fiquei pensando num look moderno, optei pela cal\u00e7a nude da Sholder e camisa florida da Farm. A camisa com detalhe nas costas e \u00a0na manga de tric\u00f4 super tend\u00eancia.<br \/>\nA bolsa em mini p\u00edton e couro confort, as al\u00e7as s\u00e3o remov\u00edveis , pode ser usada como bolsa de m\u00e3o na \u00a0transversal, sand\u00e1lia verde esmeralda em camur\u00e7a com detalhe dourado e o \u00f3culos s\u00e3o da Carmen Steffens.<\/p>\n<p><strong><img loading=\"lazy\" decoding=\"async\" class=\"alignnone size-full wp-image-8700\" alt=\"Imagem 197\" src=\"http:\/\/blogdaandreasimonetti.com.br\/wp-content\/uploads\/2013\/12\/Imagem-197.jpg\" width=\"683\" height=\"1024\" srcset=\"https:\/\/andreasimonetti.com.br\/blog\/wp-content\/uploads\/2013\/12\/Imagem-197.jpg 683w, https:\/\/andreasimonetti.com.br\/blog\/wp-content\/uploads\/2013\/12\/Imagem-197-200x300.jpg 200w\" sizes=\"auto, (max-width: 683px) 100vw, 683px\" \/><\/strong><\/p>\n<p><img loading=\"lazy\" decoding=\"async\" class=\"alignnone size-full wp-image-8701\" alt=\"Imagem 195\" src=\"http:\/\/blogdaandreasimonetti.com.br\/wp-content\/uploads\/2013\/12\/Imagem-195.jpg\" width=\"683\" height=\"1024\" srcset=\"https:\/\/andreasimonetti.com.br\/blog\/wp-content\/uploads\/2013\/12\/Imagem-195.jpg 683w, https:\/\/andreasimonetti.com.br\/blog\/wp-content\/uploads\/2013\/12\/Imagem-195-200x300.jpg 200w\" sizes=\"auto, (max-width: 683px) 100vw, 683px\" \/><\/p>\n<p><img loading=\"lazy\" decoding=\"async\" class=\"alignnone size-full wp-image-8702\" alt=\"Imagem 223\" src=\"http:\/\/blogdaandreasimonetti.com.br\/wp-content\/uploads\/2013\/12\/Imagem-223.jpg\" width=\"683\" height=\"1024\" srcset=\"https:\/\/andreasimonetti.com.br\/blog\/wp-content\/uploads\/2013\/12\/Imagem-223.jpg 683w, https:\/\/andreasimonetti.com.br\/blog\/wp-content\/uploads\/2013\/12\/Imagem-223-200x300.jpg 200w\" sizes=\"auto, (max-width: 683px) 100vw, 683px\" \/><\/p>\n<p><img loading=\"lazy\" decoding=\"async\" class=\"alignnone size-full wp-image-8703\" alt=\"Imagem 218\" src=\"http:\/\/blogdaandreasimonetti.com.br\/wp-content\/uploads\/2013\/12\/Imagem-218.jpg\" width=\"683\" height=\"1024\" srcset=\"https:\/\/andreasimonetti.com.br\/blog\/wp-content\/uploads\/2013\/12\/Imagem-218.jpg 683w, https:\/\/andreasimonetti.com.br\/blog\/wp-content\/uploads\/2013\/12\/Imagem-218-200x300.jpg 200w\" sizes=\"auto, (max-width: 683px) 100vw, 683px\" \/><\/p>\n<p><img loading=\"lazy\" decoding=\"async\" class=\"alignnone size-full wp-image-8705\" alt=\"Imagem 204\" src=\"http:\/\/blogdaandreasimonetti.com.br\/wp-content\/uploads\/2013\/12\/Imagem-2041.jpg\" width=\"683\" height=\"1024\" srcset=\"https:\/\/andreasimonetti.com.br\/blog\/wp-content\/uploads\/2013\/12\/Imagem-2041.jpg 683w, https:\/\/andreasimonetti.com.br\/blog\/wp-content\/uploads\/2013\/12\/Imagem-2041-200x300.jpg 200w\" sizes=\"auto, (max-width: 683px) 100vw, 683px\" \/><\/p>\n","protected":false},"excerpt":{"rendered":"<p>Quando vi essa bolsa \u00a0e sand\u00e1lia \u00a0verde \u00a0adorei , fiquei pensando num look moderno, optei pela cal\u00e7a nude da Sholder e camisa florida da Farm. A camisa com detalhe nas&hellip;<\/p>\n","protected":false},"author":7,"featured_media":0,"comment_status":"open","ping_status":"open","sticky":false,"template":"","format":"standard","meta":{"_monsterinsights_skip_tracking":false,"_monsterinsights_sitenote_active":false,"_monsterinsights_sitenote_note":"","_monsterinsights_sitenote_category":0,"footnotes":""},"categories":[3],"tags":[1328,1313,116,745],"class_list":["post-8699","post","type-post","status-publish","format-standard","hentry","category-moda","tag-carmen-stteffens","tag-farm","tag-meu-look-2","tag-shoulder"],"yoast_head":"<!-- This site is optimized with the Yoast SEO plugin v26.3 - https:\/\/yoast.com\/wordpress\/plugins\/seo\/ -->\n<title>Meu look : Sand\u00e1lia e bolsa verde - Andrea Simonetti<\/title>\n<meta name=\"robots\" content=\"index, follow, max-snippet:-1, max-image-preview:large, max-video-preview:-1\" \/>\n<link rel=\"canonical\" href=\"https:\/\/andreasimonetti.com.br\/blog\/meu-look-sandalia-e-bolsa-verde\/\" \/>\n<meta property=\"og:locale\" content=\"pt_BR\" \/>\n<meta property=\"og:type\" content=\"article\" \/>\n<meta property=\"og:title\" content=\"Meu look : Sand\u00e1lia e bolsa verde - Andrea Simonetti\" \/>\n<meta property=\"og:description\" content=\"Quando vi essa bolsa \u00a0e sand\u00e1lia \u00a0verde \u00a0adorei , fiquei pensando num look moderno, optei pela cal\u00e7a nude da Sholder e camisa florida da Farm. A camisa com detalhe nas&hellip;\" \/>\n<meta property=\"og:url\" content=\"https:\/\/andreasimonetti.com.br\/blog\/meu-look-sandalia-e-bolsa-verde\/\" \/>\n<meta property=\"og:site_name\" content=\"Andrea Simonetti\" \/>\n<meta property=\"article:publisher\" content=\"https:\/\/www.facebook.com\/blogdaandreasimonetti\/\" \/>\n<meta property=\"article:author\" content=\"https:\/\/www.facebook.com\/blogdaandreasimonetti\/\" \/>\n<meta property=\"article:published_time\" content=\"2013-12-19T17:44:05+00:00\" \/>\n<meta property=\"article:modified_time\" content=\"2018-05-25T11:30:27+00:00\" \/>\n<meta property=\"og:image\" content=\"https:\/\/andreasimonetti.com.br\/blog\/wp-content\/uploads\/2013\/12\/Imagem-197.jpg\" \/>\n\t<meta property=\"og:image:width\" content=\"683\" \/>\n\t<meta property=\"og:image:height\" content=\"1024\" \/>\n\t<meta property=\"og:image:type\" content=\"image\/jpeg\" \/>\n<meta name=\"author\" content=\"Andrea Simonetti\" \/>\n<meta name=\"twitter:card\" content=\"summary_large_image\" \/>\n<meta name=\"twitter:creator\" content=\"@https:\/\/twitter.com\/Andrea_Simoneti\" \/>\n<meta name=\"twitter:site\" content=\"@Andrea_Simoneti\" \/>\n<meta name=\"twitter:label1\" content=\"Escrito por\" \/>\n\t<meta name=\"twitter:data1\" content=\"Andrea Simonetti\" \/>\n<!-- \/ Yoast SEO plugin. -->","yoast_head_json":{"title":"Meu look : Sand\u00e1lia e bolsa verde - Andrea Simonetti","robots":{"index":"index","follow":"follow","max-snippet":"max-snippet:-1","max-image-preview":"max-image-preview:large","max-video-preview":"max-video-preview:-1"},"canonical":"https:\/\/andreasimonetti.com.br\/blog\/meu-look-sandalia-e-bolsa-verde\/","og_locale":"pt_BR","og_type":"article","og_title":"Meu look : Sand\u00e1lia e bolsa verde - Andrea Simonetti","og_description":"Quando vi essa bolsa \u00a0e sand\u00e1lia \u00a0verde \u00a0adorei , fiquei pensando num look moderno, optei pela cal\u00e7a nude da Sholder e camisa florida da Farm. A camisa com detalhe nas&hellip;","og_url":"https:\/\/andreasimonetti.com.br\/blog\/meu-look-sandalia-e-bolsa-verde\/","og_site_name":"Andrea Simonetti","article_publisher":"https:\/\/www.facebook.com\/blogdaandreasimonetti\/","article_author":"https:\/\/www.facebook.com\/blogdaandreasimonetti\/","article_published_time":"2013-12-19T17:44:05+00:00","article_modified_time":"2018-05-25T11:30:27+00:00","og_image":[{"width":683,"height":1024,"url":"https:\/\/andreasimonetti.com.br\/blog\/wp-content\/uploads\/2013\/12\/Imagem-197.jpg","type":"image\/jpeg"}],"author":"Andrea Simonetti","twitter_card":"summary_large_image","twitter_creator":"@https:\/\/twitter.com\/Andrea_Simoneti","twitter_site":"@Andrea_Simoneti","twitter_misc":{"Escrito por":"Andrea Simonetti"},"schema":{"@context":"https:\/\/schema.org","@graph":[{"@type":"WebPage","@id":"https:\/\/andreasimonetti.com.br\/blog\/meu-look-sandalia-e-bolsa-verde\/","url":"https:\/\/andreasimonetti.com.br\/blog\/meu-look-sandalia-e-bolsa-verde\/","name":"Meu look : Sand\u00e1lia e bolsa verde - Andrea Simonetti","isPartOf":{"@id":"https:\/\/andreasimonetti.com.br\/blog\/#website"},"primaryImageOfPage":{"@id":"https:\/\/andreasimonetti.com.br\/blog\/meu-look-sandalia-e-bolsa-verde\/#primaryimage"},"image":{"@id":"https:\/\/andreasimonetti.com.br\/blog\/meu-look-sandalia-e-bolsa-verde\/#primaryimage"},"thumbnailUrl":"http:\/\/blogdaandreasimonetti.com.br\/wp-content\/uploads\/2013\/12\/Imagem-197.jpg","datePublished":"2013-12-19T17:44:05+00:00","dateModified":"2018-05-25T11:30:27+00:00","author":{"@id":"https:\/\/andreasimonetti.com.br\/blog\/#\/schema\/person\/254f763c24ac288e27ea738a7366ad2a"},"breadcrumb":{"@id":"https:\/\/andreasimonetti.com.br\/blog\/meu-look-sandalia-e-bolsa-verde\/#breadcrumb"},"inLanguage":"pt-BR","potentialAction":[{"@type":"ReadAction","target":["https:\/\/andreasimonetti.com.br\/blog\/meu-look-sandalia-e-bolsa-verde\/"]}]},{"@type":"ImageObject","inLanguage":"pt-BR","@id":"https:\/\/andreasimonetti.com.br\/blog\/meu-look-sandalia-e-bolsa-verde\/#primaryimage","url":"http:\/\/blogdaandreasimonetti.com.br\/wp-content\/uploads\/2013\/12\/Imagem-197.jpg","contentUrl":"http:\/\/blogdaandreasimonetti.com.br\/wp-content\/uploads\/2013\/12\/Imagem-197.jpg"},{"@type":"BreadcrumbList","@id":"https:\/\/andreasimonetti.com.br\/blog\/meu-look-sandalia-e-bolsa-verde\/#breadcrumb","itemListElement":[{"@type":"ListItem","position":1,"name":"In\u00edcio","item":"https:\/\/andreasimonetti.com.br\/blog\/"},{"@type":"ListItem","position":2,"name":"Meu look : Sand\u00e1lia e bolsa verde"}]},{"@type":"WebSite","@id":"https:\/\/andreasimonetti.com.br\/blog\/#website","url":"https:\/\/andreasimonetti.com.br\/blog\/","name":"Andrea Simonetti","description":"","potentialAction":[{"@type":"SearchAction","target":{"@type":"EntryPoint","urlTemplate":"https:\/\/andreasimonetti.com.br\/blog\/?s={search_term_string}"},"query-input":{"@type":"PropertyValueSpecification","valueRequired":true,"valueName":"search_term_string"}}],"inLanguage":"pt-BR"},{"@type":"Person","@id":"https:\/\/andreasimonetti.com.br\/blog\/#\/schema\/person\/254f763c24ac288e27ea738a7366ad2a","name":"Andrea Simonetti","image":{"@type":"ImageObject","inLanguage":"pt-BR","@id":"https:\/\/andreasimonetti.com.br\/blog\/#\/schema\/person\/image\/","url":"https:\/\/andreasimonetti.com.br\/blog\/wp-content\/uploads\/2018\/04\/andrea-simonetti-96x96.png","contentUrl":"https:\/\/andreasimonetti.com.br\/blog\/wp-content\/uploads\/2018\/04\/andrea-simonetti-96x96.png","caption":"Andrea Simonetti"},"description":"Sou formada em Administra\u00e7\u00e3o de Empresas, Produ\u00e7\u00e3o de Moda pelo SENAC e Consultoria de Estilo. Sou fascinada por moda desde sempre, adoro ver as pessoas produzidas e de bem com a vida. Moda \u00e9 o meu assunto preferido. Comecei meu blog em 2011, ele cresceu e hoje \u00e9 um site bem mais abrangente, onde eu falo sobre moda e meu trabalho de consultora de estilo. E falo tamb\u00e9m sobre a minha experi\u00eancia de vida. Mas antes de tudo, acredito num Deus Soberano que nos guia e aben\u00e7oa, o tempo todo!","sameAs":["https:\/\/www.andreasimonetti.com.br\/","https:\/\/www.facebook.com\/blogdaandreasimonetti\/","https:\/\/www.instagram.com\/andrea_simonetti\/","https:\/\/br.pinterest.com\/BlogAndrea\/","https:\/\/x.com\/https:\/\/twitter.com\/Andrea_Simoneti"],"url":"https:\/\/andreasimonetti.com.br\/blog\/author\/andrea\/"}]}},"_links":{"self":[{"href":"https:\/\/andreasimonetti.com.br\/blog\/wp-json\/wp\/v2\/posts\/8699","targetHints":{"allow":["GET"]}}],"collection":[{"href":"https:\/\/andreasimonetti.com.br\/blog\/wp-json\/wp\/v2\/posts"}],"about":[{"href":"https:\/\/andreasimonetti.com.br\/blog\/wp-json\/wp\/v2\/types\/post"}],"author":[{"embeddable":true,"href":"https:\/\/andreasimonetti.com.br\/blog\/wp-json\/wp\/v2\/users\/7"}],"replies":[{"embeddable":true,"href":"https:\/\/andreasimonetti.com.br\/blog\/wp-json\/wp\/v2\/comments?post=8699"}],"version-history":[{"count":0,"href":"https:\/\/andreasimonetti.com.br\/blog\/wp-json\/wp\/v2\/posts\/8699\/revisions"}],"wp:attachment":[{"href":"https:\/\/andreasimonetti.com.br\/blog\/wp-json\/wp\/v2\/media?parent=8699"}],"wp:term":[{"taxonomy":"category","embeddable":true,"href":"https:\/\/andreasimonetti.com.br\/blog\/wp-json\/wp\/v2\/categories?post=8699"},{"taxonomy":"post_tag","embeddable":true,"href":"https:\/\/andreasimonetti.com.br\/blog\/wp-json\/wp\/v2\/tags?post=8699"}],"curies":[{"name":"wp","href":"https:\/\/api.w.org\/{rel}","templated":true}]}}