{"id":8567,"date":"2013-12-05T10:00:00","date_gmt":"2013-12-05T12:00:00","guid":{"rendered":"http:\/\/blogdaandreasimonetti.com.br\/?p=8567"},"modified":"2018-05-25T07:41:42","modified_gmt":"2018-05-25T10:41:42","slug":"dress-code-empresarial","status":"publish","type":"post","link":"https:\/\/andreasimonetti.com.br\/blog\/dress-code-empresarial\/","title":{"rendered":"A Personal Stylist Titta Aguiar fala sobre &#8216;Dress Code Empresarial&#8217;"},"content":{"rendered":"<p>Imposs\u00edvel falar sobre moda no Brasil sem mencionar o nome de Titta Aguiar. Ela \u00e9 jornalista, autora de v\u00e1rios livros, colaboradora de importantes jornais e revistas, consultora de estilo do Senac S\u00e3o Paulo, palestrante e uma das mais requisitadas personal stylist do pa\u00eds. A Titta \u00e9 tudo isso e muito mais : \u00e9 uma profissional doce e generosa ao compartilhar sua experi\u00eancia e conhecimentos. Eu tive a oportunidade de participar de alguns dos seus cursos e posso garantir que ela conhece e vive a moda como ningu\u00e9m. Eu estou muito feliz pelo fato da Titta ter atendido o meu convite (na verdade um pedido !) para escrever esse artigo sobre Dress Code Empresarial. Apesar da sua agenda super apertada ela gentilmente aceitou. Eu agrade\u00e7o a Titta pela delicadeza com o blog e suas leitoras. E para quem gosta de moda e quer se especializar, a dica \u00e9 ficar antenada nos cursos e palestras da Titta. Um desses cursos \u00e9 o Dress Code Empresarial que trata sobre como se vestir no ambiente corporativo, tema desse artigo t\u00e3o especial.<br \/>\n<img loading=\"lazy\" decoding=\"async\" class=\"aligncenter size-full wp-image-8658\" alt=\"titta2\" src=\"http:\/\/blogdaandreasimonetti.com.br\/wp-content\/uploads\/2013\/11\/titta2.jpg\" width=\"720\" height=\"300\" srcset=\"https:\/\/andreasimonetti.com.br\/blog\/wp-content\/uploads\/2013\/11\/titta2.jpg 720w, https:\/\/andreasimonetti.com.br\/blog\/wp-content\/uploads\/2013\/11\/titta2-300x125.jpg 300w\" sizes=\"auto, (max-width: 720px) 100vw, 720px\" \/><br \/>\nA maneira de se vestir no trabalho \u00e9 o cart\u00e3o de visita da empresa e tamb\u00e9m o seu,al\u00e9m de tudo diz muito sobre voce. Para n\u00e3o fazer feio,a primeira coisa a observar \u00e9 qual o dress code da empresa, ou seja, se a exig\u00eancia na maneira de se vestir \u00e9 formal ou informal. As empresas formais pedem trajes como terninhos, roupas em alfaiataria, cores neutras, acess\u00f3rios discretos. J\u00e1 com o dress code informal, voce pode usar at\u00e9 uma cal\u00e7a jeans, desde que seja de cor mais escura, sem detalhes, e de corte mais reto, colocar um len\u00e7o de cor ou estampa mais alegres,e acess\u00f3rios que aparecem mais, mas mesmo assim, nem tudo \u00e9 liberado, a\u00ed vem o risco do erro. Segue abaixo alguns exemplos de dress code formal e informal.<br \/>\n<img loading=\"lazy\" decoding=\"async\" class=\"aligncenter size-full wp-image-8570\" alt=\"1\" src=\"http:\/\/blogdaandreasimonetti.com.br\/wp-content\/uploads\/2013\/11\/18.jpg\" width=\"720\" height=\"342\" srcset=\"https:\/\/andreasimonetti.com.br\/blog\/wp-content\/uploads\/2013\/11\/18.jpg 720w, https:\/\/andreasimonetti.com.br\/blog\/wp-content\/uploads\/2013\/11\/18-300x142.jpg 300w\" sizes=\"auto, (max-width: 720px) 100vw, 720px\" \/><\/p>\n<p>No dress code formal, cores, comprimentos, \u00a0caimentos mais retos, s\u00e3o exigidos. O estilo predominante \u00e9 o tradicional, pois ele passa seriedade, respeito, profissionalismo, honestidade. J\u00e1 no terceiro look, houve uma mistura de estilos, tradicional e elegante, que passa poder e autoridade.<\/p>\n<p><img loading=\"lazy\" decoding=\"async\" class=\"aligncenter size-full wp-image-8571\" alt=\"2\" src=\"http:\/\/blogdaandreasimonetti.com.br\/wp-content\/uploads\/2013\/11\/27.jpg\" width=\"720\" height=\"342\" srcset=\"https:\/\/andreasimonetti.com.br\/blog\/wp-content\/uploads\/2013\/11\/27.jpg 720w, https:\/\/andreasimonetti.com.br\/blog\/wp-content\/uploads\/2013\/11\/27-300x142.jpg 300w\" sizes=\"auto, (max-width: 720px) 100vw, 720px\" \/><\/p>\n<p>Se o trabalho n\u00e3o exige tanta formalidade , mas uma postura mais s\u00e9rie e elegante, voc\u00ea \u00a0j\u00e1 pode adicionar um pouco mais de estilo, mas observe que a eleg\u00e2ncia que predomina.<\/p>\n<p><img loading=\"lazy\" decoding=\"async\" class=\"aligncenter size-full wp-image-8572\" alt=\"3\" src=\"http:\/\/blogdaandreasimonetti.com.br\/wp-content\/uploads\/2013\/11\/34.jpg\" width=\"720\" height=\"342\" srcset=\"https:\/\/andreasimonetti.com.br\/blog\/wp-content\/uploads\/2013\/11\/34.jpg 720w, https:\/\/andreasimonetti.com.br\/blog\/wp-content\/uploads\/2013\/11\/34-300x142.jpg 300w\" sizes=\"auto, (max-width: 720px) 100vw, 720px\" \/><\/p>\n<p>No caso de dress code informal, o conforto j\u00e1 pode fazer parte do look, mas n\u00e3o exagere pois voce esta em um ambiente de trabalho, onde roupas decotadas, transpar\u00eancia, saias curtas e roupas muito justas, n\u00e3o s\u00e3o permitidas.<br \/>\nMuitas vezes seu estilo pessoal n\u00e3o corresponde com o dress code da empresa, ou seja, por exemplo, voc\u00ea tem um estilo mais sexy e moderno e a empresa pede um estilo formal, o tradicional, no caso voc\u00ea \u00a0precisa se vestir de acordo com as exig\u00eancias da empresa e n\u00e3o da maneira que voc\u00ea \u00a0se veste no dia a dia.<\/p>\n<p>TITTA AGUIAR<br \/>\n<a href=\"www.tittaguiar.com.br\">www.tittaguiar.com.br<\/a><\/p>\n","protected":false},"excerpt":{"rendered":"<p>Imposs\u00edvel falar sobre moda no Brasil sem mencionar o nome de Titta Aguiar. Ela \u00e9 jornalista, autora de v\u00e1rios livros, colaboradora de importantes jornais e revistas, consultora de estilo do&hellip;<\/p>\n","protected":false},"author":7,"featured_media":0,"comment_status":"open","ping_status":"open","sticky":false,"template":"","format":"standard","meta":{"_monsterinsights_skip_tracking":false,"_monsterinsights_sitenote_active":false,"_monsterinsights_sitenote_note":"","_monsterinsights_sitenote_category":0,"footnotes":""},"categories":[3],"tags":[1311,1312],"class_list":["post-8567","post","type-post","status-publish","format-standard","hentry","category-moda","tag-como-se-vestir-no-ambiente-de-trabalho","tag-dress-code-com-tiitta-aguiar"],"yoast_head":"<!-- This site is optimized with the Yoast SEO plugin v26.3 - https:\/\/yoast.com\/wordpress\/plugins\/seo\/ -->\n<title>A Personal Stylist Titta Aguiar fala sobre &#039;Dress Code Empresarial&#039; - Andrea Simonetti<\/title>\n<meta name=\"robots\" content=\"index, follow, max-snippet:-1, max-image-preview:large, max-video-preview:-1\" \/>\n<link rel=\"canonical\" href=\"https:\/\/andreasimonetti.com.br\/blog\/dress-code-empresarial\/\" \/>\n<meta property=\"og:locale\" content=\"pt_BR\" \/>\n<meta property=\"og:type\" content=\"article\" \/>\n<meta property=\"og:title\" content=\"A Personal Stylist Titta Aguiar fala sobre &#039;Dress Code Empresarial&#039; - Andrea Simonetti\" \/>\n<meta property=\"og:description\" content=\"Imposs\u00edvel falar sobre moda no Brasil sem mencionar o nome de Titta Aguiar. Ela \u00e9 jornalista, autora de v\u00e1rios livros, colaboradora de importantes jornais e revistas, consultora de estilo do&hellip;\" \/>\n<meta property=\"og:url\" content=\"https:\/\/andreasimonetti.com.br\/blog\/dress-code-empresarial\/\" \/>\n<meta property=\"og:site_name\" content=\"Andrea Simonetti\" \/>\n<meta property=\"article:publisher\" content=\"https:\/\/www.facebook.com\/blogdaandreasimonetti\/\" \/>\n<meta property=\"article:author\" content=\"https:\/\/www.facebook.com\/blogdaandreasimonetti\/\" \/>\n<meta property=\"article:published_time\" content=\"2013-12-05T12:00:00+00:00\" \/>\n<meta property=\"article:modified_time\" content=\"2018-05-25T10:41:42+00:00\" \/>\n<meta property=\"og:image\" content=\"http:\/\/blogdaandreasimonetti.com.br\/wp-content\/uploads\/2013\/11\/titta2.jpg\" \/>\n<meta name=\"author\" content=\"Andrea Simonetti\" \/>\n<meta name=\"twitter:card\" content=\"summary_large_image\" \/>\n<meta name=\"twitter:creator\" content=\"@https:\/\/twitter.com\/Andrea_Simoneti\" \/>\n<meta name=\"twitter:site\" content=\"@Andrea_Simoneti\" \/>\n<meta name=\"twitter:label1\" content=\"Escrito por\" \/>\n\t<meta name=\"twitter:data1\" content=\"Andrea Simonetti\" \/>\n\t<meta name=\"twitter:label2\" content=\"Est. tempo de leitura\" \/>\n\t<meta name=\"twitter:data2\" content=\"3 minutos\" \/>\n<!-- \/ Yoast SEO plugin. -->","yoast_head_json":{"title":"A Personal Stylist Titta Aguiar fala sobre 'Dress Code Empresarial' - Andrea Simonetti","robots":{"index":"index","follow":"follow","max-snippet":"max-snippet:-1","max-image-preview":"max-image-preview:large","max-video-preview":"max-video-preview:-1"},"canonical":"https:\/\/andreasimonetti.com.br\/blog\/dress-code-empresarial\/","og_locale":"pt_BR","og_type":"article","og_title":"A Personal Stylist Titta Aguiar fala sobre 'Dress Code Empresarial' - Andrea Simonetti","og_description":"Imposs\u00edvel falar sobre moda no Brasil sem mencionar o nome de Titta Aguiar. Ela \u00e9 jornalista, autora de v\u00e1rios livros, colaboradora de importantes jornais e revistas, consultora de estilo do&hellip;","og_url":"https:\/\/andreasimonetti.com.br\/blog\/dress-code-empresarial\/","og_site_name":"Andrea Simonetti","article_publisher":"https:\/\/www.facebook.com\/blogdaandreasimonetti\/","article_author":"https:\/\/www.facebook.com\/blogdaandreasimonetti\/","article_published_time":"2013-12-05T12:00:00+00:00","article_modified_time":"2018-05-25T10:41:42+00:00","og_image":[{"url":"http:\/\/blogdaandreasimonetti.com.br\/wp-content\/uploads\/2013\/11\/titta2.jpg","type":"","width":"","height":""}],"author":"Andrea Simonetti","twitter_card":"summary_large_image","twitter_creator":"@https:\/\/twitter.com\/Andrea_Simoneti","twitter_site":"@Andrea_Simoneti","twitter_misc":{"Escrito por":"Andrea Simonetti","Est. tempo de leitura":"3 minutos"},"schema":{"@context":"https:\/\/schema.org","@graph":[{"@type":"WebPage","@id":"https:\/\/andreasimonetti.com.br\/blog\/dress-code-empresarial\/","url":"https:\/\/andreasimonetti.com.br\/blog\/dress-code-empresarial\/","name":"A Personal Stylist Titta Aguiar fala sobre 'Dress Code Empresarial' - Andrea Simonetti","isPartOf":{"@id":"https:\/\/andreasimonetti.com.br\/blog\/#website"},"primaryImageOfPage":{"@id":"https:\/\/andreasimonetti.com.br\/blog\/dress-code-empresarial\/#primaryimage"},"image":{"@id":"https:\/\/andreasimonetti.com.br\/blog\/dress-code-empresarial\/#primaryimage"},"thumbnailUrl":"http:\/\/blogdaandreasimonetti.com.br\/wp-content\/uploads\/2013\/11\/titta2.jpg","datePublished":"2013-12-05T12:00:00+00:00","dateModified":"2018-05-25T10:41:42+00:00","author":{"@id":"https:\/\/andreasimonetti.com.br\/blog\/#\/schema\/person\/254f763c24ac288e27ea738a7366ad2a"},"breadcrumb":{"@id":"https:\/\/andreasimonetti.com.br\/blog\/dress-code-empresarial\/#breadcrumb"},"inLanguage":"pt-BR","potentialAction":[{"@type":"ReadAction","target":["https:\/\/andreasimonetti.com.br\/blog\/dress-code-empresarial\/"]}]},{"@type":"ImageObject","inLanguage":"pt-BR","@id":"https:\/\/andreasimonetti.com.br\/blog\/dress-code-empresarial\/#primaryimage","url":"http:\/\/blogdaandreasimonetti.com.br\/wp-content\/uploads\/2013\/11\/titta2.jpg","contentUrl":"http:\/\/blogdaandreasimonetti.com.br\/wp-content\/uploads\/2013\/11\/titta2.jpg"},{"@type":"BreadcrumbList","@id":"https:\/\/andreasimonetti.com.br\/blog\/dress-code-empresarial\/#breadcrumb","itemListElement":[{"@type":"ListItem","position":1,"name":"In\u00edcio","item":"https:\/\/andreasimonetti.com.br\/blog\/"},{"@type":"ListItem","position":2,"name":"A Personal Stylist Titta Aguiar fala sobre &#8216;Dress Code Empresarial&#8217;"}]},{"@type":"WebSite","@id":"https:\/\/andreasimonetti.com.br\/blog\/#website","url":"https:\/\/andreasimonetti.com.br\/blog\/","name":"Andrea Simonetti","description":"","potentialAction":[{"@type":"SearchAction","target":{"@type":"EntryPoint","urlTemplate":"https:\/\/andreasimonetti.com.br\/blog\/?s={search_term_string}"},"query-input":{"@type":"PropertyValueSpecification","valueRequired":true,"valueName":"search_term_string"}}],"inLanguage":"pt-BR"},{"@type":"Person","@id":"https:\/\/andreasimonetti.com.br\/blog\/#\/schema\/person\/254f763c24ac288e27ea738a7366ad2a","name":"Andrea Simonetti","image":{"@type":"ImageObject","inLanguage":"pt-BR","@id":"https:\/\/andreasimonetti.com.br\/blog\/#\/schema\/person\/image\/","url":"https:\/\/andreasimonetti.com.br\/blog\/wp-content\/uploads\/2018\/04\/andrea-simonetti-96x96.png","contentUrl":"https:\/\/andreasimonetti.com.br\/blog\/wp-content\/uploads\/2018\/04\/andrea-simonetti-96x96.png","caption":"Andrea Simonetti"},"description":"Sou formada em Administra\u00e7\u00e3o de Empresas, Produ\u00e7\u00e3o de Moda pelo SENAC e Consultoria de Estilo. Sou fascinada por moda desde sempre, adoro ver as pessoas produzidas e de bem com a vida. Moda \u00e9 o meu assunto preferido. Comecei meu blog em 2011, ele cresceu e hoje \u00e9 um site bem mais abrangente, onde eu falo sobre moda e meu trabalho de consultora de estilo. E falo tamb\u00e9m sobre a minha experi\u00eancia de vida. Mas antes de tudo, acredito num Deus Soberano que nos guia e aben\u00e7oa, o tempo todo!","sameAs":["https:\/\/www.andreasimonetti.com.br\/","https:\/\/www.facebook.com\/blogdaandreasimonetti\/","https:\/\/www.instagram.com\/andrea_simonetti\/","https:\/\/br.pinterest.com\/BlogAndrea\/","https:\/\/x.com\/https:\/\/twitter.com\/Andrea_Simoneti"],"url":"https:\/\/andreasimonetti.com.br\/blog\/author\/andrea\/"}]}},"_links":{"self":[{"href":"https:\/\/andreasimonetti.com.br\/blog\/wp-json\/wp\/v2\/posts\/8567","targetHints":{"allow":["GET"]}}],"collection":[{"href":"https:\/\/andreasimonetti.com.br\/blog\/wp-json\/wp\/v2\/posts"}],"about":[{"href":"https:\/\/andreasimonetti.com.br\/blog\/wp-json\/wp\/v2\/types\/post"}],"author":[{"embeddable":true,"href":"https:\/\/andreasimonetti.com.br\/blog\/wp-json\/wp\/v2\/users\/7"}],"replies":[{"embeddable":true,"href":"https:\/\/andreasimonetti.com.br\/blog\/wp-json\/wp\/v2\/comments?post=8567"}],"version-history":[{"count":0,"href":"https:\/\/andreasimonetti.com.br\/blog\/wp-json\/wp\/v2\/posts\/8567\/revisions"}],"wp:attachment":[{"href":"https:\/\/andreasimonetti.com.br\/blog\/wp-json\/wp\/v2\/media?parent=8567"}],"wp:term":[{"taxonomy":"category","embeddable":true,"href":"https:\/\/andreasimonetti.com.br\/blog\/wp-json\/wp\/v2\/categories?post=8567"},{"taxonomy":"post_tag","embeddable":true,"href":"https:\/\/andreasimonetti.com.br\/blog\/wp-json\/wp\/v2\/tags?post=8567"}],"curies":[{"name":"wp","href":"https:\/\/api.w.org\/{rel}","templated":true}]}}