{"id":8508,"date":"2013-11-21T11:10:15","date_gmt":"2013-11-21T13:10:15","guid":{"rendered":"http:\/\/blogdaandreasimonetti.com.br\/?p=8508"},"modified":"2015-03-25T12:08:05","modified_gmt":"2015-03-25T15:08:05","slug":"colcci-lanca-colecao-em-parceria-com-a-disney","status":"publish","type":"post","link":"https:\/\/andreasimonetti.com.br\/blog\/colcci-lanca-colecao-em-parceria-com-a-disney\/","title":{"rendered":"Colcci lan\u00e7a cole\u00e7\u00e3o em parceria com a Disney"},"content":{"rendered":"<p>Esse fim de semana em S\u00e3o Paulo conheci a nova cole\u00e7\u00e3o da Colcci em parceria com a Disney. S\u00e3o t-shirts masculinas e femininas, vestidos longos e curtos, todos em estampas exclusivas de personagens ic\u00f4nicos que fazem parte da hist\u00f3ria do desenho animado, como Cruela \u2013 Os 101 D\u00e1lmatas, Capit\u00e3o Gancho \u2013 Peter Pan, Alice \u2013 Alice no Pa\u00eds das Maravilhas, Bambi, Pin\u00f3quio e Irm\u00e3os Metralha.<br \/>\nPara quem \u00e9 apaixonado pela Disney vale a pena, as pe\u00e7as s\u00e3o super coloridas, eu adorei. Minha escolha : t-shirts e a cal\u00e7a amarela.<\/p>\n<p>Os pre\u00e7os das pe\u00e7as variam de R$ 129 a R$ 498.<\/p>\n<p><img loading=\"lazy\" decoding=\"async\" class=\"alignnone size-full wp-image-8510\" alt=\"colcci-disney-1\" src=\"http:\/\/blogdaandreasimonetti.com.br\/wp-content\/uploads\/2013\/11\/colcci-disney-1.png\" width=\"1024\" height=\"681\" srcset=\"https:\/\/andreasimonetti.com.br\/blog\/wp-content\/uploads\/2013\/11\/colcci-disney-1.png 1024w, https:\/\/andreasimonetti.com.br\/blog\/wp-content\/uploads\/2013\/11\/colcci-disney-1-300x199.png 300w\" sizes=\"auto, (max-width: 1024px) 100vw, 1024px\" \/><\/p>\n<p><img loading=\"lazy\" decoding=\"async\" class=\"alignnone size-full wp-image-8517\" alt=\"cooo\" src=\"http:\/\/blogdaandreasimonetti.com.br\/wp-content\/uploads\/2013\/11\/cooo.jpg\" width=\"1024\" height=\"678\" srcset=\"https:\/\/andreasimonetti.com.br\/blog\/wp-content\/uploads\/2013\/11\/cooo.jpg 1024w, https:\/\/andreasimonetti.com.br\/blog\/wp-content\/uploads\/2013\/11\/cooo-300x198.jpg 300w\" sizes=\"auto, (max-width: 1024px) 100vw, 1024px\" \/><\/p>\n","protected":false},"excerpt":{"rendered":"<p>Esse fim de semana em S\u00e3o Paulo conheci a nova cole\u00e7\u00e3o da Colcci em parceria com a Disney. S\u00e3o t-shirts masculinas e femininas, vestidos longos e curtos, todos em estampas&hellip;<\/p>\n","protected":false},"author":7,"featured_media":0,"comment_status":"open","ping_status":"open","sticky":false,"template":"","format":"standard","meta":{"_monsterinsights_skip_tracking":false,"_monsterinsights_sitenote_active":false,"_monsterinsights_sitenote_note":"","_monsterinsights_sitenote_category":0,"footnotes":""},"categories":[3],"tags":[1289],"class_list":["post-8508","post","type-post","status-publish","format-standard","hentry","category-moda","tag-colecao-disney-da-colcci"],"yoast_head":"<!-- This site is optimized with the Yoast SEO plugin v26.3 - https:\/\/yoast.com\/wordpress\/plugins\/seo\/ -->\n<title>Colcci lan\u00e7a cole\u00e7\u00e3o em parceria com a Disney - Andrea Simonetti<\/title>\n<meta name=\"robots\" content=\"index, follow, max-snippet:-1, max-image-preview:large, max-video-preview:-1\" \/>\n<link rel=\"canonical\" href=\"https:\/\/andreasimonetti.com.br\/blog\/colcci-lanca-colecao-em-parceria-com-a-disney\/\" \/>\n<meta property=\"og:locale\" content=\"pt_BR\" \/>\n<meta property=\"og:type\" content=\"article\" \/>\n<meta property=\"og:title\" content=\"Colcci lan\u00e7a cole\u00e7\u00e3o em parceria com a Disney - Andrea Simonetti\" \/>\n<meta property=\"og:description\" content=\"Esse fim de semana em S\u00e3o Paulo conheci a nova cole\u00e7\u00e3o da Colcci em parceria com a Disney. S\u00e3o t-shirts masculinas e femininas, vestidos longos e curtos, todos em estampas&hellip;\" \/>\n<meta property=\"og:url\" content=\"https:\/\/andreasimonetti.com.br\/blog\/colcci-lanca-colecao-em-parceria-com-a-disney\/\" \/>\n<meta property=\"og:site_name\" content=\"Andrea Simonetti\" \/>\n<meta property=\"article:publisher\" content=\"https:\/\/www.facebook.com\/blogdaandreasimonetti\/\" \/>\n<meta property=\"article:author\" content=\"https:\/\/www.facebook.com\/blogdaandreasimonetti\/\" \/>\n<meta property=\"article:published_time\" content=\"2013-11-21T13:10:15+00:00\" \/>\n<meta property=\"article:modified_time\" content=\"2015-03-25T15:08:05+00:00\" \/>\n<meta property=\"og:image\" content=\"https:\/\/andreasimonetti.com.br\/blog\/wp-content\/uploads\/2013\/11\/colcci-disney-1.png\" \/>\n\t<meta property=\"og:image:width\" content=\"1024\" \/>\n\t<meta property=\"og:image:height\" content=\"681\" \/>\n\t<meta property=\"og:image:type\" content=\"image\/png\" \/>\n<meta name=\"author\" content=\"Andrea Simonetti\" \/>\n<meta name=\"twitter:card\" content=\"summary_large_image\" \/>\n<meta name=\"twitter:creator\" content=\"@https:\/\/twitter.com\/Andrea_Simoneti\" \/>\n<meta name=\"twitter:site\" content=\"@Andrea_Simoneti\" \/>\n<meta name=\"twitter:label1\" content=\"Escrito por\" \/>\n\t<meta name=\"twitter:data1\" content=\"Andrea Simonetti\" \/>\n\t<meta name=\"twitter:label2\" content=\"Est. tempo de leitura\" \/>\n\t<meta name=\"twitter:data2\" content=\"1 minuto\" \/>\n<!-- \/ Yoast SEO plugin. -->","yoast_head_json":{"title":"Colcci lan\u00e7a cole\u00e7\u00e3o em parceria com a Disney - Andrea Simonetti","robots":{"index":"index","follow":"follow","max-snippet":"max-snippet:-1","max-image-preview":"max-image-preview:large","max-video-preview":"max-video-preview:-1"},"canonical":"https:\/\/andreasimonetti.com.br\/blog\/colcci-lanca-colecao-em-parceria-com-a-disney\/","og_locale":"pt_BR","og_type":"article","og_title":"Colcci lan\u00e7a cole\u00e7\u00e3o em parceria com a Disney - Andrea Simonetti","og_description":"Esse fim de semana em S\u00e3o Paulo conheci a nova cole\u00e7\u00e3o da Colcci em parceria com a Disney. S\u00e3o t-shirts masculinas e femininas, vestidos longos e curtos, todos em estampas&hellip;","og_url":"https:\/\/andreasimonetti.com.br\/blog\/colcci-lanca-colecao-em-parceria-com-a-disney\/","og_site_name":"Andrea Simonetti","article_publisher":"https:\/\/www.facebook.com\/blogdaandreasimonetti\/","article_author":"https:\/\/www.facebook.com\/blogdaandreasimonetti\/","article_published_time":"2013-11-21T13:10:15+00:00","article_modified_time":"2015-03-25T15:08:05+00:00","og_image":[{"width":1024,"height":681,"url":"https:\/\/andreasimonetti.com.br\/blog\/wp-content\/uploads\/2013\/11\/colcci-disney-1.png","type":"image\/png"}],"author":"Andrea Simonetti","twitter_card":"summary_large_image","twitter_creator":"@https:\/\/twitter.com\/Andrea_Simoneti","twitter_site":"@Andrea_Simoneti","twitter_misc":{"Escrito por":"Andrea Simonetti","Est. tempo de leitura":"1 minuto"},"schema":{"@context":"https:\/\/schema.org","@graph":[{"@type":"WebPage","@id":"https:\/\/andreasimonetti.com.br\/blog\/colcci-lanca-colecao-em-parceria-com-a-disney\/","url":"https:\/\/andreasimonetti.com.br\/blog\/colcci-lanca-colecao-em-parceria-com-a-disney\/","name":"Colcci lan\u00e7a cole\u00e7\u00e3o em parceria com a Disney - Andrea Simonetti","isPartOf":{"@id":"https:\/\/andreasimonetti.com.br\/blog\/#website"},"primaryImageOfPage":{"@id":"https:\/\/andreasimonetti.com.br\/blog\/colcci-lanca-colecao-em-parceria-com-a-disney\/#primaryimage"},"image":{"@id":"https:\/\/andreasimonetti.com.br\/blog\/colcci-lanca-colecao-em-parceria-com-a-disney\/#primaryimage"},"thumbnailUrl":"http:\/\/blogdaandreasimonetti.com.br\/wp-content\/uploads\/2013\/11\/colcci-disney-1.png","datePublished":"2013-11-21T13:10:15+00:00","dateModified":"2015-03-25T15:08:05+00:00","author":{"@id":"https:\/\/andreasimonetti.com.br\/blog\/#\/schema\/person\/254f763c24ac288e27ea738a7366ad2a"},"breadcrumb":{"@id":"https:\/\/andreasimonetti.com.br\/blog\/colcci-lanca-colecao-em-parceria-com-a-disney\/#breadcrumb"},"inLanguage":"pt-BR","potentialAction":[{"@type":"ReadAction","target":["https:\/\/andreasimonetti.com.br\/blog\/colcci-lanca-colecao-em-parceria-com-a-disney\/"]}]},{"@type":"ImageObject","inLanguage":"pt-BR","@id":"https:\/\/andreasimonetti.com.br\/blog\/colcci-lanca-colecao-em-parceria-com-a-disney\/#primaryimage","url":"http:\/\/blogdaandreasimonetti.com.br\/wp-content\/uploads\/2013\/11\/colcci-disney-1.png","contentUrl":"http:\/\/blogdaandreasimonetti.com.br\/wp-content\/uploads\/2013\/11\/colcci-disney-1.png"},{"@type":"BreadcrumbList","@id":"https:\/\/andreasimonetti.com.br\/blog\/colcci-lanca-colecao-em-parceria-com-a-disney\/#breadcrumb","itemListElement":[{"@type":"ListItem","position":1,"name":"In\u00edcio","item":"https:\/\/andreasimonetti.com.br\/blog\/"},{"@type":"ListItem","position":2,"name":"Colcci lan\u00e7a cole\u00e7\u00e3o em parceria com a Disney"}]},{"@type":"WebSite","@id":"https:\/\/andreasimonetti.com.br\/blog\/#website","url":"https:\/\/andreasimonetti.com.br\/blog\/","name":"Andrea Simonetti","description":"","potentialAction":[{"@type":"SearchAction","target":{"@type":"EntryPoint","urlTemplate":"https:\/\/andreasimonetti.com.br\/blog\/?s={search_term_string}"},"query-input":{"@type":"PropertyValueSpecification","valueRequired":true,"valueName":"search_term_string"}}],"inLanguage":"pt-BR"},{"@type":"Person","@id":"https:\/\/andreasimonetti.com.br\/blog\/#\/schema\/person\/254f763c24ac288e27ea738a7366ad2a","name":"Andrea Simonetti","image":{"@type":"ImageObject","inLanguage":"pt-BR","@id":"https:\/\/andreasimonetti.com.br\/blog\/#\/schema\/person\/image\/","url":"https:\/\/andreasimonetti.com.br\/blog\/wp-content\/uploads\/2018\/04\/andrea-simonetti-96x96.png","contentUrl":"https:\/\/andreasimonetti.com.br\/blog\/wp-content\/uploads\/2018\/04\/andrea-simonetti-96x96.png","caption":"Andrea Simonetti"},"description":"Sou formada em Administra\u00e7\u00e3o de Empresas, Produ\u00e7\u00e3o de Moda pelo SENAC e Consultoria de Estilo. Sou fascinada por moda desde sempre, adoro ver as pessoas produzidas e de bem com a vida. Moda \u00e9 o meu assunto preferido. Comecei meu blog em 2011, ele cresceu e hoje \u00e9 um site bem mais abrangente, onde eu falo sobre moda e meu trabalho de consultora de estilo. E falo tamb\u00e9m sobre a minha experi\u00eancia de vida. Mas antes de tudo, acredito num Deus Soberano que nos guia e aben\u00e7oa, o tempo todo!","sameAs":["https:\/\/www.andreasimonetti.com.br\/","https:\/\/www.facebook.com\/blogdaandreasimonetti\/","https:\/\/www.instagram.com\/andrea_simonetti\/","https:\/\/br.pinterest.com\/BlogAndrea\/","https:\/\/x.com\/https:\/\/twitter.com\/Andrea_Simoneti"],"url":"https:\/\/andreasimonetti.com.br\/blog\/author\/andrea\/"}]}},"_links":{"self":[{"href":"https:\/\/andreasimonetti.com.br\/blog\/wp-json\/wp\/v2\/posts\/8508","targetHints":{"allow":["GET"]}}],"collection":[{"href":"https:\/\/andreasimonetti.com.br\/blog\/wp-json\/wp\/v2\/posts"}],"about":[{"href":"https:\/\/andreasimonetti.com.br\/blog\/wp-json\/wp\/v2\/types\/post"}],"author":[{"embeddable":true,"href":"https:\/\/andreasimonetti.com.br\/blog\/wp-json\/wp\/v2\/users\/7"}],"replies":[{"embeddable":true,"href":"https:\/\/andreasimonetti.com.br\/blog\/wp-json\/wp\/v2\/comments?post=8508"}],"version-history":[{"count":0,"href":"https:\/\/andreasimonetti.com.br\/blog\/wp-json\/wp\/v2\/posts\/8508\/revisions"}],"wp:attachment":[{"href":"https:\/\/andreasimonetti.com.br\/blog\/wp-json\/wp\/v2\/media?parent=8508"}],"wp:term":[{"taxonomy":"category","embeddable":true,"href":"https:\/\/andreasimonetti.com.br\/blog\/wp-json\/wp\/v2\/categories?post=8508"},{"taxonomy":"post_tag","embeddable":true,"href":"https:\/\/andreasimonetti.com.br\/blog\/wp-json\/wp\/v2\/tags?post=8508"}],"curies":[{"name":"wp","href":"https:\/\/api.w.org\/{rel}","templated":true}]}}