{"id":8380,"date":"2013-11-11T11:44:32","date_gmt":"2013-11-11T13:44:32","guid":{"rendered":"http:\/\/blogdaandreasimonetti.com.br\/?p=8380"},"modified":"2018-05-25T08:53:19","modified_gmt":"2018-05-25T11:53:19","slug":"lancamento-alto-verao-2014-carmen-steffens","status":"publish","type":"post","link":"https:\/\/andreasimonetti.com.br\/blog\/lancamento-alto-verao-2014-carmen-steffens\/","title":{"rendered":"Lan\u00e7amento Alto Ver\u00e3o 2014 Carmen Steffens"},"content":{"rendered":"<p>Essa semana aconteceu em todo o Brasil o lan\u00e7amento do Alto Ver\u00e3o da Carmen Steffens e eu fui conhecer a cole\u00e7\u00e3o \u00a0na loja no Boulevard Shopping Na\u00e7\u00f5es em Bauru. Recepcionada pelo gerente James Rodrigues e sua equipe l\u00e1 eu encontrei a querida Drica Sim\u00f5es, loira, linda e dona de um sorriso encantador, e que tamb\u00e9m adora Carmen Steffens. Entre uma ta\u00e7a e outra de espumante, eu e Drica experimentamos quase a loja inteira, e como transpar\u00eancias e a cor prata s\u00e3o presen\u00e7as obrigat\u00f3rias na esta\u00e7\u00e3o, eu selecionei alguns \u00edtens nessa linha para voc\u00eas se inspirarem. Tudo \u00e9 lindo, mas o t\u00eanis casual e o case para Ipad s\u00e3o surpreendentes ! E eu convoquei o James para algumas fotos, porque al\u00e9m de conhecer sobre moda e o varejo de moda, ele \u00e9 um amor de pessoa e tem muito estilo.<\/p>\n<div id=\"attachment_8381\" style=\"width: 693px\" class=\"wp-caption alignnone\"><img loading=\"lazy\" decoding=\"async\" aria-describedby=\"caption-attachment-8381\" class=\"size-full wp-image-8381 \" alt=\"10\" src=\"http:\/\/blogdaandreasimonetti.com.br\/wp-content\/uploads\/2013\/11\/101.jpg\" width=\"683\" height=\"1024\" srcset=\"https:\/\/andreasimonetti.com.br\/blog\/wp-content\/uploads\/2013\/11\/101.jpg 683w, https:\/\/andreasimonetti.com.br\/blog\/wp-content\/uploads\/2013\/11\/101-200x300.jpg 200w\" sizes=\"auto, (max-width: 683px) 100vw, 683px\" \/><p id=\"caption-attachment-8381\" class=\"wp-caption-text\">A linda Drica Sim\u00f5es. Numa loja Carmen Steffens, as mulheres est\u00e3o sempre sorrindo !<\/p><\/div>\n<div id=\"attachment_8397\" style=\"width: 730px\" class=\"wp-caption alignnone\"><img loading=\"lazy\" decoding=\"async\" aria-describedby=\"caption-attachment-8397\" class=\"size-full wp-image-8397 \" alt=\"3\" src=\"http:\/\/blogdaandreasimonetti.com.br\/wp-content\/uploads\/2013\/11\/32.jpg\" width=\"720\" height=\"540\" srcset=\"https:\/\/andreasimonetti.com.br\/blog\/wp-content\/uploads\/2013\/11\/32.jpg 720w, https:\/\/andreasimonetti.com.br\/blog\/wp-content\/uploads\/2013\/11\/32-300x225.jpg 300w\" sizes=\"auto, (max-width: 720px) 100vw, 720px\" \/><p id=\"caption-attachment-8397\" class=\"wp-caption-text\">Case para Ipad prata. Pode ser usado com ou sem al\u00e7a. Scarpin hologr\u00e1fico com transpar\u00eancia.<\/p><\/div>\n<div id=\"attachment_8382\" style=\"width: 693px\" class=\"wp-caption alignnone\"><img loading=\"lazy\" decoding=\"async\" aria-describedby=\"caption-attachment-8382\" class=\"size-full wp-image-8382  \" alt=\"11\" src=\"http:\/\/blogdaandreasimonetti.com.br\/wp-content\/uploads\/2013\/11\/111.jpg\" width=\"683\" height=\"1024\" srcset=\"https:\/\/andreasimonetti.com.br\/blog\/wp-content\/uploads\/2013\/11\/111.jpg 683w, https:\/\/andreasimonetti.com.br\/blog\/wp-content\/uploads\/2013\/11\/111-200x300.jpg 200w\" sizes=\"auto, (max-width: 683px) 100vw, 683px\" \/><p id=\"caption-attachment-8382\" class=\"wp-caption-text\">T\u00eanis casual com aplica\u00e7\u00f5es em prata e dourado.<\/p><\/div>\n<div id=\"attachment_8383\" style=\"width: 693px\" class=\"wp-caption alignnone\"><img loading=\"lazy\" decoding=\"async\" aria-describedby=\"caption-attachment-8383\" class=\"size-full wp-image-8383 \" alt=\"13\" src=\"http:\/\/blogdaandreasimonetti.com.br\/wp-content\/uploads\/2013\/11\/13.jpg\" width=\"683\" height=\"1024\" srcset=\"https:\/\/andreasimonetti.com.br\/blog\/wp-content\/uploads\/2013\/11\/13.jpg 683w, https:\/\/andreasimonetti.com.br\/blog\/wp-content\/uploads\/2013\/11\/13-200x300.jpg 200w\" sizes=\"auto, (max-width: 683px) 100vw, 683px\" \/><p id=\"caption-attachment-8383\" class=\"wp-caption-text\">Peep Toe hologr\u00e1fico.<\/p><\/div>\n<div id=\"attachment_8384\" style=\"width: 693px\" class=\"wp-caption alignnone\"><img loading=\"lazy\" decoding=\"async\" aria-describedby=\"caption-attachment-8384\" class=\"size-full wp-image-8384 \" alt=\"14\" src=\"http:\/\/blogdaandreasimonetti.com.br\/wp-content\/uploads\/2013\/11\/14.jpg\" width=\"683\" height=\"1024\" srcset=\"https:\/\/andreasimonetti.com.br\/blog\/wp-content\/uploads\/2013\/11\/14.jpg 683w, https:\/\/andreasimonetti.com.br\/blog\/wp-content\/uploads\/2013\/11\/14-200x300.jpg 200w\" sizes=\"auto, (max-width: 683px) 100vw, 683px\" \/><p id=\"caption-attachment-8384\" class=\"wp-caption-text\">Bolsa transversal em couro creme com detalhe hologr\u00e1fico<\/p><\/div>\n<p>&nbsp;<\/p>\n<div id=\"attachment_8385\" style=\"width: 693px\" class=\"wp-caption alignnone\"><img loading=\"lazy\" decoding=\"async\" aria-describedby=\"caption-attachment-8385\" class=\"size-full wp-image-8385\" alt=\"15\" src=\"http:\/\/blogdaandreasimonetti.com.br\/wp-content\/uploads\/2013\/11\/15.jpg\" width=\"683\" height=\"1024\" srcset=\"https:\/\/andreasimonetti.com.br\/blog\/wp-content\/uploads\/2013\/11\/15.jpg 683w, https:\/\/andreasimonetti.com.br\/blog\/wp-content\/uploads\/2013\/11\/15-200x300.jpg 200w\" sizes=\"auto, (max-width: 683px) 100vw, 683px\" \/><p id=\"caption-attachment-8385\" class=\"wp-caption-text\">Sacola da Carmen Steffens para as compras especiais<\/p><\/div>\n<div id=\"attachment_8392\" style=\"width: 686px\" class=\"wp-caption alignnone\"><img loading=\"lazy\" decoding=\"async\" aria-describedby=\"caption-attachment-8392\" class=\"size-full wp-image-8392\" alt=\"2[1]\" src=\"http:\/\/blogdaandreasimonetti.com.br\/wp-content\/uploads\/2013\/11\/211.jpg\" width=\"676\" height=\"1024\" srcset=\"https:\/\/andreasimonetti.com.br\/blog\/wp-content\/uploads\/2013\/11\/211.jpg 676w, https:\/\/andreasimonetti.com.br\/blog\/wp-content\/uploads\/2013\/11\/211-198x300.jpg 198w\" sizes=\"auto, (max-width: 676px) 100vw, 676px\" \/><p id=\"caption-attachment-8392\" class=\"wp-caption-text\">James Rodrigues : simpatia e muito estilo !<\/p><\/div>Carmen Steffens em Bauru no Shopping Boulevard e Bauru Shopping<\/p>\n","protected":false},"excerpt":{"rendered":"<p>Essa semana aconteceu em todo o Brasil o lan\u00e7amento do Alto Ver\u00e3o da Carmen Steffens e eu fui conhecer a cole\u00e7\u00e3o \u00a0na loja no Boulevard Shopping Na\u00e7\u00f5es em Bauru. Recepcionada&hellip;<\/p>\n","protected":false},"author":7,"featured_media":0,"comment_status":"closed","ping_status":"open","sticky":false,"template":"","format":"standard","meta":{"_monsterinsights_skip_tracking":false,"_monsterinsights_sitenote_active":false,"_monsterinsights_sitenote_note":"","_monsterinsights_sitenote_category":0,"footnotes":""},"categories":[1508,3],"tags":[1267,801,1274,807],"class_list":["post-8380","post","type-post","status-publish","format-standard","hentry","category-destaque","category-moda","tag-lancamento-alto-verao-carmen-steffens","tag-pecas-holograficas","tag-tenis-casual","tag-verao-2014"],"yoast_head":"<!-- This site is optimized with the Yoast SEO plugin v26.3 - https:\/\/yoast.com\/wordpress\/plugins\/seo\/ -->\n<title>Lan\u00e7amento Alto Ver\u00e3o 2014 Carmen Steffens - Andrea Simonetti<\/title>\n<meta name=\"robots\" content=\"index, follow, max-snippet:-1, max-image-preview:large, max-video-preview:-1\" \/>\n<link rel=\"canonical\" href=\"https:\/\/andreasimonetti.com.br\/blog\/lancamento-alto-verao-2014-carmen-steffens\/\" \/>\n<meta property=\"og:locale\" content=\"pt_BR\" \/>\n<meta property=\"og:type\" content=\"article\" \/>\n<meta property=\"og:title\" content=\"Lan\u00e7amento Alto Ver\u00e3o 2014 Carmen Steffens - Andrea Simonetti\" \/>\n<meta property=\"og:description\" content=\"Essa semana aconteceu em todo o Brasil o lan\u00e7amento do Alto Ver\u00e3o da Carmen Steffens e eu fui conhecer a cole\u00e7\u00e3o \u00a0na loja no Boulevard Shopping Na\u00e7\u00f5es em Bauru. Recepcionada&hellip;\" \/>\n<meta property=\"og:url\" content=\"https:\/\/andreasimonetti.com.br\/blog\/lancamento-alto-verao-2014-carmen-steffens\/\" \/>\n<meta property=\"og:site_name\" content=\"Andrea Simonetti\" \/>\n<meta property=\"article:publisher\" content=\"https:\/\/www.facebook.com\/blogdaandreasimonetti\/\" \/>\n<meta property=\"article:author\" content=\"https:\/\/www.facebook.com\/blogdaandreasimonetti\/\" \/>\n<meta property=\"article:published_time\" content=\"2013-11-11T13:44:32+00:00\" \/>\n<meta property=\"article:modified_time\" content=\"2018-05-25T11:53:19+00:00\" \/>\n<meta property=\"og:image\" content=\"http:\/\/blogdaandreasimonetti.com.br\/wp-content\/uploads\/2013\/11\/101.jpg\" \/>\n<meta name=\"author\" content=\"Andrea Simonetti\" \/>\n<meta name=\"twitter:card\" content=\"summary_large_image\" \/>\n<meta name=\"twitter:creator\" content=\"@https:\/\/twitter.com\/Andrea_Simoneti\" \/>\n<meta name=\"twitter:site\" content=\"@Andrea_Simoneti\" \/>\n<meta name=\"twitter:label1\" content=\"Escrito por\" \/>\n\t<meta name=\"twitter:data1\" content=\"Andrea Simonetti\" \/>\n\t<meta name=\"twitter:label2\" content=\"Est. tempo de leitura\" \/>\n\t<meta name=\"twitter:data2\" content=\"1 minuto\" \/>\n<!-- \/ Yoast SEO plugin. -->","yoast_head_json":{"title":"Lan\u00e7amento Alto Ver\u00e3o 2014 Carmen Steffens - Andrea Simonetti","robots":{"index":"index","follow":"follow","max-snippet":"max-snippet:-1","max-image-preview":"max-image-preview:large","max-video-preview":"max-video-preview:-1"},"canonical":"https:\/\/andreasimonetti.com.br\/blog\/lancamento-alto-verao-2014-carmen-steffens\/","og_locale":"pt_BR","og_type":"article","og_title":"Lan\u00e7amento Alto Ver\u00e3o 2014 Carmen Steffens - Andrea Simonetti","og_description":"Essa semana aconteceu em todo o Brasil o lan\u00e7amento do Alto Ver\u00e3o da Carmen Steffens e eu fui conhecer a cole\u00e7\u00e3o \u00a0na loja no Boulevard Shopping Na\u00e7\u00f5es em Bauru. Recepcionada&hellip;","og_url":"https:\/\/andreasimonetti.com.br\/blog\/lancamento-alto-verao-2014-carmen-steffens\/","og_site_name":"Andrea Simonetti","article_publisher":"https:\/\/www.facebook.com\/blogdaandreasimonetti\/","article_author":"https:\/\/www.facebook.com\/blogdaandreasimonetti\/","article_published_time":"2013-11-11T13:44:32+00:00","article_modified_time":"2018-05-25T11:53:19+00:00","og_image":[{"url":"http:\/\/blogdaandreasimonetti.com.br\/wp-content\/uploads\/2013\/11\/101.jpg","type":"","width":"","height":""}],"author":"Andrea Simonetti","twitter_card":"summary_large_image","twitter_creator":"@https:\/\/twitter.com\/Andrea_Simoneti","twitter_site":"@Andrea_Simoneti","twitter_misc":{"Escrito por":"Andrea Simonetti","Est. tempo de leitura":"1 minuto"},"schema":{"@context":"https:\/\/schema.org","@graph":[{"@type":"WebPage","@id":"https:\/\/andreasimonetti.com.br\/blog\/lancamento-alto-verao-2014-carmen-steffens\/","url":"https:\/\/andreasimonetti.com.br\/blog\/lancamento-alto-verao-2014-carmen-steffens\/","name":"Lan\u00e7amento Alto Ver\u00e3o 2014 Carmen Steffens - Andrea Simonetti","isPartOf":{"@id":"https:\/\/andreasimonetti.com.br\/blog\/#website"},"primaryImageOfPage":{"@id":"https:\/\/andreasimonetti.com.br\/blog\/lancamento-alto-verao-2014-carmen-steffens\/#primaryimage"},"image":{"@id":"https:\/\/andreasimonetti.com.br\/blog\/lancamento-alto-verao-2014-carmen-steffens\/#primaryimage"},"thumbnailUrl":"http:\/\/blogdaandreasimonetti.com.br\/wp-content\/uploads\/2013\/11\/101.jpg","datePublished":"2013-11-11T13:44:32+00:00","dateModified":"2018-05-25T11:53:19+00:00","author":{"@id":"https:\/\/andreasimonetti.com.br\/blog\/#\/schema\/person\/254f763c24ac288e27ea738a7366ad2a"},"breadcrumb":{"@id":"https:\/\/andreasimonetti.com.br\/blog\/lancamento-alto-verao-2014-carmen-steffens\/#breadcrumb"},"inLanguage":"pt-BR","potentialAction":[{"@type":"ReadAction","target":["https:\/\/andreasimonetti.com.br\/blog\/lancamento-alto-verao-2014-carmen-steffens\/"]}]},{"@type":"ImageObject","inLanguage":"pt-BR","@id":"https:\/\/andreasimonetti.com.br\/blog\/lancamento-alto-verao-2014-carmen-steffens\/#primaryimage","url":"http:\/\/blogdaandreasimonetti.com.br\/wp-content\/uploads\/2013\/11\/101.jpg","contentUrl":"http:\/\/blogdaandreasimonetti.com.br\/wp-content\/uploads\/2013\/11\/101.jpg"},{"@type":"BreadcrumbList","@id":"https:\/\/andreasimonetti.com.br\/blog\/lancamento-alto-verao-2014-carmen-steffens\/#breadcrumb","itemListElement":[{"@type":"ListItem","position":1,"name":"In\u00edcio","item":"https:\/\/andreasimonetti.com.br\/blog\/"},{"@type":"ListItem","position":2,"name":"Lan\u00e7amento Alto Ver\u00e3o 2014 Carmen Steffens"}]},{"@type":"WebSite","@id":"https:\/\/andreasimonetti.com.br\/blog\/#website","url":"https:\/\/andreasimonetti.com.br\/blog\/","name":"Andrea Simonetti","description":"","potentialAction":[{"@type":"SearchAction","target":{"@type":"EntryPoint","urlTemplate":"https:\/\/andreasimonetti.com.br\/blog\/?s={search_term_string}"},"query-input":{"@type":"PropertyValueSpecification","valueRequired":true,"valueName":"search_term_string"}}],"inLanguage":"pt-BR"},{"@type":"Person","@id":"https:\/\/andreasimonetti.com.br\/blog\/#\/schema\/person\/254f763c24ac288e27ea738a7366ad2a","name":"Andrea Simonetti","image":{"@type":"ImageObject","inLanguage":"pt-BR","@id":"https:\/\/andreasimonetti.com.br\/blog\/#\/schema\/person\/image\/","url":"https:\/\/andreasimonetti.com.br\/blog\/wp-content\/uploads\/2018\/04\/andrea-simonetti-96x96.png","contentUrl":"https:\/\/andreasimonetti.com.br\/blog\/wp-content\/uploads\/2018\/04\/andrea-simonetti-96x96.png","caption":"Andrea Simonetti"},"description":"Sou formada em Administra\u00e7\u00e3o de Empresas, Produ\u00e7\u00e3o de Moda pelo SENAC e Consultoria de Estilo. Sou fascinada por moda desde sempre, adoro ver as pessoas produzidas e de bem com a vida. Moda \u00e9 o meu assunto preferido. Comecei meu blog em 2011, ele cresceu e hoje \u00e9 um site bem mais abrangente, onde eu falo sobre moda e meu trabalho de consultora de estilo. E falo tamb\u00e9m sobre a minha experi\u00eancia de vida. Mas antes de tudo, acredito num Deus Soberano que nos guia e aben\u00e7oa, o tempo todo!","sameAs":["https:\/\/www.andreasimonetti.com.br\/","https:\/\/www.facebook.com\/blogdaandreasimonetti\/","https:\/\/www.instagram.com\/andrea_simonetti\/","https:\/\/br.pinterest.com\/BlogAndrea\/","https:\/\/x.com\/https:\/\/twitter.com\/Andrea_Simoneti"],"url":"https:\/\/andreasimonetti.com.br\/blog\/author\/andrea\/"}]}},"_links":{"self":[{"href":"https:\/\/andreasimonetti.com.br\/blog\/wp-json\/wp\/v2\/posts\/8380","targetHints":{"allow":["GET"]}}],"collection":[{"href":"https:\/\/andreasimonetti.com.br\/blog\/wp-json\/wp\/v2\/posts"}],"about":[{"href":"https:\/\/andreasimonetti.com.br\/blog\/wp-json\/wp\/v2\/types\/post"}],"author":[{"embeddable":true,"href":"https:\/\/andreasimonetti.com.br\/blog\/wp-json\/wp\/v2\/users\/7"}],"replies":[{"embeddable":true,"href":"https:\/\/andreasimonetti.com.br\/blog\/wp-json\/wp\/v2\/comments?post=8380"}],"version-history":[{"count":0,"href":"https:\/\/andreasimonetti.com.br\/blog\/wp-json\/wp\/v2\/posts\/8380\/revisions"}],"wp:attachment":[{"href":"https:\/\/andreasimonetti.com.br\/blog\/wp-json\/wp\/v2\/media?parent=8380"}],"wp:term":[{"taxonomy":"category","embeddable":true,"href":"https:\/\/andreasimonetti.com.br\/blog\/wp-json\/wp\/v2\/categories?post=8380"},{"taxonomy":"post_tag","embeddable":true,"href":"https:\/\/andreasimonetti.com.br\/blog\/wp-json\/wp\/v2\/tags?post=8380"}],"curies":[{"name":"wp","href":"https:\/\/api.w.org\/{rel}","templated":true}]}}