{"id":8252,"date":"2013-10-29T11:09:51","date_gmt":"2013-10-29T13:09:51","guid":{"rendered":"http:\/\/blogdaandreasimonetti.com.br\/?p=8252"},"modified":"2018-05-25T08:53:20","modified_gmt":"2018-05-25T11:53:20","slug":"olhos-coloridos-verao-2014","status":"publish","type":"post","link":"https:\/\/andreasimonetti.com.br\/blog\/olhos-coloridos-verao-2014\/","title":{"rendered":"Olhos Coloridos: Ver\u00e3o 2014"},"content":{"rendered":"<p><img loading=\"lazy\" decoding=\"async\" src=\"http:\/\/blogdaandreasimonetti.com.br\/wp-content\/uploads\/2013\/10\/14.jpg\" alt=\"1\" width=\"720\" height=\"371\" class=\"aligncenter size-full wp-image-8253\" srcset=\"https:\/\/andreasimonetti.com.br\/blog\/wp-content\/uploads\/2013\/10\/14.jpg 720w, https:\/\/andreasimonetti.com.br\/blog\/wp-content\/uploads\/2013\/10\/14-300x154.jpg 300w\" sizes=\"auto, (max-width: 720px) 100vw, 720px\" \/><br \/>\nComo diz a m\u00fasica: \u201cOs meus olhos coloridos&#8230;me fazem refletir\u201d. Confesso para voc\u00eas que n\u00e3o sou uma pessoa muita adepta a makes coloridas, alguns amigos brincam e me chamam at\u00e9 de monocrom\u00e1tica, mas isso n\u00e3o significa que eu n\u00e3o goste. Fico encantada com algumas maquiagens que mostram cores e formas das mais distintas poss\u00edveis. E digo mais, sou extremamente apaixonada por olhos, pois sinto que dizem tudo sobre voc\u00ea. O formato de gatinho que eu amo de paix\u00e3o e sempre uso, tamb\u00e9m poder\u00e1 ser utilizado neste ver\u00e3o com as mais diversificadas cores poss\u00edveis e imposs\u00edveis. <\/p>\n<p>Os delineadores vir\u00e3o como tend\u00eancia absoluta da esta\u00e7\u00e3o coloridos e muito impactantes. Voc\u00ea poder\u00e1 utilizar at\u00e9 no dia dia para compor um look seja ele pretinho b\u00e1sico ou at\u00e9 mesmo com as cores do ver\u00e3o, quanto mais colorido melhor.<\/p>\n<p>Al\u00e9m dos delineadores voc\u00ea poder\u00e1 utilizar o r\u00edmel e a sombra para criar makes vivas e vibrantes basta utilizar a criatividade. Muitas vezes n\u00e3o temos nem r\u00edmel, nem delineador colorido e existem muitas marcas para eles, mas se voc\u00ea n\u00e3o quer gastar muito existem t\u00e9cnicas para utiliza\u00e7\u00e3o das sombras, que com certeza voc\u00ea mulher ter\u00e1 um estojinho simples com v\u00e1rias cores em sua casa.<\/p>\n<p>Separei para voc\u00eas algumas ideias, por\u00e9m fica de cada gosto, personalidade e estilo criar a sua!!! Ah&#8230; n\u00e3o esque\u00e7am que tamb\u00e9m vale inovar no batom colorido para quem gosta \u00e9 claro.<\/p>\n<p><img loading=\"lazy\" decoding=\"async\" src=\"http:\/\/blogdaandreasimonetti.com.br\/wp-content\/uploads\/2013\/10\/Olhos-Coloridos.jpg\" alt=\"Olhos Coloridos\" width=\"720\" height=\"1900\" class=\"aligncenter size-full wp-image-8254\" srcset=\"https:\/\/andreasimonetti.com.br\/blog\/wp-content\/uploads\/2013\/10\/Olhos-Coloridos.jpg 720w, https:\/\/andreasimonetti.com.br\/blog\/wp-content\/uploads\/2013\/10\/Olhos-Coloridos-388x1024.jpg 388w\" sizes=\"auto, (max-width: 720px) 100vw, 720px\" \/><\/p>\n","protected":false},"excerpt":{"rendered":"<p>Como diz a m\u00fasica: \u201cOs meus olhos coloridos&#8230;me fazem refletir\u201d. Confesso para voc\u00eas que n\u00e3o sou uma pessoa muita adepta a makes coloridas, alguns amigos brincam e me chamam at\u00e9&hellip;<\/p>\n","protected":false},"author":7,"featured_media":0,"comment_status":"open","ping_status":"open","sticky":false,"template":"","format":"standard","meta":{"_monsterinsights_skip_tracking":false,"_monsterinsights_sitenote_active":false,"_monsterinsights_sitenote_note":"","_monsterinsights_sitenote_category":0,"footnotes":""},"categories":[6,1508,3],"tags":[281,1068,297,1251,1252,1253,77,1047],"class_list":["post-8252","post","type-post","status-publish","format-standard","hentry","category-beleza","category-destaque","category-moda","tag-delineador","tag-make","tag-maquiagem-2","tag-olhos","tag-olhoscoloridos","tag-rimel","tag-sombras","tag-verao2014"],"yoast_head":"<!-- This site is optimized with the Yoast SEO plugin v26.3 - https:\/\/yoast.com\/wordpress\/plugins\/seo\/ -->\n<title>Olhos Coloridos: Ver\u00e3o 2014 - Andrea Simonetti<\/title>\n<meta name=\"robots\" content=\"index, follow, max-snippet:-1, max-image-preview:large, max-video-preview:-1\" \/>\n<link rel=\"canonical\" href=\"https:\/\/andreasimonetti.com.br\/blog\/olhos-coloridos-verao-2014\/\" \/>\n<meta property=\"og:locale\" content=\"pt_BR\" \/>\n<meta property=\"og:type\" content=\"article\" \/>\n<meta property=\"og:title\" content=\"Olhos Coloridos: Ver\u00e3o 2014 - Andrea Simonetti\" \/>\n<meta property=\"og:description\" content=\"Como diz a m\u00fasica: \u201cOs meus olhos coloridos&#8230;me fazem refletir\u201d. Confesso para voc\u00eas que n\u00e3o sou uma pessoa muita adepta a makes coloridas, alguns amigos brincam e me chamam at\u00e9&hellip;\" \/>\n<meta property=\"og:url\" content=\"https:\/\/andreasimonetti.com.br\/blog\/olhos-coloridos-verao-2014\/\" \/>\n<meta property=\"og:site_name\" content=\"Andrea Simonetti\" \/>\n<meta property=\"article:publisher\" content=\"https:\/\/www.facebook.com\/blogdaandreasimonetti\/\" \/>\n<meta property=\"article:author\" content=\"https:\/\/www.facebook.com\/blogdaandreasimonetti\/\" \/>\n<meta property=\"article:published_time\" content=\"2013-10-29T13:09:51+00:00\" \/>\n<meta property=\"article:modified_time\" content=\"2018-05-25T11:53:20+00:00\" \/>\n<meta property=\"og:image\" content=\"http:\/\/blogdaandreasimonetti.com.br\/wp-content\/uploads\/2013\/10\/14.jpg\" \/>\n<meta name=\"author\" content=\"Andrea Simonetti\" \/>\n<meta name=\"twitter:card\" content=\"summary_large_image\" \/>\n<meta name=\"twitter:creator\" content=\"@https:\/\/twitter.com\/Andrea_Simoneti\" \/>\n<meta name=\"twitter:site\" content=\"@Andrea_Simoneti\" \/>\n<meta name=\"twitter:label1\" content=\"Escrito por\" \/>\n\t<meta name=\"twitter:data1\" content=\"Andrea Simonetti\" \/>\n\t<meta name=\"twitter:label2\" content=\"Est. tempo de leitura\" \/>\n\t<meta name=\"twitter:data2\" content=\"1 minuto\" \/>\n<!-- \/ Yoast SEO plugin. -->","yoast_head_json":{"title":"Olhos Coloridos: Ver\u00e3o 2014 - Andrea Simonetti","robots":{"index":"index","follow":"follow","max-snippet":"max-snippet:-1","max-image-preview":"max-image-preview:large","max-video-preview":"max-video-preview:-1"},"canonical":"https:\/\/andreasimonetti.com.br\/blog\/olhos-coloridos-verao-2014\/","og_locale":"pt_BR","og_type":"article","og_title":"Olhos Coloridos: Ver\u00e3o 2014 - Andrea Simonetti","og_description":"Como diz a m\u00fasica: \u201cOs meus olhos coloridos&#8230;me fazem refletir\u201d. Confesso para voc\u00eas que n\u00e3o sou uma pessoa muita adepta a makes coloridas, alguns amigos brincam e me chamam at\u00e9&hellip;","og_url":"https:\/\/andreasimonetti.com.br\/blog\/olhos-coloridos-verao-2014\/","og_site_name":"Andrea Simonetti","article_publisher":"https:\/\/www.facebook.com\/blogdaandreasimonetti\/","article_author":"https:\/\/www.facebook.com\/blogdaandreasimonetti\/","article_published_time":"2013-10-29T13:09:51+00:00","article_modified_time":"2018-05-25T11:53:20+00:00","og_image":[{"url":"http:\/\/blogdaandreasimonetti.com.br\/wp-content\/uploads\/2013\/10\/14.jpg","type":"","width":"","height":""}],"author":"Andrea Simonetti","twitter_card":"summary_large_image","twitter_creator":"@https:\/\/twitter.com\/Andrea_Simoneti","twitter_site":"@Andrea_Simoneti","twitter_misc":{"Escrito por":"Andrea Simonetti","Est. tempo de leitura":"1 minuto"},"schema":{"@context":"https:\/\/schema.org","@graph":[{"@type":"WebPage","@id":"https:\/\/andreasimonetti.com.br\/blog\/olhos-coloridos-verao-2014\/","url":"https:\/\/andreasimonetti.com.br\/blog\/olhos-coloridos-verao-2014\/","name":"Olhos Coloridos: Ver\u00e3o 2014 - Andrea Simonetti","isPartOf":{"@id":"https:\/\/andreasimonetti.com.br\/blog\/#website"},"primaryImageOfPage":{"@id":"https:\/\/andreasimonetti.com.br\/blog\/olhos-coloridos-verao-2014\/#primaryimage"},"image":{"@id":"https:\/\/andreasimonetti.com.br\/blog\/olhos-coloridos-verao-2014\/#primaryimage"},"thumbnailUrl":"http:\/\/blogdaandreasimonetti.com.br\/wp-content\/uploads\/2013\/10\/14.jpg","datePublished":"2013-10-29T13:09:51+00:00","dateModified":"2018-05-25T11:53:20+00:00","author":{"@id":"https:\/\/andreasimonetti.com.br\/blog\/#\/schema\/person\/254f763c24ac288e27ea738a7366ad2a"},"breadcrumb":{"@id":"https:\/\/andreasimonetti.com.br\/blog\/olhos-coloridos-verao-2014\/#breadcrumb"},"inLanguage":"pt-BR","potentialAction":[{"@type":"ReadAction","target":["https:\/\/andreasimonetti.com.br\/blog\/olhos-coloridos-verao-2014\/"]}]},{"@type":"ImageObject","inLanguage":"pt-BR","@id":"https:\/\/andreasimonetti.com.br\/blog\/olhos-coloridos-verao-2014\/#primaryimage","url":"http:\/\/blogdaandreasimonetti.com.br\/wp-content\/uploads\/2013\/10\/14.jpg","contentUrl":"http:\/\/blogdaandreasimonetti.com.br\/wp-content\/uploads\/2013\/10\/14.jpg"},{"@type":"BreadcrumbList","@id":"https:\/\/andreasimonetti.com.br\/blog\/olhos-coloridos-verao-2014\/#breadcrumb","itemListElement":[{"@type":"ListItem","position":1,"name":"In\u00edcio","item":"https:\/\/andreasimonetti.com.br\/blog\/"},{"@type":"ListItem","position":2,"name":"Olhos Coloridos: Ver\u00e3o 2014"}]},{"@type":"WebSite","@id":"https:\/\/andreasimonetti.com.br\/blog\/#website","url":"https:\/\/andreasimonetti.com.br\/blog\/","name":"Andrea Simonetti","description":"","potentialAction":[{"@type":"SearchAction","target":{"@type":"EntryPoint","urlTemplate":"https:\/\/andreasimonetti.com.br\/blog\/?s={search_term_string}"},"query-input":{"@type":"PropertyValueSpecification","valueRequired":true,"valueName":"search_term_string"}}],"inLanguage":"pt-BR"},{"@type":"Person","@id":"https:\/\/andreasimonetti.com.br\/blog\/#\/schema\/person\/254f763c24ac288e27ea738a7366ad2a","name":"Andrea Simonetti","image":{"@type":"ImageObject","inLanguage":"pt-BR","@id":"https:\/\/andreasimonetti.com.br\/blog\/#\/schema\/person\/image\/","url":"https:\/\/andreasimonetti.com.br\/blog\/wp-content\/uploads\/2018\/04\/andrea-simonetti-96x96.png","contentUrl":"https:\/\/andreasimonetti.com.br\/blog\/wp-content\/uploads\/2018\/04\/andrea-simonetti-96x96.png","caption":"Andrea Simonetti"},"description":"Sou formada em Administra\u00e7\u00e3o de Empresas, Produ\u00e7\u00e3o de Moda pelo SENAC e Consultoria de Estilo. Sou fascinada por moda desde sempre, adoro ver as pessoas produzidas e de bem com a vida. Moda \u00e9 o meu assunto preferido. Comecei meu blog em 2011, ele cresceu e hoje \u00e9 um site bem mais abrangente, onde eu falo sobre moda e meu trabalho de consultora de estilo. E falo tamb\u00e9m sobre a minha experi\u00eancia de vida. Mas antes de tudo, acredito num Deus Soberano que nos guia e aben\u00e7oa, o tempo todo!","sameAs":["https:\/\/www.andreasimonetti.com.br\/","https:\/\/www.facebook.com\/blogdaandreasimonetti\/","https:\/\/www.instagram.com\/andrea_simonetti\/","https:\/\/br.pinterest.com\/BlogAndrea\/","https:\/\/x.com\/https:\/\/twitter.com\/Andrea_Simoneti"],"url":"https:\/\/andreasimonetti.com.br\/blog\/author\/andrea\/"}]}},"_links":{"self":[{"href":"https:\/\/andreasimonetti.com.br\/blog\/wp-json\/wp\/v2\/posts\/8252","targetHints":{"allow":["GET"]}}],"collection":[{"href":"https:\/\/andreasimonetti.com.br\/blog\/wp-json\/wp\/v2\/posts"}],"about":[{"href":"https:\/\/andreasimonetti.com.br\/blog\/wp-json\/wp\/v2\/types\/post"}],"author":[{"embeddable":true,"href":"https:\/\/andreasimonetti.com.br\/blog\/wp-json\/wp\/v2\/users\/7"}],"replies":[{"embeddable":true,"href":"https:\/\/andreasimonetti.com.br\/blog\/wp-json\/wp\/v2\/comments?post=8252"}],"version-history":[{"count":0,"href":"https:\/\/andreasimonetti.com.br\/blog\/wp-json\/wp\/v2\/posts\/8252\/revisions"}],"wp:attachment":[{"href":"https:\/\/andreasimonetti.com.br\/blog\/wp-json\/wp\/v2\/media?parent=8252"}],"wp:term":[{"taxonomy":"category","embeddable":true,"href":"https:\/\/andreasimonetti.com.br\/blog\/wp-json\/wp\/v2\/categories?post=8252"},{"taxonomy":"post_tag","embeddable":true,"href":"https:\/\/andreasimonetti.com.br\/blog\/wp-json\/wp\/v2\/tags?post=8252"}],"curies":[{"name":"wp","href":"https:\/\/api.w.org\/{rel}","templated":true}]}}