{"id":7998,"date":"2013-10-11T14:56:48","date_gmt":"2013-10-11T17:56:48","guid":{"rendered":"http:\/\/blogdaandreasimonetti.com.br\/?p=7998"},"modified":"2018-05-25T08:53:20","modified_gmt":"2018-05-25T11:53:20","slug":"preview-alto-verao-2014-carmen-steffens-tudo-lindo","status":"publish","type":"post","link":"https:\/\/andreasimonetti.com.br\/blog\/preview-alto-verao-2014-carmen-steffens-tudo-lindo\/","title":{"rendered":"Preview Alto Ver\u00e3o 2014 Carmen Steffens : Tudo Lindo !!"},"content":{"rendered":"<p>A Carmen Steffens prepara um ver\u00e3o colorido e cheio de glamour. Visitando a loja da marca em Bauru essa semana, fiquei encantada com a cartela de cores exuberantes que se espalham pelas bolsas e sapatos. Pink, amarelo e v\u00e1rios tons de verde convivem em harmonia com o preto e o branco. A bolsa verde em destaque tem transpar\u00eancia e espa\u00e7os exclusivos para celular e cart\u00f5es. Por falar em transpar\u00eancia, ela vem forte nos sapatos numa tend\u00eancia global. Eu gosto tamb\u00e9m dos metalizados e craquelados que seguem em alta como vimos nas recentes semanas de moda de Nova York e Paris. E o alto ver\u00e3o Carmen Steffens tem muito mais como florais e grafismos e os animal print como p\u00edton e crocodilo que revestem as bolsas que todas n\u00f3s queremos !! E como contraponto \u00e0 exuber\u00e2ncia t\u00edpica do ver\u00e3o, o minimalismo se mostra em detalhes sofisticados para uma mulher de estilo cl\u00e1ssico. Aqui no blog eu continuarei mostrando as muitas novidades da Carmen Steffens para um ver\u00e3o inesquec\u00edvel. \u00c9 melhor preparar o cart\u00e3o de cr\u00e9dito.<\/p>\n<p><img loading=\"lazy\" decoding=\"async\" class=\"alignnone size-full wp-image-7999\" alt=\"Imagem 578\" src=\"http:\/\/blogdaandreasimonetti.com.br\/wp-content\/uploads\/2013\/10\/Imagem-578.jpg\" width=\"683\" height=\"1024\" srcset=\"https:\/\/andreasimonetti.com.br\/blog\/wp-content\/uploads\/2013\/10\/Imagem-578.jpg 683w, https:\/\/andreasimonetti.com.br\/blog\/wp-content\/uploads\/2013\/10\/Imagem-578-200x300.jpg 200w\" sizes=\"auto, (max-width: 683px) 100vw, 683px\" \/><\/p>\n<p><img loading=\"lazy\" decoding=\"async\" class=\"alignnone size-full wp-image-8000\" alt=\"Imagem 579\" src=\"http:\/\/blogdaandreasimonetti.com.br\/wp-content\/uploads\/2013\/10\/Imagem-579.jpg\" width=\"1024\" height=\"683\" srcset=\"https:\/\/andreasimonetti.com.br\/blog\/wp-content\/uploads\/2013\/10\/Imagem-579.jpg 1024w, https:\/\/andreasimonetti.com.br\/blog\/wp-content\/uploads\/2013\/10\/Imagem-579-300x200.jpg 300w\" sizes=\"auto, (max-width: 1024px) 100vw, 1024px\" \/><\/p>\n<p><img loading=\"lazy\" decoding=\"async\" class=\"alignnone size-full wp-image-8001\" alt=\"Imagem 581\" src=\"http:\/\/blogdaandreasimonetti.com.br\/wp-content\/uploads\/2013\/10\/Imagem-581.jpg\" width=\"1024\" height=\"683\" srcset=\"https:\/\/andreasimonetti.com.br\/blog\/wp-content\/uploads\/2013\/10\/Imagem-581.jpg 1024w, https:\/\/andreasimonetti.com.br\/blog\/wp-content\/uploads\/2013\/10\/Imagem-581-300x200.jpg 300w\" sizes=\"auto, (max-width: 1024px) 100vw, 1024px\" \/><\/p>\n<p><img loading=\"lazy\" decoding=\"async\" class=\"alignnone size-full wp-image-8003\" alt=\"Imagem 574\" src=\"http:\/\/blogdaandreasimonetti.com.br\/wp-content\/uploads\/2013\/10\/Imagem-574.jpg\" width=\"1024\" height=\"683\" srcset=\"https:\/\/andreasimonetti.com.br\/blog\/wp-content\/uploads\/2013\/10\/Imagem-574.jpg 1024w, https:\/\/andreasimonetti.com.br\/blog\/wp-content\/uploads\/2013\/10\/Imagem-574-300x200.jpg 300w\" sizes=\"auto, (max-width: 1024px) 100vw, 1024px\" \/><\/p>\n<p><img loading=\"lazy\" decoding=\"async\" class=\"alignnone size-full wp-image-8004\" alt=\"Imagem 575\" src=\"http:\/\/blogdaandreasimonetti.com.br\/wp-content\/uploads\/2013\/10\/Imagem-575.jpg\" width=\"1024\" height=\"683\" srcset=\"https:\/\/andreasimonetti.com.br\/blog\/wp-content\/uploads\/2013\/10\/Imagem-575.jpg 1024w, https:\/\/andreasimonetti.com.br\/blog\/wp-content\/uploads\/2013\/10\/Imagem-575-300x200.jpg 300w\" sizes=\"auto, (max-width: 1024px) 100vw, 1024px\" \/><\/p>\n<p><img loading=\"lazy\" decoding=\"async\" class=\"alignnone size-full wp-image-8005\" alt=\"Imagem 563\" src=\"http:\/\/blogdaandreasimonetti.com.br\/wp-content\/uploads\/2013\/10\/Imagem-563.jpg\" width=\"1024\" height=\"683\" srcset=\"https:\/\/andreasimonetti.com.br\/blog\/wp-content\/uploads\/2013\/10\/Imagem-563.jpg 1024w, https:\/\/andreasimonetti.com.br\/blog\/wp-content\/uploads\/2013\/10\/Imagem-563-300x200.jpg 300w\" sizes=\"auto, (max-width: 1024px) 100vw, 1024px\" \/><\/p>\n<p><img loading=\"lazy\" decoding=\"async\" class=\"alignnone size-full wp-image-8006\" alt=\"Imagem 571\" src=\"http:\/\/blogdaandreasimonetti.com.br\/wp-content\/uploads\/2013\/10\/Imagem-571.jpg\" width=\"1024\" height=\"683\" srcset=\"https:\/\/andreasimonetti.com.br\/blog\/wp-content\/uploads\/2013\/10\/Imagem-571.jpg 1024w, https:\/\/andreasimonetti.com.br\/blog\/wp-content\/uploads\/2013\/10\/Imagem-571-300x200.jpg 300w\" sizes=\"auto, (max-width: 1024px) 100vw, 1024px\" \/><\/p>\n<p><img loading=\"lazy\" decoding=\"async\" class=\"alignnone size-full wp-image-8007\" alt=\"1\" src=\"http:\/\/blogdaandreasimonetti.com.br\/wp-content\/uploads\/2013\/10\/12.jpg\" width=\"720\" height=\"300\" srcset=\"https:\/\/andreasimonetti.com.br\/blog\/wp-content\/uploads\/2013\/10\/12.jpg 720w, https:\/\/andreasimonetti.com.br\/blog\/wp-content\/uploads\/2013\/10\/12-300x125.jpg 300w\" sizes=\"auto, (max-width: 720px) 100vw, 720px\" \/><\/p>\n<p><img loading=\"lazy\" decoding=\"async\" class=\"alignnone size-full wp-image-8008\" alt=\"2\" src=\"http:\/\/blogdaandreasimonetti.com.br\/wp-content\/uploads\/2013\/10\/21.jpg\" width=\"720\" height=\"300\" srcset=\"https:\/\/andreasimonetti.com.br\/blog\/wp-content\/uploads\/2013\/10\/21.jpg 720w, https:\/\/andreasimonetti.com.br\/blog\/wp-content\/uploads\/2013\/10\/21-300x125.jpg 300w\" sizes=\"auto, (max-width: 720px) 100vw, 720px\" \/><\/p>\n","protected":false},"excerpt":{"rendered":"<p>A Carmen Steffens prepara um ver\u00e3o colorido e cheio de glamour. Visitando a loja da marca em Bauru essa semana, fiquei encantada com a cartela de cores exuberantes que se&hellip;<\/p>\n","protected":false},"author":7,"featured_media":0,"comment_status":"open","ping_status":"open","sticky":false,"template":"","format":"standard","meta":{"_monsterinsights_skip_tracking":false,"_monsterinsights_sitenote_active":false,"_monsterinsights_sitenote_note":"","_monsterinsights_sitenote_category":0,"footnotes":""},"categories":[1508],"tags":[1218,138,1216,1217,1215,2317],"class_list":["post-7998","post","type-post","status-publish","format-standard","hentry","category-destaque","tag-bolsas-2","tag-carmen-steffens","tag-craquelados","tag-metalizados","tag-preview-alto-verao-2014","tag-sapatos"],"yoast_head":"<!-- This site is optimized with the Yoast SEO plugin v26.3 - https:\/\/yoast.com\/wordpress\/plugins\/seo\/ -->\n<title>Preview Alto Ver\u00e3o 2014 Carmen Steffens : Tudo Lindo !! - Andrea Simonetti<\/title>\n<meta name=\"robots\" content=\"index, follow, max-snippet:-1, max-image-preview:large, max-video-preview:-1\" \/>\n<link rel=\"canonical\" href=\"https:\/\/andreasimonetti.com.br\/blog\/preview-alto-verao-2014-carmen-steffens-tudo-lindo\/\" \/>\n<meta property=\"og:locale\" content=\"pt_BR\" \/>\n<meta property=\"og:type\" content=\"article\" \/>\n<meta property=\"og:title\" content=\"Preview Alto Ver\u00e3o 2014 Carmen Steffens : Tudo Lindo !! - Andrea Simonetti\" \/>\n<meta property=\"og:description\" content=\"A Carmen Steffens prepara um ver\u00e3o colorido e cheio de glamour. Visitando a loja da marca em Bauru essa semana, fiquei encantada com a cartela de cores exuberantes que se&hellip;\" \/>\n<meta property=\"og:url\" content=\"https:\/\/andreasimonetti.com.br\/blog\/preview-alto-verao-2014-carmen-steffens-tudo-lindo\/\" \/>\n<meta property=\"og:site_name\" content=\"Andrea Simonetti\" \/>\n<meta property=\"article:publisher\" content=\"https:\/\/www.facebook.com\/blogdaandreasimonetti\/\" \/>\n<meta property=\"article:author\" content=\"https:\/\/www.facebook.com\/blogdaandreasimonetti\/\" \/>\n<meta property=\"article:published_time\" content=\"2013-10-11T17:56:48+00:00\" \/>\n<meta property=\"article:modified_time\" content=\"2018-05-25T11:53:20+00:00\" \/>\n<meta property=\"og:image\" content=\"http:\/\/blogdaandreasimonetti.com.br\/wp-content\/uploads\/2013\/10\/Imagem-578.jpg\" \/>\n<meta name=\"author\" content=\"Andrea Simonetti\" \/>\n<meta name=\"twitter:card\" content=\"summary_large_image\" \/>\n<meta name=\"twitter:creator\" content=\"@https:\/\/twitter.com\/Andrea_Simoneti\" \/>\n<meta name=\"twitter:site\" content=\"@Andrea_Simoneti\" \/>\n<meta name=\"twitter:label1\" content=\"Escrito por\" \/>\n\t<meta name=\"twitter:data1\" content=\"Andrea Simonetti\" \/>\n\t<meta name=\"twitter:label2\" content=\"Est. tempo de leitura\" \/>\n\t<meta name=\"twitter:data2\" content=\"1 minuto\" \/>\n<!-- \/ Yoast SEO plugin. -->","yoast_head_json":{"title":"Preview Alto Ver\u00e3o 2014 Carmen Steffens : Tudo Lindo !! - Andrea Simonetti","robots":{"index":"index","follow":"follow","max-snippet":"max-snippet:-1","max-image-preview":"max-image-preview:large","max-video-preview":"max-video-preview:-1"},"canonical":"https:\/\/andreasimonetti.com.br\/blog\/preview-alto-verao-2014-carmen-steffens-tudo-lindo\/","og_locale":"pt_BR","og_type":"article","og_title":"Preview Alto Ver\u00e3o 2014 Carmen Steffens : Tudo Lindo !! - Andrea Simonetti","og_description":"A Carmen Steffens prepara um ver\u00e3o colorido e cheio de glamour. Visitando a loja da marca em Bauru essa semana, fiquei encantada com a cartela de cores exuberantes que se&hellip;","og_url":"https:\/\/andreasimonetti.com.br\/blog\/preview-alto-verao-2014-carmen-steffens-tudo-lindo\/","og_site_name":"Andrea Simonetti","article_publisher":"https:\/\/www.facebook.com\/blogdaandreasimonetti\/","article_author":"https:\/\/www.facebook.com\/blogdaandreasimonetti\/","article_published_time":"2013-10-11T17:56:48+00:00","article_modified_time":"2018-05-25T11:53:20+00:00","og_image":[{"url":"http:\/\/blogdaandreasimonetti.com.br\/wp-content\/uploads\/2013\/10\/Imagem-578.jpg","type":"","width":"","height":""}],"author":"Andrea Simonetti","twitter_card":"summary_large_image","twitter_creator":"@https:\/\/twitter.com\/Andrea_Simoneti","twitter_site":"@Andrea_Simoneti","twitter_misc":{"Escrito por":"Andrea Simonetti","Est. tempo de leitura":"1 minuto"},"schema":{"@context":"https:\/\/schema.org","@graph":[{"@type":"WebPage","@id":"https:\/\/andreasimonetti.com.br\/blog\/preview-alto-verao-2014-carmen-steffens-tudo-lindo\/","url":"https:\/\/andreasimonetti.com.br\/blog\/preview-alto-verao-2014-carmen-steffens-tudo-lindo\/","name":"Preview Alto Ver\u00e3o 2014 Carmen Steffens : Tudo Lindo !! - Andrea Simonetti","isPartOf":{"@id":"https:\/\/andreasimonetti.com.br\/blog\/#website"},"primaryImageOfPage":{"@id":"https:\/\/andreasimonetti.com.br\/blog\/preview-alto-verao-2014-carmen-steffens-tudo-lindo\/#primaryimage"},"image":{"@id":"https:\/\/andreasimonetti.com.br\/blog\/preview-alto-verao-2014-carmen-steffens-tudo-lindo\/#primaryimage"},"thumbnailUrl":"http:\/\/blogdaandreasimonetti.com.br\/wp-content\/uploads\/2013\/10\/Imagem-578.jpg","datePublished":"2013-10-11T17:56:48+00:00","dateModified":"2018-05-25T11:53:20+00:00","author":{"@id":"https:\/\/andreasimonetti.com.br\/blog\/#\/schema\/person\/254f763c24ac288e27ea738a7366ad2a"},"breadcrumb":{"@id":"https:\/\/andreasimonetti.com.br\/blog\/preview-alto-verao-2014-carmen-steffens-tudo-lindo\/#breadcrumb"},"inLanguage":"pt-BR","potentialAction":[{"@type":"ReadAction","target":["https:\/\/andreasimonetti.com.br\/blog\/preview-alto-verao-2014-carmen-steffens-tudo-lindo\/"]}]},{"@type":"ImageObject","inLanguage":"pt-BR","@id":"https:\/\/andreasimonetti.com.br\/blog\/preview-alto-verao-2014-carmen-steffens-tudo-lindo\/#primaryimage","url":"http:\/\/blogdaandreasimonetti.com.br\/wp-content\/uploads\/2013\/10\/Imagem-578.jpg","contentUrl":"http:\/\/blogdaandreasimonetti.com.br\/wp-content\/uploads\/2013\/10\/Imagem-578.jpg"},{"@type":"BreadcrumbList","@id":"https:\/\/andreasimonetti.com.br\/blog\/preview-alto-verao-2014-carmen-steffens-tudo-lindo\/#breadcrumb","itemListElement":[{"@type":"ListItem","position":1,"name":"In\u00edcio","item":"https:\/\/andreasimonetti.com.br\/blog\/"},{"@type":"ListItem","position":2,"name":"Preview Alto Ver\u00e3o 2014 Carmen Steffens : Tudo Lindo !!"}]},{"@type":"WebSite","@id":"https:\/\/andreasimonetti.com.br\/blog\/#website","url":"https:\/\/andreasimonetti.com.br\/blog\/","name":"Andrea Simonetti","description":"","potentialAction":[{"@type":"SearchAction","target":{"@type":"EntryPoint","urlTemplate":"https:\/\/andreasimonetti.com.br\/blog\/?s={search_term_string}"},"query-input":{"@type":"PropertyValueSpecification","valueRequired":true,"valueName":"search_term_string"}}],"inLanguage":"pt-BR"},{"@type":"Person","@id":"https:\/\/andreasimonetti.com.br\/blog\/#\/schema\/person\/254f763c24ac288e27ea738a7366ad2a","name":"Andrea Simonetti","image":{"@type":"ImageObject","inLanguage":"pt-BR","@id":"https:\/\/andreasimonetti.com.br\/blog\/#\/schema\/person\/image\/","url":"https:\/\/andreasimonetti.com.br\/blog\/wp-content\/uploads\/2018\/04\/andrea-simonetti-96x96.png","contentUrl":"https:\/\/andreasimonetti.com.br\/blog\/wp-content\/uploads\/2018\/04\/andrea-simonetti-96x96.png","caption":"Andrea Simonetti"},"description":"Sou formada em Administra\u00e7\u00e3o de Empresas, Produ\u00e7\u00e3o de Moda pelo SENAC e Consultoria de Estilo. Sou fascinada por moda desde sempre, adoro ver as pessoas produzidas e de bem com a vida. Moda \u00e9 o meu assunto preferido. Comecei meu blog em 2011, ele cresceu e hoje \u00e9 um site bem mais abrangente, onde eu falo sobre moda e meu trabalho de consultora de estilo. E falo tamb\u00e9m sobre a minha experi\u00eancia de vida. Mas antes de tudo, acredito num Deus Soberano que nos guia e aben\u00e7oa, o tempo todo!","sameAs":["https:\/\/www.andreasimonetti.com.br\/","https:\/\/www.facebook.com\/blogdaandreasimonetti\/","https:\/\/www.instagram.com\/andrea_simonetti\/","https:\/\/br.pinterest.com\/BlogAndrea\/","https:\/\/x.com\/https:\/\/twitter.com\/Andrea_Simoneti"],"url":"https:\/\/andreasimonetti.com.br\/blog\/author\/andrea\/"}]}},"_links":{"self":[{"href":"https:\/\/andreasimonetti.com.br\/blog\/wp-json\/wp\/v2\/posts\/7998","targetHints":{"allow":["GET"]}}],"collection":[{"href":"https:\/\/andreasimonetti.com.br\/blog\/wp-json\/wp\/v2\/posts"}],"about":[{"href":"https:\/\/andreasimonetti.com.br\/blog\/wp-json\/wp\/v2\/types\/post"}],"author":[{"embeddable":true,"href":"https:\/\/andreasimonetti.com.br\/blog\/wp-json\/wp\/v2\/users\/7"}],"replies":[{"embeddable":true,"href":"https:\/\/andreasimonetti.com.br\/blog\/wp-json\/wp\/v2\/comments?post=7998"}],"version-history":[{"count":0,"href":"https:\/\/andreasimonetti.com.br\/blog\/wp-json\/wp\/v2\/posts\/7998\/revisions"}],"wp:attachment":[{"href":"https:\/\/andreasimonetti.com.br\/blog\/wp-json\/wp\/v2\/media?parent=7998"}],"wp:term":[{"taxonomy":"category","embeddable":true,"href":"https:\/\/andreasimonetti.com.br\/blog\/wp-json\/wp\/v2\/categories?post=7998"},{"taxonomy":"post_tag","embeddable":true,"href":"https:\/\/andreasimonetti.com.br\/blog\/wp-json\/wp\/v2\/tags?post=7998"}],"curies":[{"name":"wp","href":"https:\/\/api.w.org\/{rel}","templated":true}]}}