{"id":7985,"date":"2013-10-08T10:26:51","date_gmt":"2013-10-08T13:26:51","guid":{"rendered":"http:\/\/blogdaandreasimonetti.com.br\/?p=7985"},"modified":"2018-05-25T08:53:20","modified_gmt":"2018-05-25T11:53:20","slug":"risque-primaveraverao-2014","status":"publish","type":"post","link":"https:\/\/andreasimonetti.com.br\/blog\/risque-primaveraverao-2014\/","title":{"rendered":"Risqu\u00e9: Primavera\/Ver\u00e3o 2014"},"content":{"rendered":"<p><img loading=\"lazy\" decoding=\"async\" src=\"http:\/\/blogdaandreasimonetti.com.br\/wp-content\/uploads\/2013\/10\/11.jpg\" alt=\"1\" width=\"720\" height=\"356\" class=\"aligncenter size-full wp-image-7986\" srcset=\"https:\/\/andreasimonetti.com.br\/blog\/wp-content\/uploads\/2013\/10\/11.jpg 720w, https:\/\/andreasimonetti.com.br\/blog\/wp-content\/uploads\/2013\/10\/11-300x148.jpg 300w\" sizes=\"auto, (max-width: 720px) 100vw, 720px\" \/><br \/>\nSOS esmalt\u00f3latras assumidas em a\u00e7\u00e3o\u2026Para quem \u00e9 apaixonada por esmaltes e suas tend\u00eancias assim como eu, as ind\u00fastrias de esmalte tem crescido e as empresas est\u00e3o sempre ligadas na moda, acompanhando as esta\u00e7\u00f5es, cores, modelos e inova\u00e7\u00f5es para garantir a beleza da mulher.<\/p>\n<p>A empresa Risqu\u00e9 \u00e9 l\u00edder no segmento de esmaltes no pa\u00eds com sua hist\u00f3ria no mercado de produtos de beleza e lan\u00e7a seis cores para a primavera\/ver\u00e3o 2014.<\/p>\n<p>Sou apaixonada pela marca pois sempre lan\u00e7a tend\u00eancias e hoje j\u00e1 se tornou refer\u00eancia em todo o Brasil. A marca sempre est\u00e1 ligada com a moda lan\u00e7ando novas cores e sem deixar de lado sua cartela fixa de produtos.<\/p>\n<p>No inverno e no outono as cores sempre s\u00e3o um tanto \u201cfechadas\u201d, ou seja, escuras. Com a primavera e o ver\u00e3o as empresas trazem tons coloridos, nude, vibrantes e metalizados deixando o look da esta\u00e7\u00e3o repletos de alto astral.<\/p>\n<p>Em homenagem ao Brasil a empresa desenvolveu esmaltes inspirados nas cren\u00e7as, simpatias e na f\u00e9 do povo brasileiro.<br \/>\nO brasileiro ama fazer uma simpatia independente de sua religi\u00e3o, usam roupas da sorte, tomam banho de sal grosso e faz figa pra pedir algo.<\/p>\n<p>A uni\u00e3o disso com as cores maravilhosas da Risqu\u00e9 nos deu de bandeja cores sensacionais\u2026espero que gostem e apostem no colorido para deixar sua primavera\/ver\u00e3o 2014 com muita vibra\u00e7\u00e3o positiva.<\/p>\n<p><img loading=\"lazy\" decoding=\"async\" src=\"http:\/\/blogdaandreasimonetti.com.br\/wp-content\/uploads\/2013\/10\/2.jpg\" alt=\"2\" width=\"720\" height=\"950\" class=\"aligncenter size-full wp-image-7987\" srcset=\"https:\/\/andreasimonetti.com.br\/blog\/wp-content\/uploads\/2013\/10\/2.jpg 720w, https:\/\/andreasimonetti.com.br\/blog\/wp-content\/uploads\/2013\/10\/2-227x300.jpg 227w\" sizes=\"auto, (max-width: 720px) 100vw, 720px\" \/><\/p>\n","protected":false},"excerpt":{"rendered":"<p>SOS esmalt\u00f3latras assumidas em a\u00e7\u00e3o\u2026Para quem \u00e9 apaixonada por esmaltes e suas tend\u00eancias assim como eu, as ind\u00fastrias de esmalte tem crescido e as empresas est\u00e3o sempre ligadas na moda,&hellip;<\/p>\n","protected":false},"author":7,"featured_media":0,"comment_status":"open","ping_status":"open","sticky":false,"template":"","format":"standard","meta":{"_monsterinsights_skip_tracking":false,"_monsterinsights_sitenote_active":false,"_monsterinsights_sitenote_note":"","_monsterinsights_sitenote_category":0,"footnotes":""},"categories":[6,1508,3],"tags":[150,1213,1214,475],"class_list":["post-7985","post","type-post","status-publish","format-standard","hentry","category-beleza","category-destaque","category-moda","tag-esmaltes-2","tag-esmaltolatras","tag-primaveraverao-2014","tag-risque"],"yoast_head":"<!-- This site is optimized with the Yoast SEO plugin v26.3 - https:\/\/yoast.com\/wordpress\/plugins\/seo\/ -->\n<title>Risqu\u00e9: Primavera\/Ver\u00e3o 2014 - Andrea Simonetti<\/title>\n<meta name=\"robots\" content=\"index, follow, max-snippet:-1, max-image-preview:large, max-video-preview:-1\" \/>\n<link rel=\"canonical\" href=\"https:\/\/andreasimonetti.com.br\/blog\/risque-primaveraverao-2014\/\" \/>\n<meta property=\"og:locale\" content=\"pt_BR\" \/>\n<meta property=\"og:type\" content=\"article\" \/>\n<meta property=\"og:title\" content=\"Risqu\u00e9: Primavera\/Ver\u00e3o 2014 - Andrea Simonetti\" \/>\n<meta property=\"og:description\" content=\"SOS esmalt\u00f3latras assumidas em a\u00e7\u00e3o\u2026Para quem \u00e9 apaixonada por esmaltes e suas tend\u00eancias assim como eu, as ind\u00fastrias de esmalte tem crescido e as empresas est\u00e3o sempre ligadas na moda,&hellip;\" \/>\n<meta property=\"og:url\" content=\"https:\/\/andreasimonetti.com.br\/blog\/risque-primaveraverao-2014\/\" \/>\n<meta property=\"og:site_name\" content=\"Andrea Simonetti\" \/>\n<meta property=\"article:publisher\" content=\"https:\/\/www.facebook.com\/blogdaandreasimonetti\/\" \/>\n<meta property=\"article:author\" content=\"https:\/\/www.facebook.com\/blogdaandreasimonetti\/\" \/>\n<meta property=\"article:published_time\" content=\"2013-10-08T13:26:51+00:00\" \/>\n<meta property=\"article:modified_time\" content=\"2018-05-25T11:53:20+00:00\" \/>\n<meta property=\"og:image\" content=\"http:\/\/blogdaandreasimonetti.com.br\/wp-content\/uploads\/2013\/10\/11.jpg\" \/>\n<meta name=\"author\" content=\"Andrea Simonetti\" \/>\n<meta name=\"twitter:card\" content=\"summary_large_image\" \/>\n<meta name=\"twitter:creator\" content=\"@https:\/\/twitter.com\/Andrea_Simoneti\" \/>\n<meta name=\"twitter:site\" content=\"@Andrea_Simoneti\" \/>\n<meta name=\"twitter:label1\" content=\"Escrito por\" \/>\n\t<meta name=\"twitter:data1\" content=\"Andrea Simonetti\" \/>\n\t<meta name=\"twitter:label2\" content=\"Est. tempo de leitura\" \/>\n\t<meta name=\"twitter:data2\" content=\"1 minuto\" \/>\n<!-- \/ Yoast SEO plugin. -->","yoast_head_json":{"title":"Risqu\u00e9: Primavera\/Ver\u00e3o 2014 - Andrea Simonetti","robots":{"index":"index","follow":"follow","max-snippet":"max-snippet:-1","max-image-preview":"max-image-preview:large","max-video-preview":"max-video-preview:-1"},"canonical":"https:\/\/andreasimonetti.com.br\/blog\/risque-primaveraverao-2014\/","og_locale":"pt_BR","og_type":"article","og_title":"Risqu\u00e9: Primavera\/Ver\u00e3o 2014 - Andrea Simonetti","og_description":"SOS esmalt\u00f3latras assumidas em a\u00e7\u00e3o\u2026Para quem \u00e9 apaixonada por esmaltes e suas tend\u00eancias assim como eu, as ind\u00fastrias de esmalte tem crescido e as empresas est\u00e3o sempre ligadas na moda,&hellip;","og_url":"https:\/\/andreasimonetti.com.br\/blog\/risque-primaveraverao-2014\/","og_site_name":"Andrea Simonetti","article_publisher":"https:\/\/www.facebook.com\/blogdaandreasimonetti\/","article_author":"https:\/\/www.facebook.com\/blogdaandreasimonetti\/","article_published_time":"2013-10-08T13:26:51+00:00","article_modified_time":"2018-05-25T11:53:20+00:00","og_image":[{"url":"http:\/\/blogdaandreasimonetti.com.br\/wp-content\/uploads\/2013\/10\/11.jpg","type":"","width":"","height":""}],"author":"Andrea Simonetti","twitter_card":"summary_large_image","twitter_creator":"@https:\/\/twitter.com\/Andrea_Simoneti","twitter_site":"@Andrea_Simoneti","twitter_misc":{"Escrito por":"Andrea Simonetti","Est. tempo de leitura":"1 minuto"},"schema":{"@context":"https:\/\/schema.org","@graph":[{"@type":"WebPage","@id":"https:\/\/andreasimonetti.com.br\/blog\/risque-primaveraverao-2014\/","url":"https:\/\/andreasimonetti.com.br\/blog\/risque-primaveraverao-2014\/","name":"Risqu\u00e9: Primavera\/Ver\u00e3o 2014 - Andrea Simonetti","isPartOf":{"@id":"https:\/\/andreasimonetti.com.br\/blog\/#website"},"primaryImageOfPage":{"@id":"https:\/\/andreasimonetti.com.br\/blog\/risque-primaveraverao-2014\/#primaryimage"},"image":{"@id":"https:\/\/andreasimonetti.com.br\/blog\/risque-primaveraverao-2014\/#primaryimage"},"thumbnailUrl":"http:\/\/blogdaandreasimonetti.com.br\/wp-content\/uploads\/2013\/10\/11.jpg","datePublished":"2013-10-08T13:26:51+00:00","dateModified":"2018-05-25T11:53:20+00:00","author":{"@id":"https:\/\/andreasimonetti.com.br\/blog\/#\/schema\/person\/254f763c24ac288e27ea738a7366ad2a"},"breadcrumb":{"@id":"https:\/\/andreasimonetti.com.br\/blog\/risque-primaveraverao-2014\/#breadcrumb"},"inLanguage":"pt-BR","potentialAction":[{"@type":"ReadAction","target":["https:\/\/andreasimonetti.com.br\/blog\/risque-primaveraverao-2014\/"]}]},{"@type":"ImageObject","inLanguage":"pt-BR","@id":"https:\/\/andreasimonetti.com.br\/blog\/risque-primaveraverao-2014\/#primaryimage","url":"http:\/\/blogdaandreasimonetti.com.br\/wp-content\/uploads\/2013\/10\/11.jpg","contentUrl":"http:\/\/blogdaandreasimonetti.com.br\/wp-content\/uploads\/2013\/10\/11.jpg"},{"@type":"BreadcrumbList","@id":"https:\/\/andreasimonetti.com.br\/blog\/risque-primaveraverao-2014\/#breadcrumb","itemListElement":[{"@type":"ListItem","position":1,"name":"In\u00edcio","item":"https:\/\/andreasimonetti.com.br\/blog\/"},{"@type":"ListItem","position":2,"name":"Risqu\u00e9: Primavera\/Ver\u00e3o 2014"}]},{"@type":"WebSite","@id":"https:\/\/andreasimonetti.com.br\/blog\/#website","url":"https:\/\/andreasimonetti.com.br\/blog\/","name":"Andrea Simonetti","description":"","potentialAction":[{"@type":"SearchAction","target":{"@type":"EntryPoint","urlTemplate":"https:\/\/andreasimonetti.com.br\/blog\/?s={search_term_string}"},"query-input":{"@type":"PropertyValueSpecification","valueRequired":true,"valueName":"search_term_string"}}],"inLanguage":"pt-BR"},{"@type":"Person","@id":"https:\/\/andreasimonetti.com.br\/blog\/#\/schema\/person\/254f763c24ac288e27ea738a7366ad2a","name":"Andrea Simonetti","image":{"@type":"ImageObject","inLanguage":"pt-BR","@id":"https:\/\/andreasimonetti.com.br\/blog\/#\/schema\/person\/image\/","url":"https:\/\/andreasimonetti.com.br\/blog\/wp-content\/uploads\/2018\/04\/andrea-simonetti-96x96.png","contentUrl":"https:\/\/andreasimonetti.com.br\/blog\/wp-content\/uploads\/2018\/04\/andrea-simonetti-96x96.png","caption":"Andrea Simonetti"},"description":"Sou formada em Administra\u00e7\u00e3o de Empresas, Produ\u00e7\u00e3o de Moda pelo SENAC e Consultoria de Estilo. Sou fascinada por moda desde sempre, adoro ver as pessoas produzidas e de bem com a vida. Moda \u00e9 o meu assunto preferido. Comecei meu blog em 2011, ele cresceu e hoje \u00e9 um site bem mais abrangente, onde eu falo sobre moda e meu trabalho de consultora de estilo. E falo tamb\u00e9m sobre a minha experi\u00eancia de vida. Mas antes de tudo, acredito num Deus Soberano que nos guia e aben\u00e7oa, o tempo todo!","sameAs":["https:\/\/www.andreasimonetti.com.br\/","https:\/\/www.facebook.com\/blogdaandreasimonetti\/","https:\/\/www.instagram.com\/andrea_simonetti\/","https:\/\/br.pinterest.com\/BlogAndrea\/","https:\/\/x.com\/https:\/\/twitter.com\/Andrea_Simoneti"],"url":"https:\/\/andreasimonetti.com.br\/blog\/author\/andrea\/"}]}},"_links":{"self":[{"href":"https:\/\/andreasimonetti.com.br\/blog\/wp-json\/wp\/v2\/posts\/7985","targetHints":{"allow":["GET"]}}],"collection":[{"href":"https:\/\/andreasimonetti.com.br\/blog\/wp-json\/wp\/v2\/posts"}],"about":[{"href":"https:\/\/andreasimonetti.com.br\/blog\/wp-json\/wp\/v2\/types\/post"}],"author":[{"embeddable":true,"href":"https:\/\/andreasimonetti.com.br\/blog\/wp-json\/wp\/v2\/users\/7"}],"replies":[{"embeddable":true,"href":"https:\/\/andreasimonetti.com.br\/blog\/wp-json\/wp\/v2\/comments?post=7985"}],"version-history":[{"count":0,"href":"https:\/\/andreasimonetti.com.br\/blog\/wp-json\/wp\/v2\/posts\/7985\/revisions"}],"wp:attachment":[{"href":"https:\/\/andreasimonetti.com.br\/blog\/wp-json\/wp\/v2\/media?parent=7985"}],"wp:term":[{"taxonomy":"category","embeddable":true,"href":"https:\/\/andreasimonetti.com.br\/blog\/wp-json\/wp\/v2\/categories?post=7985"},{"taxonomy":"post_tag","embeddable":true,"href":"https:\/\/andreasimonetti.com.br\/blog\/wp-json\/wp\/v2\/tags?post=7985"}],"curies":[{"name":"wp","href":"https:\/\/api.w.org\/{rel}","templated":true}]}}