{"id":7951,"date":"2013-10-04T00:03:15","date_gmt":"2013-10-04T03:03:15","guid":{"rendered":"http:\/\/blogdaandreasimonetti.com.br\/?p=7951"},"modified":"2018-05-25T08:53:21","modified_gmt":"2018-05-25T11:53:21","slug":"fast-news-acessorio-sadomasoquista-minju-kim-cores-de-chanel-e-jennifer-lawrence","status":"publish","type":"post","link":"https:\/\/andreasimonetti.com.br\/blog\/fast-news-acessorio-sadomasoquista-minju-kim-cores-de-chanel-e-jennifer-lawrence\/","title":{"rendered":"FAST NEWS !! Acess\u00f3rio sadomasoquista \/ Minju Kim \/ Cores de Chanel e Jennifer Lawrence"},"content":{"rendered":"<p>Ser\u00e1 que as poderosas v\u00e3o aderir ? Esses cintos em saias que criam looks sadomasoquistas e altamente sensuais, foram vistos durante a Semana de Moda de Paris. Inspirado nos desfiles da Givenchy e Saint Laurent que abusaram do couro na cor preta, esse visual SM transforma homens em escravos num piscar de olhos.<\/p>\n<p><a href=\"http:\/\/blogdaandreasimonetti.com.br\/2013\/10\/04\/fast-news-acessorio-sadomasoquista-minju-kim-cores-de-chanel-e-jennifer-lawrence\/sm\/\" rel=\"attachment wp-att-7952\"><img loading=\"lazy\" decoding=\"async\" src=\"http:\/\/blogdaandreasimonetti.com.br\/wp-content\/uploads\/2013\/10\/SM.jpg\" alt=\"SM\" width=\"768\" height=\"768\" class=\"alignnone size-full wp-image-7952\" srcset=\"https:\/\/andreasimonetti.com.br\/blog\/wp-content\/uploads\/2013\/10\/SM.jpg 768w, https:\/\/andreasimonetti.com.br\/blog\/wp-content\/uploads\/2013\/10\/SM-150x150.jpg 150w, https:\/\/andreasimonetti.com.br\/blog\/wp-content\/uploads\/2013\/10\/SM-300x300.jpg 300w\" sizes=\"auto, (max-width: 768px) 100vw, 768px\" \/><\/a><\/p>\n<p>Anote esse nome : Minju Kim. Ele foi o ganhador do H&amp;M Design Award 2013, e conquistou a oportunidade de lan\u00e7ar uma cole\u00e7\u00e3o para a gigante sueca H&amp;M. Fashionistas dizem que \u00e9 uma cole\u00e7\u00e3o &#8216;limpa e global&#8217;. <a href=\"http:\/\/www.grazia.fr\/mode\/shopping\/galeries\/la-collection-minju-kim-et-hm-enfin-devoilee-567754\">Conhe\u00e7a mais aqui<\/a>.<\/p>\n<p><a href=\"http:\/\/blogdaandreasimonetti.com.br\/2013\/10\/04\/fast-news-acessorio-sadomasoquista-minju-kim-cores-de-chanel-e-jennifer-lawrence\/minju-kim\/\" rel=\"attachment wp-att-7953\"><img loading=\"lazy\" decoding=\"async\" src=\"http:\/\/blogdaandreasimonetti.com.br\/wp-content\/uploads\/2013\/10\/MINJU-KIM.jpg\" alt=\"MINJU-KIM\" width=\"768\" height=\"1024\" class=\"alignnone size-full wp-image-7953\" srcset=\"https:\/\/andreasimonetti.com.br\/blog\/wp-content\/uploads\/2013\/10\/MINJU-KIM.jpg 768w, https:\/\/andreasimonetti.com.br\/blog\/wp-content\/uploads\/2013\/10\/MINJU-KIM-225x300.jpg 225w\" sizes=\"auto, (max-width: 768px) 100vw, 768px\" \/><\/a><\/p>\n<p>O desfile da Chanel em Paris foi surpreendentemente colorido, e a make seguiu os looks. O maquiador Peter Philips arrasou e j\u00e1 inspira mulheres em todo o mundo.<\/p>\n<p><a href=\"http:\/\/blogdaandreasimonetti.com.br\/2013\/10\/04\/fast-news-acessorio-sadomasoquista-minju-kim-cores-de-chanel-e-jennifer-lawrence\/maquiagem-chanel\/\" rel=\"attachment wp-att-7954\"><img loading=\"lazy\" decoding=\"async\" src=\"http:\/\/blogdaandreasimonetti.com.br\/wp-content\/uploads\/2013\/10\/MAQUIAGEM-CHANEL.jpg\" alt=\"MAQUIAGEM CHANEL\" width=\"682\" height=\"1024\" class=\"alignnone size-full wp-image-7954\" srcset=\"https:\/\/andreasimonetti.com.br\/blog\/wp-content\/uploads\/2013\/10\/MAQUIAGEM-CHANEL.jpg 682w, https:\/\/andreasimonetti.com.br\/blog\/wp-content\/uploads\/2013\/10\/MAQUIAGEM-CHANEL-199x300.jpg 199w\" sizes=\"auto, (max-width: 682px) 100vw, 682px\" \/><\/a><\/p>\n<p>A Bazaar apresenta uma edi\u00e7\u00e3o especial em novembro em que o tema principal \u00e9 a liga\u00e7\u00e3o da arte com a moda. At\u00e9 que ponto a arte se sobrep\u00f5e \u00e0 moda ? A moda \u00e9 uma forma de arte ? Uma edi\u00e7\u00e3o t\u00e3o instigante merecia mesmo uma capa \u00e0 altura, e ela ficou para a maravilhosa Jennifer Lawrence. Perfei\u00e7\u00e3o total.<\/p>\n<p><a href=\"http:\/\/blogdaandreasimonetti.com.br\/2013\/10\/04\/fast-news-acessorio-sadomasoquista-minju-kim-cores-de-chanel-e-jennifer-lawrence\/jennifer-lawrence-3\/\" rel=\"attachment wp-att-7955\"><img loading=\"lazy\" decoding=\"async\" src=\"http:\/\/blogdaandreasimonetti.com.br\/wp-content\/uploads\/2013\/10\/JENNIFER-LAWRENCE.jpg\" alt=\"JENNIFER LAWRENCE\" width=\"724\" height=\"1024\" class=\"alignnone size-full wp-image-7955\" srcset=\"https:\/\/andreasimonetti.com.br\/blog\/wp-content\/uploads\/2013\/10\/JENNIFER-LAWRENCE.jpg 724w, https:\/\/andreasimonetti.com.br\/blog\/wp-content\/uploads\/2013\/10\/JENNIFER-LAWRENCE-212x300.jpg 212w\" sizes=\"auto, (max-width: 724px) 100vw, 724px\" \/><\/a><\/p>\n","protected":false},"excerpt":{"rendered":"<p>Ser\u00e1 que as poderosas v\u00e3o aderir ? Esses cintos em saias que criam looks sadomasoquistas e altamente sensuais, foram vistos durante a Semana de Moda de Paris. Inspirado nos desfiles&hellip;<\/p>\n","protected":false},"author":7,"featured_media":0,"comment_status":"open","ping_status":"open","sticky":false,"template":"","format":"standard","meta":{"_monsterinsights_skip_tracking":false,"_monsterinsights_sitenote_active":false,"_monsterinsights_sitenote_note":"","_monsterinsights_sitenote_category":0,"footnotes":""},"categories":[1508],"tags":[1210,656,52,1149,1211,1068,1209,1207,1208],"class_list":["post-7951","post","type-post","status-publish","format-standard","hentry","category-destaque","tag-bazaar","tag-chanel","tag-givenchy","tag-hm","tag-jennifer-lawrence","tag-make","tag-minju-kim","tag-sadomasoquista","tag-saint-laurent"],"yoast_head":"<!-- This site is optimized with the Yoast SEO plugin v26.3 - https:\/\/yoast.com\/wordpress\/plugins\/seo\/ -->\n<title>FAST NEWS !! Acess\u00f3rio sadomasoquista \/ Minju Kim \/ Cores de Chanel e Jennifer Lawrence - Andrea Simonetti<\/title>\n<meta name=\"robots\" content=\"index, follow, max-snippet:-1, max-image-preview:large, max-video-preview:-1\" \/>\n<link rel=\"canonical\" href=\"https:\/\/andreasimonetti.com.br\/blog\/fast-news-acessorio-sadomasoquista-minju-kim-cores-de-chanel-e-jennifer-lawrence\/\" \/>\n<meta property=\"og:locale\" content=\"pt_BR\" \/>\n<meta property=\"og:type\" content=\"article\" \/>\n<meta property=\"og:title\" content=\"FAST NEWS !! Acess\u00f3rio sadomasoquista \/ Minju Kim \/ Cores de Chanel e Jennifer Lawrence - Andrea Simonetti\" \/>\n<meta property=\"og:description\" content=\"Ser\u00e1 que as poderosas v\u00e3o aderir ? Esses cintos em saias que criam looks sadomasoquistas e altamente sensuais, foram vistos durante a Semana de Moda de Paris. Inspirado nos desfiles&hellip;\" \/>\n<meta property=\"og:url\" content=\"https:\/\/andreasimonetti.com.br\/blog\/fast-news-acessorio-sadomasoquista-minju-kim-cores-de-chanel-e-jennifer-lawrence\/\" \/>\n<meta property=\"og:site_name\" content=\"Andrea Simonetti\" \/>\n<meta property=\"article:publisher\" content=\"https:\/\/www.facebook.com\/blogdaandreasimonetti\/\" \/>\n<meta property=\"article:author\" content=\"https:\/\/www.facebook.com\/blogdaandreasimonetti\/\" \/>\n<meta property=\"article:published_time\" content=\"2013-10-04T03:03:15+00:00\" \/>\n<meta property=\"article:modified_time\" content=\"2018-05-25T11:53:21+00:00\" \/>\n<meta property=\"og:image\" content=\"http:\/\/blogdaandreasimonetti.com.br\/wp-content\/uploads\/2013\/10\/SM.jpg\" \/>\n<meta name=\"author\" content=\"Andrea Simonetti\" \/>\n<meta name=\"twitter:card\" content=\"summary_large_image\" \/>\n<meta name=\"twitter:creator\" content=\"@https:\/\/twitter.com\/Andrea_Simoneti\" \/>\n<meta name=\"twitter:site\" content=\"@Andrea_Simoneti\" \/>\n<meta name=\"twitter:label1\" content=\"Escrito por\" \/>\n\t<meta name=\"twitter:data1\" content=\"Andrea Simonetti\" \/>\n\t<meta name=\"twitter:label2\" content=\"Est. tempo de leitura\" \/>\n\t<meta name=\"twitter:data2\" content=\"1 minuto\" \/>\n<!-- \/ Yoast SEO plugin. -->","yoast_head_json":{"title":"FAST NEWS !! Acess\u00f3rio sadomasoquista \/ Minju Kim \/ Cores de Chanel e Jennifer Lawrence - Andrea Simonetti","robots":{"index":"index","follow":"follow","max-snippet":"max-snippet:-1","max-image-preview":"max-image-preview:large","max-video-preview":"max-video-preview:-1"},"canonical":"https:\/\/andreasimonetti.com.br\/blog\/fast-news-acessorio-sadomasoquista-minju-kim-cores-de-chanel-e-jennifer-lawrence\/","og_locale":"pt_BR","og_type":"article","og_title":"FAST NEWS !! Acess\u00f3rio sadomasoquista \/ Minju Kim \/ Cores de Chanel e Jennifer Lawrence - Andrea Simonetti","og_description":"Ser\u00e1 que as poderosas v\u00e3o aderir ? Esses cintos em saias que criam looks sadomasoquistas e altamente sensuais, foram vistos durante a Semana de Moda de Paris. Inspirado nos desfiles&hellip;","og_url":"https:\/\/andreasimonetti.com.br\/blog\/fast-news-acessorio-sadomasoquista-minju-kim-cores-de-chanel-e-jennifer-lawrence\/","og_site_name":"Andrea Simonetti","article_publisher":"https:\/\/www.facebook.com\/blogdaandreasimonetti\/","article_author":"https:\/\/www.facebook.com\/blogdaandreasimonetti\/","article_published_time":"2013-10-04T03:03:15+00:00","article_modified_time":"2018-05-25T11:53:21+00:00","og_image":[{"url":"http:\/\/blogdaandreasimonetti.com.br\/wp-content\/uploads\/2013\/10\/SM.jpg","type":"","width":"","height":""}],"author":"Andrea Simonetti","twitter_card":"summary_large_image","twitter_creator":"@https:\/\/twitter.com\/Andrea_Simoneti","twitter_site":"@Andrea_Simoneti","twitter_misc":{"Escrito por":"Andrea Simonetti","Est. tempo de leitura":"1 minuto"},"schema":{"@context":"https:\/\/schema.org","@graph":[{"@type":"WebPage","@id":"https:\/\/andreasimonetti.com.br\/blog\/fast-news-acessorio-sadomasoquista-minju-kim-cores-de-chanel-e-jennifer-lawrence\/","url":"https:\/\/andreasimonetti.com.br\/blog\/fast-news-acessorio-sadomasoquista-minju-kim-cores-de-chanel-e-jennifer-lawrence\/","name":"FAST NEWS !! Acess\u00f3rio sadomasoquista \/ Minju Kim \/ Cores de Chanel e Jennifer Lawrence - Andrea Simonetti","isPartOf":{"@id":"https:\/\/andreasimonetti.com.br\/blog\/#website"},"primaryImageOfPage":{"@id":"https:\/\/andreasimonetti.com.br\/blog\/fast-news-acessorio-sadomasoquista-minju-kim-cores-de-chanel-e-jennifer-lawrence\/#primaryimage"},"image":{"@id":"https:\/\/andreasimonetti.com.br\/blog\/fast-news-acessorio-sadomasoquista-minju-kim-cores-de-chanel-e-jennifer-lawrence\/#primaryimage"},"thumbnailUrl":"http:\/\/blogdaandreasimonetti.com.br\/wp-content\/uploads\/2013\/10\/SM.jpg","datePublished":"2013-10-04T03:03:15+00:00","dateModified":"2018-05-25T11:53:21+00:00","author":{"@id":"https:\/\/andreasimonetti.com.br\/blog\/#\/schema\/person\/254f763c24ac288e27ea738a7366ad2a"},"breadcrumb":{"@id":"https:\/\/andreasimonetti.com.br\/blog\/fast-news-acessorio-sadomasoquista-minju-kim-cores-de-chanel-e-jennifer-lawrence\/#breadcrumb"},"inLanguage":"pt-BR","potentialAction":[{"@type":"ReadAction","target":["https:\/\/andreasimonetti.com.br\/blog\/fast-news-acessorio-sadomasoquista-minju-kim-cores-de-chanel-e-jennifer-lawrence\/"]}]},{"@type":"ImageObject","inLanguage":"pt-BR","@id":"https:\/\/andreasimonetti.com.br\/blog\/fast-news-acessorio-sadomasoquista-minju-kim-cores-de-chanel-e-jennifer-lawrence\/#primaryimage","url":"http:\/\/blogdaandreasimonetti.com.br\/wp-content\/uploads\/2013\/10\/SM.jpg","contentUrl":"http:\/\/blogdaandreasimonetti.com.br\/wp-content\/uploads\/2013\/10\/SM.jpg"},{"@type":"BreadcrumbList","@id":"https:\/\/andreasimonetti.com.br\/blog\/fast-news-acessorio-sadomasoquista-minju-kim-cores-de-chanel-e-jennifer-lawrence\/#breadcrumb","itemListElement":[{"@type":"ListItem","position":1,"name":"In\u00edcio","item":"https:\/\/andreasimonetti.com.br\/blog\/"},{"@type":"ListItem","position":2,"name":"FAST NEWS !! Acess\u00f3rio sadomasoquista \/ Minju Kim \/ Cores de Chanel e Jennifer Lawrence"}]},{"@type":"WebSite","@id":"https:\/\/andreasimonetti.com.br\/blog\/#website","url":"https:\/\/andreasimonetti.com.br\/blog\/","name":"Andrea Simonetti","description":"","potentialAction":[{"@type":"SearchAction","target":{"@type":"EntryPoint","urlTemplate":"https:\/\/andreasimonetti.com.br\/blog\/?s={search_term_string}"},"query-input":{"@type":"PropertyValueSpecification","valueRequired":true,"valueName":"search_term_string"}}],"inLanguage":"pt-BR"},{"@type":"Person","@id":"https:\/\/andreasimonetti.com.br\/blog\/#\/schema\/person\/254f763c24ac288e27ea738a7366ad2a","name":"Andrea Simonetti","image":{"@type":"ImageObject","inLanguage":"pt-BR","@id":"https:\/\/andreasimonetti.com.br\/blog\/#\/schema\/person\/image\/","url":"https:\/\/andreasimonetti.com.br\/blog\/wp-content\/uploads\/2018\/04\/andrea-simonetti-96x96.png","contentUrl":"https:\/\/andreasimonetti.com.br\/blog\/wp-content\/uploads\/2018\/04\/andrea-simonetti-96x96.png","caption":"Andrea Simonetti"},"description":"Sou formada em Administra\u00e7\u00e3o de Empresas, Produ\u00e7\u00e3o de Moda pelo SENAC e Consultoria de Estilo. Sou fascinada por moda desde sempre, adoro ver as pessoas produzidas e de bem com a vida. Moda \u00e9 o meu assunto preferido. Comecei meu blog em 2011, ele cresceu e hoje \u00e9 um site bem mais abrangente, onde eu falo sobre moda e meu trabalho de consultora de estilo. E falo tamb\u00e9m sobre a minha experi\u00eancia de vida. Mas antes de tudo, acredito num Deus Soberano que nos guia e aben\u00e7oa, o tempo todo!","sameAs":["https:\/\/www.andreasimonetti.com.br\/","https:\/\/www.facebook.com\/blogdaandreasimonetti\/","https:\/\/www.instagram.com\/andrea_simonetti\/","https:\/\/br.pinterest.com\/BlogAndrea\/","https:\/\/x.com\/https:\/\/twitter.com\/Andrea_Simoneti"],"url":"https:\/\/andreasimonetti.com.br\/blog\/author\/andrea\/"}]}},"_links":{"self":[{"href":"https:\/\/andreasimonetti.com.br\/blog\/wp-json\/wp\/v2\/posts\/7951","targetHints":{"allow":["GET"]}}],"collection":[{"href":"https:\/\/andreasimonetti.com.br\/blog\/wp-json\/wp\/v2\/posts"}],"about":[{"href":"https:\/\/andreasimonetti.com.br\/blog\/wp-json\/wp\/v2\/types\/post"}],"author":[{"embeddable":true,"href":"https:\/\/andreasimonetti.com.br\/blog\/wp-json\/wp\/v2\/users\/7"}],"replies":[{"embeddable":true,"href":"https:\/\/andreasimonetti.com.br\/blog\/wp-json\/wp\/v2\/comments?post=7951"}],"version-history":[{"count":0,"href":"https:\/\/andreasimonetti.com.br\/blog\/wp-json\/wp\/v2\/posts\/7951\/revisions"}],"wp:attachment":[{"href":"https:\/\/andreasimonetti.com.br\/blog\/wp-json\/wp\/v2\/media?parent=7951"}],"wp:term":[{"taxonomy":"category","embeddable":true,"href":"https:\/\/andreasimonetti.com.br\/blog\/wp-json\/wp\/v2\/categories?post=7951"},{"taxonomy":"post_tag","embeddable":true,"href":"https:\/\/andreasimonetti.com.br\/blog\/wp-json\/wp\/v2\/tags?post=7951"}],"curies":[{"name":"wp","href":"https:\/\/api.w.org\/{rel}","templated":true}]}}