{"id":7656,"date":"2013-09-06T09:52:17","date_gmt":"2013-09-06T12:52:17","guid":{"rendered":"http:\/\/blogdaandreasimonetti.com.br\/?p=7656"},"modified":"2018-05-25T08:33:30","modified_gmt":"2018-05-25T11:33:30","slug":"dica-de-como-colocar-cilios-posticos","status":"publish","type":"post","link":"https:\/\/andreasimonetti.com.br\/blog\/dica-de-como-colocar-cilios-posticos\/","title":{"rendered":"Dica de como colocar C\u00edlios Posti\u00e7os"},"content":{"rendered":"<p>Convidei a maquiadora <a href=\"https:\/\/www.facebook.com\/naysa.bauru?fref=ts\">Naysa Nascimento<\/a> para dar dicas de como colocar c\u00edlios posti\u00e7os.<\/p>\n<p><img loading=\"lazy\" decoding=\"async\" src=\"http:\/\/blogdaandreasimonetti.com.br\/wp-content\/uploads\/2013\/09\/cilios.jpg\" alt=\"cilios\" width=\"700\" height=\"330\" class=\"alignleft size-full wp-image-7675\" srcset=\"https:\/\/andreasimonetti.com.br\/blog\/wp-content\/uploads\/2013\/09\/cilios.jpg 700w, https:\/\/andreasimonetti.com.br\/blog\/wp-content\/uploads\/2013\/09\/cilios-300x141.jpg 300w\" sizes=\"auto, (max-width: 700px) 100vw, 700px\" \/><\/p>\n<p>Ela gravou um v\u00eddeo bem legal!<\/p>\n<p><iframe loading=\"lazy\" src=\"\/\/www.youtube.com\/embed\/DvHajWGcV5o\" height=\"394\" width=\"700\" allowfullscreen=\"\" frameborder=\"0\"><\/iframe><\/p>\n","protected":false},"excerpt":{"rendered":"<p>Convidei a maquiadora Naysa Nascimento para dar dicas de como colocar c\u00edlios posti\u00e7os. Ela gravou um v\u00eddeo bem legal!<\/p>\n","protected":false},"author":7,"featured_media":0,"comment_status":"open","ping_status":"open","sticky":false,"template":"","format":"standard","meta":{"_monsterinsights_skip_tracking":false,"_monsterinsights_sitenote_active":false,"_monsterinsights_sitenote_note":"","_monsterinsights_sitenote_category":0,"footnotes":""},"categories":[3],"tags":[1152,1153,982],"class_list":["post-7656","post","type-post","status-publish","format-standard","hentry","category-moda","tag-cilos-posticos","tag-como-colocar-cilios-posticos","tag-naysa-nascimento"],"yoast_head":"<!-- This site is optimized with the Yoast SEO plugin v26.3 - https:\/\/yoast.com\/wordpress\/plugins\/seo\/ -->\n<title>Dica de como colocar C\u00edlios Posti\u00e7os - Andrea Simonetti<\/title>\n<meta name=\"robots\" content=\"index, follow, max-snippet:-1, max-image-preview:large, max-video-preview:-1\" \/>\n<link rel=\"canonical\" href=\"https:\/\/andreasimonetti.com.br\/blog\/dica-de-como-colocar-cilios-posticos\/\" \/>\n<meta property=\"og:locale\" content=\"pt_BR\" \/>\n<meta property=\"og:type\" content=\"article\" \/>\n<meta property=\"og:title\" content=\"Dica de como colocar C\u00edlios Posti\u00e7os - Andrea Simonetti\" \/>\n<meta property=\"og:description\" content=\"Convidei a maquiadora Naysa Nascimento para dar dicas de como colocar c\u00edlios posti\u00e7os. Ela gravou um v\u00eddeo bem legal!\" \/>\n<meta property=\"og:url\" content=\"https:\/\/andreasimonetti.com.br\/blog\/dica-de-como-colocar-cilios-posticos\/\" \/>\n<meta property=\"og:site_name\" content=\"Andrea Simonetti\" \/>\n<meta property=\"article:publisher\" content=\"https:\/\/www.facebook.com\/blogdaandreasimonetti\/\" \/>\n<meta property=\"article:author\" content=\"https:\/\/www.facebook.com\/blogdaandreasimonetti\/\" \/>\n<meta property=\"article:published_time\" content=\"2013-09-06T12:52:17+00:00\" \/>\n<meta property=\"article:modified_time\" content=\"2018-05-25T11:33:30+00:00\" \/>\n<meta property=\"og:image\" content=\"http:\/\/blogdaandreasimonetti.com.br\/wp-content\/uploads\/2013\/09\/cilios.jpg\" \/>\n<meta name=\"author\" content=\"Andrea Simonetti\" \/>\n<meta name=\"twitter:card\" content=\"summary_large_image\" \/>\n<meta name=\"twitter:creator\" content=\"@https:\/\/twitter.com\/Andrea_Simoneti\" \/>\n<meta name=\"twitter:site\" content=\"@Andrea_Simoneti\" \/>\n<meta name=\"twitter:label1\" content=\"Escrito por\" \/>\n\t<meta name=\"twitter:data1\" content=\"Andrea Simonetti\" \/>\n<!-- \/ Yoast SEO plugin. -->","yoast_head_json":{"title":"Dica de como colocar C\u00edlios Posti\u00e7os - Andrea Simonetti","robots":{"index":"index","follow":"follow","max-snippet":"max-snippet:-1","max-image-preview":"max-image-preview:large","max-video-preview":"max-video-preview:-1"},"canonical":"https:\/\/andreasimonetti.com.br\/blog\/dica-de-como-colocar-cilios-posticos\/","og_locale":"pt_BR","og_type":"article","og_title":"Dica de como colocar C\u00edlios Posti\u00e7os - Andrea Simonetti","og_description":"Convidei a maquiadora Naysa Nascimento para dar dicas de como colocar c\u00edlios posti\u00e7os. Ela gravou um v\u00eddeo bem legal!","og_url":"https:\/\/andreasimonetti.com.br\/blog\/dica-de-como-colocar-cilios-posticos\/","og_site_name":"Andrea Simonetti","article_publisher":"https:\/\/www.facebook.com\/blogdaandreasimonetti\/","article_author":"https:\/\/www.facebook.com\/blogdaandreasimonetti\/","article_published_time":"2013-09-06T12:52:17+00:00","article_modified_time":"2018-05-25T11:33:30+00:00","og_image":[{"url":"http:\/\/blogdaandreasimonetti.com.br\/wp-content\/uploads\/2013\/09\/cilios.jpg","type":"","width":"","height":""}],"author":"Andrea Simonetti","twitter_card":"summary_large_image","twitter_creator":"@https:\/\/twitter.com\/Andrea_Simoneti","twitter_site":"@Andrea_Simoneti","twitter_misc":{"Escrito por":"Andrea Simonetti"},"schema":{"@context":"https:\/\/schema.org","@graph":[{"@type":"WebPage","@id":"https:\/\/andreasimonetti.com.br\/blog\/dica-de-como-colocar-cilios-posticos\/","url":"https:\/\/andreasimonetti.com.br\/blog\/dica-de-como-colocar-cilios-posticos\/","name":"Dica de como colocar C\u00edlios Posti\u00e7os - Andrea Simonetti","isPartOf":{"@id":"https:\/\/andreasimonetti.com.br\/blog\/#website"},"primaryImageOfPage":{"@id":"https:\/\/andreasimonetti.com.br\/blog\/dica-de-como-colocar-cilios-posticos\/#primaryimage"},"image":{"@id":"https:\/\/andreasimonetti.com.br\/blog\/dica-de-como-colocar-cilios-posticos\/#primaryimage"},"thumbnailUrl":"http:\/\/blogdaandreasimonetti.com.br\/wp-content\/uploads\/2013\/09\/cilios.jpg","datePublished":"2013-09-06T12:52:17+00:00","dateModified":"2018-05-25T11:33:30+00:00","author":{"@id":"https:\/\/andreasimonetti.com.br\/blog\/#\/schema\/person\/254f763c24ac288e27ea738a7366ad2a"},"breadcrumb":{"@id":"https:\/\/andreasimonetti.com.br\/blog\/dica-de-como-colocar-cilios-posticos\/#breadcrumb"},"inLanguage":"pt-BR","potentialAction":[{"@type":"ReadAction","target":["https:\/\/andreasimonetti.com.br\/blog\/dica-de-como-colocar-cilios-posticos\/"]}]},{"@type":"ImageObject","inLanguage":"pt-BR","@id":"https:\/\/andreasimonetti.com.br\/blog\/dica-de-como-colocar-cilios-posticos\/#primaryimage","url":"http:\/\/blogdaandreasimonetti.com.br\/wp-content\/uploads\/2013\/09\/cilios.jpg","contentUrl":"http:\/\/blogdaandreasimonetti.com.br\/wp-content\/uploads\/2013\/09\/cilios.jpg"},{"@type":"BreadcrumbList","@id":"https:\/\/andreasimonetti.com.br\/blog\/dica-de-como-colocar-cilios-posticos\/#breadcrumb","itemListElement":[{"@type":"ListItem","position":1,"name":"In\u00edcio","item":"https:\/\/andreasimonetti.com.br\/blog\/"},{"@type":"ListItem","position":2,"name":"Dica de como colocar C\u00edlios Posti\u00e7os"}]},{"@type":"WebSite","@id":"https:\/\/andreasimonetti.com.br\/blog\/#website","url":"https:\/\/andreasimonetti.com.br\/blog\/","name":"Andrea Simonetti","description":"","potentialAction":[{"@type":"SearchAction","target":{"@type":"EntryPoint","urlTemplate":"https:\/\/andreasimonetti.com.br\/blog\/?s={search_term_string}"},"query-input":{"@type":"PropertyValueSpecification","valueRequired":true,"valueName":"search_term_string"}}],"inLanguage":"pt-BR"},{"@type":"Person","@id":"https:\/\/andreasimonetti.com.br\/blog\/#\/schema\/person\/254f763c24ac288e27ea738a7366ad2a","name":"Andrea Simonetti","image":{"@type":"ImageObject","inLanguage":"pt-BR","@id":"https:\/\/andreasimonetti.com.br\/blog\/#\/schema\/person\/image\/","url":"https:\/\/andreasimonetti.com.br\/blog\/wp-content\/uploads\/2018\/04\/andrea-simonetti-96x96.png","contentUrl":"https:\/\/andreasimonetti.com.br\/blog\/wp-content\/uploads\/2018\/04\/andrea-simonetti-96x96.png","caption":"Andrea Simonetti"},"description":"Sou formada em Administra\u00e7\u00e3o de Empresas, Produ\u00e7\u00e3o de Moda pelo SENAC e Consultoria de Estilo. Sou fascinada por moda desde sempre, adoro ver as pessoas produzidas e de bem com a vida. Moda \u00e9 o meu assunto preferido. Comecei meu blog em 2011, ele cresceu e hoje \u00e9 um site bem mais abrangente, onde eu falo sobre moda e meu trabalho de consultora de estilo. E falo tamb\u00e9m sobre a minha experi\u00eancia de vida. Mas antes de tudo, acredito num Deus Soberano que nos guia e aben\u00e7oa, o tempo todo!","sameAs":["https:\/\/www.andreasimonetti.com.br\/","https:\/\/www.facebook.com\/blogdaandreasimonetti\/","https:\/\/www.instagram.com\/andrea_simonetti\/","https:\/\/br.pinterest.com\/BlogAndrea\/","https:\/\/x.com\/https:\/\/twitter.com\/Andrea_Simoneti"],"url":"https:\/\/andreasimonetti.com.br\/blog\/author\/andrea\/"}]}},"_links":{"self":[{"href":"https:\/\/andreasimonetti.com.br\/blog\/wp-json\/wp\/v2\/posts\/7656","targetHints":{"allow":["GET"]}}],"collection":[{"href":"https:\/\/andreasimonetti.com.br\/blog\/wp-json\/wp\/v2\/posts"}],"about":[{"href":"https:\/\/andreasimonetti.com.br\/blog\/wp-json\/wp\/v2\/types\/post"}],"author":[{"embeddable":true,"href":"https:\/\/andreasimonetti.com.br\/blog\/wp-json\/wp\/v2\/users\/7"}],"replies":[{"embeddable":true,"href":"https:\/\/andreasimonetti.com.br\/blog\/wp-json\/wp\/v2\/comments?post=7656"}],"version-history":[{"count":0,"href":"https:\/\/andreasimonetti.com.br\/blog\/wp-json\/wp\/v2\/posts\/7656\/revisions"}],"wp:attachment":[{"href":"https:\/\/andreasimonetti.com.br\/blog\/wp-json\/wp\/v2\/media?parent=7656"}],"wp:term":[{"taxonomy":"category","embeddable":true,"href":"https:\/\/andreasimonetti.com.br\/blog\/wp-json\/wp\/v2\/categories?post=7656"},{"taxonomy":"post_tag","embeddable":true,"href":"https:\/\/andreasimonetti.com.br\/blog\/wp-json\/wp\/v2\/tags?post=7656"}],"curies":[{"name":"wp","href":"https:\/\/api.w.org\/{rel}","templated":true}]}}