{"id":7564,"date":"2013-09-01T16:07:31","date_gmt":"2013-09-01T19:07:31","guid":{"rendered":"http:\/\/blogdaandreasimonetti.com.br\/?p=7564"},"modified":"2018-05-25T08:53:22","modified_gmt":"2018-05-25T11:53:22","slug":"eu-ja-sei-o-que-vamos-querer-usar-no-inverno-de-2014-quer-saber","status":"publish","type":"post","link":"https:\/\/andreasimonetti.com.br\/blog\/eu-ja-sei-o-que-vamos-querer-usar-no-inverno-de-2014-quer-saber\/","title":{"rendered":"Eu j\u00e1 sei o que vamos querer usar no inverno de 2014. Quer saber ?"},"content":{"rendered":"<p style=\"text-align: justify;\">Para quem trabalha com moda \u00e9 super importante conhecer as tend\u00eancias que devem movimentar o mercado no futuro. E o<a href=\"http:\/\/www1.sp.senac.br\/hotsites\/blogs\/moda_informacao\/\"> &#8216;Senac Moda &amp; Informa\u00e7\u00e3o<\/a>&#8216; \u00e9 o mais importante evento que apresenta aos profissionais da ind\u00fastria, varejo e comunica\u00e7\u00e3o o que dever\u00e1 estar nas vitrines e nas ruas nas pr\u00f3ximas esta\u00e7\u00f5es. Essa pesquisa de tend\u00eancias \u00e9 s\u00e9ria e confi\u00e1vel e sinaliza com anteced\u00eancia onde estar\u00e1 o desejo dos consumidores. Semana passada eu participei em S\u00e3o Paulo do evento do Senac sobre o Inverno 2014. E o que estaremos vestindo no pr\u00f3ximo inverno ? Como eu tenho dito aqui, a moda \u00e9 cada vez mais plural e democr\u00e1tica, n\u00e3o existe mais &#8216;a moda&#8217; de cada esta\u00e7\u00e3o mas &#8216;as modas&#8217;, v\u00e1rios estilos que convivem simultaneamente. Acho isso \u00f3timo porque assim ningu\u00e9m se sente fora de padr\u00f5es ou obrigado \u00e0 usar algo que n\u00e3o combina com o seu estilo. Em outras palavras : tem pr\u00e1 todo mundo ! Existem cores, padronagens e pe\u00e7as que s\u00e3o consideradas as maiores apostas, mas n\u00e3o significa que elas devam ser onipresentes durante a esta\u00e7\u00e3o. No assunto <strong>cores<\/strong>, o branco e o preto continuam fortes, o off white, que \u00e9 aquele branco levemente &#8216;sujinho&#8217; tamb\u00e9m aparecer\u00e1 bastante, e o azul cobalto talvez seja a principal cor de 2014. O vermelho tomate pontuar\u00e1 em detalhes, e o rosa beb\u00ea pode ser a grande surpresa porque j\u00e1 aparece muito no inverno europeu. As <strong>estampas<\/strong> com mini florais que conferem um look rom\u00e2ntico vem fortes nas pe\u00e7as femininas e tamb\u00e9m nas camisas e camisetas masculinas. Estampas de bichos, \u00e9tnicas e m\u00edsticas (como o olho e o gatinho com chap\u00e9u de bruxa) continuam no pr\u00f3ximo ano. O camuflado e o animal print seguem firmes, mas renovados com outras tonalidades. O xadrez, que \u00e9 a cara de todos os invernos, aparecer\u00e1 sobreposto com nuances florais . A <strong>jaqueta<\/strong> bomber, bem parecida com a college, com golas e punhos de malha, bem como a perfecto, mais justinha e com um DNA de rebeldia, prometem aquecer meninos e meninas. O <strong>moleton<\/strong> ressurge das cinzas totalmente reestilizado e \u00a0j\u00e1 apareceu esse ano em algumas grifes nacionais bem legais. Mas a grande sensa\u00e7\u00e3o de todas as cole\u00e7\u00f5es em 2014 ser\u00e1 o denin. Depois de quase tr\u00eas anos em baixa na concorr\u00eancia para a alfaiataria e outros materiais, ele volta com tudo numa tend\u00eancia que j\u00e1 pode ser vista nas vitrines e lookbooks agora em 2013. Alavancado por lavagens inusitadas e que agradam todos os gostos, o <strong>denim <\/strong>volta absoluto em cal\u00e7as, camisas, blazers e saias, emplacando o look double, completo, como cal\u00e7a e camisa, ou saia e blusa, denin total. Nos <strong>acess\u00f3rios<\/strong> ? As cores predominantes s\u00e3o o preto, vermelho, cobalto e cinza, cintos cravejados de metais, gargantilhas e maxi colares com banho preto ou ouro velho tendo a cruz como o pingente principal. Nas <strong>bolsas<\/strong> os modelos mais quentes s\u00e3o o balde, o ba\u00fa e as valizes, formatos que n\u00e3o tem erro. Nos cal\u00e7ados, destaque ao creeper que continua no pr\u00f3ximo ano, o mocassim tratorado (com sola mais robusta) e a anabella, e a grande sensa\u00e7\u00e3o \u00e9 a over-the-keew-boots, aquelas botas super justas que sobem at\u00e9 a virilha, ideais para pernas longil\u00edneas. Acho que esses s\u00e3o os pontos principais do rico conte\u00fado apresentado no <a href=\"http:\/\/www1.sp.senac.br\/hotsites\/blogs\/moda_informacao\/\">&#8216;Senac Moda &amp; Informa\u00e7\u00e3o Inverno 2014&#8217;<\/a>; se voc\u00ea tiver alguma d\u00favida ou desejar outras informa\u00e7\u00f5es entre em contato comigo. E lembre-se sempre : a moda que fica bem para voc\u00ea \u00e9 aquela que tem o seu estilo, o seu jeito de ser, a que faz de voc\u00ea uma pessoa mais completa.<\/p>\n<p><img loading=\"lazy\" decoding=\"async\" class=\"alignleft size-full wp-image-7574\" alt=\"Senac SP copy\" src=\"http:\/\/blogdaandreasimonetti.com.br\/wp-content\/uploads\/2013\/09\/Senac-SP-copy.jpg\" width=\"720\" height=\"4040\" \/><\/p>\n<p>Esses modelos estavam em exposi\u00e7\u00e3o durante o evento &#8220;Senac Moda e Informa\u00e7\u00e3o&#8221;<\/p>\n","protected":false},"excerpt":{"rendered":"<p>Para quem trabalha com moda \u00e9 super importante conhecer as tend\u00eancias que devem movimentar o mercado no futuro. E o &#8216;Senac Moda &amp; Informa\u00e7\u00e3o&#8216; \u00e9 o mais importante evento que&hellip;<\/p>\n","protected":false},"author":7,"featured_media":0,"comment_status":"open","ping_status":"open","sticky":false,"template":"","format":"standard","meta":{"_monsterinsights_skip_tracking":false,"_monsterinsights_sitenote_active":false,"_monsterinsights_sitenote_note":"","_monsterinsights_sitenote_category":0,"footnotes":""},"categories":[1508,3],"tags":[1130,1131,1129,1133,1126,1127,1128,1132,1134,1124],"class_list":["post-7564","post","type-post","status-publish","format-standard","hentry","category-destaque","category-moda","tag-animal-print","tag-azul-cobalto","tag-denin","tag-inverno-2014","tag-jaqueta-bomber","tag-jaqueta-perfecto","tag-moleton","tag-off-white","tag-senac-moda-e-informacao-inverno-2014","tag-senac-moda-informacao"],"yoast_head":"<!-- This site is optimized with the Yoast SEO plugin v26.3 - https:\/\/yoast.com\/wordpress\/plugins\/seo\/ -->\n<title>Eu j\u00e1 sei o que vamos querer usar no inverno de 2014. Quer saber ? - Andrea Simonetti<\/title>\n<meta name=\"robots\" content=\"index, follow, max-snippet:-1, max-image-preview:large, max-video-preview:-1\" \/>\n<link rel=\"canonical\" href=\"https:\/\/andreasimonetti.com.br\/blog\/eu-ja-sei-o-que-vamos-querer-usar-no-inverno-de-2014-quer-saber\/\" \/>\n<meta property=\"og:locale\" content=\"pt_BR\" \/>\n<meta property=\"og:type\" content=\"article\" \/>\n<meta property=\"og:title\" content=\"Eu j\u00e1 sei o que vamos querer usar no inverno de 2014. Quer saber ? - Andrea Simonetti\" \/>\n<meta property=\"og:description\" content=\"Para quem trabalha com moda \u00e9 super importante conhecer as tend\u00eancias que devem movimentar o mercado no futuro. E o &#8216;Senac Moda &amp; Informa\u00e7\u00e3o&#8216; \u00e9 o mais importante evento que&hellip;\" \/>\n<meta property=\"og:url\" content=\"https:\/\/andreasimonetti.com.br\/blog\/eu-ja-sei-o-que-vamos-querer-usar-no-inverno-de-2014-quer-saber\/\" \/>\n<meta property=\"og:site_name\" content=\"Andrea Simonetti\" \/>\n<meta property=\"article:publisher\" content=\"https:\/\/www.facebook.com\/blogdaandreasimonetti\/\" \/>\n<meta property=\"article:author\" content=\"https:\/\/www.facebook.com\/blogdaandreasimonetti\/\" \/>\n<meta property=\"article:published_time\" content=\"2013-09-01T19:07:31+00:00\" \/>\n<meta property=\"article:modified_time\" content=\"2018-05-25T11:53:22+00:00\" \/>\n<meta property=\"og:image\" content=\"http:\/\/blogdaandreasimonetti.com.br\/wp-content\/uploads\/2013\/09\/Senac-SP-copy.jpg\" \/>\n<meta name=\"author\" content=\"Andrea Simonetti\" \/>\n<meta name=\"twitter:card\" content=\"summary_large_image\" \/>\n<meta name=\"twitter:creator\" content=\"@https:\/\/twitter.com\/Andrea_Simoneti\" \/>\n<meta name=\"twitter:site\" content=\"@Andrea_Simoneti\" \/>\n<meta name=\"twitter:label1\" content=\"Escrito por\" \/>\n\t<meta name=\"twitter:data1\" content=\"Andrea Simonetti\" \/>\n\t<meta name=\"twitter:label2\" content=\"Est. tempo de leitura\" \/>\n\t<meta name=\"twitter:data2\" content=\"3 minutos\" \/>\n<!-- \/ Yoast SEO plugin. -->","yoast_head_json":{"title":"Eu j\u00e1 sei o que vamos querer usar no inverno de 2014. Quer saber ? - Andrea Simonetti","robots":{"index":"index","follow":"follow","max-snippet":"max-snippet:-1","max-image-preview":"max-image-preview:large","max-video-preview":"max-video-preview:-1"},"canonical":"https:\/\/andreasimonetti.com.br\/blog\/eu-ja-sei-o-que-vamos-querer-usar-no-inverno-de-2014-quer-saber\/","og_locale":"pt_BR","og_type":"article","og_title":"Eu j\u00e1 sei o que vamos querer usar no inverno de 2014. Quer saber ? - Andrea Simonetti","og_description":"Para quem trabalha com moda \u00e9 super importante conhecer as tend\u00eancias que devem movimentar o mercado no futuro. E o &#8216;Senac Moda &amp; Informa\u00e7\u00e3o&#8216; \u00e9 o mais importante evento que&hellip;","og_url":"https:\/\/andreasimonetti.com.br\/blog\/eu-ja-sei-o-que-vamos-querer-usar-no-inverno-de-2014-quer-saber\/","og_site_name":"Andrea Simonetti","article_publisher":"https:\/\/www.facebook.com\/blogdaandreasimonetti\/","article_author":"https:\/\/www.facebook.com\/blogdaandreasimonetti\/","article_published_time":"2013-09-01T19:07:31+00:00","article_modified_time":"2018-05-25T11:53:22+00:00","og_image":[{"url":"http:\/\/blogdaandreasimonetti.com.br\/wp-content\/uploads\/2013\/09\/Senac-SP-copy.jpg","type":"","width":"","height":""}],"author":"Andrea Simonetti","twitter_card":"summary_large_image","twitter_creator":"@https:\/\/twitter.com\/Andrea_Simoneti","twitter_site":"@Andrea_Simoneti","twitter_misc":{"Escrito por":"Andrea Simonetti","Est. tempo de leitura":"3 minutos"},"schema":{"@context":"https:\/\/schema.org","@graph":[{"@type":"WebPage","@id":"https:\/\/andreasimonetti.com.br\/blog\/eu-ja-sei-o-que-vamos-querer-usar-no-inverno-de-2014-quer-saber\/","url":"https:\/\/andreasimonetti.com.br\/blog\/eu-ja-sei-o-que-vamos-querer-usar-no-inverno-de-2014-quer-saber\/","name":"Eu j\u00e1 sei o que vamos querer usar no inverno de 2014. Quer saber ? - Andrea Simonetti","isPartOf":{"@id":"https:\/\/andreasimonetti.com.br\/blog\/#website"},"primaryImageOfPage":{"@id":"https:\/\/andreasimonetti.com.br\/blog\/eu-ja-sei-o-que-vamos-querer-usar-no-inverno-de-2014-quer-saber\/#primaryimage"},"image":{"@id":"https:\/\/andreasimonetti.com.br\/blog\/eu-ja-sei-o-que-vamos-querer-usar-no-inverno-de-2014-quer-saber\/#primaryimage"},"thumbnailUrl":"http:\/\/blogdaandreasimonetti.com.br\/wp-content\/uploads\/2013\/09\/Senac-SP-copy.jpg","datePublished":"2013-09-01T19:07:31+00:00","dateModified":"2018-05-25T11:53:22+00:00","author":{"@id":"https:\/\/andreasimonetti.com.br\/blog\/#\/schema\/person\/254f763c24ac288e27ea738a7366ad2a"},"breadcrumb":{"@id":"https:\/\/andreasimonetti.com.br\/blog\/eu-ja-sei-o-que-vamos-querer-usar-no-inverno-de-2014-quer-saber\/#breadcrumb"},"inLanguage":"pt-BR","potentialAction":[{"@type":"ReadAction","target":["https:\/\/andreasimonetti.com.br\/blog\/eu-ja-sei-o-que-vamos-querer-usar-no-inverno-de-2014-quer-saber\/"]}]},{"@type":"ImageObject","inLanguage":"pt-BR","@id":"https:\/\/andreasimonetti.com.br\/blog\/eu-ja-sei-o-que-vamos-querer-usar-no-inverno-de-2014-quer-saber\/#primaryimage","url":"http:\/\/blogdaandreasimonetti.com.br\/wp-content\/uploads\/2013\/09\/Senac-SP-copy.jpg","contentUrl":"http:\/\/blogdaandreasimonetti.com.br\/wp-content\/uploads\/2013\/09\/Senac-SP-copy.jpg"},{"@type":"BreadcrumbList","@id":"https:\/\/andreasimonetti.com.br\/blog\/eu-ja-sei-o-que-vamos-querer-usar-no-inverno-de-2014-quer-saber\/#breadcrumb","itemListElement":[{"@type":"ListItem","position":1,"name":"In\u00edcio","item":"https:\/\/andreasimonetti.com.br\/blog\/"},{"@type":"ListItem","position":2,"name":"Eu j\u00e1 sei o que vamos querer usar no inverno de 2014. Quer saber ?"}]},{"@type":"WebSite","@id":"https:\/\/andreasimonetti.com.br\/blog\/#website","url":"https:\/\/andreasimonetti.com.br\/blog\/","name":"Andrea Simonetti","description":"","potentialAction":[{"@type":"SearchAction","target":{"@type":"EntryPoint","urlTemplate":"https:\/\/andreasimonetti.com.br\/blog\/?s={search_term_string}"},"query-input":{"@type":"PropertyValueSpecification","valueRequired":true,"valueName":"search_term_string"}}],"inLanguage":"pt-BR"},{"@type":"Person","@id":"https:\/\/andreasimonetti.com.br\/blog\/#\/schema\/person\/254f763c24ac288e27ea738a7366ad2a","name":"Andrea Simonetti","image":{"@type":"ImageObject","inLanguage":"pt-BR","@id":"https:\/\/andreasimonetti.com.br\/blog\/#\/schema\/person\/image\/","url":"https:\/\/andreasimonetti.com.br\/blog\/wp-content\/uploads\/2018\/04\/andrea-simonetti-96x96.png","contentUrl":"https:\/\/andreasimonetti.com.br\/blog\/wp-content\/uploads\/2018\/04\/andrea-simonetti-96x96.png","caption":"Andrea Simonetti"},"description":"Sou formada em Administra\u00e7\u00e3o de Empresas, Produ\u00e7\u00e3o de Moda pelo SENAC e Consultoria de Estilo. Sou fascinada por moda desde sempre, adoro ver as pessoas produzidas e de bem com a vida. Moda \u00e9 o meu assunto preferido. Comecei meu blog em 2011, ele cresceu e hoje \u00e9 um site bem mais abrangente, onde eu falo sobre moda e meu trabalho de consultora de estilo. E falo tamb\u00e9m sobre a minha experi\u00eancia de vida. Mas antes de tudo, acredito num Deus Soberano que nos guia e aben\u00e7oa, o tempo todo!","sameAs":["https:\/\/www.andreasimonetti.com.br\/","https:\/\/www.facebook.com\/blogdaandreasimonetti\/","https:\/\/www.instagram.com\/andrea_simonetti\/","https:\/\/br.pinterest.com\/BlogAndrea\/","https:\/\/x.com\/https:\/\/twitter.com\/Andrea_Simoneti"],"url":"https:\/\/andreasimonetti.com.br\/blog\/author\/andrea\/"}]}},"_links":{"self":[{"href":"https:\/\/andreasimonetti.com.br\/blog\/wp-json\/wp\/v2\/posts\/7564","targetHints":{"allow":["GET"]}}],"collection":[{"href":"https:\/\/andreasimonetti.com.br\/blog\/wp-json\/wp\/v2\/posts"}],"about":[{"href":"https:\/\/andreasimonetti.com.br\/blog\/wp-json\/wp\/v2\/types\/post"}],"author":[{"embeddable":true,"href":"https:\/\/andreasimonetti.com.br\/blog\/wp-json\/wp\/v2\/users\/7"}],"replies":[{"embeddable":true,"href":"https:\/\/andreasimonetti.com.br\/blog\/wp-json\/wp\/v2\/comments?post=7564"}],"version-history":[{"count":0,"href":"https:\/\/andreasimonetti.com.br\/blog\/wp-json\/wp\/v2\/posts\/7564\/revisions"}],"wp:attachment":[{"href":"https:\/\/andreasimonetti.com.br\/blog\/wp-json\/wp\/v2\/media?parent=7564"}],"wp:term":[{"taxonomy":"category","embeddable":true,"href":"https:\/\/andreasimonetti.com.br\/blog\/wp-json\/wp\/v2\/categories?post=7564"},{"taxonomy":"post_tag","embeddable":true,"href":"https:\/\/andreasimonetti.com.br\/blog\/wp-json\/wp\/v2\/tags?post=7564"}],"curies":[{"name":"wp","href":"https:\/\/api.w.org\/{rel}","templated":true}]}}