{"id":743,"date":"2011-09-27T10:20:03","date_gmt":"2011-09-27T13:20:03","guid":{"rendered":"http:\/\/blogdaandreasimonetti.com.br\/?p=743"},"modified":"2018-05-25T07:57:20","modified_gmt":"2018-05-25T10:57:20","slug":"a-moda-de-mandela-contra-a-aids","status":"publish","type":"post","link":"https:\/\/andreasimonetti.com.br\/blog\/a-moda-de-mandela-contra-a-aids\/","title":{"rendered":"A moda de Mandela contra a aids"},"content":{"rendered":"<p>Achei lindo o desfile exibido durante a semana de moda na \u00c1frica do Sul. A inspira\u00e7\u00e3o veio das roupas de Nelson Mandela. A venda da cole\u00e7\u00e3o \u00e9 uma forma de ajudar a ONG 46664, que luta contra a AIDS.<\/p>\n<p><embed id='_LiquidPlayerEmbed' src='http:\/\/veja.abril.com.br\/libc\/player\/liquid3.swf' type='application\/x-shockwave-flash' allowscriptaccess='always' allowfullscreen='true' base='.' FlashVars='customizationFileURL=http:\/\/veja.abril.com.br\/v2011\/player-skin\/embed.xml&#038;autoStart=false&#038;autoLoad=false&#038;startButton=http:\/\/veja.abril.com.br\/v2011\/player-skin\/start-edit.png&#038;scaleMode=fit&#038;thumbnailPreview=true&#038;playerHash=3f9381a3f4814468171e7cafca8357ea&#038;idmedia=2c9f94b432a1817c0132a81c29c40605' width=600 height=329><\/embed><\/p>\n","protected":false},"excerpt":{"rendered":"<p>Achei lindo o desfile exibido durante a semana de moda na \u00c1frica do Sul. A inspira\u00e7\u00e3o veio das roupas de Nelson Mandela. A venda da cole\u00e7\u00e3o \u00e9 uma forma de&hellip;<\/p>\n","protected":false},"author":7,"featured_media":0,"comment_status":"open","ping_status":"open","sticky":false,"template":"","format":"nota","meta":{"_monsterinsights_skip_tracking":false,"_monsterinsights_sitenote_active":false,"_monsterinsights_sitenote_note":"","_monsterinsights_sitenote_category":0,"footnotes":""},"categories":[3],"tags":[42],"class_list":["post-743","post","type-post","status-publish","format-nota","hentry","category-moda","tag-nelson-mandela","post_format-nota"],"yoast_head":"<!-- This site is optimized with the Yoast SEO plugin v26.3 - https:\/\/yoast.com\/wordpress\/plugins\/seo\/ -->\n<title>A moda de Mandela contra a aids - Andrea Simonetti<\/title>\n<meta name=\"robots\" content=\"index, follow, max-snippet:-1, max-image-preview:large, max-video-preview:-1\" \/>\n<link rel=\"canonical\" href=\"https:\/\/andreasimonetti.com.br\/blog\/a-moda-de-mandela-contra-a-aids\/\" \/>\n<meta property=\"og:locale\" content=\"pt_BR\" \/>\n<meta property=\"og:type\" content=\"article\" \/>\n<meta property=\"og:title\" content=\"A moda de Mandela contra a aids - Andrea Simonetti\" \/>\n<meta property=\"og:description\" content=\"Achei lindo o desfile exibido durante a semana de moda na \u00c1frica do Sul. A inspira\u00e7\u00e3o veio das roupas de Nelson Mandela. A venda da cole\u00e7\u00e3o \u00e9 uma forma de&hellip;\" \/>\n<meta property=\"og:url\" content=\"https:\/\/andreasimonetti.com.br\/blog\/a-moda-de-mandela-contra-a-aids\/\" \/>\n<meta property=\"og:site_name\" content=\"Andrea Simonetti\" \/>\n<meta property=\"article:publisher\" content=\"https:\/\/www.facebook.com\/blogdaandreasimonetti\/\" \/>\n<meta property=\"article:author\" content=\"https:\/\/www.facebook.com\/blogdaandreasimonetti\/\" \/>\n<meta property=\"article:published_time\" content=\"2011-09-27T13:20:03+00:00\" \/>\n<meta property=\"article:modified_time\" content=\"2018-05-25T10:57:20+00:00\" \/>\n<meta name=\"author\" content=\"Andrea Simonetti\" \/>\n<meta name=\"twitter:card\" content=\"summary_large_image\" \/>\n<meta name=\"twitter:creator\" content=\"@https:\/\/twitter.com\/Andrea_Simoneti\" \/>\n<meta name=\"twitter:site\" content=\"@Andrea_Simoneti\" \/>\n<meta name=\"twitter:label1\" content=\"Escrito por\" \/>\n\t<meta name=\"twitter:data1\" content=\"Andrea Simonetti\" \/>\n<!-- \/ Yoast SEO plugin. -->","yoast_head_json":{"title":"A moda de Mandela contra a aids - Andrea Simonetti","robots":{"index":"index","follow":"follow","max-snippet":"max-snippet:-1","max-image-preview":"max-image-preview:large","max-video-preview":"max-video-preview:-1"},"canonical":"https:\/\/andreasimonetti.com.br\/blog\/a-moda-de-mandela-contra-a-aids\/","og_locale":"pt_BR","og_type":"article","og_title":"A moda de Mandela contra a aids - Andrea Simonetti","og_description":"Achei lindo o desfile exibido durante a semana de moda na \u00c1frica do Sul. A inspira\u00e7\u00e3o veio das roupas de Nelson Mandela. A venda da cole\u00e7\u00e3o \u00e9 uma forma de&hellip;","og_url":"https:\/\/andreasimonetti.com.br\/blog\/a-moda-de-mandela-contra-a-aids\/","og_site_name":"Andrea Simonetti","article_publisher":"https:\/\/www.facebook.com\/blogdaandreasimonetti\/","article_author":"https:\/\/www.facebook.com\/blogdaandreasimonetti\/","article_published_time":"2011-09-27T13:20:03+00:00","article_modified_time":"2018-05-25T10:57:20+00:00","author":"Andrea Simonetti","twitter_card":"summary_large_image","twitter_creator":"@https:\/\/twitter.com\/Andrea_Simoneti","twitter_site":"@Andrea_Simoneti","twitter_misc":{"Escrito por":"Andrea Simonetti"},"schema":{"@context":"https:\/\/schema.org","@graph":[{"@type":"WebPage","@id":"https:\/\/andreasimonetti.com.br\/blog\/a-moda-de-mandela-contra-a-aids\/","url":"https:\/\/andreasimonetti.com.br\/blog\/a-moda-de-mandela-contra-a-aids\/","name":"A moda de Mandela contra a aids - Andrea Simonetti","isPartOf":{"@id":"https:\/\/andreasimonetti.com.br\/blog\/#website"},"datePublished":"2011-09-27T13:20:03+00:00","dateModified":"2018-05-25T10:57:20+00:00","author":{"@id":"https:\/\/andreasimonetti.com.br\/blog\/#\/schema\/person\/254f763c24ac288e27ea738a7366ad2a"},"breadcrumb":{"@id":"https:\/\/andreasimonetti.com.br\/blog\/a-moda-de-mandela-contra-a-aids\/#breadcrumb"},"inLanguage":"pt-BR","potentialAction":[{"@type":"ReadAction","target":["https:\/\/andreasimonetti.com.br\/blog\/a-moda-de-mandela-contra-a-aids\/"]}]},{"@type":"BreadcrumbList","@id":"https:\/\/andreasimonetti.com.br\/blog\/a-moda-de-mandela-contra-a-aids\/#breadcrumb","itemListElement":[{"@type":"ListItem","position":1,"name":"In\u00edcio","item":"https:\/\/andreasimonetti.com.br\/blog\/"},{"@type":"ListItem","position":2,"name":"A moda de Mandela contra a aids"}]},{"@type":"WebSite","@id":"https:\/\/andreasimonetti.com.br\/blog\/#website","url":"https:\/\/andreasimonetti.com.br\/blog\/","name":"Andrea Simonetti","description":"","potentialAction":[{"@type":"SearchAction","target":{"@type":"EntryPoint","urlTemplate":"https:\/\/andreasimonetti.com.br\/blog\/?s={search_term_string}"},"query-input":{"@type":"PropertyValueSpecification","valueRequired":true,"valueName":"search_term_string"}}],"inLanguage":"pt-BR"},{"@type":"Person","@id":"https:\/\/andreasimonetti.com.br\/blog\/#\/schema\/person\/254f763c24ac288e27ea738a7366ad2a","name":"Andrea Simonetti","image":{"@type":"ImageObject","inLanguage":"pt-BR","@id":"https:\/\/andreasimonetti.com.br\/blog\/#\/schema\/person\/image\/","url":"https:\/\/andreasimonetti.com.br\/blog\/wp-content\/uploads\/2018\/04\/andrea-simonetti-96x96.png","contentUrl":"https:\/\/andreasimonetti.com.br\/blog\/wp-content\/uploads\/2018\/04\/andrea-simonetti-96x96.png","caption":"Andrea Simonetti"},"description":"Sou formada em Administra\u00e7\u00e3o de Empresas, Produ\u00e7\u00e3o de Moda pelo SENAC e Consultoria de Estilo. Sou fascinada por moda desde sempre, adoro ver as pessoas produzidas e de bem com a vida. Moda \u00e9 o meu assunto preferido. Comecei meu blog em 2011, ele cresceu e hoje \u00e9 um site bem mais abrangente, onde eu falo sobre moda e meu trabalho de consultora de estilo. E falo tamb\u00e9m sobre a minha experi\u00eancia de vida. Mas antes de tudo, acredito num Deus Soberano que nos guia e aben\u00e7oa, o tempo todo!","sameAs":["https:\/\/www.andreasimonetti.com.br\/","https:\/\/www.facebook.com\/blogdaandreasimonetti\/","https:\/\/www.instagram.com\/andrea_simonetti\/","https:\/\/br.pinterest.com\/BlogAndrea\/","https:\/\/x.com\/https:\/\/twitter.com\/Andrea_Simoneti"],"url":"https:\/\/andreasimonetti.com.br\/blog\/author\/andrea\/"}]}},"_links":{"self":[{"href":"https:\/\/andreasimonetti.com.br\/blog\/wp-json\/wp\/v2\/posts\/743","targetHints":{"allow":["GET"]}}],"collection":[{"href":"https:\/\/andreasimonetti.com.br\/blog\/wp-json\/wp\/v2\/posts"}],"about":[{"href":"https:\/\/andreasimonetti.com.br\/blog\/wp-json\/wp\/v2\/types\/post"}],"author":[{"embeddable":true,"href":"https:\/\/andreasimonetti.com.br\/blog\/wp-json\/wp\/v2\/users\/7"}],"replies":[{"embeddable":true,"href":"https:\/\/andreasimonetti.com.br\/blog\/wp-json\/wp\/v2\/comments?post=743"}],"version-history":[{"count":0,"href":"https:\/\/andreasimonetti.com.br\/blog\/wp-json\/wp\/v2\/posts\/743\/revisions"}],"wp:attachment":[{"href":"https:\/\/andreasimonetti.com.br\/blog\/wp-json\/wp\/v2\/media?parent=743"}],"wp:term":[{"taxonomy":"category","embeddable":true,"href":"https:\/\/andreasimonetti.com.br\/blog\/wp-json\/wp\/v2\/categories?post=743"},{"taxonomy":"post_tag","embeddable":true,"href":"https:\/\/andreasimonetti.com.br\/blog\/wp-json\/wp\/v2\/tags?post=743"}],"curies":[{"name":"wp","href":"https:\/\/api.w.org\/{rel}","templated":true}]}}