{"id":7182,"date":"2013-08-04T18:12:45","date_gmt":"2013-08-04T21:12:45","guid":{"rendered":"http:\/\/blogdaandreasimonetti.com.br\/?p=7182"},"modified":"2018-05-25T08:53:23","modified_gmt":"2018-05-25T11:53:23","slug":"fast-news-alexander-mcqueen-e-esqueletos-moda-e-religiao-lacoste-e-manga-preta-plus-size-vodka-cavalli-e-kate-moss","status":"publish","type":"post","link":"https:\/\/andreasimonetti.com.br\/blog\/fast-news-alexander-mcqueen-e-esqueletos-moda-e-religiao-lacoste-e-manga-preta-plus-size-vodka-cavalli-e-kate-moss\/","title":{"rendered":"FAST NEWS ! Alexander McQueen e Esqueletos \/ Moda e Religi\u00e3o \/ Lacoste e Mang\u00e1 \/ Preta Plus Size \/ Vodka Cavalli e Kate Moss"},"content":{"rendered":"<p>O Double Skeleton Topaz Bracelet \u00e9 mais uma cria\u00e7\u00e3o de Alexander McQueen. O bracelete em ouro e top\u00e1zio combina com mulheres que gostam de surpreender. Pre\u00e7o : 495 d\u00f3lares.<\/p>\n<p><a href=\"http:\/\/blogdaandreasimonetti.com.br\/2013\/08\/04\/fast-news-alexander-mcqueen-e-esqueletos-moda-e-religiao-lacoste-e-manga-preta-plus-size-vodka-cavalli-e-kate-moss\/bracelete-superr\/\" rel=\"attachment wp-att-7197\"><img loading=\"lazy\" decoding=\"async\" src=\"http:\/\/blogdaandreasimonetti.com.br\/wp-content\/uploads\/2013\/08\/BRACELETE-SUPERR.jpeg\" alt=\"BRACELETE SUPERR\" width=\"768\" height=\"1024\" class=\"alignnone size-full wp-image-7197\" srcset=\"https:\/\/andreasimonetti.com.br\/blog\/wp-content\/uploads\/2013\/08\/BRACELETE-SUPERR.jpeg 768w, https:\/\/andreasimonetti.com.br\/blog\/wp-content\/uploads\/2013\/08\/BRACELETE-SUPERR-225x300.jpeg 225w\" sizes=\"auto, (max-width: 768px) 100vw, 768px\" \/><\/a><\/p>\n<p>O document\u00e1rio &#8216;Mode Als Religion&#8217; da alem\u00e3 Martina Neuen pretende mostrar uma compara\u00e7\u00e3o entre moda e religi\u00e3o, colocando lado a lado os fan\u00e1ticos da moda e os devotos religiosos. V\u00e1rios nomes do mundo fashion s\u00e3o entrevistados, entre eles, Karl Lagerfeld, que se auto intitula o &#8216;Papa da Moda&#8217;.<\/p>\n<p><a href=\"http:\/\/blogdaandreasimonetti.com.br\/2013\/08\/04\/fast-news-alexander-mcqueen-e-esqueletos-moda-e-religiao-lacoste-e-manga-preta-plus-size-vodka-cavalli-e-kate-moss\/karl-lagerfeld-papa\/\" rel=\"attachment wp-att-7187\"><img loading=\"lazy\" decoding=\"async\" src=\"http:\/\/blogdaandreasimonetti.com.br\/wp-content\/uploads\/2013\/08\/KARL-LAGERFELD-PAPA.jpg\" alt=\"KARL LAGERFELD - \nPAPA\" width=\"618\" height=\"1024\" class=\"alignnone size-full wp-image-7187\" srcset=\"https:\/\/andreasimonetti.com.br\/blog\/wp-content\/uploads\/2013\/08\/KARL-LAGERFELD-PAPA.jpg 618w, https:\/\/andreasimonetti.com.br\/blog\/wp-content\/uploads\/2013\/08\/KARL-LAGERFELD-PAPA-181x300.jpg 181w\" sizes=\"auto, (max-width: 618px) 100vw, 618px\" \/><\/a><\/p>\n<p>Astro Boy \u00e9 um mang\u00e1 de Osamu Tezuka produzido entre 1952 e 1968, e foi a primeira s\u00e9ria animada exibida no Jap\u00e3o. O personagem \u00e9 um \u00edcone da moderna cultura japonesa, e transformou-se no protagonista de uma cole\u00e7\u00e3o c\u00e1psula da Lacoste L!ve, estampando t\u00eanis, polos e tshirts.<\/p>\n<p><a href=\"http:\/\/blogdaandreasimonetti.com.br\/2013\/08\/04\/fast-news-alexander-mcqueen-e-esqueletos-moda-e-religiao-lacoste-e-manga-preta-plus-size-vodka-cavalli-e-kate-moss\/lacoste-manga\/\" rel=\"attachment wp-att-7186\"><img loading=\"lazy\" decoding=\"async\" src=\"http:\/\/blogdaandreasimonetti.com.br\/wp-content\/uploads\/2013\/08\/LACOSTE-MANG\u00c1.jpg\" alt=\"LACOSTE MANG\u00c1\" width=\"768\" height=\"768\" class=\"alignnone size-full wp-image-7186\" srcset=\"https:\/\/andreasimonetti.com.br\/blog\/wp-content\/uploads\/2013\/08\/LACOSTE-MANG\u00c1.jpg 768w, https:\/\/andreasimonetti.com.br\/blog\/wp-content\/uploads\/2013\/08\/LACOSTE-MANG\u00c1-150x150.jpg 150w, https:\/\/andreasimonetti.com.br\/blog\/wp-content\/uploads\/2013\/08\/LACOSTE-MANG\u00c1-300x300.jpg 300w\" sizes=\"auto, (max-width: 768px) 100vw, 768px\" \/><\/a><\/p>\n<p>Preta Gil \u00e9 a estrela da campanha da C&amp;A para uma linha plus size. &#8220;Apenas 20% das roupas servem em mim. Tor\u00e7o para que um dia a moda tenha coxa grossa e gordurinhas&#8221;, disse Preta. A cole\u00e7\u00e3o chamada &#8216;Special For You&#8217; \u00e9 pensada em mulheres que vestem manequim do 46 ao 56, e deve chegar \u00e0s lojas em meados de agosto.<\/p>\n<p><a href=\"http:\/\/blogdaandreasimonetti.com.br\/2013\/08\/04\/fast-news-alexander-mcqueen-e-esqueletos-moda-e-religiao-lacoste-e-manga-preta-plus-size-vodka-cavalli-e-kate-moss\/preta-gil\/\" rel=\"attachment wp-att-7188\"><img loading=\"lazy\" decoding=\"async\" src=\"http:\/\/blogdaandreasimonetti.com.br\/wp-content\/uploads\/2013\/08\/PRETA-GIL.jpg\" alt=\"PRETA GIL\" width=\"640\" height=\"480\" class=\"alignnone size-full wp-image-7188\" srcset=\"https:\/\/andreasimonetti.com.br\/blog\/wp-content\/uploads\/2013\/08\/PRETA-GIL.jpg 640w, https:\/\/andreasimonetti.com.br\/blog\/wp-content\/uploads\/2013\/08\/PRETA-GIL-300x225.jpg 300w\" sizes=\"auto, (max-width: 640px) 100vw, 640px\" \/><\/a><\/p>\n<p>O estilista Roberto Cavalli lan\u00e7ou uma edi\u00e7\u00e3o limitada de sua vodka : &#8216;Night Edition&#8217;. A garrafa preta \u00e9 inspirada na vida noturna e adornada com a cobra s\u00edmbolo da grife italiana. No Brasil \u00e9 comercializada por volta de R$ 230,00.<\/p>\n<p><a href=\"http:\/\/blogdaandreasimonetti.com.br\/2013\/08\/04\/fast-news-alexander-mcqueen-e-esqueletos-moda-e-religiao-lacoste-e-manga-preta-plus-size-vodka-cavalli-e-kate-moss\/vodka-roberto-cavalli\/\" rel=\"attachment wp-att-7189\"><img loading=\"lazy\" decoding=\"async\" src=\"http:\/\/blogdaandreasimonetti.com.br\/wp-content\/uploads\/2013\/08\/VODKA-ROBERTO-CAVALLI.jpg\" alt=\"VODKA ROBERTO CAVALLI\" width=\"683\" height=\"1024\" class=\"alignnone size-full wp-image-7189\" srcset=\"https:\/\/andreasimonetti.com.br\/blog\/wp-content\/uploads\/2013\/08\/VODKA-ROBERTO-CAVALLI.jpg 683w, https:\/\/andreasimonetti.com.br\/blog\/wp-content\/uploads\/2013\/08\/VODKA-ROBERTO-CAVALLI-200x300.jpg 200w\" sizes=\"auto, (max-width: 683px) 100vw, 683px\" \/><\/a><\/p>\n<p>Kate Moss, deslumbrante aos 39 anos, \u00e9 a capa da &#8216;Esquire&#8217; em setembro.<\/p>\n<p><a href=\"http:\/\/blogdaandreasimonetti.com.br\/2013\/08\/04\/fast-news-alexander-mcqueen-e-esqueletos-moda-e-religiao-lacoste-e-manga-preta-plus-size-vodka-cavalli-e-kate-moss\/kate-moss-esquire\/\" rel=\"attachment wp-att-7191\"><img loading=\"lazy\" decoding=\"async\" src=\"http:\/\/blogdaandreasimonetti.com.br\/wp-content\/uploads\/2013\/08\/kate-moss-esquire.jpg\" alt=\"kate moss esquire\" width=\"705\" height=\"1024\" class=\"alignnone size-full wp-image-7191\" srcset=\"https:\/\/andreasimonetti.com.br\/blog\/wp-content\/uploads\/2013\/08\/kate-moss-esquire.jpg 705w, https:\/\/andreasimonetti.com.br\/blog\/wp-content\/uploads\/2013\/08\/kate-moss-esquire-206x300.jpg 206w\" sizes=\"auto, (max-width: 705px) 100vw, 705px\" \/><\/a><\/p>\n","protected":false},"excerpt":{"rendered":"<p>O Double Skeleton Topaz Bracelet \u00e9 mais uma cria\u00e7\u00e3o de Alexander McQueen. O bracelete em ouro e top\u00e1zio combina com mulheres que gostam de surpreender. Pre\u00e7o : 495 d\u00f3lares. O&hellip;<\/p>\n","protected":false},"author":7,"featured_media":0,"comment_status":"open","ping_status":"open","sticky":false,"template":"","format":"standard","meta":{"_monsterinsights_skip_tracking":false,"_monsterinsights_sitenote_active":false,"_monsterinsights_sitenote_note":"","_monsterinsights_sitenote_category":0,"footnotes":""},"categories":[1508],"tags":[1000,1043,1003,1041,1036,1037,1038,1042,1040,1039],"class_list":["post-7182","post","type-post","status-publish","format-standard","hentry","category-destaque","tag-alexander-mcqueen","tag-double-skeleton-topaz-bracelet","tag-karl-lagerfeld","tag-kate-moss","tag-lacoste-lve","tag-manga","tag-moda-e-religiao","tag-preta-gil","tag-roberto-cavalli","tag-vodka"],"yoast_head":"<!-- This site is optimized with the Yoast SEO plugin v26.3 - https:\/\/yoast.com\/wordpress\/plugins\/seo\/ -->\n<title>FAST NEWS ! Alexander McQueen e Esqueletos \/ Moda e Religi\u00e3o \/ Lacoste e Mang\u00e1 \/ Preta Plus Size \/ Vodka Cavalli e Kate Moss - Andrea Simonetti<\/title>\n<meta name=\"robots\" content=\"index, follow, max-snippet:-1, max-image-preview:large, max-video-preview:-1\" \/>\n<link rel=\"canonical\" href=\"https:\/\/andreasimonetti.com.br\/blog\/fast-news-alexander-mcqueen-e-esqueletos-moda-e-religiao-lacoste-e-manga-preta-plus-size-vodka-cavalli-e-kate-moss\/\" \/>\n<meta property=\"og:locale\" content=\"pt_BR\" \/>\n<meta property=\"og:type\" content=\"article\" \/>\n<meta property=\"og:title\" content=\"FAST NEWS ! Alexander McQueen e Esqueletos \/ Moda e Religi\u00e3o \/ Lacoste e Mang\u00e1 \/ Preta Plus Size \/ Vodka Cavalli e Kate Moss - Andrea Simonetti\" \/>\n<meta property=\"og:description\" content=\"O Double Skeleton Topaz Bracelet \u00e9 mais uma cria\u00e7\u00e3o de Alexander McQueen. O bracelete em ouro e top\u00e1zio combina com mulheres que gostam de surpreender. Pre\u00e7o : 495 d\u00f3lares. O&hellip;\" \/>\n<meta property=\"og:url\" content=\"https:\/\/andreasimonetti.com.br\/blog\/fast-news-alexander-mcqueen-e-esqueletos-moda-e-religiao-lacoste-e-manga-preta-plus-size-vodka-cavalli-e-kate-moss\/\" \/>\n<meta property=\"og:site_name\" content=\"Andrea Simonetti\" \/>\n<meta property=\"article:publisher\" content=\"https:\/\/www.facebook.com\/blogdaandreasimonetti\/\" \/>\n<meta property=\"article:author\" content=\"https:\/\/www.facebook.com\/blogdaandreasimonetti\/\" \/>\n<meta property=\"article:published_time\" content=\"2013-08-04T21:12:45+00:00\" \/>\n<meta property=\"article:modified_time\" content=\"2018-05-25T11:53:23+00:00\" \/>\n<meta property=\"og:image\" content=\"http:\/\/blogdaandreasimonetti.com.br\/wp-content\/uploads\/2013\/08\/BRACELETE-SUPERR.jpeg\" \/>\n<meta name=\"author\" content=\"Andrea Simonetti\" \/>\n<meta name=\"twitter:card\" content=\"summary_large_image\" \/>\n<meta name=\"twitter:creator\" content=\"@https:\/\/twitter.com\/Andrea_Simoneti\" \/>\n<meta name=\"twitter:site\" content=\"@Andrea_Simoneti\" \/>\n<meta name=\"twitter:label1\" content=\"Escrito por\" \/>\n\t<meta name=\"twitter:data1\" content=\"Andrea Simonetti\" \/>\n\t<meta name=\"twitter:label2\" content=\"Est. tempo de leitura\" \/>\n\t<meta name=\"twitter:data2\" content=\"1 minuto\" \/>\n<!-- \/ Yoast SEO plugin. -->","yoast_head_json":{"title":"FAST NEWS ! Alexander McQueen e Esqueletos \/ Moda e Religi\u00e3o \/ Lacoste e Mang\u00e1 \/ Preta Plus Size \/ Vodka Cavalli e Kate Moss - Andrea Simonetti","robots":{"index":"index","follow":"follow","max-snippet":"max-snippet:-1","max-image-preview":"max-image-preview:large","max-video-preview":"max-video-preview:-1"},"canonical":"https:\/\/andreasimonetti.com.br\/blog\/fast-news-alexander-mcqueen-e-esqueletos-moda-e-religiao-lacoste-e-manga-preta-plus-size-vodka-cavalli-e-kate-moss\/","og_locale":"pt_BR","og_type":"article","og_title":"FAST NEWS ! Alexander McQueen e Esqueletos \/ Moda e Religi\u00e3o \/ Lacoste e Mang\u00e1 \/ Preta Plus Size \/ Vodka Cavalli e Kate Moss - Andrea Simonetti","og_description":"O Double Skeleton Topaz Bracelet \u00e9 mais uma cria\u00e7\u00e3o de Alexander McQueen. O bracelete em ouro e top\u00e1zio combina com mulheres que gostam de surpreender. Pre\u00e7o : 495 d\u00f3lares. O&hellip;","og_url":"https:\/\/andreasimonetti.com.br\/blog\/fast-news-alexander-mcqueen-e-esqueletos-moda-e-religiao-lacoste-e-manga-preta-plus-size-vodka-cavalli-e-kate-moss\/","og_site_name":"Andrea Simonetti","article_publisher":"https:\/\/www.facebook.com\/blogdaandreasimonetti\/","article_author":"https:\/\/www.facebook.com\/blogdaandreasimonetti\/","article_published_time":"2013-08-04T21:12:45+00:00","article_modified_time":"2018-05-25T11:53:23+00:00","og_image":[{"url":"http:\/\/blogdaandreasimonetti.com.br\/wp-content\/uploads\/2013\/08\/BRACELETE-SUPERR.jpeg","type":"","width":"","height":""}],"author":"Andrea Simonetti","twitter_card":"summary_large_image","twitter_creator":"@https:\/\/twitter.com\/Andrea_Simoneti","twitter_site":"@Andrea_Simoneti","twitter_misc":{"Escrito por":"Andrea Simonetti","Est. tempo de leitura":"1 minuto"},"schema":{"@context":"https:\/\/schema.org","@graph":[{"@type":"WebPage","@id":"https:\/\/andreasimonetti.com.br\/blog\/fast-news-alexander-mcqueen-e-esqueletos-moda-e-religiao-lacoste-e-manga-preta-plus-size-vodka-cavalli-e-kate-moss\/","url":"https:\/\/andreasimonetti.com.br\/blog\/fast-news-alexander-mcqueen-e-esqueletos-moda-e-religiao-lacoste-e-manga-preta-plus-size-vodka-cavalli-e-kate-moss\/","name":"FAST NEWS ! Alexander McQueen e Esqueletos \/ Moda e Religi\u00e3o \/ Lacoste e Mang\u00e1 \/ Preta Plus Size \/ Vodka Cavalli e Kate Moss - Andrea Simonetti","isPartOf":{"@id":"https:\/\/andreasimonetti.com.br\/blog\/#website"},"primaryImageOfPage":{"@id":"https:\/\/andreasimonetti.com.br\/blog\/fast-news-alexander-mcqueen-e-esqueletos-moda-e-religiao-lacoste-e-manga-preta-plus-size-vodka-cavalli-e-kate-moss\/#primaryimage"},"image":{"@id":"https:\/\/andreasimonetti.com.br\/blog\/fast-news-alexander-mcqueen-e-esqueletos-moda-e-religiao-lacoste-e-manga-preta-plus-size-vodka-cavalli-e-kate-moss\/#primaryimage"},"thumbnailUrl":"http:\/\/blogdaandreasimonetti.com.br\/wp-content\/uploads\/2013\/08\/BRACELETE-SUPERR.jpeg","datePublished":"2013-08-04T21:12:45+00:00","dateModified":"2018-05-25T11:53:23+00:00","author":{"@id":"https:\/\/andreasimonetti.com.br\/blog\/#\/schema\/person\/254f763c24ac288e27ea738a7366ad2a"},"breadcrumb":{"@id":"https:\/\/andreasimonetti.com.br\/blog\/fast-news-alexander-mcqueen-e-esqueletos-moda-e-religiao-lacoste-e-manga-preta-plus-size-vodka-cavalli-e-kate-moss\/#breadcrumb"},"inLanguage":"pt-BR","potentialAction":[{"@type":"ReadAction","target":["https:\/\/andreasimonetti.com.br\/blog\/fast-news-alexander-mcqueen-e-esqueletos-moda-e-religiao-lacoste-e-manga-preta-plus-size-vodka-cavalli-e-kate-moss\/"]}]},{"@type":"ImageObject","inLanguage":"pt-BR","@id":"https:\/\/andreasimonetti.com.br\/blog\/fast-news-alexander-mcqueen-e-esqueletos-moda-e-religiao-lacoste-e-manga-preta-plus-size-vodka-cavalli-e-kate-moss\/#primaryimage","url":"http:\/\/blogdaandreasimonetti.com.br\/wp-content\/uploads\/2013\/08\/BRACELETE-SUPERR.jpeg","contentUrl":"http:\/\/blogdaandreasimonetti.com.br\/wp-content\/uploads\/2013\/08\/BRACELETE-SUPERR.jpeg"},{"@type":"BreadcrumbList","@id":"https:\/\/andreasimonetti.com.br\/blog\/fast-news-alexander-mcqueen-e-esqueletos-moda-e-religiao-lacoste-e-manga-preta-plus-size-vodka-cavalli-e-kate-moss\/#breadcrumb","itemListElement":[{"@type":"ListItem","position":1,"name":"In\u00edcio","item":"https:\/\/andreasimonetti.com.br\/blog\/"},{"@type":"ListItem","position":2,"name":"FAST NEWS ! Alexander McQueen e Esqueletos \/ Moda e Religi\u00e3o \/ Lacoste e Mang\u00e1 \/ Preta Plus Size \/ Vodka Cavalli e Kate Moss"}]},{"@type":"WebSite","@id":"https:\/\/andreasimonetti.com.br\/blog\/#website","url":"https:\/\/andreasimonetti.com.br\/blog\/","name":"Andrea Simonetti","description":"","potentialAction":[{"@type":"SearchAction","target":{"@type":"EntryPoint","urlTemplate":"https:\/\/andreasimonetti.com.br\/blog\/?s={search_term_string}"},"query-input":{"@type":"PropertyValueSpecification","valueRequired":true,"valueName":"search_term_string"}}],"inLanguage":"pt-BR"},{"@type":"Person","@id":"https:\/\/andreasimonetti.com.br\/blog\/#\/schema\/person\/254f763c24ac288e27ea738a7366ad2a","name":"Andrea Simonetti","image":{"@type":"ImageObject","inLanguage":"pt-BR","@id":"https:\/\/andreasimonetti.com.br\/blog\/#\/schema\/person\/image\/","url":"https:\/\/andreasimonetti.com.br\/blog\/wp-content\/uploads\/2018\/04\/andrea-simonetti-96x96.png","contentUrl":"https:\/\/andreasimonetti.com.br\/blog\/wp-content\/uploads\/2018\/04\/andrea-simonetti-96x96.png","caption":"Andrea Simonetti"},"description":"Sou formada em Administra\u00e7\u00e3o de Empresas, Produ\u00e7\u00e3o de Moda pelo SENAC e Consultoria de Estilo. Sou fascinada por moda desde sempre, adoro ver as pessoas produzidas e de bem com a vida. Moda \u00e9 o meu assunto preferido. Comecei meu blog em 2011, ele cresceu e hoje \u00e9 um site bem mais abrangente, onde eu falo sobre moda e meu trabalho de consultora de estilo. E falo tamb\u00e9m sobre a minha experi\u00eancia de vida. Mas antes de tudo, acredito num Deus Soberano que nos guia e aben\u00e7oa, o tempo todo!","sameAs":["https:\/\/www.andreasimonetti.com.br\/","https:\/\/www.facebook.com\/blogdaandreasimonetti\/","https:\/\/www.instagram.com\/andrea_simonetti\/","https:\/\/br.pinterest.com\/BlogAndrea\/","https:\/\/x.com\/https:\/\/twitter.com\/Andrea_Simoneti"],"url":"https:\/\/andreasimonetti.com.br\/blog\/author\/andrea\/"}]}},"_links":{"self":[{"href":"https:\/\/andreasimonetti.com.br\/blog\/wp-json\/wp\/v2\/posts\/7182","targetHints":{"allow":["GET"]}}],"collection":[{"href":"https:\/\/andreasimonetti.com.br\/blog\/wp-json\/wp\/v2\/posts"}],"about":[{"href":"https:\/\/andreasimonetti.com.br\/blog\/wp-json\/wp\/v2\/types\/post"}],"author":[{"embeddable":true,"href":"https:\/\/andreasimonetti.com.br\/blog\/wp-json\/wp\/v2\/users\/7"}],"replies":[{"embeddable":true,"href":"https:\/\/andreasimonetti.com.br\/blog\/wp-json\/wp\/v2\/comments?post=7182"}],"version-history":[{"count":0,"href":"https:\/\/andreasimonetti.com.br\/blog\/wp-json\/wp\/v2\/posts\/7182\/revisions"}],"wp:attachment":[{"href":"https:\/\/andreasimonetti.com.br\/blog\/wp-json\/wp\/v2\/media?parent=7182"}],"wp:term":[{"taxonomy":"category","embeddable":true,"href":"https:\/\/andreasimonetti.com.br\/blog\/wp-json\/wp\/v2\/categories?post=7182"},{"taxonomy":"post_tag","embeddable":true,"href":"https:\/\/andreasimonetti.com.br\/blog\/wp-json\/wp\/v2\/tags?post=7182"}],"curies":[{"name":"wp","href":"https:\/\/api.w.org\/{rel}","templated":true}]}}