{"id":7155,"date":"2013-07-31T11:53:13","date_gmt":"2013-07-31T14:53:13","guid":{"rendered":"http:\/\/blogdaandreasimonetti.com.br\/?p=7155"},"modified":"2015-03-25T12:08:28","modified_gmt":"2015-03-25T15:08:28","slug":"adorei-o-curso-de-personal-stylist-com-a-titta-aguiar","status":"publish","type":"post","link":"https:\/\/andreasimonetti.com.br\/blog\/adorei-o-curso-de-personal-stylist-com-a-titta-aguiar\/","title":{"rendered":"Adorei o curso de Personal Stylist com a Titta Aguiar !"},"content":{"rendered":"<p>Passei um fim de semana maravilhoso reciclando conhecimentos e aprendendo mais sobre moda ao lado de pessoas incr\u00edveis! Em S\u00e3o Paulo eu participei de um curso intensivo com a <a href=\"http:\/\/www.tittaguiar.com.br\/\">Titta Aguiar<\/a>, uma das mais respeitadas Personal Stylist do Brasil. Foi uma imers\u00e3o nas t\u00e9cnicas que permitem transformar n\u00e3o apenas o guarda roupa e o visual de uma pessoa, mas tamb\u00e9m ajud\u00e1-la \u00e0 descobrir e refor\u00e7ar os seus pontos fortes, o que contribui para uma postura mais confiante diante de uma sociedade muito exigente. Empresas de diversos segmentos buscam a ajuda desse profissional para aprimorar a imagem e o desempenho de suas equipes. A moda \u00e9 transformadora, e ocupa cada vez mais espa\u00e7o !<\/p>\n<div id=\"attachment_7157\" style=\"width: 1642px\" class=\"wp-caption alignleft\"><img loading=\"lazy\" decoding=\"async\" aria-describedby=\"caption-attachment-7157\" class=\"size-full wp-image-7157\" alt=\"foto 2\" src=\"http:\/\/blogdaandreasimonetti.com.br\/wp-content\/uploads\/2013\/07\/foto-2.jpg\" width=\"1632\" height=\"1224\" srcset=\"https:\/\/andreasimonetti.com.br\/blog\/wp-content\/uploads\/2013\/07\/foto-2.jpg 1632w, https:\/\/andreasimonetti.com.br\/blog\/wp-content\/uploads\/2013\/07\/foto-2-300x225.jpg 300w, https:\/\/andreasimonetti.com.br\/blog\/wp-content\/uploads\/2013\/07\/foto-2-1024x768.jpg 1024w\" sizes=\"auto, (max-width: 1632px) 100vw, 1632px\" \/><p id=\"caption-attachment-7157\" class=\"wp-caption-text\">Eu, Titta Aguiar, Bruna , Natacha, Nat\u00e1lia, Veruska e Deise<\/p><\/div>\n","protected":false},"excerpt":{"rendered":"<p>Passei um fim de semana maravilhoso reciclando conhecimentos e aprendendo mais sobre moda ao lado de pessoas incr\u00edveis! Em S\u00e3o Paulo eu participei de um curso intensivo com a Titta&hellip;<\/p>\n","protected":false},"author":7,"featured_media":0,"comment_status":"open","ping_status":"open","sticky":false,"template":"","format":"standard","meta":{"_monsterinsights_skip_tracking":false,"_monsterinsights_sitenote_active":false,"_monsterinsights_sitenote_note":"","_monsterinsights_sitenote_category":0,"footnotes":""},"categories":[3],"tags":[1035,1034,435],"class_list":["post-7155","post","type-post","status-publish","format-standard","hentry","category-moda","tag-imagem","tag-personal-stylist","tag-titta-aguiar"],"yoast_head":"<!-- This site is optimized with the Yoast SEO plugin v26.3 - https:\/\/yoast.com\/wordpress\/plugins\/seo\/ -->\n<title>Adorei o curso de Personal Stylist com a Titta Aguiar ! - Andrea Simonetti<\/title>\n<meta name=\"robots\" content=\"index, follow, max-snippet:-1, max-image-preview:large, max-video-preview:-1\" \/>\n<link rel=\"canonical\" href=\"https:\/\/andreasimonetti.com.br\/blog\/adorei-o-curso-de-personal-stylist-com-a-titta-aguiar\/\" \/>\n<meta property=\"og:locale\" content=\"pt_BR\" \/>\n<meta property=\"og:type\" content=\"article\" \/>\n<meta property=\"og:title\" content=\"Adorei o curso de Personal Stylist com a Titta Aguiar ! - Andrea Simonetti\" \/>\n<meta property=\"og:description\" content=\"Passei um fim de semana maravilhoso reciclando conhecimentos e aprendendo mais sobre moda ao lado de pessoas incr\u00edveis! Em S\u00e3o Paulo eu participei de um curso intensivo com a Titta&hellip;\" \/>\n<meta property=\"og:url\" content=\"https:\/\/andreasimonetti.com.br\/blog\/adorei-o-curso-de-personal-stylist-com-a-titta-aguiar\/\" \/>\n<meta property=\"og:site_name\" content=\"Andrea Simonetti\" \/>\n<meta property=\"article:publisher\" content=\"https:\/\/www.facebook.com\/blogdaandreasimonetti\/\" \/>\n<meta property=\"article:author\" content=\"https:\/\/www.facebook.com\/blogdaandreasimonetti\/\" \/>\n<meta property=\"article:published_time\" content=\"2013-07-31T14:53:13+00:00\" \/>\n<meta property=\"article:modified_time\" content=\"2015-03-25T15:08:28+00:00\" \/>\n<meta property=\"og:image\" content=\"https:\/\/andreasimonetti.com.br\/blog\/wp-content\/uploads\/2013\/07\/foto-2.jpg\" \/>\n\t<meta property=\"og:image:width\" content=\"1632\" \/>\n\t<meta property=\"og:image:height\" content=\"1224\" \/>\n\t<meta property=\"og:image:type\" content=\"image\/jpeg\" \/>\n<meta name=\"author\" content=\"Andrea Simonetti\" \/>\n<meta name=\"twitter:card\" content=\"summary_large_image\" \/>\n<meta name=\"twitter:creator\" content=\"@https:\/\/twitter.com\/Andrea_Simoneti\" \/>\n<meta name=\"twitter:site\" content=\"@Andrea_Simoneti\" \/>\n<meta name=\"twitter:label1\" content=\"Escrito por\" \/>\n\t<meta name=\"twitter:data1\" content=\"Andrea Simonetti\" \/>\n\t<meta name=\"twitter:label2\" content=\"Est. tempo de leitura\" \/>\n\t<meta name=\"twitter:data2\" content=\"1 minuto\" \/>\n<!-- \/ Yoast SEO plugin. -->","yoast_head_json":{"title":"Adorei o curso de Personal Stylist com a Titta Aguiar ! - Andrea Simonetti","robots":{"index":"index","follow":"follow","max-snippet":"max-snippet:-1","max-image-preview":"max-image-preview:large","max-video-preview":"max-video-preview:-1"},"canonical":"https:\/\/andreasimonetti.com.br\/blog\/adorei-o-curso-de-personal-stylist-com-a-titta-aguiar\/","og_locale":"pt_BR","og_type":"article","og_title":"Adorei o curso de Personal Stylist com a Titta Aguiar ! - Andrea Simonetti","og_description":"Passei um fim de semana maravilhoso reciclando conhecimentos e aprendendo mais sobre moda ao lado de pessoas incr\u00edveis! Em S\u00e3o Paulo eu participei de um curso intensivo com a Titta&hellip;","og_url":"https:\/\/andreasimonetti.com.br\/blog\/adorei-o-curso-de-personal-stylist-com-a-titta-aguiar\/","og_site_name":"Andrea Simonetti","article_publisher":"https:\/\/www.facebook.com\/blogdaandreasimonetti\/","article_author":"https:\/\/www.facebook.com\/blogdaandreasimonetti\/","article_published_time":"2013-07-31T14:53:13+00:00","article_modified_time":"2015-03-25T15:08:28+00:00","og_image":[{"width":1632,"height":1224,"url":"https:\/\/andreasimonetti.com.br\/blog\/wp-content\/uploads\/2013\/07\/foto-2.jpg","type":"image\/jpeg"}],"author":"Andrea Simonetti","twitter_card":"summary_large_image","twitter_creator":"@https:\/\/twitter.com\/Andrea_Simoneti","twitter_site":"@Andrea_Simoneti","twitter_misc":{"Escrito por":"Andrea Simonetti","Est. tempo de leitura":"1 minuto"},"schema":{"@context":"https:\/\/schema.org","@graph":[{"@type":"WebPage","@id":"https:\/\/andreasimonetti.com.br\/blog\/adorei-o-curso-de-personal-stylist-com-a-titta-aguiar\/","url":"https:\/\/andreasimonetti.com.br\/blog\/adorei-o-curso-de-personal-stylist-com-a-titta-aguiar\/","name":"Adorei o curso de Personal Stylist com a Titta Aguiar ! - Andrea Simonetti","isPartOf":{"@id":"https:\/\/andreasimonetti.com.br\/blog\/#website"},"primaryImageOfPage":{"@id":"https:\/\/andreasimonetti.com.br\/blog\/adorei-o-curso-de-personal-stylist-com-a-titta-aguiar\/#primaryimage"},"image":{"@id":"https:\/\/andreasimonetti.com.br\/blog\/adorei-o-curso-de-personal-stylist-com-a-titta-aguiar\/#primaryimage"},"thumbnailUrl":"http:\/\/blogdaandreasimonetti.com.br\/wp-content\/uploads\/2013\/07\/foto-2.jpg","datePublished":"2013-07-31T14:53:13+00:00","dateModified":"2015-03-25T15:08:28+00:00","author":{"@id":"https:\/\/andreasimonetti.com.br\/blog\/#\/schema\/person\/254f763c24ac288e27ea738a7366ad2a"},"breadcrumb":{"@id":"https:\/\/andreasimonetti.com.br\/blog\/adorei-o-curso-de-personal-stylist-com-a-titta-aguiar\/#breadcrumb"},"inLanguage":"pt-BR","potentialAction":[{"@type":"ReadAction","target":["https:\/\/andreasimonetti.com.br\/blog\/adorei-o-curso-de-personal-stylist-com-a-titta-aguiar\/"]}]},{"@type":"ImageObject","inLanguage":"pt-BR","@id":"https:\/\/andreasimonetti.com.br\/blog\/adorei-o-curso-de-personal-stylist-com-a-titta-aguiar\/#primaryimage","url":"http:\/\/blogdaandreasimonetti.com.br\/wp-content\/uploads\/2013\/07\/foto-2.jpg","contentUrl":"http:\/\/blogdaandreasimonetti.com.br\/wp-content\/uploads\/2013\/07\/foto-2.jpg"},{"@type":"BreadcrumbList","@id":"https:\/\/andreasimonetti.com.br\/blog\/adorei-o-curso-de-personal-stylist-com-a-titta-aguiar\/#breadcrumb","itemListElement":[{"@type":"ListItem","position":1,"name":"In\u00edcio","item":"https:\/\/andreasimonetti.com.br\/blog\/"},{"@type":"ListItem","position":2,"name":"Adorei o curso de Personal Stylist com a Titta Aguiar !"}]},{"@type":"WebSite","@id":"https:\/\/andreasimonetti.com.br\/blog\/#website","url":"https:\/\/andreasimonetti.com.br\/blog\/","name":"Andrea Simonetti","description":"","potentialAction":[{"@type":"SearchAction","target":{"@type":"EntryPoint","urlTemplate":"https:\/\/andreasimonetti.com.br\/blog\/?s={search_term_string}"},"query-input":{"@type":"PropertyValueSpecification","valueRequired":true,"valueName":"search_term_string"}}],"inLanguage":"pt-BR"},{"@type":"Person","@id":"https:\/\/andreasimonetti.com.br\/blog\/#\/schema\/person\/254f763c24ac288e27ea738a7366ad2a","name":"Andrea Simonetti","image":{"@type":"ImageObject","inLanguage":"pt-BR","@id":"https:\/\/andreasimonetti.com.br\/blog\/#\/schema\/person\/image\/","url":"https:\/\/andreasimonetti.com.br\/blog\/wp-content\/uploads\/2018\/04\/andrea-simonetti-96x96.png","contentUrl":"https:\/\/andreasimonetti.com.br\/blog\/wp-content\/uploads\/2018\/04\/andrea-simonetti-96x96.png","caption":"Andrea Simonetti"},"description":"Sou formada em Administra\u00e7\u00e3o de Empresas, Produ\u00e7\u00e3o de Moda pelo SENAC e Consultoria de Estilo. Sou fascinada por moda desde sempre, adoro ver as pessoas produzidas e de bem com a vida. Moda \u00e9 o meu assunto preferido. Comecei meu blog em 2011, ele cresceu e hoje \u00e9 um site bem mais abrangente, onde eu falo sobre moda e meu trabalho de consultora de estilo. E falo tamb\u00e9m sobre a minha experi\u00eancia de vida. Mas antes de tudo, acredito num Deus Soberano que nos guia e aben\u00e7oa, o tempo todo!","sameAs":["https:\/\/www.andreasimonetti.com.br\/","https:\/\/www.facebook.com\/blogdaandreasimonetti\/","https:\/\/www.instagram.com\/andrea_simonetti\/","https:\/\/br.pinterest.com\/BlogAndrea\/","https:\/\/x.com\/https:\/\/twitter.com\/Andrea_Simoneti"],"url":"https:\/\/andreasimonetti.com.br\/blog\/author\/andrea\/"}]}},"_links":{"self":[{"href":"https:\/\/andreasimonetti.com.br\/blog\/wp-json\/wp\/v2\/posts\/7155","targetHints":{"allow":["GET"]}}],"collection":[{"href":"https:\/\/andreasimonetti.com.br\/blog\/wp-json\/wp\/v2\/posts"}],"about":[{"href":"https:\/\/andreasimonetti.com.br\/blog\/wp-json\/wp\/v2\/types\/post"}],"author":[{"embeddable":true,"href":"https:\/\/andreasimonetti.com.br\/blog\/wp-json\/wp\/v2\/users\/7"}],"replies":[{"embeddable":true,"href":"https:\/\/andreasimonetti.com.br\/blog\/wp-json\/wp\/v2\/comments?post=7155"}],"version-history":[{"count":0,"href":"https:\/\/andreasimonetti.com.br\/blog\/wp-json\/wp\/v2\/posts\/7155\/revisions"}],"wp:attachment":[{"href":"https:\/\/andreasimonetti.com.br\/blog\/wp-json\/wp\/v2\/media?parent=7155"}],"wp:term":[{"taxonomy":"category","embeddable":true,"href":"https:\/\/andreasimonetti.com.br\/blog\/wp-json\/wp\/v2\/categories?post=7155"},{"taxonomy":"post_tag","embeddable":true,"href":"https:\/\/andreasimonetti.com.br\/blog\/wp-json\/wp\/v2\/tags?post=7155"}],"curies":[{"name":"wp","href":"https:\/\/api.w.org\/{rel}","templated":true}]}}