{"id":6908,"date":"2013-07-22T10:24:39","date_gmt":"2013-07-22T13:24:39","guid":{"rendered":"http:\/\/blogdaandreasimonetti.com.br\/?p=6908"},"modified":"2018-05-25T08:48:30","modified_gmt":"2018-05-25T11:48:30","slug":"vamos-misturar-as-estampas","status":"publish","type":"post","link":"https:\/\/andreasimonetti.com.br\/blog\/vamos-misturar-as-estampas\/","title":{"rendered":"Vamos misturar as estampas !!"},"content":{"rendered":"<p>Por mais que a moda mude, o que n\u00e3o muda \u00e9 a presen\u00e7a das estampas em todos os ver\u00f5es. E quanto mais a tecnologia de impress\u00e3o evolui, mais a ind\u00fastria oferece possibilidades inimagin\u00e1veis de combina\u00e7\u00f5es. O resultado \u00e9 que muitas vezes ficamos sem saber ao certo se uma pe\u00e7a estampada vai bem com outra tamb\u00e9m estampada na elabora\u00e7\u00e3o de um look. A boa not\u00edcia \u00e9 : a ordem agora \u00e9 misturar as estampas ! Claro, \u00e9 preciso uma certa dose de bom gosto, e de bom senso. Por exemplo, listras e po\u00e1s combinam com outra pe\u00e7a que tenha grafismos mais contempor\u00e2neos. A Colcci brincou com o uso de estampas alternadas em seu desfile. A \u00c1gua de Coco uniu grafismos diferentes e surpreendeu com estampas de frutas tropicais. A Cavalera fez combina\u00e7\u00f5es coloridas. E voc\u00ea, vai misturar como as estampas no pr\u00f3ximo ver\u00e3o ? <\/p>\n<p><img loading=\"lazy\" decoding=\"async\" class=\"alignleft size-full wp-image-6909\" alt=\"Ver\u00e3o 2014\" src=\"http:\/\/blogdaandreasimonetti.com.br\/wp-content\/uploads\/2013\/07\/Ver\u00e3o-2014.jpg\" width=\"720\" height=\"1870\" srcset=\"https:\/\/andreasimonetti.com.br\/blog\/wp-content\/uploads\/2013\/07\/Ver\u00e3o-2014.jpg 720w, https:\/\/andreasimonetti.com.br\/blog\/wp-content\/uploads\/2013\/07\/Ver\u00e3o-2014-115x300.jpg 115w, https:\/\/andreasimonetti.com.br\/blog\/wp-content\/uploads\/2013\/07\/Ver\u00e3o-2014-394x1024.jpg 394w\" sizes=\"auto, (max-width: 720px) 100vw, 720px\" \/><\/p>\n","protected":false},"excerpt":{"rendered":"<p>Por mais que a moda mude, o que n\u00e3o muda \u00e9 a presen\u00e7a das estampas em todos os ver\u00f5es. E quanto mais a tecnologia de impress\u00e3o evolui, mais a ind\u00fastria&hellip;<\/p>\n","protected":false},"author":7,"featured_media":0,"comment_status":"open","ping_status":"open","sticky":false,"template":"","format":"standard","meta":{"_monsterinsights_skip_tracking":false,"_monsterinsights_sitenote_active":false,"_monsterinsights_sitenote_note":"","_monsterinsights_sitenote_category":0,"footnotes":""},"categories":[3],"tags":[763,484,995,996,573],"class_list":["post-6908","post","type-post","status-publish","format-standard","hentry","category-moda","tag-cavalera","tag-colcci","tag-estampas","tag-misturas","tag-verao"],"yoast_head":"<!-- This site is optimized with the Yoast SEO plugin v26.3 - https:\/\/yoast.com\/wordpress\/plugins\/seo\/ -->\n<title>Vamos misturar as estampas !! - Andrea Simonetti<\/title>\n<meta name=\"robots\" content=\"index, follow, max-snippet:-1, max-image-preview:large, max-video-preview:-1\" \/>\n<link rel=\"canonical\" href=\"https:\/\/andreasimonetti.com.br\/blog\/vamos-misturar-as-estampas\/\" \/>\n<meta property=\"og:locale\" content=\"pt_BR\" \/>\n<meta property=\"og:type\" content=\"article\" \/>\n<meta property=\"og:title\" content=\"Vamos misturar as estampas !! - Andrea Simonetti\" \/>\n<meta property=\"og:description\" content=\"Por mais que a moda mude, o que n\u00e3o muda \u00e9 a presen\u00e7a das estampas em todos os ver\u00f5es. E quanto mais a tecnologia de impress\u00e3o evolui, mais a ind\u00fastria&hellip;\" \/>\n<meta property=\"og:url\" content=\"https:\/\/andreasimonetti.com.br\/blog\/vamos-misturar-as-estampas\/\" \/>\n<meta property=\"og:site_name\" content=\"Andrea Simonetti\" \/>\n<meta property=\"article:publisher\" content=\"https:\/\/www.facebook.com\/blogdaandreasimonetti\/\" \/>\n<meta property=\"article:author\" content=\"https:\/\/www.facebook.com\/blogdaandreasimonetti\/\" \/>\n<meta property=\"article:published_time\" content=\"2013-07-22T13:24:39+00:00\" \/>\n<meta property=\"article:modified_time\" content=\"2018-05-25T11:48:30+00:00\" \/>\n<meta name=\"author\" content=\"Andrea Simonetti\" \/>\n<meta name=\"twitter:card\" content=\"summary_large_image\" \/>\n<meta name=\"twitter:creator\" content=\"@https:\/\/twitter.com\/Andrea_Simoneti\" \/>\n<meta name=\"twitter:site\" content=\"@Andrea_Simoneti\" \/>\n<meta name=\"twitter:label1\" content=\"Escrito por\" \/>\n\t<meta name=\"twitter:data1\" content=\"Andrea Simonetti\" \/>\n\t<meta name=\"twitter:label2\" content=\"Est. tempo de leitura\" \/>\n\t<meta name=\"twitter:data2\" content=\"1 minuto\" \/>\n<!-- \/ Yoast SEO plugin. -->","yoast_head_json":{"title":"Vamos misturar as estampas !! - Andrea Simonetti","robots":{"index":"index","follow":"follow","max-snippet":"max-snippet:-1","max-image-preview":"max-image-preview:large","max-video-preview":"max-video-preview:-1"},"canonical":"https:\/\/andreasimonetti.com.br\/blog\/vamos-misturar-as-estampas\/","og_locale":"pt_BR","og_type":"article","og_title":"Vamos misturar as estampas !! - Andrea Simonetti","og_description":"Por mais que a moda mude, o que n\u00e3o muda \u00e9 a presen\u00e7a das estampas em todos os ver\u00f5es. E quanto mais a tecnologia de impress\u00e3o evolui, mais a ind\u00fastria&hellip;","og_url":"https:\/\/andreasimonetti.com.br\/blog\/vamos-misturar-as-estampas\/","og_site_name":"Andrea Simonetti","article_publisher":"https:\/\/www.facebook.com\/blogdaandreasimonetti\/","article_author":"https:\/\/www.facebook.com\/blogdaandreasimonetti\/","article_published_time":"2013-07-22T13:24:39+00:00","article_modified_time":"2018-05-25T11:48:30+00:00","author":"Andrea Simonetti","twitter_card":"summary_large_image","twitter_creator":"@https:\/\/twitter.com\/Andrea_Simoneti","twitter_site":"@Andrea_Simoneti","twitter_misc":{"Escrito por":"Andrea Simonetti","Est. tempo de leitura":"1 minuto"},"schema":{"@context":"https:\/\/schema.org","@graph":[{"@type":"WebPage","@id":"https:\/\/andreasimonetti.com.br\/blog\/vamos-misturar-as-estampas\/","url":"https:\/\/andreasimonetti.com.br\/blog\/vamos-misturar-as-estampas\/","name":"Vamos misturar as estampas !! - Andrea Simonetti","isPartOf":{"@id":"https:\/\/andreasimonetti.com.br\/blog\/#website"},"datePublished":"2013-07-22T13:24:39+00:00","dateModified":"2018-05-25T11:48:30+00:00","author":{"@id":"https:\/\/andreasimonetti.com.br\/blog\/#\/schema\/person\/254f763c24ac288e27ea738a7366ad2a"},"breadcrumb":{"@id":"https:\/\/andreasimonetti.com.br\/blog\/vamos-misturar-as-estampas\/#breadcrumb"},"inLanguage":"pt-BR","potentialAction":[{"@type":"ReadAction","target":["https:\/\/andreasimonetti.com.br\/blog\/vamos-misturar-as-estampas\/"]}]},{"@type":"BreadcrumbList","@id":"https:\/\/andreasimonetti.com.br\/blog\/vamos-misturar-as-estampas\/#breadcrumb","itemListElement":[{"@type":"ListItem","position":1,"name":"In\u00edcio","item":"https:\/\/andreasimonetti.com.br\/blog\/"},{"@type":"ListItem","position":2,"name":"Vamos misturar as estampas !!"}]},{"@type":"WebSite","@id":"https:\/\/andreasimonetti.com.br\/blog\/#website","url":"https:\/\/andreasimonetti.com.br\/blog\/","name":"Andrea Simonetti","description":"","potentialAction":[{"@type":"SearchAction","target":{"@type":"EntryPoint","urlTemplate":"https:\/\/andreasimonetti.com.br\/blog\/?s={search_term_string}"},"query-input":{"@type":"PropertyValueSpecification","valueRequired":true,"valueName":"search_term_string"}}],"inLanguage":"pt-BR"},{"@type":"Person","@id":"https:\/\/andreasimonetti.com.br\/blog\/#\/schema\/person\/254f763c24ac288e27ea738a7366ad2a","name":"Andrea Simonetti","image":{"@type":"ImageObject","inLanguage":"pt-BR","@id":"https:\/\/andreasimonetti.com.br\/blog\/#\/schema\/person\/image\/","url":"https:\/\/andreasimonetti.com.br\/blog\/wp-content\/uploads\/2018\/04\/andrea-simonetti-96x96.png","contentUrl":"https:\/\/andreasimonetti.com.br\/blog\/wp-content\/uploads\/2018\/04\/andrea-simonetti-96x96.png","caption":"Andrea Simonetti"},"description":"Sou formada em Administra\u00e7\u00e3o de Empresas, Produ\u00e7\u00e3o de Moda pelo SENAC e Consultoria de Estilo. Sou fascinada por moda desde sempre, adoro ver as pessoas produzidas e de bem com a vida. Moda \u00e9 o meu assunto preferido. Comecei meu blog em 2011, ele cresceu e hoje \u00e9 um site bem mais abrangente, onde eu falo sobre moda e meu trabalho de consultora de estilo. E falo tamb\u00e9m sobre a minha experi\u00eancia de vida. Mas antes de tudo, acredito num Deus Soberano que nos guia e aben\u00e7oa, o tempo todo!","sameAs":["https:\/\/www.andreasimonetti.com.br\/","https:\/\/www.facebook.com\/blogdaandreasimonetti\/","https:\/\/www.instagram.com\/andrea_simonetti\/","https:\/\/br.pinterest.com\/BlogAndrea\/","https:\/\/x.com\/https:\/\/twitter.com\/Andrea_Simoneti"],"url":"https:\/\/andreasimonetti.com.br\/blog\/author\/andrea\/"}]}},"_links":{"self":[{"href":"https:\/\/andreasimonetti.com.br\/blog\/wp-json\/wp\/v2\/posts\/6908","targetHints":{"allow":["GET"]}}],"collection":[{"href":"https:\/\/andreasimonetti.com.br\/blog\/wp-json\/wp\/v2\/posts"}],"about":[{"href":"https:\/\/andreasimonetti.com.br\/blog\/wp-json\/wp\/v2\/types\/post"}],"author":[{"embeddable":true,"href":"https:\/\/andreasimonetti.com.br\/blog\/wp-json\/wp\/v2\/users\/7"}],"replies":[{"embeddable":true,"href":"https:\/\/andreasimonetti.com.br\/blog\/wp-json\/wp\/v2\/comments?post=6908"}],"version-history":[{"count":0,"href":"https:\/\/andreasimonetti.com.br\/blog\/wp-json\/wp\/v2\/posts\/6908\/revisions"}],"wp:attachment":[{"href":"https:\/\/andreasimonetti.com.br\/blog\/wp-json\/wp\/v2\/media?parent=6908"}],"wp:term":[{"taxonomy":"category","embeddable":true,"href":"https:\/\/andreasimonetti.com.br\/blog\/wp-json\/wp\/v2\/categories?post=6908"},{"taxonomy":"post_tag","embeddable":true,"href":"https:\/\/andreasimonetti.com.br\/blog\/wp-json\/wp\/v2\/tags?post=6908"}],"curies":[{"name":"wp","href":"https:\/\/api.w.org\/{rel}","templated":true}]}}