{"id":6833,"date":"2013-07-10T14:41:36","date_gmt":"2013-07-10T17:41:36","guid":{"rendered":"http:\/\/blogdaandreasimonetti.com.br\/?p=6833"},"modified":"2018-05-25T08:48:31","modified_gmt":"2018-05-25T11:48:31","slug":"as-novidades-da-converse-para-o-verao-20132014","status":"publish","type":"post","link":"https:\/\/andreasimonetti.com.br\/blog\/as-novidades-da-converse-para-o-verao-20132014\/","title":{"rendered":"As novidades da Converse para o ver\u00e3o 2013\/2014"},"content":{"rendered":"<p>A Converse apresentou a nova cole\u00e7\u00e3o Rock Craftsmanship, que homenageia o esp\u00edrito rebelde e libert\u00e1rio do rock. Os modelos s\u00e3o adornados com pregos, rebites e z\u00edperes em ouro e prata. Aspecto envelhecido, bordas desgastadas e estampas inusitadas fazem o ritmo da nova cole\u00e7\u00e3o. Selecionei os modelos que considero mais rock style.<\/p>\n<p><img loading=\"lazy\" decoding=\"async\" class=\"alignleft size-full wp-image-6837\" alt=\"CONVERSE 2013 CHUCK TAYLOR\" src=\"http:\/\/blogdaandreasimonetti.com.br\/wp-content\/uploads\/2013\/07\/CONVERSE-2013-CHUCK-TAYLOR.jpg\" width=\"1024\" height=\"682\" srcset=\"https:\/\/andreasimonetti.com.br\/blog\/wp-content\/uploads\/2013\/07\/CONVERSE-2013-CHUCK-TAYLOR.jpg 1024w, https:\/\/andreasimonetti.com.br\/blog\/wp-content\/uploads\/2013\/07\/CONVERSE-2013-CHUCK-TAYLOR-300x199.jpg 300w\" sizes=\"auto, (max-width: 1024px) 100vw, 1024px\" \/><\/p>\n<p><img loading=\"lazy\" decoding=\"async\" src=\"http:\/\/blogdaandreasimonetti.com.br\/wp-content\/uploads\/2013\/07\/CONVERSE-2.jpg\" alt=\"CONVERSE 2\" width=\"1024\" height=\"682\" class=\"alignleft size-full wp-image-6839\" srcset=\"https:\/\/andreasimonetti.com.br\/blog\/wp-content\/uploads\/2013\/07\/CONVERSE-2.jpg 1024w, https:\/\/andreasimonetti.com.br\/blog\/wp-content\/uploads\/2013\/07\/CONVERSE-2-300x199.jpg 300w\" sizes=\"auto, (max-width: 1024px) 100vw, 1024px\" \/><\/p>\n<p><img loading=\"lazy\" decoding=\"async\" src=\"http:\/\/blogdaandreasimonetti.com.br\/wp-content\/uploads\/2013\/07\/CONVERSE-3.jpg\" alt=\"CONVERSE 3\" width=\"1024\" height=\"682\" class=\"alignleft size-full wp-image-6840\" srcset=\"https:\/\/andreasimonetti.com.br\/blog\/wp-content\/uploads\/2013\/07\/CONVERSE-3.jpg 1024w, https:\/\/andreasimonetti.com.br\/blog\/wp-content\/uploads\/2013\/07\/CONVERSE-3-300x199.jpg 300w\" sizes=\"auto, (max-width: 1024px) 100vw, 1024px\" \/><\/p>\n<p><img loading=\"lazy\" decoding=\"async\" src=\"http:\/\/blogdaandreasimonetti.com.br\/wp-content\/uploads\/2013\/07\/CONVERSE-4.jpg\" alt=\"CONVERSE 4\" width=\"1024\" height=\"682\" class=\"alignleft size-full wp-image-6841\" srcset=\"https:\/\/andreasimonetti.com.br\/blog\/wp-content\/uploads\/2013\/07\/CONVERSE-4.jpg 1024w, https:\/\/andreasimonetti.com.br\/blog\/wp-content\/uploads\/2013\/07\/CONVERSE-4-300x199.jpg 300w\" sizes=\"auto, (max-width: 1024px) 100vw, 1024px\" \/><\/p>\n<p><img loading=\"lazy\" decoding=\"async\" src=\"http:\/\/blogdaandreasimonetti.com.br\/wp-content\/uploads\/2013\/07\/CONVERSE-5.jpg\" alt=\"CONVERSE 5\" width=\"1024\" height=\"682\" class=\"alignleft size-full wp-image-6842\" srcset=\"https:\/\/andreasimonetti.com.br\/blog\/wp-content\/uploads\/2013\/07\/CONVERSE-5.jpg 1024w, https:\/\/andreasimonetti.com.br\/blog\/wp-content\/uploads\/2013\/07\/CONVERSE-5-300x199.jpg 300w\" sizes=\"auto, (max-width: 1024px) 100vw, 1024px\" \/><\/p>\n","protected":false},"excerpt":{"rendered":"<p>A Converse apresentou a nova cole\u00e7\u00e3o Rock Craftsmanship, que homenageia o esp\u00edrito rebelde e libert\u00e1rio do rock. Os modelos s\u00e3o adornados com pregos, rebites e z\u00edperes em ouro e prata.&hellip;<\/p>\n","protected":false},"author":7,"featured_media":0,"comment_status":"closed","ping_status":"open","sticky":false,"template":"","format":"standard","meta":{"_monsterinsights_skip_tracking":false,"_monsterinsights_sitenote_active":false,"_monsterinsights_sitenote_note":"","_monsterinsights_sitenote_category":0,"footnotes":""},"categories":[3],"tags":[979,978,976,980,977,309],"class_list":["post-6833","post","type-post","status-publish","format-standard","hentry","category-moda","tag-979","tag-chuck-taylor","tag-converse","tag-converse-colecao-rock-craftsmanship","tag-rock-craftsmanship","tag-verao-2013"],"yoast_head":"<!-- This site is optimized with the Yoast SEO plugin v26.3 - https:\/\/yoast.com\/wordpress\/plugins\/seo\/ -->\n<title>As novidades da Converse para o ver\u00e3o 2013\/2014 - Andrea Simonetti<\/title>\n<meta name=\"robots\" content=\"index, follow, max-snippet:-1, max-image-preview:large, max-video-preview:-1\" \/>\n<link rel=\"canonical\" href=\"https:\/\/andreasimonetti.com.br\/blog\/as-novidades-da-converse-para-o-verao-20132014\/\" \/>\n<meta property=\"og:locale\" content=\"pt_BR\" \/>\n<meta property=\"og:type\" content=\"article\" \/>\n<meta property=\"og:title\" content=\"As novidades da Converse para o ver\u00e3o 2013\/2014 - Andrea Simonetti\" \/>\n<meta property=\"og:description\" content=\"A Converse apresentou a nova cole\u00e7\u00e3o Rock Craftsmanship, que homenageia o esp\u00edrito rebelde e libert\u00e1rio do rock. Os modelos s\u00e3o adornados com pregos, rebites e z\u00edperes em ouro e prata.&hellip;\" \/>\n<meta property=\"og:url\" content=\"https:\/\/andreasimonetti.com.br\/blog\/as-novidades-da-converse-para-o-verao-20132014\/\" \/>\n<meta property=\"og:site_name\" content=\"Andrea Simonetti\" \/>\n<meta property=\"article:publisher\" content=\"https:\/\/www.facebook.com\/blogdaandreasimonetti\/\" \/>\n<meta property=\"article:author\" content=\"https:\/\/www.facebook.com\/blogdaandreasimonetti\/\" \/>\n<meta property=\"article:published_time\" content=\"2013-07-10T17:41:36+00:00\" \/>\n<meta property=\"article:modified_time\" content=\"2018-05-25T11:48:31+00:00\" \/>\n<meta property=\"og:image\" content=\"http:\/\/blogdaandreasimonetti.com.br\/wp-content\/uploads\/2013\/07\/CONVERSE-2013-CHUCK-TAYLOR.jpg\" \/>\n<meta name=\"author\" content=\"Andrea Simonetti\" \/>\n<meta name=\"twitter:card\" content=\"summary_large_image\" \/>\n<meta name=\"twitter:creator\" content=\"@https:\/\/twitter.com\/Andrea_Simoneti\" \/>\n<meta name=\"twitter:site\" content=\"@Andrea_Simoneti\" \/>\n<meta name=\"twitter:label1\" content=\"Escrito por\" \/>\n\t<meta name=\"twitter:data1\" content=\"Andrea Simonetti\" \/>\n<!-- \/ Yoast SEO plugin. -->","yoast_head_json":{"title":"As novidades da Converse para o ver\u00e3o 2013\/2014 - Andrea Simonetti","robots":{"index":"index","follow":"follow","max-snippet":"max-snippet:-1","max-image-preview":"max-image-preview:large","max-video-preview":"max-video-preview:-1"},"canonical":"https:\/\/andreasimonetti.com.br\/blog\/as-novidades-da-converse-para-o-verao-20132014\/","og_locale":"pt_BR","og_type":"article","og_title":"As novidades da Converse para o ver\u00e3o 2013\/2014 - Andrea Simonetti","og_description":"A Converse apresentou a nova cole\u00e7\u00e3o Rock Craftsmanship, que homenageia o esp\u00edrito rebelde e libert\u00e1rio do rock. Os modelos s\u00e3o adornados com pregos, rebites e z\u00edperes em ouro e prata.&hellip;","og_url":"https:\/\/andreasimonetti.com.br\/blog\/as-novidades-da-converse-para-o-verao-20132014\/","og_site_name":"Andrea Simonetti","article_publisher":"https:\/\/www.facebook.com\/blogdaandreasimonetti\/","article_author":"https:\/\/www.facebook.com\/blogdaandreasimonetti\/","article_published_time":"2013-07-10T17:41:36+00:00","article_modified_time":"2018-05-25T11:48:31+00:00","og_image":[{"url":"http:\/\/blogdaandreasimonetti.com.br\/wp-content\/uploads\/2013\/07\/CONVERSE-2013-CHUCK-TAYLOR.jpg","type":"","width":"","height":""}],"author":"Andrea Simonetti","twitter_card":"summary_large_image","twitter_creator":"@https:\/\/twitter.com\/Andrea_Simoneti","twitter_site":"@Andrea_Simoneti","twitter_misc":{"Escrito por":"Andrea Simonetti"},"schema":{"@context":"https:\/\/schema.org","@graph":[{"@type":"WebPage","@id":"https:\/\/andreasimonetti.com.br\/blog\/as-novidades-da-converse-para-o-verao-20132014\/","url":"https:\/\/andreasimonetti.com.br\/blog\/as-novidades-da-converse-para-o-verao-20132014\/","name":"As novidades da Converse para o ver\u00e3o 2013\/2014 - Andrea Simonetti","isPartOf":{"@id":"https:\/\/andreasimonetti.com.br\/blog\/#website"},"primaryImageOfPage":{"@id":"https:\/\/andreasimonetti.com.br\/blog\/as-novidades-da-converse-para-o-verao-20132014\/#primaryimage"},"image":{"@id":"https:\/\/andreasimonetti.com.br\/blog\/as-novidades-da-converse-para-o-verao-20132014\/#primaryimage"},"thumbnailUrl":"http:\/\/blogdaandreasimonetti.com.br\/wp-content\/uploads\/2013\/07\/CONVERSE-2013-CHUCK-TAYLOR.jpg","datePublished":"2013-07-10T17:41:36+00:00","dateModified":"2018-05-25T11:48:31+00:00","author":{"@id":"https:\/\/andreasimonetti.com.br\/blog\/#\/schema\/person\/254f763c24ac288e27ea738a7366ad2a"},"breadcrumb":{"@id":"https:\/\/andreasimonetti.com.br\/blog\/as-novidades-da-converse-para-o-verao-20132014\/#breadcrumb"},"inLanguage":"pt-BR","potentialAction":[{"@type":"ReadAction","target":["https:\/\/andreasimonetti.com.br\/blog\/as-novidades-da-converse-para-o-verao-20132014\/"]}]},{"@type":"ImageObject","inLanguage":"pt-BR","@id":"https:\/\/andreasimonetti.com.br\/blog\/as-novidades-da-converse-para-o-verao-20132014\/#primaryimage","url":"http:\/\/blogdaandreasimonetti.com.br\/wp-content\/uploads\/2013\/07\/CONVERSE-2013-CHUCK-TAYLOR.jpg","contentUrl":"http:\/\/blogdaandreasimonetti.com.br\/wp-content\/uploads\/2013\/07\/CONVERSE-2013-CHUCK-TAYLOR.jpg"},{"@type":"BreadcrumbList","@id":"https:\/\/andreasimonetti.com.br\/blog\/as-novidades-da-converse-para-o-verao-20132014\/#breadcrumb","itemListElement":[{"@type":"ListItem","position":1,"name":"In\u00edcio","item":"https:\/\/andreasimonetti.com.br\/blog\/"},{"@type":"ListItem","position":2,"name":"As novidades da Converse para o ver\u00e3o 2013\/2014"}]},{"@type":"WebSite","@id":"https:\/\/andreasimonetti.com.br\/blog\/#website","url":"https:\/\/andreasimonetti.com.br\/blog\/","name":"Andrea Simonetti","description":"","potentialAction":[{"@type":"SearchAction","target":{"@type":"EntryPoint","urlTemplate":"https:\/\/andreasimonetti.com.br\/blog\/?s={search_term_string}"},"query-input":{"@type":"PropertyValueSpecification","valueRequired":true,"valueName":"search_term_string"}}],"inLanguage":"pt-BR"},{"@type":"Person","@id":"https:\/\/andreasimonetti.com.br\/blog\/#\/schema\/person\/254f763c24ac288e27ea738a7366ad2a","name":"Andrea Simonetti","image":{"@type":"ImageObject","inLanguage":"pt-BR","@id":"https:\/\/andreasimonetti.com.br\/blog\/#\/schema\/person\/image\/","url":"https:\/\/andreasimonetti.com.br\/blog\/wp-content\/uploads\/2018\/04\/andrea-simonetti-96x96.png","contentUrl":"https:\/\/andreasimonetti.com.br\/blog\/wp-content\/uploads\/2018\/04\/andrea-simonetti-96x96.png","caption":"Andrea Simonetti"},"description":"Sou formada em Administra\u00e7\u00e3o de Empresas, Produ\u00e7\u00e3o de Moda pelo SENAC e Consultoria de Estilo. Sou fascinada por moda desde sempre, adoro ver as pessoas produzidas e de bem com a vida. Moda \u00e9 o meu assunto preferido. Comecei meu blog em 2011, ele cresceu e hoje \u00e9 um site bem mais abrangente, onde eu falo sobre moda e meu trabalho de consultora de estilo. E falo tamb\u00e9m sobre a minha experi\u00eancia de vida. Mas antes de tudo, acredito num Deus Soberano que nos guia e aben\u00e7oa, o tempo todo!","sameAs":["https:\/\/www.andreasimonetti.com.br\/","https:\/\/www.facebook.com\/blogdaandreasimonetti\/","https:\/\/www.instagram.com\/andrea_simonetti\/","https:\/\/br.pinterest.com\/BlogAndrea\/","https:\/\/x.com\/https:\/\/twitter.com\/Andrea_Simoneti"],"url":"https:\/\/andreasimonetti.com.br\/blog\/author\/andrea\/"}]}},"_links":{"self":[{"href":"https:\/\/andreasimonetti.com.br\/blog\/wp-json\/wp\/v2\/posts\/6833","targetHints":{"allow":["GET"]}}],"collection":[{"href":"https:\/\/andreasimonetti.com.br\/blog\/wp-json\/wp\/v2\/posts"}],"about":[{"href":"https:\/\/andreasimonetti.com.br\/blog\/wp-json\/wp\/v2\/types\/post"}],"author":[{"embeddable":true,"href":"https:\/\/andreasimonetti.com.br\/blog\/wp-json\/wp\/v2\/users\/7"}],"replies":[{"embeddable":true,"href":"https:\/\/andreasimonetti.com.br\/blog\/wp-json\/wp\/v2\/comments?post=6833"}],"version-history":[{"count":0,"href":"https:\/\/andreasimonetti.com.br\/blog\/wp-json\/wp\/v2\/posts\/6833\/revisions"}],"wp:attachment":[{"href":"https:\/\/andreasimonetti.com.br\/blog\/wp-json\/wp\/v2\/media?parent=6833"}],"wp:term":[{"taxonomy":"category","embeddable":true,"href":"https:\/\/andreasimonetti.com.br\/blog\/wp-json\/wp\/v2\/categories?post=6833"},{"taxonomy":"post_tag","embeddable":true,"href":"https:\/\/andreasimonetti.com.br\/blog\/wp-json\/wp\/v2\/tags?post=6833"}],"curies":[{"name":"wp","href":"https:\/\/api.w.org\/{rel}","templated":true}]}}