{"id":6544,"date":"2013-06-17T19:00:12","date_gmt":"2013-06-17T22:00:12","guid":{"rendered":"http:\/\/blogdaandreasimonetti.com.br\/?p=6544"},"modified":"2018-05-25T08:53:25","modified_gmt":"2018-05-25T11:53:25","slug":"carlos-brusman-faz-festa-em-bauru","status":"publish","type":"post","link":"https:\/\/andreasimonetti.com.br\/blog\/carlos-brusman-faz-festa-em-bauru\/","title":{"rendered":"Carlos Brusman faz festa em Bauru"},"content":{"rendered":"<p>A loja <strong>Carlos Brusman<\/strong> reuniu convidados no Sampa Bar para comemorar o sucesso na cidade e marcar o patroc\u00ednio ao torneio de golfe que aconteceu no fim de semana no Bauru Golf Clube. A Graciane Bulsonaro que \u00e9 diretora da grife, me falou que essa foi a primeira das muitas a\u00e7\u00f5es programadas com o objetivo de &#8216;dialogar&#8217; com os atuais e futuros consumidores da marca, \u00a0conhecendo melhor o perfil do homem bauruense que gosta de vestir uma roupa bem bacana, seja qual for a ocasi\u00e3o. Ent\u00e3o, que venham as pr\u00f3ximas festas !!<\/p>\n<p><img loading=\"lazy\" decoding=\"async\" src=\"http:\/\/blogdaandreasimonetti.com.br\/wp-content\/uploads\/2013\/06\/Sampa1.jpg\" alt=\"Sampa\" width=\"720\" height=\"3000\" class=\"aligncenter size-full wp-image-6571\" srcset=\"https:\/\/andreasimonetti.com.br\/blog\/wp-content\/uploads\/2013\/06\/Sampa1.jpg 720w, https:\/\/andreasimonetti.com.br\/blog\/wp-content\/uploads\/2013\/06\/Sampa1-72x300.jpg 72w\" sizes=\"auto, (max-width: 720px) 100vw, 720px\" \/><\/p>\n","protected":false},"excerpt":{"rendered":"<p>A loja Carlos Brusman reuniu convidados no Sampa Bar para comemorar o sucesso na cidade e marcar o patroc\u00ednio ao torneio de golfe que aconteceu no fim de semana no&hellip;<\/p>\n","protected":false},"author":7,"featured_media":0,"comment_status":"open","ping_status":"open","sticky":false,"template":"","format":"standard","meta":{"_monsterinsights_skip_tracking":false,"_monsterinsights_sitenote_active":false,"_monsterinsights_sitenote_note":"","_monsterinsights_sitenote_category":0,"footnotes":""},"categories":[1508,3],"tags":[505,905,700,906,907],"class_list":["post-6544","post","type-post","status-publish","format-standard","hentry","category-destaque","category-moda","tag-bauru","tag-bauru-golf-clube","tag-carlos-brusman","tag-graciane-bulsonaro","tag-sampa-bar"],"yoast_head":"<!-- This site is optimized with the Yoast SEO plugin v26.3 - https:\/\/yoast.com\/wordpress\/plugins\/seo\/ -->\n<title>Carlos Brusman faz festa em Bauru - Andrea Simonetti<\/title>\n<meta name=\"robots\" content=\"index, follow, max-snippet:-1, max-image-preview:large, max-video-preview:-1\" \/>\n<link rel=\"canonical\" href=\"https:\/\/andreasimonetti.com.br\/blog\/carlos-brusman-faz-festa-em-bauru\/\" \/>\n<meta property=\"og:locale\" content=\"pt_BR\" \/>\n<meta property=\"og:type\" content=\"article\" \/>\n<meta property=\"og:title\" content=\"Carlos Brusman faz festa em Bauru - Andrea Simonetti\" \/>\n<meta property=\"og:description\" content=\"A loja Carlos Brusman reuniu convidados no Sampa Bar para comemorar o sucesso na cidade e marcar o patroc\u00ednio ao torneio de golfe que aconteceu no fim de semana no&hellip;\" \/>\n<meta property=\"og:url\" content=\"https:\/\/andreasimonetti.com.br\/blog\/carlos-brusman-faz-festa-em-bauru\/\" \/>\n<meta property=\"og:site_name\" content=\"Andrea Simonetti\" \/>\n<meta property=\"article:publisher\" content=\"https:\/\/www.facebook.com\/blogdaandreasimonetti\/\" \/>\n<meta property=\"article:author\" content=\"https:\/\/www.facebook.com\/blogdaandreasimonetti\/\" \/>\n<meta property=\"article:published_time\" content=\"2013-06-17T22:00:12+00:00\" \/>\n<meta property=\"article:modified_time\" content=\"2018-05-25T11:53:25+00:00\" \/>\n<meta property=\"og:image\" content=\"http:\/\/blogdaandreasimonetti.com.br\/wp-content\/uploads\/2013\/06\/Sampa1.jpg\" \/>\n<meta name=\"author\" content=\"Andrea Simonetti\" \/>\n<meta name=\"twitter:card\" content=\"summary_large_image\" \/>\n<meta name=\"twitter:creator\" content=\"@https:\/\/twitter.com\/Andrea_Simoneti\" \/>\n<meta name=\"twitter:site\" content=\"@Andrea_Simoneti\" \/>\n<meta name=\"twitter:label1\" content=\"Escrito por\" \/>\n\t<meta name=\"twitter:data1\" content=\"Andrea Simonetti\" \/>\n<!-- \/ Yoast SEO plugin. -->","yoast_head_json":{"title":"Carlos Brusman faz festa em Bauru - Andrea Simonetti","robots":{"index":"index","follow":"follow","max-snippet":"max-snippet:-1","max-image-preview":"max-image-preview:large","max-video-preview":"max-video-preview:-1"},"canonical":"https:\/\/andreasimonetti.com.br\/blog\/carlos-brusman-faz-festa-em-bauru\/","og_locale":"pt_BR","og_type":"article","og_title":"Carlos Brusman faz festa em Bauru - Andrea Simonetti","og_description":"A loja Carlos Brusman reuniu convidados no Sampa Bar para comemorar o sucesso na cidade e marcar o patroc\u00ednio ao torneio de golfe que aconteceu no fim de semana no&hellip;","og_url":"https:\/\/andreasimonetti.com.br\/blog\/carlos-brusman-faz-festa-em-bauru\/","og_site_name":"Andrea Simonetti","article_publisher":"https:\/\/www.facebook.com\/blogdaandreasimonetti\/","article_author":"https:\/\/www.facebook.com\/blogdaandreasimonetti\/","article_published_time":"2013-06-17T22:00:12+00:00","article_modified_time":"2018-05-25T11:53:25+00:00","og_image":[{"url":"http:\/\/blogdaandreasimonetti.com.br\/wp-content\/uploads\/2013\/06\/Sampa1.jpg","type":"","width":"","height":""}],"author":"Andrea Simonetti","twitter_card":"summary_large_image","twitter_creator":"@https:\/\/twitter.com\/Andrea_Simoneti","twitter_site":"@Andrea_Simoneti","twitter_misc":{"Escrito por":"Andrea Simonetti"},"schema":{"@context":"https:\/\/schema.org","@graph":[{"@type":"WebPage","@id":"https:\/\/andreasimonetti.com.br\/blog\/carlos-brusman-faz-festa-em-bauru\/","url":"https:\/\/andreasimonetti.com.br\/blog\/carlos-brusman-faz-festa-em-bauru\/","name":"Carlos Brusman faz festa em Bauru - Andrea Simonetti","isPartOf":{"@id":"https:\/\/andreasimonetti.com.br\/blog\/#website"},"primaryImageOfPage":{"@id":"https:\/\/andreasimonetti.com.br\/blog\/carlos-brusman-faz-festa-em-bauru\/#primaryimage"},"image":{"@id":"https:\/\/andreasimonetti.com.br\/blog\/carlos-brusman-faz-festa-em-bauru\/#primaryimage"},"thumbnailUrl":"http:\/\/blogdaandreasimonetti.com.br\/wp-content\/uploads\/2013\/06\/Sampa1.jpg","datePublished":"2013-06-17T22:00:12+00:00","dateModified":"2018-05-25T11:53:25+00:00","author":{"@id":"https:\/\/andreasimonetti.com.br\/blog\/#\/schema\/person\/254f763c24ac288e27ea738a7366ad2a"},"breadcrumb":{"@id":"https:\/\/andreasimonetti.com.br\/blog\/carlos-brusman-faz-festa-em-bauru\/#breadcrumb"},"inLanguage":"pt-BR","potentialAction":[{"@type":"ReadAction","target":["https:\/\/andreasimonetti.com.br\/blog\/carlos-brusman-faz-festa-em-bauru\/"]}]},{"@type":"ImageObject","inLanguage":"pt-BR","@id":"https:\/\/andreasimonetti.com.br\/blog\/carlos-brusman-faz-festa-em-bauru\/#primaryimage","url":"http:\/\/blogdaandreasimonetti.com.br\/wp-content\/uploads\/2013\/06\/Sampa1.jpg","contentUrl":"http:\/\/blogdaandreasimonetti.com.br\/wp-content\/uploads\/2013\/06\/Sampa1.jpg"},{"@type":"BreadcrumbList","@id":"https:\/\/andreasimonetti.com.br\/blog\/carlos-brusman-faz-festa-em-bauru\/#breadcrumb","itemListElement":[{"@type":"ListItem","position":1,"name":"In\u00edcio","item":"https:\/\/andreasimonetti.com.br\/blog\/"},{"@type":"ListItem","position":2,"name":"Carlos Brusman faz festa em Bauru"}]},{"@type":"WebSite","@id":"https:\/\/andreasimonetti.com.br\/blog\/#website","url":"https:\/\/andreasimonetti.com.br\/blog\/","name":"Andrea Simonetti","description":"","potentialAction":[{"@type":"SearchAction","target":{"@type":"EntryPoint","urlTemplate":"https:\/\/andreasimonetti.com.br\/blog\/?s={search_term_string}"},"query-input":{"@type":"PropertyValueSpecification","valueRequired":true,"valueName":"search_term_string"}}],"inLanguage":"pt-BR"},{"@type":"Person","@id":"https:\/\/andreasimonetti.com.br\/blog\/#\/schema\/person\/254f763c24ac288e27ea738a7366ad2a","name":"Andrea Simonetti","image":{"@type":"ImageObject","inLanguage":"pt-BR","@id":"https:\/\/andreasimonetti.com.br\/blog\/#\/schema\/person\/image\/","url":"https:\/\/andreasimonetti.com.br\/blog\/wp-content\/uploads\/2018\/04\/andrea-simonetti-96x96.png","contentUrl":"https:\/\/andreasimonetti.com.br\/blog\/wp-content\/uploads\/2018\/04\/andrea-simonetti-96x96.png","caption":"Andrea Simonetti"},"description":"Sou formada em Administra\u00e7\u00e3o de Empresas, Produ\u00e7\u00e3o de Moda pelo SENAC e Consultoria de Estilo. Sou fascinada por moda desde sempre, adoro ver as pessoas produzidas e de bem com a vida. Moda \u00e9 o meu assunto preferido. Comecei meu blog em 2011, ele cresceu e hoje \u00e9 um site bem mais abrangente, onde eu falo sobre moda e meu trabalho de consultora de estilo. E falo tamb\u00e9m sobre a minha experi\u00eancia de vida. Mas antes de tudo, acredito num Deus Soberano que nos guia e aben\u00e7oa, o tempo todo!","sameAs":["https:\/\/www.andreasimonetti.com.br\/","https:\/\/www.facebook.com\/blogdaandreasimonetti\/","https:\/\/www.instagram.com\/andrea_simonetti\/","https:\/\/br.pinterest.com\/BlogAndrea\/","https:\/\/x.com\/https:\/\/twitter.com\/Andrea_Simoneti"],"url":"https:\/\/andreasimonetti.com.br\/blog\/author\/andrea\/"}]}},"_links":{"self":[{"href":"https:\/\/andreasimonetti.com.br\/blog\/wp-json\/wp\/v2\/posts\/6544","targetHints":{"allow":["GET"]}}],"collection":[{"href":"https:\/\/andreasimonetti.com.br\/blog\/wp-json\/wp\/v2\/posts"}],"about":[{"href":"https:\/\/andreasimonetti.com.br\/blog\/wp-json\/wp\/v2\/types\/post"}],"author":[{"embeddable":true,"href":"https:\/\/andreasimonetti.com.br\/blog\/wp-json\/wp\/v2\/users\/7"}],"replies":[{"embeddable":true,"href":"https:\/\/andreasimonetti.com.br\/blog\/wp-json\/wp\/v2\/comments?post=6544"}],"version-history":[{"count":0,"href":"https:\/\/andreasimonetti.com.br\/blog\/wp-json\/wp\/v2\/posts\/6544\/revisions"}],"wp:attachment":[{"href":"https:\/\/andreasimonetti.com.br\/blog\/wp-json\/wp\/v2\/media?parent=6544"}],"wp:term":[{"taxonomy":"category","embeddable":true,"href":"https:\/\/andreasimonetti.com.br\/blog\/wp-json\/wp\/v2\/categories?post=6544"},{"taxonomy":"post_tag","embeddable":true,"href":"https:\/\/andreasimonetti.com.br\/blog\/wp-json\/wp\/v2\/tags?post=6544"}],"curies":[{"name":"wp","href":"https:\/\/api.w.org\/{rel}","templated":true}]}}