{"id":6540,"date":"2013-06-15T09:11:35","date_gmt":"2013-06-15T12:11:35","guid":{"rendered":"http:\/\/blogdaandreasimonetti.com.br\/?p=6540"},"modified":"2018-05-25T08:53:26","modified_gmt":"2018-05-25T11:53:26","slug":"a-consultora-de-estilo-tita-aguiar-faz-palestra-em-bauru","status":"publish","type":"post","link":"https:\/\/andreasimonetti.com.br\/blog\/a-consultora-de-estilo-tita-aguiar-faz-palestra-em-bauru\/","title":{"rendered":"A consultora de estilo Tita Aguiar faz palestra em Bauru"},"content":{"rendered":"<p>O Senac, que sempre tem novidades super interessantes para quem gosta de moda, traz \u00e0 Bauru a consultora de estilo Tita Aguiar. A mulher \u00e9 respeitada de norte \u00e0 sul desse pa\u00eds, oferece consultoria para empresas e marcas e \u00e9 autora de v\u00e1rios livros sobre moda e estilo. A palestra Moda Artesanal Brasileira \u00e9 tamb\u00e9m tema de um de seus livros, e discute, entre outros assuntos, a import\u00e2ncia do estilo pessoal e possibilita aos participantes reconhecer o seu pr\u00f3prio estilo, bem como os acess\u00f3rios e roupas adequadas para cada ocasi\u00e3o. Enfim, o conte\u00fado \u00e9 muito especial e a palestra \u00e9 gratuita. Eu sou admiradora da Tita e acredito que esse evento ser\u00e1 um grande sucesso porque Bauru \u00e9 cidade que consome moda e o mercado est\u00e1 se profissionalizando. \u00c9 nessa segunda feira, dia 17 de junho \u00e0 partir das 19:00 horas. Informa\u00e7\u00f5es e incri\u00e7\u00f5es pelo site: <a href=\"http:\/\/www.sp.senac.br\/jsp\/default.jsp?newsID=DYNAMIC,oracle.br.dataservers.ContentEventDataServer18,selectEvent&amp;template=946.dwt&amp;event=1583\">Senac<\/a><\/p>\n","protected":false},"excerpt":{"rendered":"<p>O Senac, que sempre tem novidades super interessantes para quem gosta de moda, traz \u00e0 Bauru a consultora de estilo Tita Aguiar. A mulher \u00e9 respeitada de norte \u00e0 sul&hellip;<\/p>\n","protected":false},"author":7,"featured_media":0,"comment_status":"open","ping_status":"open","sticky":false,"template":"","format":"standard","meta":{"_monsterinsights_skip_tracking":false,"_monsterinsights_sitenote_active":false,"_monsterinsights_sitenote_note":"","_monsterinsights_sitenote_category":0,"footnotes":""},"categories":[1508,3],"tags":[505,812,903,902,901],"class_list":["post-6540","post","type-post","status-publish","format-standard","hentry","category-destaque","category-moda","tag-bauru","tag-estilo","tag-palestra","tag-senac","tag-tita-aguiar"],"yoast_head":"<!-- This site is optimized with the Yoast SEO plugin v26.3 - https:\/\/yoast.com\/wordpress\/plugins\/seo\/ -->\n<title>A consultora de estilo Tita Aguiar faz palestra em Bauru - Andrea Simonetti<\/title>\n<meta name=\"robots\" content=\"index, follow, max-snippet:-1, max-image-preview:large, max-video-preview:-1\" \/>\n<link rel=\"canonical\" href=\"https:\/\/andreasimonetti.com.br\/blog\/a-consultora-de-estilo-tita-aguiar-faz-palestra-em-bauru\/\" \/>\n<meta property=\"og:locale\" content=\"pt_BR\" \/>\n<meta property=\"og:type\" content=\"article\" \/>\n<meta property=\"og:title\" content=\"A consultora de estilo Tita Aguiar faz palestra em Bauru - Andrea Simonetti\" \/>\n<meta property=\"og:description\" content=\"O Senac, que sempre tem novidades super interessantes para quem gosta de moda, traz \u00e0 Bauru a consultora de estilo Tita Aguiar. A mulher \u00e9 respeitada de norte \u00e0 sul&hellip;\" \/>\n<meta property=\"og:url\" content=\"https:\/\/andreasimonetti.com.br\/blog\/a-consultora-de-estilo-tita-aguiar-faz-palestra-em-bauru\/\" \/>\n<meta property=\"og:site_name\" content=\"Andrea Simonetti\" \/>\n<meta property=\"article:publisher\" content=\"https:\/\/www.facebook.com\/blogdaandreasimonetti\/\" \/>\n<meta property=\"article:author\" content=\"https:\/\/www.facebook.com\/blogdaandreasimonetti\/\" \/>\n<meta property=\"article:published_time\" content=\"2013-06-15T12:11:35+00:00\" \/>\n<meta property=\"article:modified_time\" content=\"2018-05-25T11:53:26+00:00\" \/>\n<meta name=\"author\" content=\"Andrea Simonetti\" \/>\n<meta name=\"twitter:card\" content=\"summary_large_image\" \/>\n<meta name=\"twitter:creator\" content=\"@https:\/\/twitter.com\/Andrea_Simoneti\" \/>\n<meta name=\"twitter:site\" content=\"@Andrea_Simoneti\" \/>\n<meta name=\"twitter:label1\" content=\"Escrito por\" \/>\n\t<meta name=\"twitter:data1\" content=\"Andrea Simonetti\" \/>\n\t<meta name=\"twitter:label2\" content=\"Est. tempo de leitura\" \/>\n\t<meta name=\"twitter:data2\" content=\"1 minuto\" \/>\n<!-- \/ Yoast SEO plugin. -->","yoast_head_json":{"title":"A consultora de estilo Tita Aguiar faz palestra em Bauru - Andrea Simonetti","robots":{"index":"index","follow":"follow","max-snippet":"max-snippet:-1","max-image-preview":"max-image-preview:large","max-video-preview":"max-video-preview:-1"},"canonical":"https:\/\/andreasimonetti.com.br\/blog\/a-consultora-de-estilo-tita-aguiar-faz-palestra-em-bauru\/","og_locale":"pt_BR","og_type":"article","og_title":"A consultora de estilo Tita Aguiar faz palestra em Bauru - Andrea Simonetti","og_description":"O Senac, que sempre tem novidades super interessantes para quem gosta de moda, traz \u00e0 Bauru a consultora de estilo Tita Aguiar. A mulher \u00e9 respeitada de norte \u00e0 sul&hellip;","og_url":"https:\/\/andreasimonetti.com.br\/blog\/a-consultora-de-estilo-tita-aguiar-faz-palestra-em-bauru\/","og_site_name":"Andrea Simonetti","article_publisher":"https:\/\/www.facebook.com\/blogdaandreasimonetti\/","article_author":"https:\/\/www.facebook.com\/blogdaandreasimonetti\/","article_published_time":"2013-06-15T12:11:35+00:00","article_modified_time":"2018-05-25T11:53:26+00:00","author":"Andrea Simonetti","twitter_card":"summary_large_image","twitter_creator":"@https:\/\/twitter.com\/Andrea_Simoneti","twitter_site":"@Andrea_Simoneti","twitter_misc":{"Escrito por":"Andrea Simonetti","Est. tempo de leitura":"1 minuto"},"schema":{"@context":"https:\/\/schema.org","@graph":[{"@type":"WebPage","@id":"https:\/\/andreasimonetti.com.br\/blog\/a-consultora-de-estilo-tita-aguiar-faz-palestra-em-bauru\/","url":"https:\/\/andreasimonetti.com.br\/blog\/a-consultora-de-estilo-tita-aguiar-faz-palestra-em-bauru\/","name":"A consultora de estilo Tita Aguiar faz palestra em Bauru - Andrea Simonetti","isPartOf":{"@id":"https:\/\/andreasimonetti.com.br\/blog\/#website"},"datePublished":"2013-06-15T12:11:35+00:00","dateModified":"2018-05-25T11:53:26+00:00","author":{"@id":"https:\/\/andreasimonetti.com.br\/blog\/#\/schema\/person\/254f763c24ac288e27ea738a7366ad2a"},"breadcrumb":{"@id":"https:\/\/andreasimonetti.com.br\/blog\/a-consultora-de-estilo-tita-aguiar-faz-palestra-em-bauru\/#breadcrumb"},"inLanguage":"pt-BR","potentialAction":[{"@type":"ReadAction","target":["https:\/\/andreasimonetti.com.br\/blog\/a-consultora-de-estilo-tita-aguiar-faz-palestra-em-bauru\/"]}]},{"@type":"BreadcrumbList","@id":"https:\/\/andreasimonetti.com.br\/blog\/a-consultora-de-estilo-tita-aguiar-faz-palestra-em-bauru\/#breadcrumb","itemListElement":[{"@type":"ListItem","position":1,"name":"In\u00edcio","item":"https:\/\/andreasimonetti.com.br\/blog\/"},{"@type":"ListItem","position":2,"name":"A consultora de estilo Tita Aguiar faz palestra em Bauru"}]},{"@type":"WebSite","@id":"https:\/\/andreasimonetti.com.br\/blog\/#website","url":"https:\/\/andreasimonetti.com.br\/blog\/","name":"Andrea Simonetti","description":"","potentialAction":[{"@type":"SearchAction","target":{"@type":"EntryPoint","urlTemplate":"https:\/\/andreasimonetti.com.br\/blog\/?s={search_term_string}"},"query-input":{"@type":"PropertyValueSpecification","valueRequired":true,"valueName":"search_term_string"}}],"inLanguage":"pt-BR"},{"@type":"Person","@id":"https:\/\/andreasimonetti.com.br\/blog\/#\/schema\/person\/254f763c24ac288e27ea738a7366ad2a","name":"Andrea Simonetti","image":{"@type":"ImageObject","inLanguage":"pt-BR","@id":"https:\/\/andreasimonetti.com.br\/blog\/#\/schema\/person\/image\/","url":"https:\/\/andreasimonetti.com.br\/blog\/wp-content\/uploads\/2018\/04\/andrea-simonetti-96x96.png","contentUrl":"https:\/\/andreasimonetti.com.br\/blog\/wp-content\/uploads\/2018\/04\/andrea-simonetti-96x96.png","caption":"Andrea Simonetti"},"description":"Sou formada em Administra\u00e7\u00e3o de Empresas, Produ\u00e7\u00e3o de Moda pelo SENAC e Consultoria de Estilo. Sou fascinada por moda desde sempre, adoro ver as pessoas produzidas e de bem com a vida. Moda \u00e9 o meu assunto preferido. Comecei meu blog em 2011, ele cresceu e hoje \u00e9 um site bem mais abrangente, onde eu falo sobre moda e meu trabalho de consultora de estilo. E falo tamb\u00e9m sobre a minha experi\u00eancia de vida. Mas antes de tudo, acredito num Deus Soberano que nos guia e aben\u00e7oa, o tempo todo!","sameAs":["https:\/\/www.andreasimonetti.com.br\/","https:\/\/www.facebook.com\/blogdaandreasimonetti\/","https:\/\/www.instagram.com\/andrea_simonetti\/","https:\/\/br.pinterest.com\/BlogAndrea\/","https:\/\/x.com\/https:\/\/twitter.com\/Andrea_Simoneti"],"url":"https:\/\/andreasimonetti.com.br\/blog\/author\/andrea\/"}]}},"_links":{"self":[{"href":"https:\/\/andreasimonetti.com.br\/blog\/wp-json\/wp\/v2\/posts\/6540","targetHints":{"allow":["GET"]}}],"collection":[{"href":"https:\/\/andreasimonetti.com.br\/blog\/wp-json\/wp\/v2\/posts"}],"about":[{"href":"https:\/\/andreasimonetti.com.br\/blog\/wp-json\/wp\/v2\/types\/post"}],"author":[{"embeddable":true,"href":"https:\/\/andreasimonetti.com.br\/blog\/wp-json\/wp\/v2\/users\/7"}],"replies":[{"embeddable":true,"href":"https:\/\/andreasimonetti.com.br\/blog\/wp-json\/wp\/v2\/comments?post=6540"}],"version-history":[{"count":0,"href":"https:\/\/andreasimonetti.com.br\/blog\/wp-json\/wp\/v2\/posts\/6540\/revisions"}],"wp:attachment":[{"href":"https:\/\/andreasimonetti.com.br\/blog\/wp-json\/wp\/v2\/media?parent=6540"}],"wp:term":[{"taxonomy":"category","embeddable":true,"href":"https:\/\/andreasimonetti.com.br\/blog\/wp-json\/wp\/v2\/categories?post=6540"},{"taxonomy":"post_tag","embeddable":true,"href":"https:\/\/andreasimonetti.com.br\/blog\/wp-json\/wp\/v2\/tags?post=6540"}],"curies":[{"name":"wp","href":"https:\/\/api.w.org\/{rel}","templated":true}]}}