{"id":6202,"date":"2013-05-11T21:50:06","date_gmt":"2013-05-12T00:50:06","guid":{"rendered":"http:\/\/blogdaandreasimonetti.com.br\/?p=6202"},"modified":"2018-05-25T08:53:27","modified_gmt":"2018-05-25T11:53:27","slug":"lancamento-inverno-2013-salammbo-boutique","status":"publish","type":"post","link":"https:\/\/andreasimonetti.com.br\/blog\/lancamento-inverno-2013-salammbo-boutique\/","title":{"rendered":"Lan\u00e7amento inverno 2013 Salammb\u00f4 Boutique"},"content":{"rendered":"<p>Essa semana foi o lan\u00e7amento do inverno 2013 na <strong>Salammb\u00f4 Boutique<\/strong> , das marcas <strong>Ferri, <\/strong><strong>Luiza Barcelos,<\/strong> <strong>Debora Germani<\/strong>, <strong>Paula Bahia,<\/strong> <strong>Cavage,<\/strong> <strong>Corso Como<\/strong> e das bijuterias da <strong>Monica Di Creddo.<\/strong><br \/>\nBotas, escarpins , sapatos e bolsas s\u00e3o de qualquer mulher enlouquecer, sempre cabe mais um no nosso arm\u00e1rio, dif\u00edcil escolher , todos lindos e diferentes.<br \/>\nNa cole\u00e7\u00e3o de  botas predomina o  estilo western, de cano curto. V\u00eam com bordados coloridos, ou com floreados pespontados em tonalidade contrastante. As botas de cano liso e alto em phyton continuam nos modelos mais tradicionais.<br \/>\nNa linha festa os cal\u00e7ados surgem com contrastes de materiais como o cetim e o verniz. Os saltos com a aplica\u00e7\u00e3o de strass e cristais s\u00e3o um luxo.<br \/>\nO vermelho \u00e9 o destaque das cole\u00e7\u00f5es, sozinho ou com preto. Al\u00e9m dele, cores como o marrom e o camelo, assim como o  cinza e preto .<br \/>\nEu destaco a bota vermelha da Cavage e o scarpin da Ferri com aplica\u00e7\u00e3o de estampa on\u00e7a em phyton (foto).<br \/>\nClaro que n\u00e3o posso deixar de falar do delicioso coquetel servido pela querida Karin : frizante e um caldo de Vichyssoise!<br \/>\nSucesso para voc\u00ea!<\/p>\n<p><img loading=\"lazy\" decoding=\"async\" src=\"http:\/\/blogdaandreasimonetti.com.br\/wp-content\/uploads\/2013\/05\/Salammb\u00f4+..1.jpg\" alt=\"Salammb\u00f4+..[1]\" width=\"700\" height=\"2300\" class=\"alignleft size-full wp-image-6203\" srcset=\"https:\/\/andreasimonetti.com.br\/blog\/wp-content\/uploads\/2013\/05\/Salammb\u00f4+..1.jpg 700w, https:\/\/andreasimonetti.com.br\/blog\/wp-content\/uploads\/2013\/05\/Salammb\u00f4+..1-91x300.jpg 91w\" sizes=\"auto, (max-width: 700px) 100vw, 700px\" \/><\/p>\n<p>Fotos &#8211; Viviane Adriano<\/p>\n","protected":false},"excerpt":{"rendered":"<p>Essa semana foi o lan\u00e7amento do inverno 2013 na Salammb\u00f4 Boutique , das marcas Ferri, Luiza Barcelos, Debora Germani, Paula Bahia, Cavage, Corso Como e das bijuterias da Monica Di&hellip;<\/p>\n","protected":false},"author":7,"featured_media":0,"comment_status":"closed","ping_status":"open","sticky":false,"template":"","format":"standard","meta":{"_monsterinsights_skip_tracking":false,"_monsterinsights_sitenote_active":false,"_monsterinsights_sitenote_note":"","_monsterinsights_sitenote_category":0,"footnotes":""},"categories":[1508,3],"tags":[833,93,834,831,832,440,835],"class_list":["post-6202","post","type-post","status-publish","format-standard","hentry","category-destaque","category-moda","tag-cavage","tag-corso-como","tag-debora-germani","tag-ferri","tag-lancamento-inverno-2013-salammbo-boutique","tag-monica-di-creddo","tag-paula-bahia"],"yoast_head":"<!-- This site is optimized with the Yoast SEO plugin v26.3 - https:\/\/yoast.com\/wordpress\/plugins\/seo\/ -->\n<title>Lan\u00e7amento inverno 2013 Salammb\u00f4 Boutique - Andrea Simonetti<\/title>\n<meta name=\"robots\" content=\"index, follow, max-snippet:-1, max-image-preview:large, max-video-preview:-1\" \/>\n<link rel=\"canonical\" href=\"https:\/\/andreasimonetti.com.br\/blog\/lancamento-inverno-2013-salammbo-boutique\/\" \/>\n<meta property=\"og:locale\" content=\"pt_BR\" \/>\n<meta property=\"og:type\" content=\"article\" \/>\n<meta property=\"og:title\" content=\"Lan\u00e7amento inverno 2013 Salammb\u00f4 Boutique - Andrea Simonetti\" \/>\n<meta property=\"og:description\" content=\"Essa semana foi o lan\u00e7amento do inverno 2013 na Salammb\u00f4 Boutique , das marcas Ferri, Luiza Barcelos, Debora Germani, Paula Bahia, Cavage, Corso Como e das bijuterias da Monica Di&hellip;\" \/>\n<meta property=\"og:url\" content=\"https:\/\/andreasimonetti.com.br\/blog\/lancamento-inverno-2013-salammbo-boutique\/\" \/>\n<meta property=\"og:site_name\" content=\"Andrea Simonetti\" \/>\n<meta property=\"article:publisher\" content=\"https:\/\/www.facebook.com\/blogdaandreasimonetti\/\" \/>\n<meta property=\"article:author\" content=\"https:\/\/www.facebook.com\/blogdaandreasimonetti\/\" \/>\n<meta property=\"article:published_time\" content=\"2013-05-12T00:50:06+00:00\" \/>\n<meta property=\"article:modified_time\" content=\"2018-05-25T11:53:27+00:00\" \/>\n<meta name=\"author\" content=\"Andrea Simonetti\" \/>\n<meta name=\"twitter:card\" content=\"summary_large_image\" \/>\n<meta name=\"twitter:creator\" content=\"@https:\/\/twitter.com\/Andrea_Simoneti\" \/>\n<meta name=\"twitter:site\" content=\"@Andrea_Simoneti\" \/>\n<meta name=\"twitter:label1\" content=\"Escrito por\" \/>\n\t<meta name=\"twitter:data1\" content=\"Andrea Simonetti\" \/>\n\t<meta name=\"twitter:label2\" content=\"Est. tempo de leitura\" \/>\n\t<meta name=\"twitter:data2\" content=\"1 minuto\" \/>\n<!-- \/ Yoast SEO plugin. -->","yoast_head_json":{"title":"Lan\u00e7amento inverno 2013 Salammb\u00f4 Boutique - Andrea Simonetti","robots":{"index":"index","follow":"follow","max-snippet":"max-snippet:-1","max-image-preview":"max-image-preview:large","max-video-preview":"max-video-preview:-1"},"canonical":"https:\/\/andreasimonetti.com.br\/blog\/lancamento-inverno-2013-salammbo-boutique\/","og_locale":"pt_BR","og_type":"article","og_title":"Lan\u00e7amento inverno 2013 Salammb\u00f4 Boutique - Andrea Simonetti","og_description":"Essa semana foi o lan\u00e7amento do inverno 2013 na Salammb\u00f4 Boutique , das marcas Ferri, Luiza Barcelos, Debora Germani, Paula Bahia, Cavage, Corso Como e das bijuterias da Monica Di&hellip;","og_url":"https:\/\/andreasimonetti.com.br\/blog\/lancamento-inverno-2013-salammbo-boutique\/","og_site_name":"Andrea Simonetti","article_publisher":"https:\/\/www.facebook.com\/blogdaandreasimonetti\/","article_author":"https:\/\/www.facebook.com\/blogdaandreasimonetti\/","article_published_time":"2013-05-12T00:50:06+00:00","article_modified_time":"2018-05-25T11:53:27+00:00","author":"Andrea Simonetti","twitter_card":"summary_large_image","twitter_creator":"@https:\/\/twitter.com\/Andrea_Simoneti","twitter_site":"@Andrea_Simoneti","twitter_misc":{"Escrito por":"Andrea Simonetti","Est. tempo de leitura":"1 minuto"},"schema":{"@context":"https:\/\/schema.org","@graph":[{"@type":"WebPage","@id":"https:\/\/andreasimonetti.com.br\/blog\/lancamento-inverno-2013-salammbo-boutique\/","url":"https:\/\/andreasimonetti.com.br\/blog\/lancamento-inverno-2013-salammbo-boutique\/","name":"Lan\u00e7amento inverno 2013 Salammb\u00f4 Boutique - Andrea Simonetti","isPartOf":{"@id":"https:\/\/andreasimonetti.com.br\/blog\/#website"},"datePublished":"2013-05-12T00:50:06+00:00","dateModified":"2018-05-25T11:53:27+00:00","author":{"@id":"https:\/\/andreasimonetti.com.br\/blog\/#\/schema\/person\/254f763c24ac288e27ea738a7366ad2a"},"breadcrumb":{"@id":"https:\/\/andreasimonetti.com.br\/blog\/lancamento-inverno-2013-salammbo-boutique\/#breadcrumb"},"inLanguage":"pt-BR","potentialAction":[{"@type":"ReadAction","target":["https:\/\/andreasimonetti.com.br\/blog\/lancamento-inverno-2013-salammbo-boutique\/"]}]},{"@type":"BreadcrumbList","@id":"https:\/\/andreasimonetti.com.br\/blog\/lancamento-inverno-2013-salammbo-boutique\/#breadcrumb","itemListElement":[{"@type":"ListItem","position":1,"name":"In\u00edcio","item":"https:\/\/andreasimonetti.com.br\/blog\/"},{"@type":"ListItem","position":2,"name":"Lan\u00e7amento inverno 2013 Salammb\u00f4 Boutique"}]},{"@type":"WebSite","@id":"https:\/\/andreasimonetti.com.br\/blog\/#website","url":"https:\/\/andreasimonetti.com.br\/blog\/","name":"Andrea Simonetti","description":"","potentialAction":[{"@type":"SearchAction","target":{"@type":"EntryPoint","urlTemplate":"https:\/\/andreasimonetti.com.br\/blog\/?s={search_term_string}"},"query-input":{"@type":"PropertyValueSpecification","valueRequired":true,"valueName":"search_term_string"}}],"inLanguage":"pt-BR"},{"@type":"Person","@id":"https:\/\/andreasimonetti.com.br\/blog\/#\/schema\/person\/254f763c24ac288e27ea738a7366ad2a","name":"Andrea Simonetti","image":{"@type":"ImageObject","inLanguage":"pt-BR","@id":"https:\/\/andreasimonetti.com.br\/blog\/#\/schema\/person\/image\/","url":"https:\/\/andreasimonetti.com.br\/blog\/wp-content\/uploads\/2018\/04\/andrea-simonetti-96x96.png","contentUrl":"https:\/\/andreasimonetti.com.br\/blog\/wp-content\/uploads\/2018\/04\/andrea-simonetti-96x96.png","caption":"Andrea Simonetti"},"description":"Sou formada em Administra\u00e7\u00e3o de Empresas, Produ\u00e7\u00e3o de Moda pelo SENAC e Consultoria de Estilo. Sou fascinada por moda desde sempre, adoro ver as pessoas produzidas e de bem com a vida. Moda \u00e9 o meu assunto preferido. Comecei meu blog em 2011, ele cresceu e hoje \u00e9 um site bem mais abrangente, onde eu falo sobre moda e meu trabalho de consultora de estilo. E falo tamb\u00e9m sobre a minha experi\u00eancia de vida. Mas antes de tudo, acredito num Deus Soberano que nos guia e aben\u00e7oa, o tempo todo!","sameAs":["https:\/\/www.andreasimonetti.com.br\/","https:\/\/www.facebook.com\/blogdaandreasimonetti\/","https:\/\/www.instagram.com\/andrea_simonetti\/","https:\/\/br.pinterest.com\/BlogAndrea\/","https:\/\/x.com\/https:\/\/twitter.com\/Andrea_Simoneti"],"url":"https:\/\/andreasimonetti.com.br\/blog\/author\/andrea\/"}]}},"_links":{"self":[{"href":"https:\/\/andreasimonetti.com.br\/blog\/wp-json\/wp\/v2\/posts\/6202","targetHints":{"allow":["GET"]}}],"collection":[{"href":"https:\/\/andreasimonetti.com.br\/blog\/wp-json\/wp\/v2\/posts"}],"about":[{"href":"https:\/\/andreasimonetti.com.br\/blog\/wp-json\/wp\/v2\/types\/post"}],"author":[{"embeddable":true,"href":"https:\/\/andreasimonetti.com.br\/blog\/wp-json\/wp\/v2\/users\/7"}],"replies":[{"embeddable":true,"href":"https:\/\/andreasimonetti.com.br\/blog\/wp-json\/wp\/v2\/comments?post=6202"}],"version-history":[{"count":0,"href":"https:\/\/andreasimonetti.com.br\/blog\/wp-json\/wp\/v2\/posts\/6202\/revisions"}],"wp:attachment":[{"href":"https:\/\/andreasimonetti.com.br\/blog\/wp-json\/wp\/v2\/media?parent=6202"}],"wp:term":[{"taxonomy":"category","embeddable":true,"href":"https:\/\/andreasimonetti.com.br\/blog\/wp-json\/wp\/v2\/categories?post=6202"},{"taxonomy":"post_tag","embeddable":true,"href":"https:\/\/andreasimonetti.com.br\/blog\/wp-json\/wp\/v2\/tags?post=6202"}],"curies":[{"name":"wp","href":"https:\/\/api.w.org\/{rel}","templated":true}]}}