{"id":5285,"date":"2013-01-15T09:42:36","date_gmt":"2013-01-15T11:42:36","guid":{"rendered":"http:\/\/blogdaandreasimonetti.com.br\/?p=5285"},"modified":"2018-05-25T08:53:45","modified_gmt":"2018-05-25T11:53:45","slug":"lancamentos-de-cases-e-gadgets-2013","status":"publish","type":"post","link":"https:\/\/andreasimonetti.com.br\/blog\/lancamentos-de-cases-e-gadgets-2013\/","title":{"rendered":"Lan\u00e7amentos de Cases e Gadgets 2013"},"content":{"rendered":"<p>Na semana passada dei uma pr\u00e9via a voc\u00eas do que teria na CES 2013 e \u00e9 claro que n\u00e3o deixaria de destacar as grandes inova\u00e7\u00f5es mostradas na feira deste ano. Como sua dura\u00e7\u00e3o foi at\u00e9 na sexta dia 11, mostrarei a voc\u00eas alguns destaques que me chamaram muita aten\u00e7\u00e3o. Os cases foram um deles que al\u00e9m de proteger seus  aparelhos e tablets como de costume, as empresas mostraram que existe formatos e mat\u00e9rias dos mais variados que podem acrescentar praticidade para seu acess\u00f3rio.<br \/>\nN\u00e3o posso deixar de apresentar para voc\u00eas alguns gadgets que pretendem transformar o mundo dom\u00e9stico para as mulheres.  Ressaltei algumas novas tecnologias que pretendem transformar sua casa em literalmente uma \u201ccasa do futuro\u201d com mais conforto e praticidade.  <\/p>\n<p><img loading=\"lazy\" decoding=\"async\" src=\"http:\/\/blogdaandreasimonetti.com.br\/wp-content\/uploads\/2013\/01\/CES-2013.jpg\" alt=\"\" title=\"CES 2013\" width=\"550\" height=\"1640\" class=\"aligncenter size-full wp-image-5286\" srcset=\"https:\/\/andreasimonetti.com.br\/blog\/wp-content\/uploads\/2013\/01\/CES-2013.jpg 550w, https:\/\/andreasimonetti.com.br\/blog\/wp-content\/uploads\/2013\/01\/CES-2013-343x1024.jpg 343w\" sizes=\"auto, (max-width: 550px) 100vw, 550px\" \/><\/p>\n<p><strong>1.<\/strong><strong> Android no Forno<\/strong><br \/>\nA Dacor apresentou uma inova\u00e7\u00e3o em mat\u00e9ria de cozinha e tecnologia: o Discovery IQ Wall Oven. O forno inteligente vem com conex\u00e3o sem fio e um tablet Android de 7 polegadas, onde voc\u00ea pode controlar por meio de um aplicativo. E o principal ele pode aquecer sozinho basta um simples clique em seu smartphone para ativ\u00e1-lo.<\/p>\n<p><strong>2.<\/strong><strong> Bateria D&#8217;\u00e1gua<\/strong><br \/>\nUm pouco de \u00e1gua e uma c\u00e1psula que reage com hidrog\u00eanio e cada uma garante tr\u00eas cargas completas do aparelho. Este \u00e9 o combust\u00edvel da bateria port\u00e1til PowerTrekk para iPhone, criada pela sueca MyFC. O produto \u00e9 para quem deseja manter o smartphone ligado mesmo em lugares sem energia el\u00e9trica foi destaque na CES 2012 e agora est\u00e1 dispon\u00edvel comercialmente. <\/p>\n<p><strong>3. <\/strong><strong>C\u00e2mera Oculta<\/strong><br \/>\nA capa Mirror Case para iPhone e iPad permite filmar e fotografar com o aparelho na posi\u00e7\u00e3o horizontal. Al\u00e9m da pessoa n\u00e3o perder os melhores momentos, na frente do case do smartphone ainda possui uma c\u00e2mera oculta. O aplicativo permite que voc\u00ea continue filmando sem mostrar as imagens na tela de seu aparelho.<\/p>\n<p><strong>4.<\/strong> <strong>Eletrodom\u00e9sticos Conectados<\/strong><br \/>\nA empresa LG divulgou a nova cria\u00e7\u00e3o de sua divis\u00e3o Smart House: a conex\u00e3o de lavadoras, secadoras, geladeiras e fornos por meio de aplicativos simples para celular. Onde voc\u00ea pode interconectar os eletrodom\u00e9sticos com a inten\u00e7\u00e3o de recursos das casas inteligentes.<\/p>\n<p><strong>5.<\/strong> <strong>Carga Inteligente<\/strong><br \/>\nUm aplicativo criado pela Otter Box permite atrav\u00e9s de uma bateria atrelada a um case para Iphone e Samsung Galaxy detectar quando o usu\u00e1rio necessita de bateria atrav\u00e9s de redes Wi- Fi ou Bluetooth, Voc\u00ea pode acompanhar o tempo restante da carga do aparelho e da capa e o hor\u00e1rio em que \u00e9 preciso correr para a tomada. O case tamb\u00e9m sinaliza a carga em leds luminosos na parte frontal.<\/p>\n<p><strong>6. Bluetooth no Jardim<\/strong><br \/>\nA empresa francesa Parrot parece ter encontrado uma boa solu\u00e7\u00e3o: o FlowerPower. Em linhas gerais, trata-se de uma vareta inteligente que \u00e9 enterrada no vaso e envia detalhes sobre a condi\u00e7\u00e3o da planta via bluetooth para um aplicativo do iPad.<br \/>\nPara as pessoas que s\u00e3o distra\u00eddas para cuidar de sua plantinha ele ajuda avisando quando a planta precisa de \u00e1gua ou sal, indica suas necessidades t\u00e9rmicas e analisa a fertilidade da terra. <\/p>\n<p><strong>7. Cases Lav\u00e1veis<\/strong><br \/>\nA ideia dos cases da LifeProof lav\u00e1veis \u00e9 excelente para as pessoas distra\u00eddas e desastradas como eu. Ele \u00e9 \u00e0 prova de choque e permite que os tablets e smartphones possam acompanhar seus donos seja na cozinha, em uma obra, no hospital ou em situa\u00e7\u00f5es extremas, como na neve ou em um deserto. <\/p>\n<p><strong>8. IPhone para fotografar<\/strong><br \/>\nA empresa OlloClip criou um dispositivo que se encaixa sobre a c\u00e2mera original do aparelho para quem ama fotografar com o iPhone. Ele oferece tr\u00eas op\u00e7\u00f5es de lentes em um \u00fanico acess\u00f3rio: fish eye, macro e wide. <\/p>\n<p><strong>9. Telefone Fixo<\/strong><br \/>\nOs telefones fixos est\u00e3o ficando de lado com o avan\u00e7o dos m\u00f3veis. Assim a empresa UrbanHello reinventou um telefone fixo com um dispositivo de comunica\u00e7\u00e3o simples e pr\u00e1tico. Com design arrojado e funcionamento intuitivo, o telefone possui um alto-falante de 360 graus que altera o alcance t\u00edpico dos telefones: agora,muitos podem falar e tamb\u00e9m escutar. Al\u00e9m disso, tem em sua base apenas os bot\u00f5es necess\u00e1rios, eliminando aquelas teclas t\u00edpicas e pouco utilizadas.<br \/>\nAo promover o modo \u201cm\u00e3os livres\u201d, o Home phone reduz a exposi\u00e7\u00e3o \u00e0s ondas eletromagn\u00e9ticas em 99%.  <\/p>\n<p>Fico \u00e0s vezes me perguntando como ser\u00e1 nosso futuro com tanta tecnologia inovadora no ar. Primeiramente acho \u00f3timo pois teremos tudo as m\u00e3os e mais f\u00e1cil s\u00f3 que sem nenhum esfor\u00e7o sequer f\u00edsico. Isso ser\u00e1 bom para n\u00f3s? Voc\u00ea j\u00e1 se perguntou?<br \/>\nBom vamos agora simplesmente curtir esses novos conceitos depois pensamos nisso n\u00e9 gente?!<\/p>\n","protected":false},"excerpt":{"rendered":"<p>Na semana passada dei uma pr\u00e9via a voc\u00eas do que teria na CES 2013 e \u00e9 claro que n\u00e3o deixaria de destacar as grandes inova\u00e7\u00f5es mostradas na feira deste ano.&hellip;<\/p>\n","protected":false},"author":7,"featured_media":0,"comment_status":"open","ping_status":"open","sticky":false,"template":"","format":"standard","meta":{"_monsterinsights_skip_tracking":false,"_monsterinsights_sitenote_active":false,"_monsterinsights_sitenote_note":"","_monsterinsights_sitenote_category":0,"footnotes":""},"categories":[1508,3],"tags":[470,598,599,452,602,603,596,604,590,487,60,601,600,597,605],"class_list":["post-5285","post","type-post","status-publish","format-standard","hentry","category-destaque","category-moda","tag-android","tag-android-no-forno","tag-bateria-dagua","tag-bluetooth","tag-camera-oculta","tag-case","tag-ces-2013","tag-eletrodomesticos-conectados","tag-gadgets","tag-ipad","tag-iphone","tag-portatil","tag-smartphone","tag-tablets","tag-wi-fi"],"yoast_head":"<!-- This site is optimized with the Yoast SEO plugin v26.3 - https:\/\/yoast.com\/wordpress\/plugins\/seo\/ -->\n<title>Lan\u00e7amentos de Cases e Gadgets 2013 - Andrea Simonetti<\/title>\n<meta name=\"robots\" content=\"index, follow, max-snippet:-1, max-image-preview:large, max-video-preview:-1\" \/>\n<link rel=\"canonical\" href=\"https:\/\/andreasimonetti.com.br\/blog\/lancamentos-de-cases-e-gadgets-2013\/\" \/>\n<meta property=\"og:locale\" content=\"pt_BR\" \/>\n<meta property=\"og:type\" content=\"article\" \/>\n<meta property=\"og:title\" content=\"Lan\u00e7amentos de Cases e Gadgets 2013 - Andrea Simonetti\" \/>\n<meta property=\"og:description\" content=\"Na semana passada dei uma pr\u00e9via a voc\u00eas do que teria na CES 2013 e \u00e9 claro que n\u00e3o deixaria de destacar as grandes inova\u00e7\u00f5es mostradas na feira deste ano.&hellip;\" \/>\n<meta property=\"og:url\" content=\"https:\/\/andreasimonetti.com.br\/blog\/lancamentos-de-cases-e-gadgets-2013\/\" \/>\n<meta property=\"og:site_name\" content=\"Andrea Simonetti\" \/>\n<meta property=\"article:publisher\" content=\"https:\/\/www.facebook.com\/blogdaandreasimonetti\/\" \/>\n<meta property=\"article:author\" content=\"https:\/\/www.facebook.com\/blogdaandreasimonetti\/\" \/>\n<meta property=\"article:published_time\" content=\"2013-01-15T11:42:36+00:00\" \/>\n<meta property=\"article:modified_time\" content=\"2018-05-25T11:53:45+00:00\" \/>\n<meta property=\"og:image\" content=\"http:\/\/blogdaandreasimonetti.com.br\/wp-content\/uploads\/2013\/01\/CES-2013.jpg\" \/>\n<meta name=\"author\" content=\"Andrea Simonetti\" \/>\n<meta name=\"twitter:card\" content=\"summary_large_image\" \/>\n<meta name=\"twitter:creator\" content=\"@https:\/\/twitter.com\/Andrea_Simoneti\" \/>\n<meta name=\"twitter:site\" content=\"@Andrea_Simoneti\" \/>\n<meta name=\"twitter:label1\" content=\"Escrito por\" \/>\n\t<meta name=\"twitter:data1\" content=\"Andrea Simonetti\" \/>\n\t<meta name=\"twitter:label2\" content=\"Est. tempo de leitura\" \/>\n\t<meta name=\"twitter:data2\" content=\"4 minutos\" \/>\n<!-- \/ Yoast SEO plugin. -->","yoast_head_json":{"title":"Lan\u00e7amentos de Cases e Gadgets 2013 - Andrea Simonetti","robots":{"index":"index","follow":"follow","max-snippet":"max-snippet:-1","max-image-preview":"max-image-preview:large","max-video-preview":"max-video-preview:-1"},"canonical":"https:\/\/andreasimonetti.com.br\/blog\/lancamentos-de-cases-e-gadgets-2013\/","og_locale":"pt_BR","og_type":"article","og_title":"Lan\u00e7amentos de Cases e Gadgets 2013 - Andrea Simonetti","og_description":"Na semana passada dei uma pr\u00e9via a voc\u00eas do que teria na CES 2013 e \u00e9 claro que n\u00e3o deixaria de destacar as grandes inova\u00e7\u00f5es mostradas na feira deste ano.&hellip;","og_url":"https:\/\/andreasimonetti.com.br\/blog\/lancamentos-de-cases-e-gadgets-2013\/","og_site_name":"Andrea Simonetti","article_publisher":"https:\/\/www.facebook.com\/blogdaandreasimonetti\/","article_author":"https:\/\/www.facebook.com\/blogdaandreasimonetti\/","article_published_time":"2013-01-15T11:42:36+00:00","article_modified_time":"2018-05-25T11:53:45+00:00","og_image":[{"url":"http:\/\/blogdaandreasimonetti.com.br\/wp-content\/uploads\/2013\/01\/CES-2013.jpg","type":"","width":"","height":""}],"author":"Andrea Simonetti","twitter_card":"summary_large_image","twitter_creator":"@https:\/\/twitter.com\/Andrea_Simoneti","twitter_site":"@Andrea_Simoneti","twitter_misc":{"Escrito por":"Andrea Simonetti","Est. tempo de leitura":"4 minutos"},"schema":{"@context":"https:\/\/schema.org","@graph":[{"@type":"WebPage","@id":"https:\/\/andreasimonetti.com.br\/blog\/lancamentos-de-cases-e-gadgets-2013\/","url":"https:\/\/andreasimonetti.com.br\/blog\/lancamentos-de-cases-e-gadgets-2013\/","name":"Lan\u00e7amentos de Cases e Gadgets 2013 - Andrea Simonetti","isPartOf":{"@id":"https:\/\/andreasimonetti.com.br\/blog\/#website"},"primaryImageOfPage":{"@id":"https:\/\/andreasimonetti.com.br\/blog\/lancamentos-de-cases-e-gadgets-2013\/#primaryimage"},"image":{"@id":"https:\/\/andreasimonetti.com.br\/blog\/lancamentos-de-cases-e-gadgets-2013\/#primaryimage"},"thumbnailUrl":"http:\/\/blogdaandreasimonetti.com.br\/wp-content\/uploads\/2013\/01\/CES-2013.jpg","datePublished":"2013-01-15T11:42:36+00:00","dateModified":"2018-05-25T11:53:45+00:00","author":{"@id":"https:\/\/andreasimonetti.com.br\/blog\/#\/schema\/person\/254f763c24ac288e27ea738a7366ad2a"},"breadcrumb":{"@id":"https:\/\/andreasimonetti.com.br\/blog\/lancamentos-de-cases-e-gadgets-2013\/#breadcrumb"},"inLanguage":"pt-BR","potentialAction":[{"@type":"ReadAction","target":["https:\/\/andreasimonetti.com.br\/blog\/lancamentos-de-cases-e-gadgets-2013\/"]}]},{"@type":"ImageObject","inLanguage":"pt-BR","@id":"https:\/\/andreasimonetti.com.br\/blog\/lancamentos-de-cases-e-gadgets-2013\/#primaryimage","url":"http:\/\/blogdaandreasimonetti.com.br\/wp-content\/uploads\/2013\/01\/CES-2013.jpg","contentUrl":"http:\/\/blogdaandreasimonetti.com.br\/wp-content\/uploads\/2013\/01\/CES-2013.jpg"},{"@type":"BreadcrumbList","@id":"https:\/\/andreasimonetti.com.br\/blog\/lancamentos-de-cases-e-gadgets-2013\/#breadcrumb","itemListElement":[{"@type":"ListItem","position":1,"name":"In\u00edcio","item":"https:\/\/andreasimonetti.com.br\/blog\/"},{"@type":"ListItem","position":2,"name":"Lan\u00e7amentos de Cases e Gadgets 2013"}]},{"@type":"WebSite","@id":"https:\/\/andreasimonetti.com.br\/blog\/#website","url":"https:\/\/andreasimonetti.com.br\/blog\/","name":"Andrea Simonetti","description":"","potentialAction":[{"@type":"SearchAction","target":{"@type":"EntryPoint","urlTemplate":"https:\/\/andreasimonetti.com.br\/blog\/?s={search_term_string}"},"query-input":{"@type":"PropertyValueSpecification","valueRequired":true,"valueName":"search_term_string"}}],"inLanguage":"pt-BR"},{"@type":"Person","@id":"https:\/\/andreasimonetti.com.br\/blog\/#\/schema\/person\/254f763c24ac288e27ea738a7366ad2a","name":"Andrea Simonetti","image":{"@type":"ImageObject","inLanguage":"pt-BR","@id":"https:\/\/andreasimonetti.com.br\/blog\/#\/schema\/person\/image\/","url":"https:\/\/andreasimonetti.com.br\/blog\/wp-content\/uploads\/2018\/04\/andrea-simonetti-96x96.png","contentUrl":"https:\/\/andreasimonetti.com.br\/blog\/wp-content\/uploads\/2018\/04\/andrea-simonetti-96x96.png","caption":"Andrea Simonetti"},"description":"Sou formada em Administra\u00e7\u00e3o de Empresas, Produ\u00e7\u00e3o de Moda pelo SENAC e Consultoria de Estilo. Sou fascinada por moda desde sempre, adoro ver as pessoas produzidas e de bem com a vida. Moda \u00e9 o meu assunto preferido. Comecei meu blog em 2011, ele cresceu e hoje \u00e9 um site bem mais abrangente, onde eu falo sobre moda e meu trabalho de consultora de estilo. E falo tamb\u00e9m sobre a minha experi\u00eancia de vida. Mas antes de tudo, acredito num Deus Soberano que nos guia e aben\u00e7oa, o tempo todo!","sameAs":["https:\/\/www.andreasimonetti.com.br\/","https:\/\/www.facebook.com\/blogdaandreasimonetti\/","https:\/\/www.instagram.com\/andrea_simonetti\/","https:\/\/br.pinterest.com\/BlogAndrea\/","https:\/\/x.com\/https:\/\/twitter.com\/Andrea_Simoneti"],"url":"https:\/\/andreasimonetti.com.br\/blog\/author\/andrea\/"}]}},"_links":{"self":[{"href":"https:\/\/andreasimonetti.com.br\/blog\/wp-json\/wp\/v2\/posts\/5285","targetHints":{"allow":["GET"]}}],"collection":[{"href":"https:\/\/andreasimonetti.com.br\/blog\/wp-json\/wp\/v2\/posts"}],"about":[{"href":"https:\/\/andreasimonetti.com.br\/blog\/wp-json\/wp\/v2\/types\/post"}],"author":[{"embeddable":true,"href":"https:\/\/andreasimonetti.com.br\/blog\/wp-json\/wp\/v2\/users\/7"}],"replies":[{"embeddable":true,"href":"https:\/\/andreasimonetti.com.br\/blog\/wp-json\/wp\/v2\/comments?post=5285"}],"version-history":[{"count":0,"href":"https:\/\/andreasimonetti.com.br\/blog\/wp-json\/wp\/v2\/posts\/5285\/revisions"}],"wp:attachment":[{"href":"https:\/\/andreasimonetti.com.br\/blog\/wp-json\/wp\/v2\/media?parent=5285"}],"wp:term":[{"taxonomy":"category","embeddable":true,"href":"https:\/\/andreasimonetti.com.br\/blog\/wp-json\/wp\/v2\/categories?post=5285"},{"taxonomy":"post_tag","embeddable":true,"href":"https:\/\/andreasimonetti.com.br\/blog\/wp-json\/wp\/v2\/tags?post=5285"}],"curies":[{"name":"wp","href":"https:\/\/api.w.org\/{rel}","templated":true}]}}