{"id":5262,"date":"2013-01-08T09:56:53","date_gmt":"2013-01-08T11:56:53","guid":{"rendered":"http:\/\/blogdaandreasimonetti.com.br\/?p=5262"},"modified":"2018-05-25T08:53:45","modified_gmt":"2018-05-25T11:53:45","slug":"ces-2013","status":"publish","type":"post","link":"https:\/\/andreasimonetti.com.br\/blog\/ces-2013\/","title":{"rendered":"CES 2013"},"content":{"rendered":"<p>A Consumer Electronics Show &#8211; <strong>CES 2013<\/strong> que acontece em Las Vegas EUA \u00e9 a maior feira de tecnologia do mundo que tem seu in\u00edcio hoje e termina na sexta dia 11. J\u00e1 comentei dela anteriormente aqui e n\u00e3o poderia deixar de falar novamente, pois ela \u00e9 respons\u00e1vel em apresentar lan\u00e7amentos e tend\u00eancias tecnol\u00f3gicas da ind\u00fastria de eletr\u00f4nicos para o ano de 2013. Para manter voc\u00eas informados darei uma pr\u00e9via dos novos dispositivos inteligentes que ser\u00e3o apresentados pelos expositores. <\/p>\n<p><img loading=\"lazy\" decoding=\"async\" src=\"http:\/\/blogdaandreasimonetti.com.br\/wp-content\/uploads\/2013\/01\/Inspira\u00e7\u00e3o.jpg\" alt=\"\" title=\"Inspira\u00e7\u00e3o\" width=\"550\" height=\"240\" class=\"aligncenter size-full wp-image-5263\" srcset=\"https:\/\/andreasimonetti.com.br\/blog\/wp-content\/uploads\/2013\/01\/Inspira\u00e7\u00e3o.jpg 550w, https:\/\/andreasimonetti.com.br\/blog\/wp-content\/uploads\/2013\/01\/Inspira\u00e7\u00e3o-300x130.jpg 300w\" sizes=\"auto, (max-width: 550px) 100vw, 550px\" \/><br \/>\n<strong>\u00d3culos Inteligentes da Vinux<\/strong><br \/>\nA Vuzix lan\u00e7ar\u00e1 \u00f3culos inteligentes parecidos com o Google Glass o Smart Glasses M100, para acesso sem fio a aplica\u00e7\u00f5es de realidade aumentada, fotos, jogos e informa\u00e7\u00f5es do smartphone. O acess\u00f3rio ainda tem c\u00e2mera integrada, bot\u00f5es de controle logo na altura da orelha e roda o sistema Android, do Google. O produto apresentado na CES ainda uma vers\u00e3o inacabada, mas a final deve custar US$ 500 nos Estados Unidos.<\/p>\n<p><img loading=\"lazy\" decoding=\"async\" src=\"http:\/\/blogdaandreasimonetti.com.br\/wp-content\/uploads\/2013\/01\/Previs\u00e3o-do-tempo.jpg\" alt=\"\" title=\"Previs\u00e3o do tempo\" width=\"550\" height=\"240\" class=\"aligncenter size-full wp-image-5264\" srcset=\"https:\/\/andreasimonetti.com.br\/blog\/wp-content\/uploads\/2013\/01\/Previs\u00e3o-do-tempo.jpg 550w, https:\/\/andreasimonetti.com.br\/blog\/wp-content\/uploads\/2013\/01\/Previs\u00e3o-do-tempo-300x130.jpg 300w\" sizes=\"auto, (max-width: 550px) 100vw, 550px\" \/><br \/>\n<strong>Previs\u00e3o do tempo pessoal<\/strong><br \/>\nDois pequenos cilindros de metal, dentro e fora de casa, conectados ao iPhone ou a celulares com sistema Android, s\u00e3o capazes de informar, com precis\u00e3o, a umidade e a qualidade do ar, a temperatura, o n\u00edvel de g\u00e1s carb\u00f4nico e a previs\u00e3o do tempo para a resid\u00eancia. Pessoas com alergias respirat\u00f3rias est\u00e3o entre os potenciais interessados no Urban Weather Station, afirma a Netatmo, que vende a novidade por US$ 180 nos Estados Unidos e no Canad\u00e1.<\/p>\n<p><img loading=\"lazy\" decoding=\"async\" src=\"http:\/\/blogdaandreasimonetti.com.br\/wp-content\/uploads\/2013\/01\/Navegando-com-os-olhos.jpg\" alt=\"\" title=\"Navegando com os olhos\" width=\"550\" height=\"240\" class=\"aligncenter size-full wp-image-5265\" srcset=\"https:\/\/andreasimonetti.com.br\/blog\/wp-content\/uploads\/2013\/01\/Navegando-com-os-olhos.jpg 550w, https:\/\/andreasimonetti.com.br\/blog\/wp-content\/uploads\/2013\/01\/Navegando-com-os-olhos-300x130.jpg 300w\" sizes=\"auto, (max-width: 550px) 100vw, 550px\" \/><br \/>\n<strong>Controle do computador com os olhos<\/strong><br \/>\nO sistema de rastreamento ocular Tobii se assemelha a um pequeno sensor Kinect \u2013 o sensor de movimentos para games da plataforma Xbox 360 \u2013 mas em menor tamanho.<br \/>\nA barra de cerca de 20 cent\u00edmetros, que pode ser colocada logo abaixo de um monitor tradicional ou da tela um notebook, l\u00ea os movimentos dos olhos e os alia ao comando de uma s\u00f3 tecla. O sistema ainda \u00e9 caro \u2013 o Tobii vai chegar ao consumidor em setembro por US$ 995. <\/p>\n<p><img loading=\"lazy\" decoding=\"async\" src=\"http:\/\/blogdaandreasimonetti.com.br\/wp-content\/uploads\/2013\/01\/Talher-inteligente.jpg\" alt=\"\" title=\"Talher inteligente\" width=\"550\" height=\"240\" class=\"aligncenter size-full wp-image-5266\" srcset=\"https:\/\/andreasimonetti.com.br\/blog\/wp-content\/uploads\/2013\/01\/Talher-inteligente.jpg 550w, https:\/\/andreasimonetti.com.br\/blog\/wp-content\/uploads\/2013\/01\/Talher-inteligente-300x130.jpg 300w\" sizes=\"auto, (max-width: 550px) 100vw, 550px\" \/><br \/>\n<strong>Talher inteligente<\/strong><br \/>\nOs engenheiros franceses da HappyLabs criaram os talheres inteligentes que ajudam a controlar o tempo da refei\u00e7\u00e3o e prometem emagrecer. O HAPIFork \u00e9 um garfo com sensores que identificam o tempo entre uma garfada e outra e emitem um alerta vibrat\u00f3rio quando a pessoa for muito acelerada na hora das refei\u00e7\u00f5es.<br \/>\nO dispositivo est\u00e1 atrelado a um aplicativo para iPhone ou navegador, que traz o hist\u00f3rico do usu\u00e1rio, o n\u00famero de garfadas e o tempo da refei\u00e7\u00e3o. O talher inteligente tem op\u00e7\u00f5es de cores e ganhar\u00e1 uma vers\u00e3o que atualiza os dados via Bluetooth, em meados deste ano, por cerca de US$ 90.<\/p>\n<p><img loading=\"lazy\" decoding=\"async\" src=\"http:\/\/blogdaandreasimonetti.com.br\/wp-content\/uploads\/2013\/01\/A-prova-da-cerveja.jpg\" alt=\"\" title=\"A prova da cerveja\" width=\"550\" height=\"240\" class=\"aligncenter size-full wp-image-5267\" srcset=\"https:\/\/andreasimonetti.com.br\/blog\/wp-content\/uploads\/2013\/01\/A-prova-da-cerveja.jpg 550w, https:\/\/andreasimonetti.com.br\/blog\/wp-content\/uploads\/2013\/01\/A-prova-da-cerveja-300x130.jpg 300w\" sizes=\"auto, (max-width: 550px) 100vw, 550px\" \/><br \/>\n<strong>Celular HZO<\/strong><br \/>\nA empresa HzO mergulhou smartphones e tablets n\u00e3o s\u00f3 na \u00e1gua, mas em cervejas, sucos e refrigerantes para demonstrar sua tecnologia WaterBlock. A companhia garante que seu sistema de isolamento dos componentes internos do aparelho \u00e9 o mais eficaz para evitar os acidentes corriqueiros envolvendo gadgets e l\u00edquidos. De acordo com representantes da HzO a ideia, j\u00e1 patenteada, ser\u00e1 negociada junto a fabricantes de dispositivos m\u00f3veis, mas ainda n\u00e3o h\u00e1 previs\u00e3o para a chegada dos primeiros aparelhos com o WaterBlock ao mercado.<\/p>\n<p><img loading=\"lazy\" decoding=\"async\" src=\"http:\/\/blogdaandreasimonetti.com.br\/wp-content\/uploads\/2013\/01\/Rohan.jpg\" alt=\"\" title=\"Rohan\" width=\"550\" height=\"240\" class=\"aligncenter size-full wp-image-5268\" srcset=\"https:\/\/andreasimonetti.com.br\/blog\/wp-content\/uploads\/2013\/01\/Rohan.jpg 550w, https:\/\/andreasimonetti.com.br\/blog\/wp-content\/uploads\/2013\/01\/Rohan-300x130.jpg 300w\" sizes=\"auto, (max-width: 550px) 100vw, 550px\" \/><br \/>\n<strong>Caixa Conectada sem fio<\/strong><br \/>\nAp\u00f3s estrear as caixas de som e fones da House of Marley, que levam materiais recicl\u00e1veis, na CES do ano passado, o m\u00fasico Rohan Marley, filho de Bob Marley, volta \u00e0 atual edi\u00e7\u00e3o do evento para apresentar a linha de caixas conectadas sem fio pela tecnologia Bluetooth. Os equipamentos incluem materiais como c\u00e2nhamo e pl\u00e1stico de garrafas pet, al\u00e9m de revestimentos em algod\u00e3o org\u00e2nico. A caixa de som port\u00e1til, do tamanho de uma lata de refrigerante, custa US$ 159 enquanto os modelos mais robustos chegam a US$ 800, nos Estados Unidos.<\/p>\n<p><img loading=\"lazy\" decoding=\"async\" src=\"http:\/\/blogdaandreasimonetti.com.br\/wp-content\/uploads\/2013\/01\/Celular-emergencia.jpg\" alt=\"\" title=\"Celular emergencia\" width=\"550\" height=\"240\" class=\"aligncenter size-full wp-image-5269\" srcset=\"https:\/\/andreasimonetti.com.br\/blog\/wp-content\/uploads\/2013\/01\/Celular-emergencia.jpg 550w, https:\/\/andreasimonetti.com.br\/blog\/wp-content\/uploads\/2013\/01\/Celular-emergencia-300x130.jpg 300w\" sizes=\"auto, (max-width: 550px) 100vw, 550px\" \/><br \/>\n<strong>Celular de emerg\u00eancia<\/strong><br \/>\nUm aparelho simples, movido \u00e0 pilha AA e que dura at\u00e9 15 anos. O SpareOne chega a parecer um telefone sem fio, mas o design simples tem uma \u00fanica funcionalidade: servir para emerg\u00eancias. A ideia pode vir a calhar para os consumidores que t\u00eam smartphones roubados, perdidos ou mesmo para aqueles que se perdem e ficam sem comunica\u00e7\u00e3o. O SpareOne custa US$ 99 para o mercado americano.<\/p>\n<p>Se quiserem ficar por dentro de tudo  que acontecer\u00e1 na feira minhas fontes foram dos sites <strong><a href=\"http:\/\/g1.globo.com\/tecnologia\/ces\/2013\/noticia\/2013\/01\/previa-da-ces-2013-mostra-novos-dispositivos-inteligentes.html\"><em>G1<\/em><\/a><\/strong> e do <strong><a href=\"http:\/\/www.tecmundo.com.br\/ces-2013\/34826-ces-2013-keynote-da-samsung-ao-vivo-.htm\"><em>Tecmundo<\/em><\/a><\/strong>.<br \/>\nVamos agora cruzar os dedos para que essas tecnologias cheguem logo ao Brasil e que tenha at\u00e9 sexta mais novidades para facilitar o mundo de pessoas que amam praticidade!!!<\/p>\n","protected":false},"excerpt":{"rendered":"<p>A Consumer Electronics Show &#8211; CES 2013 que acontece em Las Vegas EUA \u00e9 a maior feira de tecnologia do mundo que tem seu in\u00edcio hoje e termina na sexta&hellip;<\/p>\n","protected":false},"author":7,"featured_media":0,"comment_status":"open","ping_status":"open","sticky":false,"template":"","format":"standard","meta":{"_monsterinsights_skip_tracking":false,"_monsterinsights_sitenote_active":false,"_monsterinsights_sitenote_note":"","_monsterinsights_sitenote_category":0,"footnotes":""},"categories":[1508,3],"tags":[470,452,592,587,593,590,507,506,586,591,588,583,581,2324,585,584,582,589],"class_list":["post-5262","post","type-post","status-publish","format-standard","hentry","category-destaque","category-moda","tag-android","tag-bluetooth","tag-celular-de-emergencia","tag-ces2013","tag-eletronicos","tag-gadgets","tag-google","tag-google-glass","tag-hapifork","tag-house-of-marley","tag-hzo","tag-previsao-do-tempo","tag-smart-glasses-m100","tag-tecnologia","tag-tobii","tag-urban-weather-station","tag-vinux","tag-waterblock"],"yoast_head":"<!-- This site is optimized with the Yoast SEO plugin v26.3 - https:\/\/yoast.com\/wordpress\/plugins\/seo\/ -->\n<title>CES 2013 - Andrea Simonetti<\/title>\n<meta name=\"robots\" content=\"index, follow, max-snippet:-1, max-image-preview:large, max-video-preview:-1\" \/>\n<link rel=\"canonical\" href=\"https:\/\/andreasimonetti.com.br\/blog\/ces-2013\/\" \/>\n<meta property=\"og:locale\" content=\"pt_BR\" \/>\n<meta property=\"og:type\" content=\"article\" \/>\n<meta property=\"og:title\" content=\"CES 2013 - Andrea Simonetti\" \/>\n<meta property=\"og:description\" content=\"A Consumer Electronics Show &#8211; CES 2013 que acontece em Las Vegas EUA \u00e9 a maior feira de tecnologia do mundo que tem seu in\u00edcio hoje e termina na sexta&hellip;\" \/>\n<meta property=\"og:url\" content=\"https:\/\/andreasimonetti.com.br\/blog\/ces-2013\/\" \/>\n<meta property=\"og:site_name\" content=\"Andrea Simonetti\" \/>\n<meta property=\"article:publisher\" content=\"https:\/\/www.facebook.com\/blogdaandreasimonetti\/\" \/>\n<meta property=\"article:author\" content=\"https:\/\/www.facebook.com\/blogdaandreasimonetti\/\" \/>\n<meta property=\"article:published_time\" content=\"2013-01-08T11:56:53+00:00\" \/>\n<meta property=\"article:modified_time\" content=\"2018-05-25T11:53:45+00:00\" \/>\n<meta property=\"og:image\" content=\"http:\/\/blogdaandreasimonetti.com.br\/wp-content\/uploads\/2013\/01\/Navegando-com-os-olhos.jpg\" \/>\n<meta name=\"author\" content=\"Andrea Simonetti\" \/>\n<meta name=\"twitter:card\" content=\"summary_large_image\" \/>\n<meta name=\"twitter:creator\" content=\"@https:\/\/twitter.com\/Andrea_Simoneti\" \/>\n<meta name=\"twitter:site\" content=\"@Andrea_Simoneti\" \/>\n<meta name=\"twitter:label1\" content=\"Escrito por\" \/>\n\t<meta name=\"twitter:data1\" content=\"Andrea Simonetti\" \/>\n\t<meta name=\"twitter:label2\" content=\"Est. tempo de leitura\" \/>\n\t<meta name=\"twitter:data2\" content=\"4 minutos\" \/>\n<!-- \/ Yoast SEO plugin. -->","yoast_head_json":{"title":"CES 2013 - Andrea Simonetti","robots":{"index":"index","follow":"follow","max-snippet":"max-snippet:-1","max-image-preview":"max-image-preview:large","max-video-preview":"max-video-preview:-1"},"canonical":"https:\/\/andreasimonetti.com.br\/blog\/ces-2013\/","og_locale":"pt_BR","og_type":"article","og_title":"CES 2013 - Andrea Simonetti","og_description":"A Consumer Electronics Show &#8211; CES 2013 que acontece em Las Vegas EUA \u00e9 a maior feira de tecnologia do mundo que tem seu in\u00edcio hoje e termina na sexta&hellip;","og_url":"https:\/\/andreasimonetti.com.br\/blog\/ces-2013\/","og_site_name":"Andrea Simonetti","article_publisher":"https:\/\/www.facebook.com\/blogdaandreasimonetti\/","article_author":"https:\/\/www.facebook.com\/blogdaandreasimonetti\/","article_published_time":"2013-01-08T11:56:53+00:00","article_modified_time":"2018-05-25T11:53:45+00:00","og_image":[{"url":"http:\/\/blogdaandreasimonetti.com.br\/wp-content\/uploads\/2013\/01\/Navegando-com-os-olhos.jpg","type":"","width":"","height":""}],"author":"Andrea Simonetti","twitter_card":"summary_large_image","twitter_creator":"@https:\/\/twitter.com\/Andrea_Simoneti","twitter_site":"@Andrea_Simoneti","twitter_misc":{"Escrito por":"Andrea Simonetti","Est. tempo de leitura":"4 minutos"},"schema":{"@context":"https:\/\/schema.org","@graph":[{"@type":"WebPage","@id":"https:\/\/andreasimonetti.com.br\/blog\/ces-2013\/","url":"https:\/\/andreasimonetti.com.br\/blog\/ces-2013\/","name":"CES 2013 - Andrea Simonetti","isPartOf":{"@id":"https:\/\/andreasimonetti.com.br\/blog\/#website"},"primaryImageOfPage":{"@id":"https:\/\/andreasimonetti.com.br\/blog\/ces-2013\/#primaryimage"},"image":{"@id":"https:\/\/andreasimonetti.com.br\/blog\/ces-2013\/#primaryimage"},"thumbnailUrl":"http:\/\/blogdaandreasimonetti.com.br\/wp-content\/uploads\/2013\/01\/Navegando-com-os-olhos.jpg","datePublished":"2013-01-08T11:56:53+00:00","dateModified":"2018-05-25T11:53:45+00:00","author":{"@id":"https:\/\/andreasimonetti.com.br\/blog\/#\/schema\/person\/254f763c24ac288e27ea738a7366ad2a"},"breadcrumb":{"@id":"https:\/\/andreasimonetti.com.br\/blog\/ces-2013\/#breadcrumb"},"inLanguage":"pt-BR","potentialAction":[{"@type":"ReadAction","target":["https:\/\/andreasimonetti.com.br\/blog\/ces-2013\/"]}]},{"@type":"ImageObject","inLanguage":"pt-BR","@id":"https:\/\/andreasimonetti.com.br\/blog\/ces-2013\/#primaryimage","url":"http:\/\/blogdaandreasimonetti.com.br\/wp-content\/uploads\/2013\/01\/Navegando-com-os-olhos.jpg","contentUrl":"http:\/\/blogdaandreasimonetti.com.br\/wp-content\/uploads\/2013\/01\/Navegando-com-os-olhos.jpg"},{"@type":"BreadcrumbList","@id":"https:\/\/andreasimonetti.com.br\/blog\/ces-2013\/#breadcrumb","itemListElement":[{"@type":"ListItem","position":1,"name":"In\u00edcio","item":"https:\/\/andreasimonetti.com.br\/blog\/"},{"@type":"ListItem","position":2,"name":"CES 2013"}]},{"@type":"WebSite","@id":"https:\/\/andreasimonetti.com.br\/blog\/#website","url":"https:\/\/andreasimonetti.com.br\/blog\/","name":"Andrea Simonetti","description":"","potentialAction":[{"@type":"SearchAction","target":{"@type":"EntryPoint","urlTemplate":"https:\/\/andreasimonetti.com.br\/blog\/?s={search_term_string}"},"query-input":{"@type":"PropertyValueSpecification","valueRequired":true,"valueName":"search_term_string"}}],"inLanguage":"pt-BR"},{"@type":"Person","@id":"https:\/\/andreasimonetti.com.br\/blog\/#\/schema\/person\/254f763c24ac288e27ea738a7366ad2a","name":"Andrea Simonetti","image":{"@type":"ImageObject","inLanguage":"pt-BR","@id":"https:\/\/andreasimonetti.com.br\/blog\/#\/schema\/person\/image\/","url":"https:\/\/andreasimonetti.com.br\/blog\/wp-content\/uploads\/2018\/04\/andrea-simonetti-96x96.png","contentUrl":"https:\/\/andreasimonetti.com.br\/blog\/wp-content\/uploads\/2018\/04\/andrea-simonetti-96x96.png","caption":"Andrea Simonetti"},"description":"Sou formada em Administra\u00e7\u00e3o de Empresas, Produ\u00e7\u00e3o de Moda pelo SENAC e Consultoria de Estilo. Sou fascinada por moda desde sempre, adoro ver as pessoas produzidas e de bem com a vida. Moda \u00e9 o meu assunto preferido. Comecei meu blog em 2011, ele cresceu e hoje \u00e9 um site bem mais abrangente, onde eu falo sobre moda e meu trabalho de consultora de estilo. E falo tamb\u00e9m sobre a minha experi\u00eancia de vida. Mas antes de tudo, acredito num Deus Soberano que nos guia e aben\u00e7oa, o tempo todo!","sameAs":["https:\/\/www.andreasimonetti.com.br\/","https:\/\/www.facebook.com\/blogdaandreasimonetti\/","https:\/\/www.instagram.com\/andrea_simonetti\/","https:\/\/br.pinterest.com\/BlogAndrea\/","https:\/\/x.com\/https:\/\/twitter.com\/Andrea_Simoneti"],"url":"https:\/\/andreasimonetti.com.br\/blog\/author\/andrea\/"}]}},"_links":{"self":[{"href":"https:\/\/andreasimonetti.com.br\/blog\/wp-json\/wp\/v2\/posts\/5262","targetHints":{"allow":["GET"]}}],"collection":[{"href":"https:\/\/andreasimonetti.com.br\/blog\/wp-json\/wp\/v2\/posts"}],"about":[{"href":"https:\/\/andreasimonetti.com.br\/blog\/wp-json\/wp\/v2\/types\/post"}],"author":[{"embeddable":true,"href":"https:\/\/andreasimonetti.com.br\/blog\/wp-json\/wp\/v2\/users\/7"}],"replies":[{"embeddable":true,"href":"https:\/\/andreasimonetti.com.br\/blog\/wp-json\/wp\/v2\/comments?post=5262"}],"version-history":[{"count":0,"href":"https:\/\/andreasimonetti.com.br\/blog\/wp-json\/wp\/v2\/posts\/5262\/revisions"}],"wp:attachment":[{"href":"https:\/\/andreasimonetti.com.br\/blog\/wp-json\/wp\/v2\/media?parent=5262"}],"wp:term":[{"taxonomy":"category","embeddable":true,"href":"https:\/\/andreasimonetti.com.br\/blog\/wp-json\/wp\/v2\/categories?post=5262"},{"taxonomy":"post_tag","embeddable":true,"href":"https:\/\/andreasimonetti.com.br\/blog\/wp-json\/wp\/v2\/tags?post=5262"}],"curies":[{"name":"wp","href":"https:\/\/api.w.org\/{rel}","templated":true}]}}