{"id":4970,"date":"2012-11-27T10:51:25","date_gmt":"2012-11-27T12:51:25","guid":{"rendered":"http:\/\/blogdaandreasimonetti.com.br\/?p=4970"},"modified":"2018-05-25T08:53:46","modified_gmt":"2018-05-25T11:53:46","slug":"arquitetura-para-caes","status":"publish","type":"post","link":"https:\/\/andreasimonetti.com.br\/blog\/arquitetura-para-caes\/","title":{"rendered":"Arquitetura para C\u00e3es"},"content":{"rendered":"<p>Vi uma reportagem esta semana e por amar animais gostaria de dividir com voc\u00eas. Foi disponibilizado para os internautas de todo mundo no dia 20, o site &#8220;Architecture for Dogs&#8221; e acreditem pra quem \u00e9 amante de criatividade vale a pena conferir. O designer japon\u00eas Kenya Hara disponibiliza produtos de desenho em projetos inspirados em uma forma de mudar a rela\u00e7\u00e3o entre humanos e cachorros de todas as ra\u00e7as. Casinhas, brinquedos e utilit\u00e1rios que s\u00e3o assinados por grandes de designs internacionais &#8211; como Kengo Kuma, Konstantin Grcic e o escrit\u00f3rio MVRDV &#8211; segundo as caracter\u00edsticas de ra\u00e7as de c\u00e3es espec\u00edficas. As pe\u00e7as estar\u00e3o em exposi\u00e7\u00f5es de arte e design como a Art Basel em Miami que acontecer\u00e1 em Dezembro deste ano. E o melhor de tudo voc\u00ea ainda pode ter a inspira\u00e7\u00e3o de criar voc\u00ea mesmo o modelo que achar mais adequado a seu c\u00e3ozinho.<br \/>\nConfira alguns modelos!!!<\/p>\n<p><img loading=\"lazy\" decoding=\"async\" src=\"http:\/\/blogdaandreasimonetti.com.br\/wp-content\/uploads\/2012\/11\/11.jpg\" alt=\"\" title=\"1\" width=\"550\" height=\"340\" class=\"aligncenter size-full wp-image-4971\" srcset=\"https:\/\/andreasimonetti.com.br\/blog\/wp-content\/uploads\/2012\/11\/11.jpg 550w, https:\/\/andreasimonetti.com.br\/blog\/wp-content\/uploads\/2012\/11\/11-300x185.jpg 300w\" sizes=\"auto, (max-width: 550px) 100vw, 550px\" \/><br \/>\nA caminha vestida por uma camiseta voc\u00ea ainda pode mudar a cor de acordo com seu gosto foi criada para c\u00e3es da ra\u00e7a Jack Russel Terrier. Para deixar seu c\u00e3ozinho mais envolvido os arquitetos indicam que as camisetas antigas do dono do bichinho sejam usadas.<\/p>\n<p><img loading=\"lazy\" decoding=\"async\" src=\"http:\/\/blogdaandreasimonetti.com.br\/wp-content\/uploads\/2012\/11\/22.jpg\" alt=\"\" title=\"2\" width=\"550\" height=\"340\" class=\"aligncenter size-full wp-image-4972\" srcset=\"https:\/\/andreasimonetti.com.br\/blog\/wp-content\/uploads\/2012\/11\/22.jpg 550w, https:\/\/andreasimonetti.com.br\/blog\/wp-content\/uploads\/2012\/11\/22-300x185.jpg 300w\" sizes=\"auto, (max-width: 550px) 100vw, 550px\" \/><br \/>\nEsta casinha super decorativa re\u00fane plantas, objetos e brinquedos para que o c\u00e3o se sinta a vontade em um ambiente agrad\u00e1vel.<\/p>\n<p><img loading=\"lazy\" decoding=\"async\" src=\"http:\/\/blogdaandreasimonetti.com.br\/wp-content\/uploads\/2012\/11\/31.jpg\" alt=\"\" title=\"3\" width=\"550\" height=\"340\" class=\"aligncenter size-full wp-image-4973\" srcset=\"https:\/\/andreasimonetti.com.br\/blog\/wp-content\/uploads\/2012\/11\/31.jpg 550w, https:\/\/andreasimonetti.com.br\/blog\/wp-content\/uploads\/2012\/11\/31-300x185.jpg 300w\" sizes=\"auto, (max-width: 550px) 100vw, 550px\" \/><br \/>\nA casinha com estrutura geom\u00e9trica em madeira \u00e9 bem moderna. A proposta do arquiteto foi criar um brinquedo para c\u00e3es ativos, como os da ra\u00e7a Pug.Onde voc\u00ea ainda pode pendurar brinquedos e petiscos para o c\u00e3ozinho se esbaldar.<\/p>\n<p><img loading=\"lazy\" decoding=\"async\" src=\"http:\/\/blogdaandreasimonetti.com.br\/wp-content\/uploads\/2012\/11\/4-A-8.jpg\" alt=\"\" title=\"4 A 8\" width=\"550\" height=\"340\" class=\"aligncenter size-full wp-image-4974\" srcset=\"https:\/\/andreasimonetti.com.br\/blog\/wp-content\/uploads\/2012\/11\/4-A-8.jpg 550w, https:\/\/andreasimonetti.com.br\/blog\/wp-content\/uploads\/2012\/11\/4-A-8-300x185.jpg 300w\" sizes=\"auto, (max-width: 550px) 100vw, 550px\" \/><br \/>\nEste modelo de prote\u00e7\u00e3o foi projetada para os Chihuahuas que normalmente \u00e9 uma ra\u00e7a agitada e fr\u00e1gil deixando protegido e seguro sem limitar seus movimentos.<\/p>\n<p><img loading=\"lazy\" decoding=\"async\" src=\"http:\/\/blogdaandreasimonetti.com.br\/wp-content\/uploads\/2012\/11\/9.jpg\" alt=\"\" title=\"9\" width=\"550\" height=\"340\" class=\"aligncenter size-full wp-image-4975\" srcset=\"https:\/\/andreasimonetti.com.br\/blog\/wp-content\/uploads\/2012\/11\/9.jpg 550w, https:\/\/andreasimonetti.com.br\/blog\/wp-content\/uploads\/2012\/11\/9-300x185.jpg 300w\" sizes=\"auto, (max-width: 550px) 100vw, 550px\" \/><br \/>\nEsta \u00e9 uma cama e carrinho ao mesmo tempo projetada para c\u00e3es da ra\u00e7a Shiba que pode ser adotado tamb\u00e9m para outras ra\u00e7as indicado para c\u00e3es velhinhos com problemas de mobilidade.<\/p>\n<p><img loading=\"lazy\" decoding=\"async\" src=\"http:\/\/blogdaandreasimonetti.com.br\/wp-content\/uploads\/2012\/11\/10.jpg\" alt=\"\" title=\"10\" width=\"550\" height=\"340\" class=\"aligncenter size-full wp-image-4976\" srcset=\"https:\/\/andreasimonetti.com.br\/blog\/wp-content\/uploads\/2012\/11\/10.jpg 550w, https:\/\/andreasimonetti.com.br\/blog\/wp-content\/uploads\/2012\/11\/10-300x185.jpg 300w\" sizes=\"auto, (max-width: 550px) 100vw, 550px\" \/><br \/>\nA casa suspensa e m\u00f3vel simples \u00e9 indicada para Terries e pode proteger seu c\u00e3ozinho onde estiver.<\/p>\n<p><img loading=\"lazy\" decoding=\"async\" src=\"http:\/\/blogdaandreasimonetti.com.br\/wp-content\/uploads\/2012\/11\/111.jpg\" alt=\"\" title=\"11\" width=\"550\" height=\"340\" class=\"aligncenter size-full wp-image-4977\" srcset=\"https:\/\/andreasimonetti.com.br\/blog\/wp-content\/uploads\/2012\/11\/111.jpg 550w, https:\/\/andreasimonetti.com.br\/blog\/wp-content\/uploads\/2012\/11\/111-300x185.jpg 300w\" sizes=\"auto, (max-width: 550px) 100vw, 550px\" \/><br \/>\nPara a ra\u00e7a Papillon projetou-se uma casinha criativa para distrair e envolv\u00ea-lo na brincadeira. Um labirinto feito com cilindros de pl\u00e1stico que pode ser mudado de lugar transformando em modelos diferenciados.<\/p>\n<p><img loading=\"lazy\" decoding=\"async\" src=\"http:\/\/blogdaandreasimonetti.com.br\/wp-content\/uploads\/2012\/11\/12.jpg\" alt=\"\" title=\"12\" width=\"550\" height=\"340\" class=\"aligncenter size-full wp-image-4978\" srcset=\"https:\/\/andreasimonetti.com.br\/blog\/wp-content\/uploads\/2012\/11\/12.jpg 550w, https:\/\/andreasimonetti.com.br\/blog\/wp-content\/uploads\/2012\/11\/12-300x185.jpg 300w\" sizes=\"auto, (max-width: 550px) 100vw, 550px\" \/><br \/>\nPara os c\u00e3ezinhos da ra\u00e7a Dachshud que tem pernas curtas por\u00e9m s\u00e3o super ativos foi criada uma casinha divertida e funcional. E ainda pode servir para seu bichinho tomar sol ou at\u00e9 mesmo de uma poltrona confort\u00e1vel de madeira.<\/p>\n<p><img loading=\"lazy\" decoding=\"async\" src=\"http:\/\/blogdaandreasimonetti.com.br\/wp-content\/uploads\/2012\/11\/16.jpg\" alt=\"\" title=\"16\" width=\"550\" height=\"340\" class=\"aligncenter size-full wp-image-4979\" srcset=\"https:\/\/andreasimonetti.com.br\/blog\/wp-content\/uploads\/2012\/11\/16.jpg 550w, https:\/\/andreasimonetti.com.br\/blog\/wp-content\/uploads\/2012\/11\/16-300x185.jpg 300w\" sizes=\"auto, (max-width: 550px) 100vw, 550px\" \/><br \/>\nA casinha almofada mais fofa para seu Bichon Frise super fofinha e funciona de casinha.<\/p>\n<p><img loading=\"lazy\" decoding=\"async\" src=\"http:\/\/blogdaandreasimonetti.com.br\/wp-content\/uploads\/2012\/11\/17.jpg\" alt=\"\" title=\"17\" width=\"550\" height=\"340\" class=\"aligncenter size-full wp-image-4980\" srcset=\"https:\/\/andreasimonetti.com.br\/blog\/wp-content\/uploads\/2012\/11\/17.jpg 550w, https:\/\/andreasimonetti.com.br\/blog\/wp-content\/uploads\/2012\/11\/17-300x185.jpg 300w\" sizes=\"auto, (max-width: 550px) 100vw, 550px\" \/><br \/>\nUma toca simples projetada para cachorros tradicionais com entrada em duas extremidades com uma corda na parte da frente pra seu c\u00e3ozinho mais agitado brincar como por exemplo os da ra\u00e7a Beagle.<\/p>\n<p><img loading=\"lazy\" decoding=\"async\" src=\"http:\/\/blogdaandreasimonetti.com.br\/wp-content\/uploads\/2012\/11\/18.jpg\" alt=\"\" title=\"18\" width=\"550\" height=\"340\" class=\"aligncenter size-full wp-image-4981\" srcset=\"https:\/\/andreasimonetti.com.br\/blog\/wp-content\/uploads\/2012\/11\/18.jpg 550w, https:\/\/andreasimonetti.com.br\/blog\/wp-content\/uploads\/2012\/11\/18-300x185.jpg 300w\" sizes=\"auto, (max-width: 550px) 100vw, 550px\" \/><br \/>\nUm espelho super moderno para os Poodles com ilumina\u00e7\u00e3o e tapete. Os Poodles s\u00e3o os mais inteligentes segundo o arquiteto e acredita que possa reconhecer seu pr\u00f3prio reflexo.<\/p>\n<p><img loading=\"lazy\" decoding=\"async\" src=\"http:\/\/blogdaandreasimonetti.com.br\/wp-content\/uploads\/2012\/11\/19.jpg\" alt=\"\" title=\"19\" width=\"550\" height=\"340\" class=\"aligncenter size-full wp-image-4982\" srcset=\"https:\/\/andreasimonetti.com.br\/blog\/wp-content\/uploads\/2012\/11\/19.jpg 550w, https:\/\/andreasimonetti.com.br\/blog\/wp-content\/uploads\/2012\/11\/19-300x185.jpg 300w\" sizes=\"auto, (max-width: 550px) 100vw, 550px\" \/><br \/>\nEsta \u00e9 para os c\u00e3ezinhos que amam escalar e subir em m\u00f3veis. Uma proposta para c\u00e3es de menos porte para se divertirem.<\/p>\n<p><img loading=\"lazy\" decoding=\"async\" src=\"http:\/\/blogdaandreasimonetti.com.br\/wp-content\/uploads\/2012\/11\/221.jpg\" alt=\"\" title=\"22\" width=\"550\" height=\"340\" class=\"aligncenter size-full wp-image-4983\" srcset=\"https:\/\/andreasimonetti.com.br\/blog\/wp-content\/uploads\/2012\/11\/221.jpg 550w, https:\/\/andreasimonetti.com.br\/blog\/wp-content\/uploads\/2012\/11\/221-300x185.jpg 300w\" sizes=\"auto, (max-width: 550px) 100vw, 550px\" \/><br \/>\nEsta serve de caminha composta por tubos met\u00e1licos e trastes de madeira. Os tubos s\u00e3o projetados para receber sacos de gelo em dias quentes. Achei um m\u00e1ximo at\u00e9 eu queria um desses parece mais o Div\u00e3.<\/p>\n<p>E pra quem ama os bichinhos como eu, voc\u00ea pode inovar de acordo com sua criatividade e deixar seu c\u00e3ozinho muito mais tranquilo e confort\u00e1vel!!!<br \/>\nSe voc\u00eas quiserem conhecer mais acesse o site &#8220;<a href=\"http:\/\/architecturefordogs.com\/\"><strong>Architecture for Dogs<\/strong><\/a>&#8221; ou at\u00e9 mesmo os acompanhe no <a href=\"http:\/\/www.facebook.com\/architecturefordogs\"><strong>Facebook<\/strong><\/a>.<\/p>\n","protected":false},"excerpt":{"rendered":"<p>Vi uma reportagem esta semana e por amar animais gostaria de dividir com voc\u00eas. Foi disponibilizado para os internautas de todo mundo no dia 20, o site &#8220;Architecture for Dogs&#8221;&hellip;<\/p>\n","protected":false},"author":7,"featured_media":0,"comment_status":"open","ping_status":"open","sticky":false,"template":"","format":"standard","meta":{"_monsterinsights_skip_tracking":false,"_monsterinsights_sitenote_active":false,"_monsterinsights_sitenote_note":"","_monsterinsights_sitenote_category":0,"footnotes":""},"categories":[1508,3],"tags":[515,481,517,514,2330,518,516,519],"class_list":["post-4970","post","type-post","status-publish","format-standard","hentry","category-destaque","category-moda","tag-animais","tag-arquitetura-2","tag-art-basel-em-miami","tag-caes","tag-inspiracao","tag-kengo-kuma","tag-kenya-hara","tag-konstantin-grcic"],"yoast_head":"<!-- This site is optimized with the Yoast SEO plugin v26.3 - https:\/\/yoast.com\/wordpress\/plugins\/seo\/ -->\n<title>Arquitetura para C\u00e3es - Andrea Simonetti<\/title>\n<meta name=\"robots\" content=\"index, follow, max-snippet:-1, max-image-preview:large, max-video-preview:-1\" \/>\n<link rel=\"canonical\" href=\"https:\/\/andreasimonetti.com.br\/blog\/arquitetura-para-caes\/\" \/>\n<meta property=\"og:locale\" content=\"pt_BR\" \/>\n<meta property=\"og:type\" content=\"article\" \/>\n<meta property=\"og:title\" content=\"Arquitetura para C\u00e3es - Andrea Simonetti\" \/>\n<meta property=\"og:description\" content=\"Vi uma reportagem esta semana e por amar animais gostaria de dividir com voc\u00eas. Foi disponibilizado para os internautas de todo mundo no dia 20, o site &#8220;Architecture for Dogs&#8221;&hellip;\" \/>\n<meta property=\"og:url\" content=\"https:\/\/andreasimonetti.com.br\/blog\/arquitetura-para-caes\/\" \/>\n<meta property=\"og:site_name\" content=\"Andrea Simonetti\" \/>\n<meta property=\"article:publisher\" content=\"https:\/\/www.facebook.com\/blogdaandreasimonetti\/\" \/>\n<meta property=\"article:author\" content=\"https:\/\/www.facebook.com\/blogdaandreasimonetti\/\" \/>\n<meta property=\"article:published_time\" content=\"2012-11-27T12:51:25+00:00\" \/>\n<meta property=\"article:modified_time\" content=\"2018-05-25T11:53:46+00:00\" \/>\n<meta property=\"og:image\" content=\"http:\/\/blogdaandreasimonetti.com.br\/wp-content\/uploads\/2012\/11\/11.jpg\" \/>\n<meta name=\"author\" content=\"Andrea Simonetti\" \/>\n<meta name=\"twitter:card\" content=\"summary_large_image\" \/>\n<meta name=\"twitter:creator\" content=\"@https:\/\/twitter.com\/Andrea_Simoneti\" \/>\n<meta name=\"twitter:site\" content=\"@Andrea_Simoneti\" \/>\n<meta name=\"twitter:label1\" content=\"Escrito por\" \/>\n\t<meta name=\"twitter:data1\" content=\"Andrea Simonetti\" \/>\n\t<meta name=\"twitter:label2\" content=\"Est. tempo de leitura\" \/>\n\t<meta name=\"twitter:data2\" content=\"3 minutos\" \/>\n<!-- \/ Yoast SEO plugin. -->","yoast_head_json":{"title":"Arquitetura para C\u00e3es - Andrea Simonetti","robots":{"index":"index","follow":"follow","max-snippet":"max-snippet:-1","max-image-preview":"max-image-preview:large","max-video-preview":"max-video-preview:-1"},"canonical":"https:\/\/andreasimonetti.com.br\/blog\/arquitetura-para-caes\/","og_locale":"pt_BR","og_type":"article","og_title":"Arquitetura para C\u00e3es - Andrea Simonetti","og_description":"Vi uma reportagem esta semana e por amar animais gostaria de dividir com voc\u00eas. Foi disponibilizado para os internautas de todo mundo no dia 20, o site &#8220;Architecture for Dogs&#8221;&hellip;","og_url":"https:\/\/andreasimonetti.com.br\/blog\/arquitetura-para-caes\/","og_site_name":"Andrea Simonetti","article_publisher":"https:\/\/www.facebook.com\/blogdaandreasimonetti\/","article_author":"https:\/\/www.facebook.com\/blogdaandreasimonetti\/","article_published_time":"2012-11-27T12:51:25+00:00","article_modified_time":"2018-05-25T11:53:46+00:00","og_image":[{"url":"http:\/\/blogdaandreasimonetti.com.br\/wp-content\/uploads\/2012\/11\/11.jpg","type":"","width":"","height":""}],"author":"Andrea Simonetti","twitter_card":"summary_large_image","twitter_creator":"@https:\/\/twitter.com\/Andrea_Simoneti","twitter_site":"@Andrea_Simoneti","twitter_misc":{"Escrito por":"Andrea Simonetti","Est. tempo de leitura":"3 minutos"},"schema":{"@context":"https:\/\/schema.org","@graph":[{"@type":"WebPage","@id":"https:\/\/andreasimonetti.com.br\/blog\/arquitetura-para-caes\/","url":"https:\/\/andreasimonetti.com.br\/blog\/arquitetura-para-caes\/","name":"Arquitetura para C\u00e3es - Andrea Simonetti","isPartOf":{"@id":"https:\/\/andreasimonetti.com.br\/blog\/#website"},"primaryImageOfPage":{"@id":"https:\/\/andreasimonetti.com.br\/blog\/arquitetura-para-caes\/#primaryimage"},"image":{"@id":"https:\/\/andreasimonetti.com.br\/blog\/arquitetura-para-caes\/#primaryimage"},"thumbnailUrl":"http:\/\/blogdaandreasimonetti.com.br\/wp-content\/uploads\/2012\/11\/11.jpg","datePublished":"2012-11-27T12:51:25+00:00","dateModified":"2018-05-25T11:53:46+00:00","author":{"@id":"https:\/\/andreasimonetti.com.br\/blog\/#\/schema\/person\/254f763c24ac288e27ea738a7366ad2a"},"breadcrumb":{"@id":"https:\/\/andreasimonetti.com.br\/blog\/arquitetura-para-caes\/#breadcrumb"},"inLanguage":"pt-BR","potentialAction":[{"@type":"ReadAction","target":["https:\/\/andreasimonetti.com.br\/blog\/arquitetura-para-caes\/"]}]},{"@type":"ImageObject","inLanguage":"pt-BR","@id":"https:\/\/andreasimonetti.com.br\/blog\/arquitetura-para-caes\/#primaryimage","url":"http:\/\/blogdaandreasimonetti.com.br\/wp-content\/uploads\/2012\/11\/11.jpg","contentUrl":"http:\/\/blogdaandreasimonetti.com.br\/wp-content\/uploads\/2012\/11\/11.jpg"},{"@type":"BreadcrumbList","@id":"https:\/\/andreasimonetti.com.br\/blog\/arquitetura-para-caes\/#breadcrumb","itemListElement":[{"@type":"ListItem","position":1,"name":"In\u00edcio","item":"https:\/\/andreasimonetti.com.br\/blog\/"},{"@type":"ListItem","position":2,"name":"Arquitetura para C\u00e3es"}]},{"@type":"WebSite","@id":"https:\/\/andreasimonetti.com.br\/blog\/#website","url":"https:\/\/andreasimonetti.com.br\/blog\/","name":"Andrea Simonetti","description":"","potentialAction":[{"@type":"SearchAction","target":{"@type":"EntryPoint","urlTemplate":"https:\/\/andreasimonetti.com.br\/blog\/?s={search_term_string}"},"query-input":{"@type":"PropertyValueSpecification","valueRequired":true,"valueName":"search_term_string"}}],"inLanguage":"pt-BR"},{"@type":"Person","@id":"https:\/\/andreasimonetti.com.br\/blog\/#\/schema\/person\/254f763c24ac288e27ea738a7366ad2a","name":"Andrea Simonetti","image":{"@type":"ImageObject","inLanguage":"pt-BR","@id":"https:\/\/andreasimonetti.com.br\/blog\/#\/schema\/person\/image\/","url":"https:\/\/andreasimonetti.com.br\/blog\/wp-content\/uploads\/2018\/04\/andrea-simonetti-96x96.png","contentUrl":"https:\/\/andreasimonetti.com.br\/blog\/wp-content\/uploads\/2018\/04\/andrea-simonetti-96x96.png","caption":"Andrea Simonetti"},"description":"Sou formada em Administra\u00e7\u00e3o de Empresas, Produ\u00e7\u00e3o de Moda pelo SENAC e Consultoria de Estilo. Sou fascinada por moda desde sempre, adoro ver as pessoas produzidas e de bem com a vida. Moda \u00e9 o meu assunto preferido. Comecei meu blog em 2011, ele cresceu e hoje \u00e9 um site bem mais abrangente, onde eu falo sobre moda e meu trabalho de consultora de estilo. E falo tamb\u00e9m sobre a minha experi\u00eancia de vida. Mas antes de tudo, acredito num Deus Soberano que nos guia e aben\u00e7oa, o tempo todo!","sameAs":["https:\/\/www.andreasimonetti.com.br\/","https:\/\/www.facebook.com\/blogdaandreasimonetti\/","https:\/\/www.instagram.com\/andrea_simonetti\/","https:\/\/br.pinterest.com\/BlogAndrea\/","https:\/\/x.com\/https:\/\/twitter.com\/Andrea_Simoneti"],"url":"https:\/\/andreasimonetti.com.br\/blog\/author\/andrea\/"}]}},"_links":{"self":[{"href":"https:\/\/andreasimonetti.com.br\/blog\/wp-json\/wp\/v2\/posts\/4970","targetHints":{"allow":["GET"]}}],"collection":[{"href":"https:\/\/andreasimonetti.com.br\/blog\/wp-json\/wp\/v2\/posts"}],"about":[{"href":"https:\/\/andreasimonetti.com.br\/blog\/wp-json\/wp\/v2\/types\/post"}],"author":[{"embeddable":true,"href":"https:\/\/andreasimonetti.com.br\/blog\/wp-json\/wp\/v2\/users\/7"}],"replies":[{"embeddable":true,"href":"https:\/\/andreasimonetti.com.br\/blog\/wp-json\/wp\/v2\/comments?post=4970"}],"version-history":[{"count":0,"href":"https:\/\/andreasimonetti.com.br\/blog\/wp-json\/wp\/v2\/posts\/4970\/revisions"}],"wp:attachment":[{"href":"https:\/\/andreasimonetti.com.br\/blog\/wp-json\/wp\/v2\/media?parent=4970"}],"wp:term":[{"taxonomy":"category","embeddable":true,"href":"https:\/\/andreasimonetti.com.br\/blog\/wp-json\/wp\/v2\/categories?post=4970"},{"taxonomy":"post_tag","embeddable":true,"href":"https:\/\/andreasimonetti.com.br\/blog\/wp-json\/wp\/v2\/tags?post=4970"}],"curies":[{"name":"wp","href":"https:\/\/api.w.org\/{rel}","templated":true}]}}