{"id":4656,"date":"2012-10-16T14:57:53","date_gmt":"2012-10-16T17:57:53","guid":{"rendered":"http:\/\/blogdaandreasimonetti.com.br\/?p=4656"},"modified":"2018-05-25T08:53:47","modified_gmt":"2018-05-25T11:53:47","slug":"acessorios-na-moda","status":"publish","type":"post","link":"https:\/\/andreasimonetti.com.br\/blog\/acessorios-na-moda\/","title":{"rendered":"Acess\u00f3rios na Moda"},"content":{"rendered":"<p>Os aparelhos celulares j\u00e1 se tornaram parte do nosso cotidiano e com sua efici\u00eancia nos proporcionam o conforto em nossas vidas.<br \/>\nOs acess\u00f3rios de alguma forma fazem sua parte funcional e muitas vezes decorativa. No caso os plugs al\u00e9m de dar um visual novo e moderno para o celular ele ainda protege a entrada dos fones de ouvido de poeira e sujeira que podem ocorrer durante dias, semanas ou anos de uso.<br \/>\nHoje no mercado voc\u00ea pode encontrar mil tipos de plugs de v\u00e1rios formatos e cores desde os mais sofisticados aos mais simples que enfeitam seu aparelho m\u00f3vel, satisfazendo a vontade do consumidor de acordo com seu estilo.<br \/>\nUma funcionalidade do telefone que poderia passar despercebida (a n\u00e3o ser quando voc\u00ea utiliza para colocar fone de ouvido). Pesquisei alguns modelos mais usados e procurados para voc\u00eas.<\/p>\n<p><em>Os mais sofisticados sempre s\u00e3o com strass e pontos de luz. Alguns brilham de acordo com a luz do celular.<\/em><br \/>\n<img loading=\"lazy\" decoding=\"async\" class=\"alignnone size-full wp-image-4657\" title=\"Primeira\" src=\"http:\/\/blogdaandreasimonetti.com.br\/wp-content\/uploads\/2012\/10\/Primeira.jpg\" alt=\"\" width=\"550\" height=\"660\" srcset=\"https:\/\/andreasimonetti.com.br\/blog\/wp-content\/uploads\/2012\/10\/Primeira.jpg 550w, https:\/\/andreasimonetti.com.br\/blog\/wp-content\/uploads\/2012\/10\/Primeira-250x300.jpg 250w\" sizes=\"auto, (max-width: 550px) 100vw, 550px\" \/><br \/>\n<em><\/em><\/p>\n<p><em>Os de caveiras e t\u00eanis All Star s\u00e3o muito procurados, pois al\u00e9m de strass dando um luxo ainda est\u00e3o super na moda.<\/em><br \/>\n<img loading=\"lazy\" decoding=\"async\" class=\"alignnone size-full wp-image-4658\" title=\"Caveiras\" src=\"http:\/\/blogdaandreasimonetti.com.br\/wp-content\/uploads\/2012\/10\/Caveiras.jpg\" alt=\"\" width=\"550\" height=\"350\" srcset=\"https:\/\/andreasimonetti.com.br\/blog\/wp-content\/uploads\/2012\/10\/Caveiras.jpg 550w, https:\/\/andreasimonetti.com.br\/blog\/wp-content\/uploads\/2012\/10\/Caveiras-300x190.jpg 300w\" sizes=\"auto, (max-width: 550px) 100vw, 550px\" \/><br \/>\n<em><\/em><\/p>\n<p><em>N\u00e3o podemos esquecer dos desenhos animados e bichinhos que deixam tudo muito colorido.<\/em><br \/>\n<img loading=\"lazy\" decoding=\"async\" src=\"http:\/\/blogdaandreasimonetti.com.br\/wp-content\/uploads\/2012\/10\/desenhos.jpg\" alt=\"\" title=\"desenhos\" width=\"548\" height=\"668\" class=\"alignnone size-full wp-image-4665\" srcset=\"https:\/\/andreasimonetti.com.br\/blog\/wp-content\/uploads\/2012\/10\/desenhos.jpg 548w, https:\/\/andreasimonetti.com.br\/blog\/wp-content\/uploads\/2012\/10\/desenhos-246x300.jpg 246w\" sizes=\"auto, (max-width: 548px) 100vw, 548px\" \/><\/p>\n<p><em>Por fim vale lembrar dos pop phones, uma esp\u00e9cie de gancho de telefone antigo, que pode ser acoplado em celulares, computadores e tablets. V\u00e1rias celebridades j\u00e1 aderiram esta moda.<\/em><br \/>\n<img loading=\"lazy\" decoding=\"async\" class=\"alignnone size-full wp-image-4660\" title=\"Pop phone\" src=\"http:\/\/blogdaandreasimonetti.com.br\/wp-content\/uploads\/2012\/10\/Pop-phone.jpg\" alt=\"\" width=\"550\" height=\"190\" srcset=\"https:\/\/andreasimonetti.com.br\/blog\/wp-content\/uploads\/2012\/10\/Pop-phone.jpg 550w, https:\/\/andreasimonetti.com.br\/blog\/wp-content\/uploads\/2012\/10\/Pop-phone-300x103.jpg 300w\" sizes=\"auto, (max-width: 550px) 100vw, 550px\" \/><\/p>\n<p>Esses adere\u00e7os de forma criativa ajudam a dar um \u201cup\u201d no visual de seu aparelho.<br \/>\nCom a criatividade voc\u00ea pode sempre inovar seu celular para n\u00e3o se cansar sempre da mesma \u201ccara\u201d.<br \/>\nOs plugs n\u00e3o s\u00e3o caros: os valores v\u00e3o de R$10,00 a 50,00, dependendo do gosto de cada um e existem muitos sites em que voc\u00ea pode encontr\u00e1-los.<br \/>\nEu particularmente adoro e indico o <a href=\"http:\/\/www.tanlup.com.br\"><strong>Tanlup<\/strong><\/a> que re\u00fane v\u00e1rias lojas dentro dele. \u00c9 poss\u00edvel at\u00e9 mesmo fazer compara\u00e7\u00f5es de pre\u00e7os de determinado produto.<\/p>\n","protected":false},"excerpt":{"rendered":"<p>Os aparelhos celulares j\u00e1 se tornaram parte do nosso cotidiano e com sua efici\u00eancia nos proporcionam o conforto em nossas vidas. Os acess\u00f3rios de alguma forma fazem sua parte funcional&hellip;<\/p>\n","protected":false},"author":7,"featured_media":0,"comment_status":"open","ping_status":"open","sticky":false,"template":"","format":"standard","meta":{"_monsterinsights_skip_tracking":false,"_monsterinsights_sitenote_active":false,"_monsterinsights_sitenote_note":"","_monsterinsights_sitenote_category":0,"footnotes":""},"categories":[1508,3],"tags":[88,459,458,460,295],"class_list":["post-4656","post","type-post","status-publish","format-standard","hentry","category-destaque","category-moda","tag-acessorios-2","tag-aparelho","tag-celular","tag-detalhe","tag-telefone"],"yoast_head":"<!-- This site is optimized with the Yoast SEO plugin v26.3 - https:\/\/yoast.com\/wordpress\/plugins\/seo\/ -->\n<title>Acess\u00f3rios na Moda - Andrea Simonetti<\/title>\n<meta name=\"robots\" content=\"index, follow, max-snippet:-1, max-image-preview:large, max-video-preview:-1\" \/>\n<link rel=\"canonical\" href=\"https:\/\/andreasimonetti.com.br\/blog\/acessorios-na-moda\/\" \/>\n<meta property=\"og:locale\" content=\"pt_BR\" \/>\n<meta property=\"og:type\" content=\"article\" \/>\n<meta property=\"og:title\" content=\"Acess\u00f3rios na Moda - Andrea Simonetti\" \/>\n<meta property=\"og:description\" content=\"Os aparelhos celulares j\u00e1 se tornaram parte do nosso cotidiano e com sua efici\u00eancia nos proporcionam o conforto em nossas vidas. Os acess\u00f3rios de alguma forma fazem sua parte funcional&hellip;\" \/>\n<meta property=\"og:url\" content=\"https:\/\/andreasimonetti.com.br\/blog\/acessorios-na-moda\/\" \/>\n<meta property=\"og:site_name\" content=\"Andrea Simonetti\" \/>\n<meta property=\"article:publisher\" content=\"https:\/\/www.facebook.com\/blogdaandreasimonetti\/\" \/>\n<meta property=\"article:author\" content=\"https:\/\/www.facebook.com\/blogdaandreasimonetti\/\" \/>\n<meta property=\"article:published_time\" content=\"2012-10-16T17:57:53+00:00\" \/>\n<meta property=\"article:modified_time\" content=\"2018-05-25T11:53:47+00:00\" \/>\n<meta property=\"og:image\" content=\"http:\/\/blogdaandreasimonetti.com.br\/wp-content\/uploads\/2012\/10\/Primeira.jpg\" \/>\n<meta name=\"author\" content=\"Andrea Simonetti\" \/>\n<meta name=\"twitter:card\" content=\"summary_large_image\" \/>\n<meta name=\"twitter:creator\" content=\"@https:\/\/twitter.com\/Andrea_Simoneti\" \/>\n<meta name=\"twitter:site\" content=\"@Andrea_Simoneti\" \/>\n<meta name=\"twitter:label1\" content=\"Escrito por\" \/>\n\t<meta name=\"twitter:data1\" content=\"Andrea Simonetti\" \/>\n\t<meta name=\"twitter:label2\" content=\"Est. tempo de leitura\" \/>\n\t<meta name=\"twitter:data2\" content=\"2 minutos\" \/>\n<!-- \/ Yoast SEO plugin. -->","yoast_head_json":{"title":"Acess\u00f3rios na Moda - Andrea Simonetti","robots":{"index":"index","follow":"follow","max-snippet":"max-snippet:-1","max-image-preview":"max-image-preview:large","max-video-preview":"max-video-preview:-1"},"canonical":"https:\/\/andreasimonetti.com.br\/blog\/acessorios-na-moda\/","og_locale":"pt_BR","og_type":"article","og_title":"Acess\u00f3rios na Moda - Andrea Simonetti","og_description":"Os aparelhos celulares j\u00e1 se tornaram parte do nosso cotidiano e com sua efici\u00eancia nos proporcionam o conforto em nossas vidas. Os acess\u00f3rios de alguma forma fazem sua parte funcional&hellip;","og_url":"https:\/\/andreasimonetti.com.br\/blog\/acessorios-na-moda\/","og_site_name":"Andrea Simonetti","article_publisher":"https:\/\/www.facebook.com\/blogdaandreasimonetti\/","article_author":"https:\/\/www.facebook.com\/blogdaandreasimonetti\/","article_published_time":"2012-10-16T17:57:53+00:00","article_modified_time":"2018-05-25T11:53:47+00:00","og_image":[{"url":"http:\/\/blogdaandreasimonetti.com.br\/wp-content\/uploads\/2012\/10\/Primeira.jpg","type":"","width":"","height":""}],"author":"Andrea Simonetti","twitter_card":"summary_large_image","twitter_creator":"@https:\/\/twitter.com\/Andrea_Simoneti","twitter_site":"@Andrea_Simoneti","twitter_misc":{"Escrito por":"Andrea Simonetti","Est. tempo de leitura":"2 minutos"},"schema":{"@context":"https:\/\/schema.org","@graph":[{"@type":"WebPage","@id":"https:\/\/andreasimonetti.com.br\/blog\/acessorios-na-moda\/","url":"https:\/\/andreasimonetti.com.br\/blog\/acessorios-na-moda\/","name":"Acess\u00f3rios na Moda - Andrea Simonetti","isPartOf":{"@id":"https:\/\/andreasimonetti.com.br\/blog\/#website"},"primaryImageOfPage":{"@id":"https:\/\/andreasimonetti.com.br\/blog\/acessorios-na-moda\/#primaryimage"},"image":{"@id":"https:\/\/andreasimonetti.com.br\/blog\/acessorios-na-moda\/#primaryimage"},"thumbnailUrl":"http:\/\/blogdaandreasimonetti.com.br\/wp-content\/uploads\/2012\/10\/Primeira.jpg","datePublished":"2012-10-16T17:57:53+00:00","dateModified":"2018-05-25T11:53:47+00:00","author":{"@id":"https:\/\/andreasimonetti.com.br\/blog\/#\/schema\/person\/254f763c24ac288e27ea738a7366ad2a"},"breadcrumb":{"@id":"https:\/\/andreasimonetti.com.br\/blog\/acessorios-na-moda\/#breadcrumb"},"inLanguage":"pt-BR","potentialAction":[{"@type":"ReadAction","target":["https:\/\/andreasimonetti.com.br\/blog\/acessorios-na-moda\/"]}]},{"@type":"ImageObject","inLanguage":"pt-BR","@id":"https:\/\/andreasimonetti.com.br\/blog\/acessorios-na-moda\/#primaryimage","url":"http:\/\/blogdaandreasimonetti.com.br\/wp-content\/uploads\/2012\/10\/Primeira.jpg","contentUrl":"http:\/\/blogdaandreasimonetti.com.br\/wp-content\/uploads\/2012\/10\/Primeira.jpg"},{"@type":"BreadcrumbList","@id":"https:\/\/andreasimonetti.com.br\/blog\/acessorios-na-moda\/#breadcrumb","itemListElement":[{"@type":"ListItem","position":1,"name":"In\u00edcio","item":"https:\/\/andreasimonetti.com.br\/blog\/"},{"@type":"ListItem","position":2,"name":"Acess\u00f3rios na Moda"}]},{"@type":"WebSite","@id":"https:\/\/andreasimonetti.com.br\/blog\/#website","url":"https:\/\/andreasimonetti.com.br\/blog\/","name":"Andrea Simonetti","description":"","potentialAction":[{"@type":"SearchAction","target":{"@type":"EntryPoint","urlTemplate":"https:\/\/andreasimonetti.com.br\/blog\/?s={search_term_string}"},"query-input":{"@type":"PropertyValueSpecification","valueRequired":true,"valueName":"search_term_string"}}],"inLanguage":"pt-BR"},{"@type":"Person","@id":"https:\/\/andreasimonetti.com.br\/blog\/#\/schema\/person\/254f763c24ac288e27ea738a7366ad2a","name":"Andrea Simonetti","image":{"@type":"ImageObject","inLanguage":"pt-BR","@id":"https:\/\/andreasimonetti.com.br\/blog\/#\/schema\/person\/image\/","url":"https:\/\/andreasimonetti.com.br\/blog\/wp-content\/uploads\/2018\/04\/andrea-simonetti-96x96.png","contentUrl":"https:\/\/andreasimonetti.com.br\/blog\/wp-content\/uploads\/2018\/04\/andrea-simonetti-96x96.png","caption":"Andrea Simonetti"},"description":"Sou formada em Administra\u00e7\u00e3o de Empresas, Produ\u00e7\u00e3o de Moda pelo SENAC e Consultoria de Estilo. Sou fascinada por moda desde sempre, adoro ver as pessoas produzidas e de bem com a vida. Moda \u00e9 o meu assunto preferido. Comecei meu blog em 2011, ele cresceu e hoje \u00e9 um site bem mais abrangente, onde eu falo sobre moda e meu trabalho de consultora de estilo. E falo tamb\u00e9m sobre a minha experi\u00eancia de vida. Mas antes de tudo, acredito num Deus Soberano que nos guia e aben\u00e7oa, o tempo todo!","sameAs":["https:\/\/www.andreasimonetti.com.br\/","https:\/\/www.facebook.com\/blogdaandreasimonetti\/","https:\/\/www.instagram.com\/andrea_simonetti\/","https:\/\/br.pinterest.com\/BlogAndrea\/","https:\/\/x.com\/https:\/\/twitter.com\/Andrea_Simoneti"],"url":"https:\/\/andreasimonetti.com.br\/blog\/author\/andrea\/"}]}},"_links":{"self":[{"href":"https:\/\/andreasimonetti.com.br\/blog\/wp-json\/wp\/v2\/posts\/4656","targetHints":{"allow":["GET"]}}],"collection":[{"href":"https:\/\/andreasimonetti.com.br\/blog\/wp-json\/wp\/v2\/posts"}],"about":[{"href":"https:\/\/andreasimonetti.com.br\/blog\/wp-json\/wp\/v2\/types\/post"}],"author":[{"embeddable":true,"href":"https:\/\/andreasimonetti.com.br\/blog\/wp-json\/wp\/v2\/users\/7"}],"replies":[{"embeddable":true,"href":"https:\/\/andreasimonetti.com.br\/blog\/wp-json\/wp\/v2\/comments?post=4656"}],"version-history":[{"count":0,"href":"https:\/\/andreasimonetti.com.br\/blog\/wp-json\/wp\/v2\/posts\/4656\/revisions"}],"wp:attachment":[{"href":"https:\/\/andreasimonetti.com.br\/blog\/wp-json\/wp\/v2\/media?parent=4656"}],"wp:term":[{"taxonomy":"category","embeddable":true,"href":"https:\/\/andreasimonetti.com.br\/blog\/wp-json\/wp\/v2\/categories?post=4656"},{"taxonomy":"post_tag","embeddable":true,"href":"https:\/\/andreasimonetti.com.br\/blog\/wp-json\/wp\/v2\/tags?post=4656"}],"curies":[{"name":"wp","href":"https:\/\/api.w.org\/{rel}","templated":true}]}}