{"id":2802,"date":"2012-04-25T12:49:59","date_gmt":"2012-04-25T15:49:59","guid":{"rendered":"http:\/\/blogdaandreasimonetti.com.br\/?p=2802"},"modified":"2018-05-25T08:47:26","modified_gmt":"2018-05-25T11:47:26","slug":"museu-gutemberg","status":"publish","type":"post","link":"https:\/\/andreasimonetti.com.br\/blog\/museu-gutemberg\/","title":{"rendered":"Museu Gutemberg"},"content":{"rendered":"<p>O inventor e gr\u00e1fico alem\u00e3o Johannes Gutemberg nasceu na cidade de Mainz no ano de 1398. Na cidade existe um museu que conta a hist\u00f3ria do tipo mec\u00e2nico m\u00f3vel para impress\u00e3o desenvolvido por Gutemberg. Esse \u00e9 considerado por muitos o invento mais importante do per\u00edodo moderno. Eu visitei o museu Gutemberg e tive uma aula sobre a Revolu\u00e7\u00e3o da Imprensa.<\/p>\n<div id=\"attachment_2803\" style=\"width: 650px\" class=\"wp-caption alignleft\"><a href=\"http:\/\/blogdaandreasimonetti.com.br\/wp-content\/uploads\/2012\/04\/299.jpg\" data-rel=\"penci-gallery-image-content\" ><img loading=\"lazy\" decoding=\"async\" aria-describedby=\"caption-attachment-2803\" class=\"size-full wp-image-2803\" title=\"299\" src=\"http:\/\/blogdaandreasimonetti.com.br\/wp-content\/uploads\/2012\/04\/299.jpg\" alt=\"\" width=\"640\" height=\"480\" srcset=\"https:\/\/andreasimonetti.com.br\/blog\/wp-content\/uploads\/2012\/04\/299.jpg 640w, https:\/\/andreasimonetti.com.br\/blog\/wp-content\/uploads\/2012\/04\/299-300x225.jpg 300w\" sizes=\"auto, (max-width: 640px) 100vw, 640px\" \/><\/a><p id=\"caption-attachment-2803\" class=\"wp-caption-text\">Museu Gutemberg em Mainz<\/p><\/div>\n<div id=\"attachment_2804\" style=\"width: 650px\" class=\"wp-caption alignleft\"><a href=\"http:\/\/blogdaandreasimonetti.com.br\/wp-content\/uploads\/2012\/04\/240.jpg\" data-rel=\"penci-gallery-image-content\" ><img loading=\"lazy\" decoding=\"async\" aria-describedby=\"caption-attachment-2804\" class=\"size-full wp-image-2804\" title=\"240\" src=\"http:\/\/blogdaandreasimonetti.com.br\/wp-content\/uploads\/2012\/04\/240.jpg\" alt=\"\" width=\"640\" height=\"480\" srcset=\"https:\/\/andreasimonetti.com.br\/blog\/wp-content\/uploads\/2012\/04\/240.jpg 640w, https:\/\/andreasimonetti.com.br\/blog\/wp-content\/uploads\/2012\/04\/240-300x225.jpg 300w\" sizes=\"auto, (max-width: 640px) 100vw, 640px\" \/><\/a><p id=\"caption-attachment-2804\" class=\"wp-caption-text\">M\u00e1quina antiga utilizada para impress\u00e3o<\/p><\/div>\n<div id=\"attachment_2805\" style=\"width: 650px\" class=\"wp-caption alignleft\"><a href=\"http:\/\/blogdaandreasimonetti.com.br\/wp-content\/uploads\/2012\/04\/255.jpg\" data-rel=\"penci-gallery-image-content\" ><img loading=\"lazy\" decoding=\"async\" aria-describedby=\"caption-attachment-2805\" class=\"size-full wp-image-2805\" title=\"255\" src=\"http:\/\/blogdaandreasimonetti.com.br\/wp-content\/uploads\/2012\/04\/255.jpg\" alt=\"\" width=\"640\" height=\"480\" srcset=\"https:\/\/andreasimonetti.com.br\/blog\/wp-content\/uploads\/2012\/04\/255.jpg 640w, https:\/\/andreasimonetti.com.br\/blog\/wp-content\/uploads\/2012\/04\/255-300x225.jpg 300w\" sizes=\"auto, (max-width: 640px) 100vw, 640px\" \/><\/a><p id=\"caption-attachment-2805\" class=\"wp-caption-text\">Souvenirs<\/p><\/div>\n<p>&nbsp;<\/p>\n<div id=\"attachment_2807\" style=\"width: 650px\" class=\"wp-caption alignleft\"><a href=\"http:\/\/blogdaandreasimonetti.com.br\/wp-content\/uploads\/2012\/04\/241.jpg\" data-rel=\"penci-gallery-image-content\" ><img loading=\"lazy\" decoding=\"async\" aria-describedby=\"caption-attachment-2807\" class=\"size-full wp-image-2807\" title=\"241\" src=\"http:\/\/blogdaandreasimonetti.com.br\/wp-content\/uploads\/2012\/04\/241.jpg\" alt=\"\" width=\"640\" height=\"480\" srcset=\"https:\/\/andreasimonetti.com.br\/blog\/wp-content\/uploads\/2012\/04\/241.jpg 640w, https:\/\/andreasimonetti.com.br\/blog\/wp-content\/uploads\/2012\/04\/241-300x225.jpg 300w\" sizes=\"auto, (max-width: 640px) 100vw, 640px\" \/><\/a><p id=\"caption-attachment-2807\" class=\"wp-caption-text\">Estefan, especialista na hist\u00f3ria de Gutemberg<\/p><\/div>\n","protected":false},"excerpt":{"rendered":"<p>O inventor e gr\u00e1fico alem\u00e3o Johannes Gutemberg nasceu na cidade de Mainz no ano de 1398. Na cidade existe um museu que conta a hist\u00f3ria do tipo mec\u00e2nico m\u00f3vel para&hellip;<\/p>\n","protected":false},"author":7,"featured_media":0,"comment_status":"open","ping_status":"open","sticky":false,"template":"","format":"nota","meta":{"_monsterinsights_skip_tracking":false,"_monsterinsights_sitenote_active":false,"_monsterinsights_sitenote_note":"","_monsterinsights_sitenote_category":0,"footnotes":""},"categories":[2013],"tags":[257,256],"class_list":["post-2802","post","type-post","status-publish","format-nota","hentry","category-lifestyle","tag-cidade-de-mainz","tag-museu-de-gutemberg","post_format-nota"],"yoast_head":"<!-- This site is optimized with the Yoast SEO plugin v26.3 - https:\/\/yoast.com\/wordpress\/plugins\/seo\/ -->\n<title>Museu Gutemberg - Andrea Simonetti<\/title>\n<meta name=\"robots\" content=\"index, follow, max-snippet:-1, max-image-preview:large, max-video-preview:-1\" \/>\n<link rel=\"canonical\" href=\"https:\/\/andreasimonetti.com.br\/blog\/museu-gutemberg\/\" \/>\n<meta property=\"og:locale\" content=\"pt_BR\" \/>\n<meta property=\"og:type\" content=\"article\" \/>\n<meta property=\"og:title\" content=\"Museu Gutemberg - Andrea Simonetti\" \/>\n<meta property=\"og:description\" content=\"O inventor e gr\u00e1fico alem\u00e3o Johannes Gutemberg nasceu na cidade de Mainz no ano de 1398. Na cidade existe um museu que conta a hist\u00f3ria do tipo mec\u00e2nico m\u00f3vel para&hellip;\" \/>\n<meta property=\"og:url\" content=\"https:\/\/andreasimonetti.com.br\/blog\/museu-gutemberg\/\" \/>\n<meta property=\"og:site_name\" content=\"Andrea Simonetti\" \/>\n<meta property=\"article:publisher\" content=\"https:\/\/www.facebook.com\/blogdaandreasimonetti\/\" \/>\n<meta property=\"article:author\" content=\"https:\/\/www.facebook.com\/blogdaandreasimonetti\/\" \/>\n<meta property=\"article:published_time\" content=\"2012-04-25T15:49:59+00:00\" \/>\n<meta property=\"article:modified_time\" content=\"2018-05-25T11:47:26+00:00\" \/>\n<meta property=\"og:image\" content=\"http:\/\/blogdaandreasimonetti.com.br\/wp-content\/uploads\/2012\/04\/299.jpg\" \/>\n<meta name=\"author\" content=\"Andrea Simonetti\" \/>\n<meta name=\"twitter:card\" content=\"summary_large_image\" \/>\n<meta name=\"twitter:creator\" content=\"@https:\/\/twitter.com\/Andrea_Simoneti\" \/>\n<meta name=\"twitter:site\" content=\"@Andrea_Simoneti\" \/>\n<meta name=\"twitter:label1\" content=\"Escrito por\" \/>\n\t<meta name=\"twitter:data1\" content=\"Andrea Simonetti\" \/>\n\t<meta name=\"twitter:label2\" content=\"Est. tempo de leitura\" \/>\n\t<meta name=\"twitter:data2\" content=\"1 minuto\" \/>\n<!-- \/ Yoast SEO plugin. -->","yoast_head_json":{"title":"Museu Gutemberg - Andrea Simonetti","robots":{"index":"index","follow":"follow","max-snippet":"max-snippet:-1","max-image-preview":"max-image-preview:large","max-video-preview":"max-video-preview:-1"},"canonical":"https:\/\/andreasimonetti.com.br\/blog\/museu-gutemberg\/","og_locale":"pt_BR","og_type":"article","og_title":"Museu Gutemberg - Andrea Simonetti","og_description":"O inventor e gr\u00e1fico alem\u00e3o Johannes Gutemberg nasceu na cidade de Mainz no ano de 1398. Na cidade existe um museu que conta a hist\u00f3ria do tipo mec\u00e2nico m\u00f3vel para&hellip;","og_url":"https:\/\/andreasimonetti.com.br\/blog\/museu-gutemberg\/","og_site_name":"Andrea Simonetti","article_publisher":"https:\/\/www.facebook.com\/blogdaandreasimonetti\/","article_author":"https:\/\/www.facebook.com\/blogdaandreasimonetti\/","article_published_time":"2012-04-25T15:49:59+00:00","article_modified_time":"2018-05-25T11:47:26+00:00","og_image":[{"url":"http:\/\/blogdaandreasimonetti.com.br\/wp-content\/uploads\/2012\/04\/299.jpg","type":"","width":"","height":""}],"author":"Andrea Simonetti","twitter_card":"summary_large_image","twitter_creator":"@https:\/\/twitter.com\/Andrea_Simoneti","twitter_site":"@Andrea_Simoneti","twitter_misc":{"Escrito por":"Andrea Simonetti","Est. tempo de leitura":"1 minuto"},"schema":{"@context":"https:\/\/schema.org","@graph":[{"@type":"WebPage","@id":"https:\/\/andreasimonetti.com.br\/blog\/museu-gutemberg\/","url":"https:\/\/andreasimonetti.com.br\/blog\/museu-gutemberg\/","name":"Museu Gutemberg - Andrea Simonetti","isPartOf":{"@id":"https:\/\/andreasimonetti.com.br\/blog\/#website"},"primaryImageOfPage":{"@id":"https:\/\/andreasimonetti.com.br\/blog\/museu-gutemberg\/#primaryimage"},"image":{"@id":"https:\/\/andreasimonetti.com.br\/blog\/museu-gutemberg\/#primaryimage"},"thumbnailUrl":"http:\/\/blogdaandreasimonetti.com.br\/wp-content\/uploads\/2012\/04\/299.jpg","datePublished":"2012-04-25T15:49:59+00:00","dateModified":"2018-05-25T11:47:26+00:00","author":{"@id":"https:\/\/andreasimonetti.com.br\/blog\/#\/schema\/person\/254f763c24ac288e27ea738a7366ad2a"},"breadcrumb":{"@id":"https:\/\/andreasimonetti.com.br\/blog\/museu-gutemberg\/#breadcrumb"},"inLanguage":"pt-BR","potentialAction":[{"@type":"ReadAction","target":["https:\/\/andreasimonetti.com.br\/blog\/museu-gutemberg\/"]}]},{"@type":"ImageObject","inLanguage":"pt-BR","@id":"https:\/\/andreasimonetti.com.br\/blog\/museu-gutemberg\/#primaryimage","url":"http:\/\/blogdaandreasimonetti.com.br\/wp-content\/uploads\/2012\/04\/299.jpg","contentUrl":"http:\/\/blogdaandreasimonetti.com.br\/wp-content\/uploads\/2012\/04\/299.jpg"},{"@type":"BreadcrumbList","@id":"https:\/\/andreasimonetti.com.br\/blog\/museu-gutemberg\/#breadcrumb","itemListElement":[{"@type":"ListItem","position":1,"name":"In\u00edcio","item":"https:\/\/andreasimonetti.com.br\/blog\/"},{"@type":"ListItem","position":2,"name":"Museu Gutemberg"}]},{"@type":"WebSite","@id":"https:\/\/andreasimonetti.com.br\/blog\/#website","url":"https:\/\/andreasimonetti.com.br\/blog\/","name":"Andrea Simonetti","description":"","potentialAction":[{"@type":"SearchAction","target":{"@type":"EntryPoint","urlTemplate":"https:\/\/andreasimonetti.com.br\/blog\/?s={search_term_string}"},"query-input":{"@type":"PropertyValueSpecification","valueRequired":true,"valueName":"search_term_string"}}],"inLanguage":"pt-BR"},{"@type":"Person","@id":"https:\/\/andreasimonetti.com.br\/blog\/#\/schema\/person\/254f763c24ac288e27ea738a7366ad2a","name":"Andrea Simonetti","image":{"@type":"ImageObject","inLanguage":"pt-BR","@id":"https:\/\/andreasimonetti.com.br\/blog\/#\/schema\/person\/image\/","url":"https:\/\/andreasimonetti.com.br\/blog\/wp-content\/uploads\/2018\/04\/andrea-simonetti-96x96.png","contentUrl":"https:\/\/andreasimonetti.com.br\/blog\/wp-content\/uploads\/2018\/04\/andrea-simonetti-96x96.png","caption":"Andrea Simonetti"},"description":"Sou formada em Administra\u00e7\u00e3o de Empresas, Produ\u00e7\u00e3o de Moda pelo SENAC e Consultoria de Estilo. Sou fascinada por moda desde sempre, adoro ver as pessoas produzidas e de bem com a vida. Moda \u00e9 o meu assunto preferido. Comecei meu blog em 2011, ele cresceu e hoje \u00e9 um site bem mais abrangente, onde eu falo sobre moda e meu trabalho de consultora de estilo. E falo tamb\u00e9m sobre a minha experi\u00eancia de vida. Mas antes de tudo, acredito num Deus Soberano que nos guia e aben\u00e7oa, o tempo todo!","sameAs":["https:\/\/www.andreasimonetti.com.br\/","https:\/\/www.facebook.com\/blogdaandreasimonetti\/","https:\/\/www.instagram.com\/andrea_simonetti\/","https:\/\/br.pinterest.com\/BlogAndrea\/","https:\/\/x.com\/https:\/\/twitter.com\/Andrea_Simoneti"],"url":"https:\/\/andreasimonetti.com.br\/blog\/author\/andrea\/"}]}},"_links":{"self":[{"href":"https:\/\/andreasimonetti.com.br\/blog\/wp-json\/wp\/v2\/posts\/2802","targetHints":{"allow":["GET"]}}],"collection":[{"href":"https:\/\/andreasimonetti.com.br\/blog\/wp-json\/wp\/v2\/posts"}],"about":[{"href":"https:\/\/andreasimonetti.com.br\/blog\/wp-json\/wp\/v2\/types\/post"}],"author":[{"embeddable":true,"href":"https:\/\/andreasimonetti.com.br\/blog\/wp-json\/wp\/v2\/users\/7"}],"replies":[{"embeddable":true,"href":"https:\/\/andreasimonetti.com.br\/blog\/wp-json\/wp\/v2\/comments?post=2802"}],"version-history":[{"count":0,"href":"https:\/\/andreasimonetti.com.br\/blog\/wp-json\/wp\/v2\/posts\/2802\/revisions"}],"wp:attachment":[{"href":"https:\/\/andreasimonetti.com.br\/blog\/wp-json\/wp\/v2\/media?parent=2802"}],"wp:term":[{"taxonomy":"category","embeddable":true,"href":"https:\/\/andreasimonetti.com.br\/blog\/wp-json\/wp\/v2\/categories?post=2802"},{"taxonomy":"post_tag","embeddable":true,"href":"https:\/\/andreasimonetti.com.br\/blog\/wp-json\/wp\/v2\/tags?post=2802"}],"curies":[{"name":"wp","href":"https:\/\/api.w.org\/{rel}","templated":true}]}}