{"id":2559,"date":"2012-04-08T18:08:01","date_gmt":"2012-04-08T21:08:01","guid":{"rendered":"http:\/\/blogdaandreasimonetti.com.br\/?p=2559"},"modified":"2018-05-25T08:47:27","modified_gmt":"2018-05-25T11:47:27","slug":"ferias-na-europa-berlin","status":"publish","type":"post","link":"https:\/\/andreasimonetti.com.br\/blog\/ferias-na-europa-berlin\/","title":{"rendered":"F\u00e9rias na Europa : Berlin"},"content":{"rendered":"<p>Oi meninas&#8230;Viajar \u00e9 sempre bom, pela Europa \u00e9 bom demais, na Alemanha \u00e9 uma loucura, em Berlin \u00e9 inacredit\u00e1vel !!! A cidade ferve as 24 horas do dia, mesmo com a temperatura chegando \u00e0 ZERO GRAU e uma neve fina caindo. \u00c9 gente do mundo todo nessa cidade repleta de monumentos que registram seus acontecimentos hist\u00f3ricos. Nada melhor do que sair sem rumo pelas ruas de Berlin, visitando suas pra\u00e7as, museus, exposi\u00e7\u00f5es e tamb\u00e9m, \u00e9 claro, suas lojas, shoppings e restaurantes. Por falar em shopping, o KDW \u00e9 um dos principais da Europa, com as melhores griffes do mundo, como Channel, Prada, Louis Vuitton, Ralph Lauren e tantas outras. Berlin \u00e9 um dos melhores lugares do mundo para se gastar dinheiro, ser feliz e celebrar a vida. Separei para voc\u00eas algumas das muitas fotos que fiz, espero que gostem. Minha viagem pela Alemanha continua !!<\/p>\n<div id=\"attachment_2578\" style=\"width: 650px\" class=\"wp-caption alignleft\"><a href=\"http:\/\/blogdaandreasimonetti.com.br\/wp-content\/uploads\/2012\/04\/0011.jpg\" data-rel=\"penci-gallery-image-content\" ><img loading=\"lazy\" decoding=\"async\" aria-describedby=\"caption-attachment-2578\" src=\"http:\/\/blogdaandreasimonetti.com.br\/wp-content\/uploads\/2012\/04\/0011.jpg\" alt=\"\" title=\"001\" width=\"640\" height=\"480\" class=\"size-full wp-image-2578\" srcset=\"https:\/\/andreasimonetti.com.br\/blog\/wp-content\/uploads\/2012\/04\/0011.jpg 640w, https:\/\/andreasimonetti.com.br\/blog\/wp-content\/uploads\/2012\/04\/0011-300x225.jpg 300w\" sizes=\"auto, (max-width: 640px) 100vw, 640px\" \/><\/a><p id=\"caption-attachment-2578\" class=\"wp-caption-text\">Eu no local onde passava o Muro de Berlin<\/p><\/div>\n<p><a href=\"http:\/\/blogdaandreasimonetti.com.br\/wp-content\/uploads\/2012\/04\/041.jpg\" data-rel=\"penci-gallery-image-content\" ><img loading=\"lazy\" decoding=\"async\" src=\"http:\/\/blogdaandreasimonetti.com.br\/wp-content\/uploads\/2012\/04\/041.jpg\" alt=\"\" title=\"041\" width=\"640\" height=\"480\" class=\"alignleft size-full wp-image-2560\" srcset=\"https:\/\/andreasimonetti.com.br\/blog\/wp-content\/uploads\/2012\/04\/041.jpg 640w, https:\/\/andreasimonetti.com.br\/blog\/wp-content\/uploads\/2012\/04\/041-300x225.jpg 300w\" sizes=\"auto, (max-width: 640px) 100vw, 640px\" \/><\/a><\/p>\n<div id=\"attachment_2561\" style=\"width: 650px\" class=\"wp-caption alignleft\"><a href=\"http:\/\/blogdaandreasimonetti.com.br\/wp-content\/uploads\/2012\/04\/047.jpg\" data-rel=\"penci-gallery-image-content\" ><img loading=\"lazy\" decoding=\"async\" aria-describedby=\"caption-attachment-2561\" src=\"http:\/\/blogdaandreasimonetti.com.br\/wp-content\/uploads\/2012\/04\/047.jpg\" alt=\"\" title=\"047\" width=\"640\" height=\"480\" class=\"size-full wp-image-2561\" srcset=\"https:\/\/andreasimonetti.com.br\/blog\/wp-content\/uploads\/2012\/04\/047.jpg 640w, https:\/\/andreasimonetti.com.br\/blog\/wp-content\/uploads\/2012\/04\/047-300x225.jpg 300w\" sizes=\"auto, (max-width: 640px) 100vw, 640px\" \/><\/a><p id=\"caption-attachment-2561\" class=\"wp-caption-text\">Alexander Platz<\/p><\/div>\n<div id=\"attachment_2562\" style=\"width: 650px\" class=\"wp-caption alignleft\"><a href=\"http:\/\/blogdaandreasimonetti.com.br\/wp-content\/uploads\/2012\/04\/051.jpg\" data-rel=\"penci-gallery-image-content\" ><img loading=\"lazy\" decoding=\"async\" aria-describedby=\"caption-attachment-2562\" src=\"http:\/\/blogdaandreasimonetti.com.br\/wp-content\/uploads\/2012\/04\/051.jpg\" alt=\"\" title=\"051\" width=\"640\" height=\"480\" class=\"size-full wp-image-2562\" srcset=\"https:\/\/andreasimonetti.com.br\/blog\/wp-content\/uploads\/2012\/04\/051.jpg 640w, https:\/\/andreasimonetti.com.br\/blog\/wp-content\/uploads\/2012\/04\/051-300x225.jpg 300w\" sizes=\"auto, (max-width: 640px) 100vw, 640px\" \/><\/a><p id=\"caption-attachment-2562\" class=\"wp-caption-text\">Berlin Town Hall<\/p><\/div>\n<div id=\"attachment_2563\" style=\"width: 650px\" class=\"wp-caption alignleft\"><a href=\"http:\/\/blogdaandreasimonetti.com.br\/wp-content\/uploads\/2012\/04\/091.jpg\" data-rel=\"penci-gallery-image-content\" ><img loading=\"lazy\" decoding=\"async\" aria-describedby=\"caption-attachment-2563\" src=\"http:\/\/blogdaandreasimonetti.com.br\/wp-content\/uploads\/2012\/04\/091.jpg\" alt=\"\" title=\"091\" width=\"640\" height=\"480\" class=\"size-full wp-image-2563\" srcset=\"https:\/\/andreasimonetti.com.br\/blog\/wp-content\/uploads\/2012\/04\/091.jpg 640w, https:\/\/andreasimonetti.com.br\/blog\/wp-content\/uploads\/2012\/04\/091-300x225.jpg 300w\" sizes=\"auto, (max-width: 640px) 100vw, 640px\" \/><\/a><p id=\"caption-attachment-2563\" class=\"wp-caption-text\">Parlamento Alem\u00e3o<\/p><\/div>\n<div id=\"attachment_2564\" style=\"width: 650px\" class=\"wp-caption alignleft\"><a href=\"http:\/\/blogdaandreasimonetti.com.br\/wp-content\/uploads\/2012\/04\/056.jpg\" data-rel=\"penci-gallery-image-content\" ><img loading=\"lazy\" decoding=\"async\" aria-describedby=\"caption-attachment-2564\" src=\"http:\/\/blogdaandreasimonetti.com.br\/wp-content\/uploads\/2012\/04\/056.jpg\" alt=\"\" title=\"056\" width=\"640\" height=\"480\" class=\"size-full wp-image-2564\" srcset=\"https:\/\/andreasimonetti.com.br\/blog\/wp-content\/uploads\/2012\/04\/056.jpg 640w, https:\/\/andreasimonetti.com.br\/blog\/wp-content\/uploads\/2012\/04\/056-300x225.jpg 300w\" sizes=\"auto, (max-width: 640px) 100vw, 640px\" \/><\/a><p id=\"caption-attachment-2564\" class=\"wp-caption-text\">KaDeWe  ( \u00e9 um shopping com grandes marcas)<\/p><\/div>\n<div id=\"attachment_2565\" style=\"width: 650px\" class=\"wp-caption alignleft\"><a href=\"http:\/\/blogdaandreasimonetti.com.br\/wp-content\/uploads\/2012\/04\/072.jpg\" data-rel=\"penci-gallery-image-content\" ><img loading=\"lazy\" decoding=\"async\" aria-describedby=\"caption-attachment-2565\" src=\"http:\/\/blogdaandreasimonetti.com.br\/wp-content\/uploads\/2012\/04\/072.jpg\" alt=\"\" title=\"072\" width=\"640\" height=\"480\" class=\"size-full wp-image-2565\" srcset=\"https:\/\/andreasimonetti.com.br\/blog\/wp-content\/uploads\/2012\/04\/072.jpg 640w, https:\/\/andreasimonetti.com.br\/blog\/wp-content\/uploads\/2012\/04\/072-300x225.jpg 300w\" sizes=\"auto, (max-width: 640px) 100vw, 640px\" \/><\/a><p id=\"caption-attachment-2565\" class=\"wp-caption-text\">\u00d3tima dica para jantar \u00e9 esse restaurante Maredo<\/p><\/div>\n<div id=\"attachment_2567\" style=\"width: 650px\" class=\"wp-caption alignleft\"><a href=\"http:\/\/blogdaandreasimonetti.com.br\/wp-content\/uploads\/2012\/04\/075.jpg\" data-rel=\"penci-gallery-image-content\" ><img loading=\"lazy\" decoding=\"async\" aria-describedby=\"caption-attachment-2567\" src=\"http:\/\/blogdaandreasimonetti.com.br\/wp-content\/uploads\/2012\/04\/075.jpg\" alt=\"\" title=\"075\" width=\"640\" height=\"480\" class=\"size-full wp-image-2567\" srcset=\"https:\/\/andreasimonetti.com.br\/blog\/wp-content\/uploads\/2012\/04\/075.jpg 640w, https:\/\/andreasimonetti.com.br\/blog\/wp-content\/uploads\/2012\/04\/075-300x225.jpg 300w\" sizes=\"auto, (max-width: 640px) 100vw, 640px\" \/><\/a><p id=\"caption-attachment-2567\" class=\"wp-caption-text\">No Restaurante Maredo, um delicioso Steak<\/p><\/div>\n<div id=\"attachment_2568\" style=\"width: 490px\" class=\"wp-caption alignleft\"><a href=\"http:\/\/blogdaandreasimonetti.com.br\/wp-content\/uploads\/2012\/04\/013.jpg\" data-rel=\"penci-gallery-image-content\" ><img loading=\"lazy\" decoding=\"async\" aria-describedby=\"caption-attachment-2568\" src=\"http:\/\/blogdaandreasimonetti.com.br\/wp-content\/uploads\/2012\/04\/013.jpg\" alt=\"\" title=\"013\" width=\"480\" height=\"640\" class=\"size-full wp-image-2568\" srcset=\"https:\/\/andreasimonetti.com.br\/blog\/wp-content\/uploads\/2012\/04\/013.jpg 480w, https:\/\/andreasimonetti.com.br\/blog\/wp-content\/uploads\/2012\/04\/013-225x300.jpg 225w\" sizes=\"auto, (max-width: 480px) 100vw, 480px\" \/><\/a><p id=\"caption-attachment-2568\" class=\"wp-caption-text\">Esse foi meu look, cal\u00e7a de couro Tribo Carioca, Casaco Neo, bota e bolsa Arezzo e chap\u00e9u Hut Styler <\/p><\/div>\n","protected":false},"excerpt":{"rendered":"<p>Oi meninas&#8230;Viajar \u00e9 sempre bom, pela Europa \u00e9 bom demais, na Alemanha \u00e9 uma loucura, em Berlin \u00e9 inacredit\u00e1vel !!! A cidade ferve as 24 horas do dia, mesmo com&hellip;<\/p>\n","protected":false},"author":7,"featured_media":0,"comment_status":"open","ping_status":"open","sticky":false,"template":"","format":"nota","meta":{"_monsterinsights_skip_tracking":false,"_monsterinsights_sitenote_active":false,"_monsterinsights_sitenote_note":"","_monsterinsights_sitenote_category":0,"footnotes":""},"categories":[2013],"tags":[216],"class_list":["post-2559","post","type-post","status-publish","format-nota","hentry","category-lifestyle","tag-viagens-berlin","post_format-nota"],"yoast_head":"<!-- This site is optimized with the Yoast SEO plugin v26.3 - https:\/\/yoast.com\/wordpress\/plugins\/seo\/ -->\n<title>F\u00e9rias na Europa : Berlin - Andrea Simonetti<\/title>\n<meta name=\"robots\" content=\"index, follow, max-snippet:-1, max-image-preview:large, max-video-preview:-1\" \/>\n<link rel=\"canonical\" href=\"https:\/\/andreasimonetti.com.br\/blog\/ferias-na-europa-berlin\/\" \/>\n<meta property=\"og:locale\" content=\"pt_BR\" \/>\n<meta property=\"og:type\" content=\"article\" \/>\n<meta property=\"og:title\" content=\"F\u00e9rias na Europa : Berlin - Andrea Simonetti\" \/>\n<meta property=\"og:description\" content=\"Oi meninas&#8230;Viajar \u00e9 sempre bom, pela Europa \u00e9 bom demais, na Alemanha \u00e9 uma loucura, em Berlin \u00e9 inacredit\u00e1vel !!! A cidade ferve as 24 horas do dia, mesmo com&hellip;\" \/>\n<meta property=\"og:url\" content=\"https:\/\/andreasimonetti.com.br\/blog\/ferias-na-europa-berlin\/\" \/>\n<meta property=\"og:site_name\" content=\"Andrea Simonetti\" \/>\n<meta property=\"article:publisher\" content=\"https:\/\/www.facebook.com\/blogdaandreasimonetti\/\" \/>\n<meta property=\"article:author\" content=\"https:\/\/www.facebook.com\/blogdaandreasimonetti\/\" \/>\n<meta property=\"article:published_time\" content=\"2012-04-08T21:08:01+00:00\" \/>\n<meta property=\"article:modified_time\" content=\"2018-05-25T11:47:27+00:00\" \/>\n<meta property=\"og:image\" content=\"http:\/\/blogdaandreasimonetti.com.br\/wp-content\/uploads\/2012\/04\/0011.jpg\" \/>\n<meta name=\"author\" content=\"Andrea Simonetti\" \/>\n<meta name=\"twitter:card\" content=\"summary_large_image\" \/>\n<meta name=\"twitter:creator\" content=\"@https:\/\/twitter.com\/Andrea_Simoneti\" \/>\n<meta name=\"twitter:site\" content=\"@Andrea_Simoneti\" \/>\n<meta name=\"twitter:label1\" content=\"Escrito por\" \/>\n\t<meta name=\"twitter:data1\" content=\"Andrea Simonetti\" \/>\n\t<meta name=\"twitter:label2\" content=\"Est. tempo de leitura\" \/>\n\t<meta name=\"twitter:data2\" content=\"1 minuto\" \/>\n<!-- \/ Yoast SEO plugin. -->","yoast_head_json":{"title":"F\u00e9rias na Europa : Berlin - Andrea Simonetti","robots":{"index":"index","follow":"follow","max-snippet":"max-snippet:-1","max-image-preview":"max-image-preview:large","max-video-preview":"max-video-preview:-1"},"canonical":"https:\/\/andreasimonetti.com.br\/blog\/ferias-na-europa-berlin\/","og_locale":"pt_BR","og_type":"article","og_title":"F\u00e9rias na Europa : Berlin - Andrea Simonetti","og_description":"Oi meninas&#8230;Viajar \u00e9 sempre bom, pela Europa \u00e9 bom demais, na Alemanha \u00e9 uma loucura, em Berlin \u00e9 inacredit\u00e1vel !!! A cidade ferve as 24 horas do dia, mesmo com&hellip;","og_url":"https:\/\/andreasimonetti.com.br\/blog\/ferias-na-europa-berlin\/","og_site_name":"Andrea Simonetti","article_publisher":"https:\/\/www.facebook.com\/blogdaandreasimonetti\/","article_author":"https:\/\/www.facebook.com\/blogdaandreasimonetti\/","article_published_time":"2012-04-08T21:08:01+00:00","article_modified_time":"2018-05-25T11:47:27+00:00","og_image":[{"url":"http:\/\/blogdaandreasimonetti.com.br\/wp-content\/uploads\/2012\/04\/0011.jpg","type":"","width":"","height":""}],"author":"Andrea Simonetti","twitter_card":"summary_large_image","twitter_creator":"@https:\/\/twitter.com\/Andrea_Simoneti","twitter_site":"@Andrea_Simoneti","twitter_misc":{"Escrito por":"Andrea Simonetti","Est. tempo de leitura":"1 minuto"},"schema":{"@context":"https:\/\/schema.org","@graph":[{"@type":"WebPage","@id":"https:\/\/andreasimonetti.com.br\/blog\/ferias-na-europa-berlin\/","url":"https:\/\/andreasimonetti.com.br\/blog\/ferias-na-europa-berlin\/","name":"F\u00e9rias na Europa : Berlin - Andrea Simonetti","isPartOf":{"@id":"https:\/\/andreasimonetti.com.br\/blog\/#website"},"primaryImageOfPage":{"@id":"https:\/\/andreasimonetti.com.br\/blog\/ferias-na-europa-berlin\/#primaryimage"},"image":{"@id":"https:\/\/andreasimonetti.com.br\/blog\/ferias-na-europa-berlin\/#primaryimage"},"thumbnailUrl":"http:\/\/blogdaandreasimonetti.com.br\/wp-content\/uploads\/2012\/04\/0011.jpg","datePublished":"2012-04-08T21:08:01+00:00","dateModified":"2018-05-25T11:47:27+00:00","author":{"@id":"https:\/\/andreasimonetti.com.br\/blog\/#\/schema\/person\/254f763c24ac288e27ea738a7366ad2a"},"breadcrumb":{"@id":"https:\/\/andreasimonetti.com.br\/blog\/ferias-na-europa-berlin\/#breadcrumb"},"inLanguage":"pt-BR","potentialAction":[{"@type":"ReadAction","target":["https:\/\/andreasimonetti.com.br\/blog\/ferias-na-europa-berlin\/"]}]},{"@type":"ImageObject","inLanguage":"pt-BR","@id":"https:\/\/andreasimonetti.com.br\/blog\/ferias-na-europa-berlin\/#primaryimage","url":"http:\/\/blogdaandreasimonetti.com.br\/wp-content\/uploads\/2012\/04\/0011.jpg","contentUrl":"http:\/\/blogdaandreasimonetti.com.br\/wp-content\/uploads\/2012\/04\/0011.jpg"},{"@type":"BreadcrumbList","@id":"https:\/\/andreasimonetti.com.br\/blog\/ferias-na-europa-berlin\/#breadcrumb","itemListElement":[{"@type":"ListItem","position":1,"name":"In\u00edcio","item":"https:\/\/andreasimonetti.com.br\/blog\/"},{"@type":"ListItem","position":2,"name":"F\u00e9rias na Europa : Berlin"}]},{"@type":"WebSite","@id":"https:\/\/andreasimonetti.com.br\/blog\/#website","url":"https:\/\/andreasimonetti.com.br\/blog\/","name":"Andrea Simonetti","description":"","potentialAction":[{"@type":"SearchAction","target":{"@type":"EntryPoint","urlTemplate":"https:\/\/andreasimonetti.com.br\/blog\/?s={search_term_string}"},"query-input":{"@type":"PropertyValueSpecification","valueRequired":true,"valueName":"search_term_string"}}],"inLanguage":"pt-BR"},{"@type":"Person","@id":"https:\/\/andreasimonetti.com.br\/blog\/#\/schema\/person\/254f763c24ac288e27ea738a7366ad2a","name":"Andrea Simonetti","image":{"@type":"ImageObject","inLanguage":"pt-BR","@id":"https:\/\/andreasimonetti.com.br\/blog\/#\/schema\/person\/image\/","url":"https:\/\/andreasimonetti.com.br\/blog\/wp-content\/uploads\/2018\/04\/andrea-simonetti-96x96.png","contentUrl":"https:\/\/andreasimonetti.com.br\/blog\/wp-content\/uploads\/2018\/04\/andrea-simonetti-96x96.png","caption":"Andrea Simonetti"},"description":"Sou formada em Administra\u00e7\u00e3o de Empresas, Produ\u00e7\u00e3o de Moda pelo SENAC e Consultoria de Estilo. Sou fascinada por moda desde sempre, adoro ver as pessoas produzidas e de bem com a vida. Moda \u00e9 o meu assunto preferido. Comecei meu blog em 2011, ele cresceu e hoje \u00e9 um site bem mais abrangente, onde eu falo sobre moda e meu trabalho de consultora de estilo. E falo tamb\u00e9m sobre a minha experi\u00eancia de vida. Mas antes de tudo, acredito num Deus Soberano que nos guia e aben\u00e7oa, o tempo todo!","sameAs":["https:\/\/www.andreasimonetti.com.br\/","https:\/\/www.facebook.com\/blogdaandreasimonetti\/","https:\/\/www.instagram.com\/andrea_simonetti\/","https:\/\/br.pinterest.com\/BlogAndrea\/","https:\/\/x.com\/https:\/\/twitter.com\/Andrea_Simoneti"],"url":"https:\/\/andreasimonetti.com.br\/blog\/author\/andrea\/"}]}},"_links":{"self":[{"href":"https:\/\/andreasimonetti.com.br\/blog\/wp-json\/wp\/v2\/posts\/2559","targetHints":{"allow":["GET"]}}],"collection":[{"href":"https:\/\/andreasimonetti.com.br\/blog\/wp-json\/wp\/v2\/posts"}],"about":[{"href":"https:\/\/andreasimonetti.com.br\/blog\/wp-json\/wp\/v2\/types\/post"}],"author":[{"embeddable":true,"href":"https:\/\/andreasimonetti.com.br\/blog\/wp-json\/wp\/v2\/users\/7"}],"replies":[{"embeddable":true,"href":"https:\/\/andreasimonetti.com.br\/blog\/wp-json\/wp\/v2\/comments?post=2559"}],"version-history":[{"count":0,"href":"https:\/\/andreasimonetti.com.br\/blog\/wp-json\/wp\/v2\/posts\/2559\/revisions"}],"wp:attachment":[{"href":"https:\/\/andreasimonetti.com.br\/blog\/wp-json\/wp\/v2\/media?parent=2559"}],"wp:term":[{"taxonomy":"category","embeddable":true,"href":"https:\/\/andreasimonetti.com.br\/blog\/wp-json\/wp\/v2\/categories?post=2559"},{"taxonomy":"post_tag","embeddable":true,"href":"https:\/\/andreasimonetti.com.br\/blog\/wp-json\/wp\/v2\/tags?post=2559"}],"curies":[{"name":"wp","href":"https:\/\/api.w.org\/{rel}","templated":true}]}}