{"id":2535,"date":"2012-04-02T13:56:28","date_gmt":"2012-04-02T16:56:28","guid":{"rendered":"http:\/\/blogdaandreasimonetti.com.br\/?p=2535"},"modified":"2018-05-25T08:53:49","modified_gmt":"2018-05-25T11:53:49","slug":"coquetel-outono-inverno-marilyns-boutique","status":"publish","type":"post","link":"https:\/\/andreasimonetti.com.br\/blog\/coquetel-outono-inverno-marilyns-boutique\/","title":{"rendered":"Coquetel outono inverno Marilyns Boutique"},"content":{"rendered":"<p>Oi meninas..S\u00e1bado estive no lan\u00e7amento da cole\u00e7\u00e3o outono inverno 2012 da Marilyns Boutique. Foi uma noite especial : as roupas est\u00e3o lindas, e a loja, toda repaginada, ficou um arraso. E mais uma vez a recep\u00e7\u00e3o preparada pelos propriet\u00e1rios Lorrine Puga e Andr\u00e9 Macarini surpreendeu. Sucesso para voc\u00eas !<\/p>\n<p><a href=\"http:\/\/blogdaandreasimonetti.com.br\/wp-content\/uploads\/2012\/04\/DSC1951.jpg\" data-rel=\"penci-gallery-image-content\" ><img loading=\"lazy\" decoding=\"async\" class=\"alignleft size-full wp-image-2536\" title=\"_DSC1951\" src=\"http:\/\/blogdaandreasimonetti.com.br\/wp-content\/uploads\/2012\/04\/DSC1951.jpg\" alt=\"\" width=\"640\" height=\"427\" srcset=\"https:\/\/andreasimonetti.com.br\/blog\/wp-content\/uploads\/2012\/04\/DSC1951.jpg 640w, https:\/\/andreasimonetti.com.br\/blog\/wp-content\/uploads\/2012\/04\/DSC1951-300x200.jpg 300w\" sizes=\"auto, (max-width: 640px) 100vw, 640px\" \/><\/a><\/p>\n<div id=\"attachment_2537\" style=\"width: 650px\" class=\"wp-caption alignleft\"><a href=\"http:\/\/blogdaandreasimonetti.com.br\/wp-content\/uploads\/2012\/04\/DSC1981.jpg\" data-rel=\"penci-gallery-image-content\" ><img loading=\"lazy\" decoding=\"async\" aria-describedby=\"caption-attachment-2537\" class=\"size-full wp-image-2537\" title=\"_DSC1981\" src=\"http:\/\/blogdaandreasimonetti.com.br\/wp-content\/uploads\/2012\/04\/DSC1981.jpg\" alt=\"\" width=\"640\" height=\"427\" srcset=\"https:\/\/andreasimonetti.com.br\/blog\/wp-content\/uploads\/2012\/04\/DSC1981.jpg 640w, https:\/\/andreasimonetti.com.br\/blog\/wp-content\/uploads\/2012\/04\/DSC1981-300x200.jpg 300w\" sizes=\"auto, (max-width: 640px) 100vw, 640px\" \/><\/a><p id=\"caption-attachment-2537\" class=\"wp-caption-text\">Eu com a propriet\u00e1ria da loja Lorrine Puga<\/p><\/div>\n<div id=\"attachment_2538\" style=\"width: 650px\" class=\"wp-caption alignleft\"><a href=\"http:\/\/blogdaandreasimonetti.com.br\/wp-content\/uploads\/2012\/04\/DSC1993.jpg\" data-rel=\"penci-gallery-image-content\" ><img loading=\"lazy\" decoding=\"async\" aria-describedby=\"caption-attachment-2538\" class=\"size-full wp-image-2538  \" title=\"_DSC1993\" src=\"http:\/\/blogdaandreasimonetti.com.br\/wp-content\/uploads\/2012\/04\/DSC1993.jpg\" alt=\"Eu, Andr\u00e9 Macarini e a fotografa Gabriela Nehring\" width=\"640\" height=\"427\" srcset=\"https:\/\/andreasimonetti.com.br\/blog\/wp-content\/uploads\/2012\/04\/DSC1993.jpg 640w, https:\/\/andreasimonetti.com.br\/blog\/wp-content\/uploads\/2012\/04\/DSC1993-300x200.jpg 300w\" sizes=\"auto, (max-width: 640px) 100vw, 640px\" \/><\/a><p id=\"caption-attachment-2538\" class=\"wp-caption-text\">Eu, Andr\u00e9 Macarini e a fotografa Gabriela Nehring<\/p><\/div>\n<div id=\"attachment_2539\" style=\"width: 650px\" class=\"wp-caption alignleft\"><a href=\"http:\/\/blogdaandreasimonetti.com.br\/wp-content\/uploads\/2012\/04\/DSC1985.jpg\" data-rel=\"penci-gallery-image-content\" ><img loading=\"lazy\" decoding=\"async\" aria-describedby=\"caption-attachment-2539\" class=\"size-full wp-image-2539\" title=\"_DSC1985\" src=\"http:\/\/blogdaandreasimonetti.com.br\/wp-content\/uploads\/2012\/04\/DSC1985.jpg\" alt=\"\" width=\"640\" height=\"427\" srcset=\"https:\/\/andreasimonetti.com.br\/blog\/wp-content\/uploads\/2012\/04\/DSC1985.jpg 640w, https:\/\/andreasimonetti.com.br\/blog\/wp-content\/uploads\/2012\/04\/DSC1985-300x200.jpg 300w\" sizes=\"auto, (max-width: 640px) 100vw, 640px\" \/><\/a><p id=\"caption-attachment-2539\" class=\"wp-caption-text\">Lorrine Puga , Andr\u00e9 Macarini e a modelo da loja<\/p><\/div>\n<div id=\"attachment_2540\" style=\"width: 586px\" class=\"wp-caption alignleft\"><a href=\"http:\/\/blogdaandreasimonetti.com.br\/wp-content\/uploads\/2012\/04\/01.jpg\" data-rel=\"penci-gallery-image-content\" ><img loading=\"lazy\" decoding=\"async\" aria-describedby=\"caption-attachment-2540\" class=\"size-full wp-image-2540 \" title=\"01\" src=\"http:\/\/blogdaandreasimonetti.com.br\/wp-content\/uploads\/2012\/04\/01.jpg\" alt=\"\" width=\"576\" height=\"432\" srcset=\"https:\/\/andreasimonetti.com.br\/blog\/wp-content\/uploads\/2012\/04\/01.jpg 640w, https:\/\/andreasimonetti.com.br\/blog\/wp-content\/uploads\/2012\/04\/01-300x225.jpg 300w\" sizes=\"auto, (max-width: 576px) 100vw, 576px\" \/><\/a><p id=\"caption-attachment-2540\" class=\"wp-caption-text\">Meninas olha essa colar \u00e9 essa bolsa que show<\/p><\/div>\n<div id=\"attachment_2541\" style=\"width: 586px\" class=\"wp-caption alignleft\"><a href=\"http:\/\/blogdaandreasimonetti.com.br\/wp-content\/uploads\/2012\/04\/02.jpg\" data-rel=\"penci-gallery-image-content\" ><img loading=\"lazy\" decoding=\"async\" aria-describedby=\"caption-attachment-2541\" class=\"size-full wp-image-2541 \" title=\"02\" src=\"http:\/\/blogdaandreasimonetti.com.br\/wp-content\/uploads\/2012\/04\/02.jpg\" alt=\"\" width=\"576\" height=\"432\" srcset=\"https:\/\/andreasimonetti.com.br\/blog\/wp-content\/uploads\/2012\/04\/02.jpg 640w, https:\/\/andreasimonetti.com.br\/blog\/wp-content\/uploads\/2012\/04\/02-300x225.jpg 300w\" sizes=\"auto, (max-width: 576px) 100vw, 576px\" \/><\/a><p id=\"caption-attachment-2541\" class=\"wp-caption-text\">Adorei esses dois looks<\/p><\/div>\n<div id=\"attachment_2542\" style=\"width: 586px\" class=\"wp-caption alignleft\"><a href=\"http:\/\/blogdaandreasimonetti.com.br\/wp-content\/uploads\/2012\/04\/03.jpg\" data-rel=\"penci-gallery-image-content\" ><img loading=\"lazy\" decoding=\"async\" aria-describedby=\"caption-attachment-2542\" class=\"size-full wp-image-2542 \" title=\"03\" src=\"http:\/\/blogdaandreasimonetti.com.br\/wp-content\/uploads\/2012\/04\/03.jpg\" alt=\"\" width=\"576\" height=\"432\" srcset=\"https:\/\/andreasimonetti.com.br\/blog\/wp-content\/uploads\/2012\/04\/03.jpg 640w, https:\/\/andreasimonetti.com.br\/blog\/wp-content\/uploads\/2012\/04\/03-300x225.jpg 300w\" sizes=\"auto, (max-width: 576px) 100vw, 576px\" \/><\/a><p id=\"caption-attachment-2542\" class=\"wp-caption-text\">Meu look : Blusa Miele, Cal\u00e7a Zara, sapato Arezzo , bolsa Anacapri e bracelete Jade<\/p><\/div>\n<div id=\"attachment_2543\" style=\"width: 586px\" class=\"wp-caption alignleft\"><a href=\"http:\/\/blogdaandreasimonetti.com.br\/wp-content\/uploads\/2012\/04\/04.jpg\" data-rel=\"penci-gallery-image-content\" ><img loading=\"lazy\" decoding=\"async\" aria-describedby=\"caption-attachment-2543\" class=\"size-full wp-image-2543 \" title=\"04\" src=\"http:\/\/blogdaandreasimonetti.com.br\/wp-content\/uploads\/2012\/04\/04.jpg\" alt=\"\" width=\"576\" height=\"432\" srcset=\"https:\/\/andreasimonetti.com.br\/blog\/wp-content\/uploads\/2012\/04\/04.jpg 640w, https:\/\/andreasimonetti.com.br\/blog\/wp-content\/uploads\/2012\/04\/04-300x225.jpg 300w\" sizes=\"auto, (max-width: 576px) 100vw, 576px\" \/><\/a><p id=\"caption-attachment-2543\" class=\"wp-caption-text\">Separei os tr\u00eas acess\u00f3rios que mais gostei !<\/p><\/div>\n<p>Fotos &#8211; Renan Casal<br \/>\nA Marilys Boutique , fica na Rua Antonio Alves, 30-16 em Bauru<\/p>\n","protected":false},"excerpt":{"rendered":"<p>Oi meninas..S\u00e1bado estive no lan\u00e7amento da cole\u00e7\u00e3o outono inverno 2012 da Marilyns Boutique. Foi uma noite especial : as roupas est\u00e3o lindas, e a loja, toda repaginada, ficou um arraso.&hellip;<\/p>\n","protected":false},"author":7,"featured_media":0,"comment_status":"open","ping_status":"open","sticky":false,"template":"","format":"standard","meta":{"_monsterinsights_skip_tracking":false,"_monsterinsights_sitenote_active":false,"_monsterinsights_sitenote_note":"","_monsterinsights_sitenote_category":0,"footnotes":""},"categories":[1508,3],"tags":[213,214],"class_list":["post-2535","post","type-post","status-publish","format-standard","hentry","category-destaque","category-moda","tag-colecao-outono-inverno-marilyns","tag-marilyns-boutique"],"yoast_head":"<!-- This site is optimized with the Yoast SEO plugin v26.3 - https:\/\/yoast.com\/wordpress\/plugins\/seo\/ -->\n<title>Coquetel outono inverno Marilyns Boutique - Andrea Simonetti<\/title>\n<meta name=\"robots\" content=\"index, follow, max-snippet:-1, max-image-preview:large, max-video-preview:-1\" \/>\n<link rel=\"canonical\" href=\"https:\/\/andreasimonetti.com.br\/blog\/coquetel-outono-inverno-marilyns-boutique\/\" \/>\n<meta property=\"og:locale\" content=\"pt_BR\" \/>\n<meta property=\"og:type\" content=\"article\" \/>\n<meta property=\"og:title\" content=\"Coquetel outono inverno Marilyns Boutique - Andrea Simonetti\" \/>\n<meta property=\"og:description\" content=\"Oi meninas..S\u00e1bado estive no lan\u00e7amento da cole\u00e7\u00e3o outono inverno 2012 da Marilyns Boutique. Foi uma noite especial : as roupas est\u00e3o lindas, e a loja, toda repaginada, ficou um arraso.&hellip;\" \/>\n<meta property=\"og:url\" content=\"https:\/\/andreasimonetti.com.br\/blog\/coquetel-outono-inverno-marilyns-boutique\/\" \/>\n<meta property=\"og:site_name\" content=\"Andrea Simonetti\" \/>\n<meta property=\"article:publisher\" content=\"https:\/\/www.facebook.com\/blogdaandreasimonetti\/\" \/>\n<meta property=\"article:author\" content=\"https:\/\/www.facebook.com\/blogdaandreasimonetti\/\" \/>\n<meta property=\"article:published_time\" content=\"2012-04-02T16:56:28+00:00\" \/>\n<meta property=\"article:modified_time\" content=\"2018-05-25T11:53:49+00:00\" \/>\n<meta property=\"og:image\" content=\"http:\/\/blogdaandreasimonetti.com.br\/wp-content\/uploads\/2012\/04\/DSC1951.jpg\" \/>\n<meta name=\"author\" content=\"Andrea Simonetti\" \/>\n<meta name=\"twitter:card\" content=\"summary_large_image\" \/>\n<meta name=\"twitter:creator\" content=\"@https:\/\/twitter.com\/Andrea_Simoneti\" \/>\n<meta name=\"twitter:site\" content=\"@Andrea_Simoneti\" \/>\n<meta name=\"twitter:label1\" content=\"Escrito por\" \/>\n\t<meta name=\"twitter:data1\" content=\"Andrea Simonetti\" \/>\n\t<meta name=\"twitter:label2\" content=\"Est. tempo de leitura\" \/>\n\t<meta name=\"twitter:data2\" content=\"1 minuto\" \/>\n<!-- \/ Yoast SEO plugin. -->","yoast_head_json":{"title":"Coquetel outono inverno Marilyns Boutique - Andrea Simonetti","robots":{"index":"index","follow":"follow","max-snippet":"max-snippet:-1","max-image-preview":"max-image-preview:large","max-video-preview":"max-video-preview:-1"},"canonical":"https:\/\/andreasimonetti.com.br\/blog\/coquetel-outono-inverno-marilyns-boutique\/","og_locale":"pt_BR","og_type":"article","og_title":"Coquetel outono inverno Marilyns Boutique - Andrea Simonetti","og_description":"Oi meninas..S\u00e1bado estive no lan\u00e7amento da cole\u00e7\u00e3o outono inverno 2012 da Marilyns Boutique. Foi uma noite especial : as roupas est\u00e3o lindas, e a loja, toda repaginada, ficou um arraso.&hellip;","og_url":"https:\/\/andreasimonetti.com.br\/blog\/coquetel-outono-inverno-marilyns-boutique\/","og_site_name":"Andrea Simonetti","article_publisher":"https:\/\/www.facebook.com\/blogdaandreasimonetti\/","article_author":"https:\/\/www.facebook.com\/blogdaandreasimonetti\/","article_published_time":"2012-04-02T16:56:28+00:00","article_modified_time":"2018-05-25T11:53:49+00:00","og_image":[{"url":"http:\/\/blogdaandreasimonetti.com.br\/wp-content\/uploads\/2012\/04\/DSC1951.jpg","type":"","width":"","height":""}],"author":"Andrea Simonetti","twitter_card":"summary_large_image","twitter_creator":"@https:\/\/twitter.com\/Andrea_Simoneti","twitter_site":"@Andrea_Simoneti","twitter_misc":{"Escrito por":"Andrea Simonetti","Est. tempo de leitura":"1 minuto"},"schema":{"@context":"https:\/\/schema.org","@graph":[{"@type":"WebPage","@id":"https:\/\/andreasimonetti.com.br\/blog\/coquetel-outono-inverno-marilyns-boutique\/","url":"https:\/\/andreasimonetti.com.br\/blog\/coquetel-outono-inverno-marilyns-boutique\/","name":"Coquetel outono inverno Marilyns Boutique - Andrea Simonetti","isPartOf":{"@id":"https:\/\/andreasimonetti.com.br\/blog\/#website"},"primaryImageOfPage":{"@id":"https:\/\/andreasimonetti.com.br\/blog\/coquetel-outono-inverno-marilyns-boutique\/#primaryimage"},"image":{"@id":"https:\/\/andreasimonetti.com.br\/blog\/coquetel-outono-inverno-marilyns-boutique\/#primaryimage"},"thumbnailUrl":"http:\/\/blogdaandreasimonetti.com.br\/wp-content\/uploads\/2012\/04\/DSC1951.jpg","datePublished":"2012-04-02T16:56:28+00:00","dateModified":"2018-05-25T11:53:49+00:00","author":{"@id":"https:\/\/andreasimonetti.com.br\/blog\/#\/schema\/person\/254f763c24ac288e27ea738a7366ad2a"},"breadcrumb":{"@id":"https:\/\/andreasimonetti.com.br\/blog\/coquetel-outono-inverno-marilyns-boutique\/#breadcrumb"},"inLanguage":"pt-BR","potentialAction":[{"@type":"ReadAction","target":["https:\/\/andreasimonetti.com.br\/blog\/coquetel-outono-inverno-marilyns-boutique\/"]}]},{"@type":"ImageObject","inLanguage":"pt-BR","@id":"https:\/\/andreasimonetti.com.br\/blog\/coquetel-outono-inverno-marilyns-boutique\/#primaryimage","url":"http:\/\/blogdaandreasimonetti.com.br\/wp-content\/uploads\/2012\/04\/DSC1951.jpg","contentUrl":"http:\/\/blogdaandreasimonetti.com.br\/wp-content\/uploads\/2012\/04\/DSC1951.jpg"},{"@type":"BreadcrumbList","@id":"https:\/\/andreasimonetti.com.br\/blog\/coquetel-outono-inverno-marilyns-boutique\/#breadcrumb","itemListElement":[{"@type":"ListItem","position":1,"name":"In\u00edcio","item":"https:\/\/andreasimonetti.com.br\/blog\/"},{"@type":"ListItem","position":2,"name":"Coquetel outono inverno Marilyns Boutique"}]},{"@type":"WebSite","@id":"https:\/\/andreasimonetti.com.br\/blog\/#website","url":"https:\/\/andreasimonetti.com.br\/blog\/","name":"Andrea Simonetti","description":"","potentialAction":[{"@type":"SearchAction","target":{"@type":"EntryPoint","urlTemplate":"https:\/\/andreasimonetti.com.br\/blog\/?s={search_term_string}"},"query-input":{"@type":"PropertyValueSpecification","valueRequired":true,"valueName":"search_term_string"}}],"inLanguage":"pt-BR"},{"@type":"Person","@id":"https:\/\/andreasimonetti.com.br\/blog\/#\/schema\/person\/254f763c24ac288e27ea738a7366ad2a","name":"Andrea Simonetti","image":{"@type":"ImageObject","inLanguage":"pt-BR","@id":"https:\/\/andreasimonetti.com.br\/blog\/#\/schema\/person\/image\/","url":"https:\/\/andreasimonetti.com.br\/blog\/wp-content\/uploads\/2018\/04\/andrea-simonetti-96x96.png","contentUrl":"https:\/\/andreasimonetti.com.br\/blog\/wp-content\/uploads\/2018\/04\/andrea-simonetti-96x96.png","caption":"Andrea Simonetti"},"description":"Sou formada em Administra\u00e7\u00e3o de Empresas, Produ\u00e7\u00e3o de Moda pelo SENAC e Consultoria de Estilo. Sou fascinada por moda desde sempre, adoro ver as pessoas produzidas e de bem com a vida. Moda \u00e9 o meu assunto preferido. Comecei meu blog em 2011, ele cresceu e hoje \u00e9 um site bem mais abrangente, onde eu falo sobre moda e meu trabalho de consultora de estilo. E falo tamb\u00e9m sobre a minha experi\u00eancia de vida. Mas antes de tudo, acredito num Deus Soberano que nos guia e aben\u00e7oa, o tempo todo!","sameAs":["https:\/\/www.andreasimonetti.com.br\/","https:\/\/www.facebook.com\/blogdaandreasimonetti\/","https:\/\/www.instagram.com\/andrea_simonetti\/","https:\/\/br.pinterest.com\/BlogAndrea\/","https:\/\/x.com\/https:\/\/twitter.com\/Andrea_Simoneti"],"url":"https:\/\/andreasimonetti.com.br\/blog\/author\/andrea\/"}]}},"_links":{"self":[{"href":"https:\/\/andreasimonetti.com.br\/blog\/wp-json\/wp\/v2\/posts\/2535","targetHints":{"allow":["GET"]}}],"collection":[{"href":"https:\/\/andreasimonetti.com.br\/blog\/wp-json\/wp\/v2\/posts"}],"about":[{"href":"https:\/\/andreasimonetti.com.br\/blog\/wp-json\/wp\/v2\/types\/post"}],"author":[{"embeddable":true,"href":"https:\/\/andreasimonetti.com.br\/blog\/wp-json\/wp\/v2\/users\/7"}],"replies":[{"embeddable":true,"href":"https:\/\/andreasimonetti.com.br\/blog\/wp-json\/wp\/v2\/comments?post=2535"}],"version-history":[{"count":0,"href":"https:\/\/andreasimonetti.com.br\/blog\/wp-json\/wp\/v2\/posts\/2535\/revisions"}],"wp:attachment":[{"href":"https:\/\/andreasimonetti.com.br\/blog\/wp-json\/wp\/v2\/media?parent=2535"}],"wp:term":[{"taxonomy":"category","embeddable":true,"href":"https:\/\/andreasimonetti.com.br\/blog\/wp-json\/wp\/v2\/categories?post=2535"},{"taxonomy":"post_tag","embeddable":true,"href":"https:\/\/andreasimonetti.com.br\/blog\/wp-json\/wp\/v2\/tags?post=2535"}],"curies":[{"name":"wp","href":"https:\/\/api.w.org\/{rel}","templated":true}]}}