{"id":24425,"date":"2025-01-17T14:35:13","date_gmt":"2025-01-17T17:35:13","guid":{"rendered":"https:\/\/andreasimonetti.com.br\/blog\/?p=24425"},"modified":"2025-01-17T14:35:13","modified_gmt":"2025-01-17T17:35:13","slug":"calca-alfaiataria-reta-elegancia-e-conforto-para-seus-dias-de-verao","status":"publish","type":"post","link":"https:\/\/andreasimonetti.com.br\/blog\/calca-alfaiataria-reta-elegancia-e-conforto-para-seus-dias-de-verao\/","title":{"rendered":"Cal\u00e7a Alfaiataria Reta: eleg\u00e2ncia e conforto para seus dias de ver\u00e3o!"},"content":{"rendered":"<p>Cal\u00e7a Alfaiataria Reta: eleg\u00e2ncia e conforto para seus dias de ver\u00e3o!<\/p>\n<p>A cal\u00e7a de alfaiataria reta \u00e9 o equil\u00edbrio perfeito entre sofistica\u00e7\u00e3o e praticidade. Ideal para mulheres que desejam looks impec\u00e1veis sem abrir m\u00e3o do conforto.<\/p>\n<p><strong>Destaques da pe\u00e7a:<\/strong><br \/>\n-O caimento impec\u00e1vel da alfaiataria, com a leveza dos tecidos de linho e viscose.<br \/>\n-Nervuras frontais que acrescentam charme e estilo.<br \/>\n-Pala traseira, garantindo um ajuste perfeito ao corpo.<\/p>\n<p>Aqui, combinei a cal\u00e7a com uma t-shirt regata canelada, criando um visual despojado e elegante ao mesmo tempo. Uma escolha vers\u00e1til para enfrentar o calor com estilo e personalidade.<\/p>\n<p>Com qual pe\u00e7a voc\u00ea combinaria essa cal\u00e7a? Me conta nos coment\u00e1rios! ?<\/p>\n<p><img loading=\"lazy\" decoding=\"async\" class=\"alignnone wp-image-24427 size-full\" src=\"https:\/\/andreasimonetti.com.br\/blog\/wp-content\/uploads\/2025\/01\/473622851_9158547570892029_7496060928410216000_n.jpg\" alt=\"Cal\u00e7a Alfaiataria Reta: eleg\u00e2ncia e conforto para seus dias de ver\u00e3o!\" width=\"1536\" height=\"2048\" srcset=\"https:\/\/andreasimonetti.com.br\/blog\/wp-content\/uploads\/2025\/01\/473622851_9158547570892029_7496060928410216000_n.jpg 1536w, https:\/\/andreasimonetti.com.br\/blog\/wp-content\/uploads\/2025\/01\/473622851_9158547570892029_7496060928410216000_n-225x300.jpg 225w, https:\/\/andreasimonetti.com.br\/blog\/wp-content\/uploads\/2025\/01\/473622851_9158547570892029_7496060928410216000_n-768x1024.jpg 768w, https:\/\/andreasimonetti.com.br\/blog\/wp-content\/uploads\/2025\/01\/473622851_9158547570892029_7496060928410216000_n-1152x1536.jpg 1152w, https:\/\/andreasimonetti.com.br\/blog\/wp-content\/uploads\/2025\/01\/473622851_9158547570892029_7496060928410216000_n-1170x1560.jpg 1170w, https:\/\/andreasimonetti.com.br\/blog\/wp-content\/uploads\/2025\/01\/473622851_9158547570892029_7496060928410216000_n-585x780.jpg 585w\" sizes=\"auto, (max-width: 1536px) 100vw, 1536px\" \/><\/p>\n<p>Cr\u00e9ditos:<br \/>\n&#8211; Look\u00a0<a class=\"x1i10hfl xjbqb8w x1ejq31n xd10rxx x1sy0etr x17r0tee x972fbf xcfux6l x1qhh985 xm0m39n x9f619 x1ypdohk xt0psk2 xe8uvvx xdj266r x11i5rnm xat24cr x1mh8g0r xexx8yu x4uap5 x18d9i69 xkhd6sd x16tdsg8 x1hl2dhg xggy1nq x1a2a7pz notranslate _a6hd\" tabindex=\"0\" role=\"link\" href=\"https:\/\/www.instagram.com\/officialopen\/\">@officialopen<\/a>\u00a0da\u00a0<a class=\"x1i10hfl xjbqb8w x1ejq31n xd10rxx x1sy0etr x17r0tee x972fbf xcfux6l x1qhh985 xm0m39n x9f619 x1ypdohk xt0psk2 xe8uvvx xdj266r x11i5rnm xat24cr x1mh8g0r xexx8yu x4uap5 x18d9i69 xkhd6sd x16tdsg8 x1hl2dhg xggy1nq x1a2a7pz notranslate _a6hd\" tabindex=\"0\" role=\"link\" href=\"https:\/\/www.instagram.com\/lojapedagio\/\">@lojapedagio<\/a><\/p>\n","protected":false},"excerpt":{"rendered":"<p>Cal\u00e7a Alfaiataria Reta: eleg\u00e2ncia e conforto para seus dias de ver\u00e3o! A cal\u00e7a de alfaiataria reta \u00e9 o equil\u00edbrio perfeito entre sofistica\u00e7\u00e3o e praticidade. Ideal para mulheres que desejam looks&hellip;<\/p>\n","protected":false},"author":7,"featured_media":24426,"comment_status":"open","ping_status":"open","sticky":false,"template":"","format":"standard","meta":{"_monsterinsights_skip_tracking":false,"_monsterinsights_sitenote_active":false,"_monsterinsights_sitenote_note":"","_monsterinsights_sitenote_category":0,"footnotes":""},"categories":[3057,1508,3],"tags":[3495],"class_list":["post-24425","post","type-post","status-publish","format-standard","has-post-thumbnail","hentry","category-consultoria-de-estilo","category-destaque","category-moda","tag-calca-alfaiataria-reta-elegancia-e-conforto-para-seus-dias-de-verao"],"yoast_head":"<!-- This site is optimized with the Yoast SEO plugin v26.3 - https:\/\/yoast.com\/wordpress\/plugins\/seo\/ -->\n<title>Cal\u00e7a Alfaiataria Reta: eleg\u00e2ncia e conforto para seus dias de ver\u00e3o! - Andrea Simonetti<\/title>\n<meta name=\"description\" content=\"A cal\u00e7a de alfaiataria reta \u00e9 o equil\u00edbrio perfeito entre sofistica\u00e7\u00e3o e praticidade. Ideal para mulheres que desejam looks impec\u00e1veis sem\" \/>\n<meta name=\"robots\" content=\"index, follow, max-snippet:-1, max-image-preview:large, max-video-preview:-1\" \/>\n<link rel=\"canonical\" href=\"https:\/\/andreasimonetti.com.br\/blog\/calca-alfaiataria-reta-elegancia-e-conforto-para-seus-dias-de-verao\/\" \/>\n<meta property=\"og:locale\" content=\"pt_BR\" \/>\n<meta property=\"og:type\" content=\"article\" \/>\n<meta property=\"og:title\" content=\"Cal\u00e7a Alfaiataria Reta: eleg\u00e2ncia e conforto para seus dias de ver\u00e3o! - Andrea Simonetti\" \/>\n<meta property=\"og:description\" content=\"A cal\u00e7a de alfaiataria reta \u00e9 o equil\u00edbrio perfeito entre sofistica\u00e7\u00e3o e praticidade. Ideal para mulheres que desejam looks impec\u00e1veis sem\" \/>\n<meta property=\"og:url\" content=\"https:\/\/andreasimonetti.com.br\/blog\/calca-alfaiataria-reta-elegancia-e-conforto-para-seus-dias-de-verao\/\" \/>\n<meta property=\"og:site_name\" content=\"Andrea Simonetti\" \/>\n<meta property=\"article:publisher\" content=\"https:\/\/www.facebook.com\/blogdaandreasimonetti\/\" \/>\n<meta property=\"article:author\" content=\"https:\/\/www.facebook.com\/blogdaandreasimonetti\/\" \/>\n<meta property=\"article:published_time\" content=\"2025-01-17T17:35:13+00:00\" \/>\n<meta property=\"og:image\" content=\"https:\/\/andreasimonetti.com.br\/blog\/wp-content\/uploads\/2025\/01\/473991618_9158547627558690_7506433898717245294_n.jpg\" \/>\n\t<meta property=\"og:image:width\" content=\"1536\" \/>\n\t<meta property=\"og:image:height\" content=\"2048\" \/>\n\t<meta property=\"og:image:type\" content=\"image\/jpeg\" \/>\n<meta name=\"author\" content=\"Andrea Simonetti\" \/>\n<meta name=\"twitter:card\" content=\"summary_large_image\" \/>\n<meta name=\"twitter:creator\" content=\"@https:\/\/twitter.com\/Andrea_Simoneti\" \/>\n<meta name=\"twitter:site\" content=\"@Andrea_Simoneti\" \/>\n<meta name=\"twitter:label1\" content=\"Escrito por\" \/>\n\t<meta name=\"twitter:data1\" content=\"Andrea Simonetti\" \/>\n\t<meta name=\"twitter:label2\" content=\"Est. tempo de leitura\" \/>\n\t<meta name=\"twitter:data2\" content=\"2 minutos\" \/>\n<!-- \/ Yoast SEO plugin. -->","yoast_head_json":{"title":"Cal\u00e7a Alfaiataria Reta: eleg\u00e2ncia e conforto para seus dias de ver\u00e3o! - Andrea Simonetti","description":"A cal\u00e7a de alfaiataria reta \u00e9 o equil\u00edbrio perfeito entre sofistica\u00e7\u00e3o e praticidade. Ideal para mulheres que desejam looks impec\u00e1veis sem","robots":{"index":"index","follow":"follow","max-snippet":"max-snippet:-1","max-image-preview":"max-image-preview:large","max-video-preview":"max-video-preview:-1"},"canonical":"https:\/\/andreasimonetti.com.br\/blog\/calca-alfaiataria-reta-elegancia-e-conforto-para-seus-dias-de-verao\/","og_locale":"pt_BR","og_type":"article","og_title":"Cal\u00e7a Alfaiataria Reta: eleg\u00e2ncia e conforto para seus dias de ver\u00e3o! - Andrea Simonetti","og_description":"A cal\u00e7a de alfaiataria reta \u00e9 o equil\u00edbrio perfeito entre sofistica\u00e7\u00e3o e praticidade. Ideal para mulheres que desejam looks impec\u00e1veis sem","og_url":"https:\/\/andreasimonetti.com.br\/blog\/calca-alfaiataria-reta-elegancia-e-conforto-para-seus-dias-de-verao\/","og_site_name":"Andrea Simonetti","article_publisher":"https:\/\/www.facebook.com\/blogdaandreasimonetti\/","article_author":"https:\/\/www.facebook.com\/blogdaandreasimonetti\/","article_published_time":"2025-01-17T17:35:13+00:00","og_image":[{"width":1536,"height":2048,"url":"https:\/\/andreasimonetti.com.br\/blog\/wp-content\/uploads\/2025\/01\/473991618_9158547627558690_7506433898717245294_n.jpg","type":"image\/jpeg"}],"author":"Andrea Simonetti","twitter_card":"summary_large_image","twitter_creator":"@https:\/\/twitter.com\/Andrea_Simoneti","twitter_site":"@Andrea_Simoneti","twitter_misc":{"Escrito por":"Andrea Simonetti","Est. tempo de leitura":"2 minutos"},"schema":{"@context":"https:\/\/schema.org","@graph":[{"@type":"WebPage","@id":"https:\/\/andreasimonetti.com.br\/blog\/calca-alfaiataria-reta-elegancia-e-conforto-para-seus-dias-de-verao\/","url":"https:\/\/andreasimonetti.com.br\/blog\/calca-alfaiataria-reta-elegancia-e-conforto-para-seus-dias-de-verao\/","name":"Cal\u00e7a Alfaiataria Reta: eleg\u00e2ncia e conforto para seus dias de ver\u00e3o! - Andrea Simonetti","isPartOf":{"@id":"https:\/\/andreasimonetti.com.br\/blog\/#website"},"primaryImageOfPage":{"@id":"https:\/\/andreasimonetti.com.br\/blog\/calca-alfaiataria-reta-elegancia-e-conforto-para-seus-dias-de-verao\/#primaryimage"},"image":{"@id":"https:\/\/andreasimonetti.com.br\/blog\/calca-alfaiataria-reta-elegancia-e-conforto-para-seus-dias-de-verao\/#primaryimage"},"thumbnailUrl":"https:\/\/andreasimonetti.com.br\/blog\/wp-content\/uploads\/2025\/01\/473991618_9158547627558690_7506433898717245294_n.jpg","datePublished":"2025-01-17T17:35:13+00:00","author":{"@id":"https:\/\/andreasimonetti.com.br\/blog\/#\/schema\/person\/254f763c24ac288e27ea738a7366ad2a"},"description":"A cal\u00e7a de alfaiataria reta \u00e9 o equil\u00edbrio perfeito entre sofistica\u00e7\u00e3o e praticidade. Ideal para mulheres que desejam looks impec\u00e1veis sem","breadcrumb":{"@id":"https:\/\/andreasimonetti.com.br\/blog\/calca-alfaiataria-reta-elegancia-e-conforto-para-seus-dias-de-verao\/#breadcrumb"},"inLanguage":"pt-BR","potentialAction":[{"@type":"ReadAction","target":["https:\/\/andreasimonetti.com.br\/blog\/calca-alfaiataria-reta-elegancia-e-conforto-para-seus-dias-de-verao\/"]}]},{"@type":"ImageObject","inLanguage":"pt-BR","@id":"https:\/\/andreasimonetti.com.br\/blog\/calca-alfaiataria-reta-elegancia-e-conforto-para-seus-dias-de-verao\/#primaryimage","url":"https:\/\/andreasimonetti.com.br\/blog\/wp-content\/uploads\/2025\/01\/473991618_9158547627558690_7506433898717245294_n.jpg","contentUrl":"https:\/\/andreasimonetti.com.br\/blog\/wp-content\/uploads\/2025\/01\/473991618_9158547627558690_7506433898717245294_n.jpg","width":1536,"height":2048,"caption":"Cal\u00e7a Alfaiataria Reta: eleg\u00e2ncia e conforto para seus dias de ver\u00e3o!"},{"@type":"BreadcrumbList","@id":"https:\/\/andreasimonetti.com.br\/blog\/calca-alfaiataria-reta-elegancia-e-conforto-para-seus-dias-de-verao\/#breadcrumb","itemListElement":[{"@type":"ListItem","position":1,"name":"In\u00edcio","item":"https:\/\/andreasimonetti.com.br\/blog\/"},{"@type":"ListItem","position":2,"name":"Cal\u00e7a Alfaiataria Reta: eleg\u00e2ncia e conforto para seus dias de ver\u00e3o!"}]},{"@type":"WebSite","@id":"https:\/\/andreasimonetti.com.br\/blog\/#website","url":"https:\/\/andreasimonetti.com.br\/blog\/","name":"Andrea Simonetti","description":"","potentialAction":[{"@type":"SearchAction","target":{"@type":"EntryPoint","urlTemplate":"https:\/\/andreasimonetti.com.br\/blog\/?s={search_term_string}"},"query-input":{"@type":"PropertyValueSpecification","valueRequired":true,"valueName":"search_term_string"}}],"inLanguage":"pt-BR"},{"@type":"Person","@id":"https:\/\/andreasimonetti.com.br\/blog\/#\/schema\/person\/254f763c24ac288e27ea738a7366ad2a","name":"Andrea Simonetti","image":{"@type":"ImageObject","inLanguage":"pt-BR","@id":"https:\/\/andreasimonetti.com.br\/blog\/#\/schema\/person\/image\/","url":"https:\/\/andreasimonetti.com.br\/blog\/wp-content\/uploads\/2018\/04\/andrea-simonetti-96x96.png","contentUrl":"https:\/\/andreasimonetti.com.br\/blog\/wp-content\/uploads\/2018\/04\/andrea-simonetti-96x96.png","caption":"Andrea Simonetti"},"description":"Sou formada em Administra\u00e7\u00e3o de Empresas, Produ\u00e7\u00e3o de Moda pelo SENAC e Consultoria de Estilo. Sou fascinada por moda desde sempre, adoro ver as pessoas produzidas e de bem com a vida. Moda \u00e9 o meu assunto preferido. Comecei meu blog em 2011, ele cresceu e hoje \u00e9 um site bem mais abrangente, onde eu falo sobre moda e meu trabalho de consultora de estilo. E falo tamb\u00e9m sobre a minha experi\u00eancia de vida. Mas antes de tudo, acredito num Deus Soberano que nos guia e aben\u00e7oa, o tempo todo!","sameAs":["https:\/\/www.andreasimonetti.com.br\/","https:\/\/www.facebook.com\/blogdaandreasimonetti\/","https:\/\/www.instagram.com\/andrea_simonetti\/","https:\/\/br.pinterest.com\/BlogAndrea\/","https:\/\/x.com\/https:\/\/twitter.com\/Andrea_Simoneti"],"url":"https:\/\/andreasimonetti.com.br\/blog\/author\/andrea\/"}]}},"_links":{"self":[{"href":"https:\/\/andreasimonetti.com.br\/blog\/wp-json\/wp\/v2\/posts\/24425","targetHints":{"allow":["GET"]}}],"collection":[{"href":"https:\/\/andreasimonetti.com.br\/blog\/wp-json\/wp\/v2\/posts"}],"about":[{"href":"https:\/\/andreasimonetti.com.br\/blog\/wp-json\/wp\/v2\/types\/post"}],"author":[{"embeddable":true,"href":"https:\/\/andreasimonetti.com.br\/blog\/wp-json\/wp\/v2\/users\/7"}],"replies":[{"embeddable":true,"href":"https:\/\/andreasimonetti.com.br\/blog\/wp-json\/wp\/v2\/comments?post=24425"}],"version-history":[{"count":3,"href":"https:\/\/andreasimonetti.com.br\/blog\/wp-json\/wp\/v2\/posts\/24425\/revisions"}],"predecessor-version":[{"id":24430,"href":"https:\/\/andreasimonetti.com.br\/blog\/wp-json\/wp\/v2\/posts\/24425\/revisions\/24430"}],"wp:featuredmedia":[{"embeddable":true,"href":"https:\/\/andreasimonetti.com.br\/blog\/wp-json\/wp\/v2\/media\/24426"}],"wp:attachment":[{"href":"https:\/\/andreasimonetti.com.br\/blog\/wp-json\/wp\/v2\/media?parent=24425"}],"wp:term":[{"taxonomy":"category","embeddable":true,"href":"https:\/\/andreasimonetti.com.br\/blog\/wp-json\/wp\/v2\/categories?post=24425"},{"taxonomy":"post_tag","embeddable":true,"href":"https:\/\/andreasimonetti.com.br\/blog\/wp-json\/wp\/v2\/tags?post=24425"}],"curies":[{"name":"wp","href":"https:\/\/api.w.org\/{rel}","templated":true}]}}