{"id":24405,"date":"2024-11-04T22:22:36","date_gmt":"2024-11-05T01:22:36","guid":{"rendered":"https:\/\/andreasimonetti.com.br\/blog\/?p=24405"},"modified":"2024-11-05T13:38:20","modified_gmt":"2024-11-05T16:38:20","slug":"procurando-um-vestido-para-festa","status":"publish","type":"post","link":"https:\/\/andreasimonetti.com.br\/blog\/procurando-um-vestido-para-festa\/","title":{"rendered":"Procurando um vestido para festa?"},"content":{"rendered":"<p style=\"text-align: justify;\">O vestido m\u00eddi da Ave Rara \u00e9 uma escolha impec\u00e1vel. Com um busto estruturado que fornece suporte e defini\u00e7\u00e3o, ele destaca a silhueta de forma elegante. O design sem al\u00e7as valoriza o colo, enquanto a saia fluida confere um movimento sofisticado, ideal para festas e eventos especiais.<\/p>\n<div class=\"x11i5rnm xat24cr x1mh8g0r x1vvkbs xtlvy1s x126k92a\" style=\"text-align: justify;\">\n<div dir=\"auto\">Feito em tule bordado com listras de brilho, o tecido adiciona um toque de glamour, garantindo que voc\u00ea se destaque em qualquer ocasi\u00e3o. Para um look ainda mais refinado, combine com acess\u00f3rios discretos.<\/div>\n<\/div>\n<div class=\"x11i5rnm xat24cr x1mh8g0r x1vvkbs xtlvy1s x126k92a\" style=\"text-align: justify;\">\n<div dir=\"auto\">\u00a0<\/div>\n<\/div>\n<div id=\"attachment_24413\" style=\"width: 1546px\" class=\"wp-caption alignnone\"><img loading=\"lazy\" decoding=\"async\" aria-describedby=\"caption-attachment-24413\" class=\"size-full wp-image-24413\" src=\"https:\/\/andreasimonetti.com.br\/blog\/wp-content\/uploads\/2024\/11\/465643083_8744608282285962_4628730834252719217_n-1.jpg\" alt=\"Procurando um vestido para festa?\" width=\"1536\" height=\"2048\" srcset=\"https:\/\/andreasimonetti.com.br\/blog\/wp-content\/uploads\/2024\/11\/465643083_8744608282285962_4628730834252719217_n-1.jpg 1536w, https:\/\/andreasimonetti.com.br\/blog\/wp-content\/uploads\/2024\/11\/465643083_8744608282285962_4628730834252719217_n-1-225x300.jpg 225w, https:\/\/andreasimonetti.com.br\/blog\/wp-content\/uploads\/2024\/11\/465643083_8744608282285962_4628730834252719217_n-1-768x1024.jpg 768w, https:\/\/andreasimonetti.com.br\/blog\/wp-content\/uploads\/2024\/11\/465643083_8744608282285962_4628730834252719217_n-1-1152x1536.jpg 1152w, https:\/\/andreasimonetti.com.br\/blog\/wp-content\/uploads\/2024\/11\/465643083_8744608282285962_4628730834252719217_n-1-1170x1560.jpg 1170w, https:\/\/andreasimonetti.com.br\/blog\/wp-content\/uploads\/2024\/11\/465643083_8744608282285962_4628730834252719217_n-1-585x780.jpg 585w\" sizes=\"auto, (max-width: 1536px) 100vw, 1536px\" \/><p id=\"caption-attachment-24413\" class=\"wp-caption-text\">Procurando um vestido para festa?<\/p><\/div>\n<p>Cr\u00e9ditos:\u00a0<\/p>\n<ul>\n<li>Look <a href=\"https:\/\/averarabrand.com.br\/\">Ave Rara<\/a> da <a href=\"https:\/\/www.lojapedagio.com.br\/\">Loja Ped\u00e1gio<\/a>\u00a0<\/li>\n<\/ul>\n","protected":false},"excerpt":{"rendered":"<p>O vestido m\u00eddi da Ave Rara \u00e9 uma escolha impec\u00e1vel. Com um busto estruturado que fornece suporte e defini\u00e7\u00e3o, ele destaca a silhueta de forma elegante. O design sem al\u00e7as&hellip;<\/p>\n","protected":false},"author":7,"featured_media":24407,"comment_status":"open","ping_status":"open","sticky":false,"template":"","format":"standard","meta":{"_monsterinsights_skip_tracking":false,"_monsterinsights_sitenote_active":false,"_monsterinsights_sitenote_note":"","_monsterinsights_sitenote_category":0,"footnotes":""},"categories":[1508,3],"tags":[3491,3490],"class_list":["post-24405","post","type-post","status-publish","format-standard","has-post-thumbnail","hentry","category-destaque","category-moda","tag-averara","tag-procurando-um-vestido-para-festa"],"yoast_head":"<!-- This site is optimized with the Yoast SEO plugin v26.3 - https:\/\/yoast.com\/wordpress\/plugins\/seo\/ -->\n<title>Procurando um vestido para festa? - Andrea Simonetti<\/title>\n<meta name=\"description\" content=\"O vestido midi da Averara \u00e9 uma escolha impec\u00e1vel. Com um busto estruturado que fornece suporte e defini\u00e7\u00e3o, ele destaca a silhueta de forma\" \/>\n<meta name=\"robots\" content=\"index, follow, max-snippet:-1, max-image-preview:large, max-video-preview:-1\" \/>\n<link rel=\"canonical\" href=\"https:\/\/andreasimonetti.com.br\/blog\/procurando-um-vestido-para-festa\/\" \/>\n<meta property=\"og:locale\" content=\"pt_BR\" \/>\n<meta property=\"og:type\" content=\"article\" \/>\n<meta property=\"og:title\" content=\"Procurando um vestido para festa? - Andrea Simonetti\" \/>\n<meta property=\"og:description\" content=\"O vestido midi da Averara \u00e9 uma escolha impec\u00e1vel. Com um busto estruturado que fornece suporte e defini\u00e7\u00e3o, ele destaca a silhueta de forma\" \/>\n<meta property=\"og:url\" content=\"https:\/\/andreasimonetti.com.br\/blog\/procurando-um-vestido-para-festa\/\" \/>\n<meta property=\"og:site_name\" content=\"Andrea Simonetti\" \/>\n<meta property=\"article:publisher\" content=\"https:\/\/www.facebook.com\/blogdaandreasimonetti\/\" \/>\n<meta property=\"article:author\" content=\"https:\/\/www.facebook.com\/blogdaandreasimonetti\/\" \/>\n<meta property=\"article:published_time\" content=\"2024-11-05T01:22:36+00:00\" \/>\n<meta property=\"article:modified_time\" content=\"2024-11-05T16:38:20+00:00\" \/>\n<meta property=\"og:image\" content=\"https:\/\/andreasimonetti.com.br\/blog\/wp-content\/uploads\/2024\/11\/465657888_8744608308952626_8894260417970591392_n.jpg\" \/>\n\t<meta property=\"og:image:width\" content=\"1536\" \/>\n\t<meta property=\"og:image:height\" content=\"2048\" \/>\n\t<meta property=\"og:image:type\" content=\"image\/jpeg\" \/>\n<meta name=\"author\" content=\"Andrea Simonetti\" \/>\n<meta name=\"twitter:card\" content=\"summary_large_image\" \/>\n<meta name=\"twitter:creator\" content=\"@https:\/\/twitter.com\/Andrea_Simoneti\" \/>\n<meta name=\"twitter:site\" content=\"@Andrea_Simoneti\" \/>\n<meta name=\"twitter:label1\" content=\"Escrito por\" \/>\n\t<meta name=\"twitter:data1\" content=\"Andrea Simonetti\" \/>\n\t<meta name=\"twitter:label2\" content=\"Est. tempo de leitura\" \/>\n\t<meta name=\"twitter:data2\" content=\"1 minuto\" \/>\n<!-- \/ Yoast SEO plugin. -->","yoast_head_json":{"title":"Procurando um vestido para festa? - Andrea Simonetti","description":"O vestido midi da Averara \u00e9 uma escolha impec\u00e1vel. Com um busto estruturado que fornece suporte e defini\u00e7\u00e3o, ele destaca a silhueta de forma","robots":{"index":"index","follow":"follow","max-snippet":"max-snippet:-1","max-image-preview":"max-image-preview:large","max-video-preview":"max-video-preview:-1"},"canonical":"https:\/\/andreasimonetti.com.br\/blog\/procurando-um-vestido-para-festa\/","og_locale":"pt_BR","og_type":"article","og_title":"Procurando um vestido para festa? - Andrea Simonetti","og_description":"O vestido midi da Averara \u00e9 uma escolha impec\u00e1vel. Com um busto estruturado que fornece suporte e defini\u00e7\u00e3o, ele destaca a silhueta de forma","og_url":"https:\/\/andreasimonetti.com.br\/blog\/procurando-um-vestido-para-festa\/","og_site_name":"Andrea Simonetti","article_publisher":"https:\/\/www.facebook.com\/blogdaandreasimonetti\/","article_author":"https:\/\/www.facebook.com\/blogdaandreasimonetti\/","article_published_time":"2024-11-05T01:22:36+00:00","article_modified_time":"2024-11-05T16:38:20+00:00","og_image":[{"width":1536,"height":2048,"url":"https:\/\/andreasimonetti.com.br\/blog\/wp-content\/uploads\/2024\/11\/465657888_8744608308952626_8894260417970591392_n.jpg","type":"image\/jpeg"}],"author":"Andrea Simonetti","twitter_card":"summary_large_image","twitter_creator":"@https:\/\/twitter.com\/Andrea_Simoneti","twitter_site":"@Andrea_Simoneti","twitter_misc":{"Escrito por":"Andrea Simonetti","Est. tempo de leitura":"1 minuto"},"schema":{"@context":"https:\/\/schema.org","@graph":[{"@type":"WebPage","@id":"https:\/\/andreasimonetti.com.br\/blog\/procurando-um-vestido-para-festa\/","url":"https:\/\/andreasimonetti.com.br\/blog\/procurando-um-vestido-para-festa\/","name":"Procurando um vestido para festa? - Andrea Simonetti","isPartOf":{"@id":"https:\/\/andreasimonetti.com.br\/blog\/#website"},"primaryImageOfPage":{"@id":"https:\/\/andreasimonetti.com.br\/blog\/procurando-um-vestido-para-festa\/#primaryimage"},"image":{"@id":"https:\/\/andreasimonetti.com.br\/blog\/procurando-um-vestido-para-festa\/#primaryimage"},"thumbnailUrl":"https:\/\/andreasimonetti.com.br\/blog\/wp-content\/uploads\/2024\/11\/465657888_8744608308952626_8894260417970591392_n.jpg","datePublished":"2024-11-05T01:22:36+00:00","dateModified":"2024-11-05T16:38:20+00:00","author":{"@id":"https:\/\/andreasimonetti.com.br\/blog\/#\/schema\/person\/254f763c24ac288e27ea738a7366ad2a"},"description":"O vestido midi da Averara \u00e9 uma escolha impec\u00e1vel. Com um busto estruturado que fornece suporte e defini\u00e7\u00e3o, ele destaca a silhueta de forma","breadcrumb":{"@id":"https:\/\/andreasimonetti.com.br\/blog\/procurando-um-vestido-para-festa\/#breadcrumb"},"inLanguage":"pt-BR","potentialAction":[{"@type":"ReadAction","target":["https:\/\/andreasimonetti.com.br\/blog\/procurando-um-vestido-para-festa\/"]}]},{"@type":"ImageObject","inLanguage":"pt-BR","@id":"https:\/\/andreasimonetti.com.br\/blog\/procurando-um-vestido-para-festa\/#primaryimage","url":"https:\/\/andreasimonetti.com.br\/blog\/wp-content\/uploads\/2024\/11\/465657888_8744608308952626_8894260417970591392_n.jpg","contentUrl":"https:\/\/andreasimonetti.com.br\/blog\/wp-content\/uploads\/2024\/11\/465657888_8744608308952626_8894260417970591392_n.jpg","width":1536,"height":2048,"caption":"Procurando um vestido para festa?"},{"@type":"BreadcrumbList","@id":"https:\/\/andreasimonetti.com.br\/blog\/procurando-um-vestido-para-festa\/#breadcrumb","itemListElement":[{"@type":"ListItem","position":1,"name":"In\u00edcio","item":"https:\/\/andreasimonetti.com.br\/blog\/"},{"@type":"ListItem","position":2,"name":"Procurando um vestido para festa?"}]},{"@type":"WebSite","@id":"https:\/\/andreasimonetti.com.br\/blog\/#website","url":"https:\/\/andreasimonetti.com.br\/blog\/","name":"Andrea Simonetti","description":"","potentialAction":[{"@type":"SearchAction","target":{"@type":"EntryPoint","urlTemplate":"https:\/\/andreasimonetti.com.br\/blog\/?s={search_term_string}"},"query-input":{"@type":"PropertyValueSpecification","valueRequired":true,"valueName":"search_term_string"}}],"inLanguage":"pt-BR"},{"@type":"Person","@id":"https:\/\/andreasimonetti.com.br\/blog\/#\/schema\/person\/254f763c24ac288e27ea738a7366ad2a","name":"Andrea Simonetti","image":{"@type":"ImageObject","inLanguage":"pt-BR","@id":"https:\/\/andreasimonetti.com.br\/blog\/#\/schema\/person\/image\/","url":"https:\/\/andreasimonetti.com.br\/blog\/wp-content\/uploads\/2018\/04\/andrea-simonetti-96x96.png","contentUrl":"https:\/\/andreasimonetti.com.br\/blog\/wp-content\/uploads\/2018\/04\/andrea-simonetti-96x96.png","caption":"Andrea Simonetti"},"description":"Sou formada em Administra\u00e7\u00e3o de Empresas, Produ\u00e7\u00e3o de Moda pelo SENAC e Consultoria de Estilo. Sou fascinada por moda desde sempre, adoro ver as pessoas produzidas e de bem com a vida. Moda \u00e9 o meu assunto preferido. Comecei meu blog em 2011, ele cresceu e hoje \u00e9 um site bem mais abrangente, onde eu falo sobre moda e meu trabalho de consultora de estilo. E falo tamb\u00e9m sobre a minha experi\u00eancia de vida. Mas antes de tudo, acredito num Deus Soberano que nos guia e aben\u00e7oa, o tempo todo!","sameAs":["https:\/\/www.andreasimonetti.com.br\/","https:\/\/www.facebook.com\/blogdaandreasimonetti\/","https:\/\/www.instagram.com\/andrea_simonetti\/","https:\/\/br.pinterest.com\/BlogAndrea\/","https:\/\/x.com\/https:\/\/twitter.com\/Andrea_Simoneti"],"url":"https:\/\/andreasimonetti.com.br\/blog\/author\/andrea\/"}]}},"_links":{"self":[{"href":"https:\/\/andreasimonetti.com.br\/blog\/wp-json\/wp\/v2\/posts\/24405","targetHints":{"allow":["GET"]}}],"collection":[{"href":"https:\/\/andreasimonetti.com.br\/blog\/wp-json\/wp\/v2\/posts"}],"about":[{"href":"https:\/\/andreasimonetti.com.br\/blog\/wp-json\/wp\/v2\/types\/post"}],"author":[{"embeddable":true,"href":"https:\/\/andreasimonetti.com.br\/blog\/wp-json\/wp\/v2\/users\/7"}],"replies":[{"embeddable":true,"href":"https:\/\/andreasimonetti.com.br\/blog\/wp-json\/wp\/v2\/comments?post=24405"}],"version-history":[{"count":6,"href":"https:\/\/andreasimonetti.com.br\/blog\/wp-json\/wp\/v2\/posts\/24405\/revisions"}],"predecessor-version":[{"id":24414,"href":"https:\/\/andreasimonetti.com.br\/blog\/wp-json\/wp\/v2\/posts\/24405\/revisions\/24414"}],"wp:featuredmedia":[{"embeddable":true,"href":"https:\/\/andreasimonetti.com.br\/blog\/wp-json\/wp\/v2\/media\/24407"}],"wp:attachment":[{"href":"https:\/\/andreasimonetti.com.br\/blog\/wp-json\/wp\/v2\/media?parent=24405"}],"wp:term":[{"taxonomy":"category","embeddable":true,"href":"https:\/\/andreasimonetti.com.br\/blog\/wp-json\/wp\/v2\/categories?post=24405"},{"taxonomy":"post_tag","embeddable":true,"href":"https:\/\/andreasimonetti.com.br\/blog\/wp-json\/wp\/v2\/tags?post=24405"}],"curies":[{"name":"wp","href":"https:\/\/api.w.org\/{rel}","templated":true}]}}