{"id":24283,"date":"2024-06-14T21:46:29","date_gmt":"2024-06-15T00:46:29","guid":{"rendered":"https:\/\/andreasimonetti.com.br\/blog\/?p=24283"},"modified":"2024-06-14T22:07:44","modified_gmt":"2024-06-15T01:07:44","slug":"ferrucci-calcados-inaugura-em-bauru","status":"publish","type":"post","link":"https:\/\/andreasimonetti.com.br\/blog\/ferrucci-calcados-inaugura-em-bauru\/","title":{"rendered":"Ferrucci Cal\u00e7ados inaugura em Bauru"},"content":{"rendered":"<h4><span style=\"color: #ff6600;\">Ferrucci Cal\u00e7ados inaugura em Bauru <\/span><\/h4>\n<div class=\"html-div xe8uvvx xdj266r x11i5rnm xat24cr x1mh8g0r xexx8yu x4uap5 x18d9i69 xkhd6sd\">\n<div class=\"html-div xe8uvvx xdj266r x11i5rnm xat24cr x1mh8g0r xexx8yu x4uap5 x18d9i69 xkhd6sd\" dir=\"auto\">\n<div id=\":rcv:\" class=\"x1iorvi4 x1pi30zi x1l90r2v x1swvt13\" data-ad-comet-preview=\"message\" data-ad-preview=\"message\">\n<div class=\"x78zum5 xdt5ytf xz62fqu x16ldp7u\">\n<div class=\"xu06os2 x1ok221b\">\n<div class=\"x11i5rnm xat24cr x1mh8g0r x1vvkbs xtlvy1s x126k92a\">\n<div dir=\"auto\"><span class=\"html-span xdj266r x11i5rnm xat24cr x1mh8g0r xexx8yu x4uap5 x18d9i69 xkhd6sd x1hl2dhg x16tdsg8 x1vvkbs\"><a class=\"x1i10hfl xjbqb8w x1ejq31n xd10rxx x1sy0etr x17r0tee x972fbf xcfux6l x1qhh985 xm0m39n x9f619 x1ypdohk xt0psk2 xe8uvvx xdj266r x11i5rnm xat24cr x1mh8g0r xexx8yu x4uap5 x18d9i69 xkhd6sd x16tdsg8 x1hl2dhg xggy1nq x1a2a7pz x1sur9pj xkrqix3 x1fey0fg xo1l8bm\" tabindex=\"0\" role=\"link\" href=\"https:\/\/www.facebook.com\/ferrucci.calcados?__cft__[0]=AZXIxNh5xbIvbQIKTSdvIldBw7WWCRZ5rxWfvwrnfQ-i_FbQex4VLbWHax2AiuxqjyUhgQn2Mlr6f2I6BTgXQGHRVylGexa3pQwBxr_S3fDGS3l0a85oqZLhTN8RG08qO1YWNtcLwo_g80ZsWcVXUhss1MvqUmE4hWb7-fqZ18Hp9xTMV2USSdmZg1VZO3r_qFdfO-nL9MilCJwV8iJ6nr32&amp;__tn__=-]K-R\"><span class=\"xt0psk2\">A FERRUCCI<\/span><\/a><\/span>, que est\u00e1 presente em mais de 600 pontos de venda por todo pa\u00eds.<\/div>\n<div dir=\"auto\">\u00a0<\/div>\n<\/div>\n<div class=\"x11i5rnm xat24cr x1mh8g0r x1vvkbs xtlvy1s x126k92a\">\n<div dir=\"auto\">A marca chega \u00e0 cidade apresentando o seu inverno 2024, que traz modelagens cl\u00e1ssicas e ao mesmo tempo modernas, para atender as expectativas de suas consumidoras.<\/div>\n<div dir=\"auto\">\u00a0<\/div>\n<\/div>\n<div class=\"x11i5rnm xat24cr x1mh8g0r x1vvkbs xtlvy1s x126k92a\">\n<div dir=\"auto\">A cole\u00e7\u00e3o vem completa, com o design e qualidade reconhecida dos produtos da marca:<\/div>\n<div dir=\"auto\">\u00a0<\/div>\n<\/div>\n<div class=\"x11i5rnm xat24cr x1mh8g0r x1vvkbs xtlvy1s x126k92a\">\n<div dir=\"auto\">\u2022Mary \u2013 Um cl\u00e1ssico rom\u00e2ntico perfeito, o sapato boneca, ganhou o nome de Mary Jane.<\/div>\n<div dir=\"auto\">\u2022Bo\u00eamio \u2013 \u00e9 o estilo atemporal em tons terrosos.<\/div>\n<div dir=\"auto\">\u2022Criativo \u2013 brinca com texturas e cores num design art\u00edstico diferente.<\/div>\n<div dir=\"auto\">\u2022Esportivo \u2013 conforto e casualidade para criar looks cheios de estilos.<\/div>\n<div dir=\"auto\">\u2022Preppy \u2013 chique e elegante para o dia a dia.<\/div>\n<div dir=\"auto\">\u2022B\u00e1sico \u2013 aqui o minimalismo \u00e9 a ess\u00eancia, com muito conforto.<\/div>\n<div dir=\"auto\">\u00a0<\/div>\n<\/div>\n<div class=\"x11i5rnm xat24cr x1mh8g0r x1vvkbs xtlvy1s x126k92a\">\n<div dir=\"auto\">Agora, s\u00f3 falta voc\u00ea visitar a @ferruccibauru , na Rua Anvar Dabus 7-67, Vila Universit\u00e1ria.<\/div>\n<div dir=\"auto\">\u00a0<\/div>\n<\/div>\n<div class=\"x11i5rnm xat24cr x1mh8g0r x1vvkbs xtlvy1s x126k92a\">\n<div dir=\"auto\">Siga o Instagram da loja Bauru: @ferruccibauru .<\/div>\n<div dir=\"auto\">\u00a0<\/div>\n<\/div>\n<div class=\"x11i5rnm xat24cr x1mh8g0r x1vvkbs xtlvy1s x126k92a\">\n<div dir=\"auto\">Na foto as propriet\u00e1rias @lucilaferrucci @priscilaferrucci @camila_ferrucci .<\/div>\n<\/div>\n<\/div>\n<\/div>\n<\/div>\n<\/div>\n<\/div>\n<p><img loading=\"lazy\" decoding=\"async\" class=\"alignnone wp-image-24288 size-full\" src=\"https:\/\/andreasimonetti.com.br\/blog\/wp-content\/uploads\/2024\/06\/439416864_7569042666509202_2142828748081505017_n.jpg\" alt=\"Ferrucci Cal\u00e7ados inaugura em Bauru\" width=\"2048\" height=\"1367\" srcset=\"https:\/\/andreasimonetti.com.br\/blog\/wp-content\/uploads\/2024\/06\/439416864_7569042666509202_2142828748081505017_n.jpg 2048w, https:\/\/andreasimonetti.com.br\/blog\/wp-content\/uploads\/2024\/06\/439416864_7569042666509202_2142828748081505017_n-300x200.jpg 300w, https:\/\/andreasimonetti.com.br\/blog\/wp-content\/uploads\/2024\/06\/439416864_7569042666509202_2142828748081505017_n-1024x684.jpg 1024w, https:\/\/andreasimonetti.com.br\/blog\/wp-content\/uploads\/2024\/06\/439416864_7569042666509202_2142828748081505017_n-768x513.jpg 768w, https:\/\/andreasimonetti.com.br\/blog\/wp-content\/uploads\/2024\/06\/439416864_7569042666509202_2142828748081505017_n-1536x1025.jpg 1536w, https:\/\/andreasimonetti.com.br\/blog\/wp-content\/uploads\/2024\/06\/439416864_7569042666509202_2142828748081505017_n-1170x781.jpg 1170w, https:\/\/andreasimonetti.com.br\/blog\/wp-content\/uploads\/2024\/06\/439416864_7569042666509202_2142828748081505017_n-585x390.jpg 585w, https:\/\/andreasimonetti.com.br\/blog\/wp-content\/uploads\/2024\/06\/439416864_7569042666509202_2142828748081505017_n-263x175.jpg 263w\" sizes=\"auto, (max-width: 2048px) 100vw, 2048px\" \/><\/p>\n<p><img loading=\"lazy\" decoding=\"async\" class=\"alignnone wp-image-24286 size-full\" src=\"https:\/\/andreasimonetti.com.br\/blog\/wp-content\/uploads\/2024\/06\/439447832_7569042636509205_8160304770270427172_n.jpg\" alt=\"Ferrucci Cal\u00e7ados inaugura em Bauru\" width=\"1368\" height=\"2048\" srcset=\"https:\/\/andreasimonetti.com.br\/blog\/wp-content\/uploads\/2024\/06\/439447832_7569042636509205_8160304770270427172_n.jpg 1368w, https:\/\/andreasimonetti.com.br\/blog\/wp-content\/uploads\/2024\/06\/439447832_7569042636509205_8160304770270427172_n-200x300.jpg 200w, https:\/\/andreasimonetti.com.br\/blog\/wp-content\/uploads\/2024\/06\/439447832_7569042636509205_8160304770270427172_n-684x1024.jpg 684w, https:\/\/andreasimonetti.com.br\/blog\/wp-content\/uploads\/2024\/06\/439447832_7569042636509205_8160304770270427172_n-768x1150.jpg 768w, https:\/\/andreasimonetti.com.br\/blog\/wp-content\/uploads\/2024\/06\/439447832_7569042636509205_8160304770270427172_n-1026x1536.jpg 1026w, https:\/\/andreasimonetti.com.br\/blog\/wp-content\/uploads\/2024\/06\/439447832_7569042636509205_8160304770270427172_n-1170x1752.jpg 1170w, https:\/\/andreasimonetti.com.br\/blog\/wp-content\/uploads\/2024\/06\/439447832_7569042636509205_8160304770270427172_n-585x876.jpg 585w\" sizes=\"auto, (max-width: 1368px) 100vw, 1368px\" \/><img loading=\"lazy\" decoding=\"async\" class=\"alignnone wp-image-24285 size-full\" src=\"https:\/\/andreasimonetti.com.br\/blog\/wp-content\/uploads\/2024\/06\/439466647_7569042853175850_3369586572098936007_n.jpg\" alt=\"Ferrucci Cal\u00e7ados inaugura em Bauru\" width=\"1368\" height=\"2048\" srcset=\"https:\/\/andreasimonetti.com.br\/blog\/wp-content\/uploads\/2024\/06\/439466647_7569042853175850_3369586572098936007_n.jpg 1368w, https:\/\/andreasimonetti.com.br\/blog\/wp-content\/uploads\/2024\/06\/439466647_7569042853175850_3369586572098936007_n-200x300.jpg 200w, https:\/\/andreasimonetti.com.br\/blog\/wp-content\/uploads\/2024\/06\/439466647_7569042853175850_3369586572098936007_n-684x1024.jpg 684w, https:\/\/andreasimonetti.com.br\/blog\/wp-content\/uploads\/2024\/06\/439466647_7569042853175850_3369586572098936007_n-768x1150.jpg 768w, https:\/\/andreasimonetti.com.br\/blog\/wp-content\/uploads\/2024\/06\/439466647_7569042853175850_3369586572098936007_n-1026x1536.jpg 1026w, https:\/\/andreasimonetti.com.br\/blog\/wp-content\/uploads\/2024\/06\/439466647_7569042853175850_3369586572098936007_n-1170x1752.jpg 1170w, https:\/\/andreasimonetti.com.br\/blog\/wp-content\/uploads\/2024\/06\/439466647_7569042853175850_3369586572098936007_n-585x876.jpg 585w\" sizes=\"auto, (max-width: 1368px) 100vw, 1368px\" \/><\/p>\n<p><strong>www.ferrucci.com.br\u00a0<\/strong><\/p>\n<p>&nbsp;<\/p>\n","protected":false},"excerpt":{"rendered":"<p>Ferrucci Cal\u00e7ados inaugura em Bauru A FERRUCCI, que est\u00e1 presente em mais de 600 pontos de venda por todo pa\u00eds. \u00a0 A marca chega \u00e0 cidade apresentando o seu inverno&hellip;<\/p>\n","protected":false},"author":7,"featured_media":24289,"comment_status":"open","ping_status":"open","sticky":false,"template":"","format":"standard","meta":{"_monsterinsights_skip_tracking":false,"_monsterinsights_sitenote_active":false,"_monsterinsights_sitenote_note":"","_monsterinsights_sitenote_category":0,"footnotes":""},"categories":[2013,3],"tags":[3454,3455,3456],"class_list":["post-24283","post","type-post","status-publish","format-standard","has-post-thumbnail","hentry","category-lifestyle","category-moda","tag-ferrucci-calcados-inaugura-em-bauru","tag-ferrucci-calcados-jau","tag-loja-calcados-bauru"],"yoast_head":"<!-- This site is optimized with the Yoast SEO plugin v26.3 - https:\/\/yoast.com\/wordpress\/plugins\/seo\/ -->\n<title>Ferrucci Cal\u00e7ados inaugura em Bauru - Andrea Simonetti<\/title>\n<meta name=\"description\" content=\"A FERRUCCI, que est\u00e1 presente em mais de 600 pontos de venda por todo pa\u00eds.A marca chega \u00e0 cidade apresentando o seu inverno 2024, que traz modelagens\" \/>\n<meta name=\"robots\" content=\"index, follow, max-snippet:-1, max-image-preview:large, max-video-preview:-1\" \/>\n<link rel=\"canonical\" href=\"https:\/\/andreasimonetti.com.br\/blog\/ferrucci-calcados-inaugura-em-bauru\/\" \/>\n<meta property=\"og:locale\" content=\"pt_BR\" \/>\n<meta property=\"og:type\" content=\"article\" \/>\n<meta property=\"og:title\" content=\"Ferrucci Cal\u00e7ados inaugura em Bauru - Andrea Simonetti\" \/>\n<meta property=\"og:description\" content=\"A FERRUCCI, que est\u00e1 presente em mais de 600 pontos de venda por todo pa\u00eds.A marca chega \u00e0 cidade apresentando o seu inverno 2024, que traz modelagens\" \/>\n<meta property=\"og:url\" content=\"https:\/\/andreasimonetti.com.br\/blog\/ferrucci-calcados-inaugura-em-bauru\/\" \/>\n<meta property=\"og:site_name\" content=\"Andrea Simonetti\" \/>\n<meta property=\"article:publisher\" content=\"https:\/\/www.facebook.com\/blogdaandreasimonetti\/\" \/>\n<meta property=\"article:author\" content=\"https:\/\/www.facebook.com\/blogdaandreasimonetti\/\" \/>\n<meta property=\"article:published_time\" content=\"2024-06-15T00:46:29+00:00\" \/>\n<meta property=\"article:modified_time\" content=\"2024-06-15T01:07:44+00:00\" \/>\n<meta property=\"og:image\" content=\"https:\/\/andreasimonetti.com.br\/blog\/wp-content\/uploads\/2024\/06\/439407229_7569042519842550_4066542849664941206_n.jpg\" \/>\n\t<meta property=\"og:image:width\" content=\"1368\" \/>\n\t<meta property=\"og:image:height\" content=\"2048\" \/>\n\t<meta property=\"og:image:type\" content=\"image\/jpeg\" \/>\n<meta name=\"author\" content=\"Andrea Simonetti\" \/>\n<meta name=\"twitter:card\" content=\"summary_large_image\" \/>\n<meta name=\"twitter:creator\" content=\"@https:\/\/twitter.com\/Andrea_Simoneti\" \/>\n<meta name=\"twitter:site\" content=\"@Andrea_Simoneti\" \/>\n<meta name=\"twitter:label1\" content=\"Escrito por\" \/>\n\t<meta name=\"twitter:data1\" content=\"Andrea Simonetti\" \/>\n\t<meta name=\"twitter:label2\" content=\"Est. tempo de leitura\" \/>\n\t<meta name=\"twitter:data2\" content=\"1 minuto\" \/>\n<!-- \/ Yoast SEO plugin. -->","yoast_head_json":{"title":"Ferrucci Cal\u00e7ados inaugura em Bauru - Andrea Simonetti","description":"A FERRUCCI, que est\u00e1 presente em mais de 600 pontos de venda por todo pa\u00eds.A marca chega \u00e0 cidade apresentando o seu inverno 2024, que traz modelagens","robots":{"index":"index","follow":"follow","max-snippet":"max-snippet:-1","max-image-preview":"max-image-preview:large","max-video-preview":"max-video-preview:-1"},"canonical":"https:\/\/andreasimonetti.com.br\/blog\/ferrucci-calcados-inaugura-em-bauru\/","og_locale":"pt_BR","og_type":"article","og_title":"Ferrucci Cal\u00e7ados inaugura em Bauru - Andrea Simonetti","og_description":"A FERRUCCI, que est\u00e1 presente em mais de 600 pontos de venda por todo pa\u00eds.A marca chega \u00e0 cidade apresentando o seu inverno 2024, que traz modelagens","og_url":"https:\/\/andreasimonetti.com.br\/blog\/ferrucci-calcados-inaugura-em-bauru\/","og_site_name":"Andrea Simonetti","article_publisher":"https:\/\/www.facebook.com\/blogdaandreasimonetti\/","article_author":"https:\/\/www.facebook.com\/blogdaandreasimonetti\/","article_published_time":"2024-06-15T00:46:29+00:00","article_modified_time":"2024-06-15T01:07:44+00:00","og_image":[{"width":1368,"height":2048,"url":"https:\/\/andreasimonetti.com.br\/blog\/wp-content\/uploads\/2024\/06\/439407229_7569042519842550_4066542849664941206_n.jpg","type":"image\/jpeg"}],"author":"Andrea Simonetti","twitter_card":"summary_large_image","twitter_creator":"@https:\/\/twitter.com\/Andrea_Simoneti","twitter_site":"@Andrea_Simoneti","twitter_misc":{"Escrito por":"Andrea Simonetti","Est. tempo de leitura":"1 minuto"},"schema":{"@context":"https:\/\/schema.org","@graph":[{"@type":"WebPage","@id":"https:\/\/andreasimonetti.com.br\/blog\/ferrucci-calcados-inaugura-em-bauru\/","url":"https:\/\/andreasimonetti.com.br\/blog\/ferrucci-calcados-inaugura-em-bauru\/","name":"Ferrucci Cal\u00e7ados inaugura em Bauru - Andrea Simonetti","isPartOf":{"@id":"https:\/\/andreasimonetti.com.br\/blog\/#website"},"primaryImageOfPage":{"@id":"https:\/\/andreasimonetti.com.br\/blog\/ferrucci-calcados-inaugura-em-bauru\/#primaryimage"},"image":{"@id":"https:\/\/andreasimonetti.com.br\/blog\/ferrucci-calcados-inaugura-em-bauru\/#primaryimage"},"thumbnailUrl":"https:\/\/andreasimonetti.com.br\/blog\/wp-content\/uploads\/2024\/06\/439407229_7569042519842550_4066542849664941206_n.jpg","datePublished":"2024-06-15T00:46:29+00:00","dateModified":"2024-06-15T01:07:44+00:00","author":{"@id":"https:\/\/andreasimonetti.com.br\/blog\/#\/schema\/person\/254f763c24ac288e27ea738a7366ad2a"},"description":"A FERRUCCI, que est\u00e1 presente em mais de 600 pontos de venda por todo pa\u00eds.A marca chega \u00e0 cidade apresentando o seu inverno 2024, que traz modelagens","breadcrumb":{"@id":"https:\/\/andreasimonetti.com.br\/blog\/ferrucci-calcados-inaugura-em-bauru\/#breadcrumb"},"inLanguage":"pt-BR","potentialAction":[{"@type":"ReadAction","target":["https:\/\/andreasimonetti.com.br\/blog\/ferrucci-calcados-inaugura-em-bauru\/"]}]},{"@type":"ImageObject","inLanguage":"pt-BR","@id":"https:\/\/andreasimonetti.com.br\/blog\/ferrucci-calcados-inaugura-em-bauru\/#primaryimage","url":"https:\/\/andreasimonetti.com.br\/blog\/wp-content\/uploads\/2024\/06\/439407229_7569042519842550_4066542849664941206_n.jpg","contentUrl":"https:\/\/andreasimonetti.com.br\/blog\/wp-content\/uploads\/2024\/06\/439407229_7569042519842550_4066542849664941206_n.jpg","width":1368,"height":2048},{"@type":"BreadcrumbList","@id":"https:\/\/andreasimonetti.com.br\/blog\/ferrucci-calcados-inaugura-em-bauru\/#breadcrumb","itemListElement":[{"@type":"ListItem","position":1,"name":"In\u00edcio","item":"https:\/\/andreasimonetti.com.br\/blog\/"},{"@type":"ListItem","position":2,"name":"Ferrucci Cal\u00e7ados inaugura em Bauru"}]},{"@type":"WebSite","@id":"https:\/\/andreasimonetti.com.br\/blog\/#website","url":"https:\/\/andreasimonetti.com.br\/blog\/","name":"Andrea Simonetti","description":"","potentialAction":[{"@type":"SearchAction","target":{"@type":"EntryPoint","urlTemplate":"https:\/\/andreasimonetti.com.br\/blog\/?s={search_term_string}"},"query-input":{"@type":"PropertyValueSpecification","valueRequired":true,"valueName":"search_term_string"}}],"inLanguage":"pt-BR"},{"@type":"Person","@id":"https:\/\/andreasimonetti.com.br\/blog\/#\/schema\/person\/254f763c24ac288e27ea738a7366ad2a","name":"Andrea Simonetti","image":{"@type":"ImageObject","inLanguage":"pt-BR","@id":"https:\/\/andreasimonetti.com.br\/blog\/#\/schema\/person\/image\/","url":"https:\/\/andreasimonetti.com.br\/blog\/wp-content\/uploads\/2018\/04\/andrea-simonetti-96x96.png","contentUrl":"https:\/\/andreasimonetti.com.br\/blog\/wp-content\/uploads\/2018\/04\/andrea-simonetti-96x96.png","caption":"Andrea Simonetti"},"description":"Sou formada em Administra\u00e7\u00e3o de Empresas, Produ\u00e7\u00e3o de Moda pelo SENAC e Consultoria de Estilo. Sou fascinada por moda desde sempre, adoro ver as pessoas produzidas e de bem com a vida. Moda \u00e9 o meu assunto preferido. Comecei meu blog em 2011, ele cresceu e hoje \u00e9 um site bem mais abrangente, onde eu falo sobre moda e meu trabalho de consultora de estilo. E falo tamb\u00e9m sobre a minha experi\u00eancia de vida. Mas antes de tudo, acredito num Deus Soberano que nos guia e aben\u00e7oa, o tempo todo!","sameAs":["https:\/\/www.andreasimonetti.com.br\/","https:\/\/www.facebook.com\/blogdaandreasimonetti\/","https:\/\/www.instagram.com\/andrea_simonetti\/","https:\/\/br.pinterest.com\/BlogAndrea\/","https:\/\/x.com\/https:\/\/twitter.com\/Andrea_Simoneti"],"url":"https:\/\/andreasimonetti.com.br\/blog\/author\/andrea\/"}]}},"_links":{"self":[{"href":"https:\/\/andreasimonetti.com.br\/blog\/wp-json\/wp\/v2\/posts\/24283","targetHints":{"allow":["GET"]}}],"collection":[{"href":"https:\/\/andreasimonetti.com.br\/blog\/wp-json\/wp\/v2\/posts"}],"about":[{"href":"https:\/\/andreasimonetti.com.br\/blog\/wp-json\/wp\/v2\/types\/post"}],"author":[{"embeddable":true,"href":"https:\/\/andreasimonetti.com.br\/blog\/wp-json\/wp\/v2\/users\/7"}],"replies":[{"embeddable":true,"href":"https:\/\/andreasimonetti.com.br\/blog\/wp-json\/wp\/v2\/comments?post=24283"}],"version-history":[{"count":2,"href":"https:\/\/andreasimonetti.com.br\/blog\/wp-json\/wp\/v2\/posts\/24283\/revisions"}],"predecessor-version":[{"id":24291,"href":"https:\/\/andreasimonetti.com.br\/blog\/wp-json\/wp\/v2\/posts\/24283\/revisions\/24291"}],"wp:featuredmedia":[{"embeddable":true,"href":"https:\/\/andreasimonetti.com.br\/blog\/wp-json\/wp\/v2\/media\/24289"}],"wp:attachment":[{"href":"https:\/\/andreasimonetti.com.br\/blog\/wp-json\/wp\/v2\/media?parent=24283"}],"wp:term":[{"taxonomy":"category","embeddable":true,"href":"https:\/\/andreasimonetti.com.br\/blog\/wp-json\/wp\/v2\/categories?post=24283"},{"taxonomy":"post_tag","embeddable":true,"href":"https:\/\/andreasimonetti.com.br\/blog\/wp-json\/wp\/v2\/tags?post=24283"}],"curies":[{"name":"wp","href":"https:\/\/api.w.org\/{rel}","templated":true}]}}