{"id":24256,"date":"2023-11-29T20:41:51","date_gmt":"2023-11-29T23:41:51","guid":{"rendered":"https:\/\/andreasimonetti.com.br\/blog\/?p=24256"},"modified":"2023-11-29T20:41:51","modified_gmt":"2023-11-29T23:41:51","slug":"meu-look-saia-jeans-longa-2","status":"publish","type":"post","link":"https:\/\/andreasimonetti.com.br\/blog\/meu-look-saia-jeans-longa-2\/","title":{"rendered":"Meu look: Saia jeans longa"},"content":{"rendered":"<div class=\"xdj266r x11i5rnm xat24cr x1mh8g0r x1vvkbs x126k92a\">\n<div dir=\"auto\">\u00a0<\/div>\n<div dir=\"auto\">\n<div class=\"xdj266r x11i5rnm xat24cr x1mh8g0r x1vvkbs x126k92a\">\n<div dir=\"auto\" style=\"text-align: justify;\">Uma pe\u00e7a que agrada mulheres criativas e informais e tamb\u00e9m as mais tradicionais em seus momentos de descontra\u00e7\u00e3o.<\/div>\n<div dir=\"auto\">\u00a0<\/div>\n<\/div>\n<div class=\"x11i5rnm xat24cr x1mh8g0r x1vvkbs xtlvy1s x126k92a\" style=\"text-align: justify;\">\n<div dir=\"auto\">A saia jeans longa com lavagem clara \u00e9 presen\u00e7a obrigat\u00f3ria no arm\u00e1rio; em alguma ocasi\u00e3o nesse ver\u00e3o \u00e9 ela que vai te salvar.<\/div>\n<div dir=\"auto\">\u00a0<\/div>\n<\/div>\n<div class=\"x11i5rnm xat24cr x1mh8g0r x1vvkbs xtlvy1s x126k92a\" style=\"text-align: justify;\">\n<div dir=\"auto\">Vamos l\u00e1 com a dica de consultoria de imagem: se quiser disfar\u00e7ar o quadril, use uma terceira pe\u00e7a.<\/div>\n<div dir=\"auto\">\u00a0<\/div>\n<\/div>\n<div class=\"x11i5rnm xat24cr x1mh8g0r x1vvkbs xtlvy1s x126k92a\" style=\"text-align: justify;\">\n<div dir=\"auto\">E lembre-se que acess\u00f3rios s\u00e3o fundamentais e aqueles em trama treli\u00e7a vazada em cristal Swarovski fazem toda diferen\u00e7a no seu look.<\/div>\n<\/div>\n<\/div>\n<div dir=\"auto\">\u00a0<\/div>\n<div dir=\"auto\"><img loading=\"lazy\" decoding=\"async\" class=\"alignnone wp-image-24260 size-full\" src=\"https:\/\/andreasimonetti.com.br\/blog\/wp-content\/uploads\/2023\/11\/404721635_6985491384864336_8012166568625735508_n.jpg\" alt=\"Meu look: Saia jeans longa \" width=\"1368\" height=\"2048\" srcset=\"https:\/\/andreasimonetti.com.br\/blog\/wp-content\/uploads\/2023\/11\/404721635_6985491384864336_8012166568625735508_n.jpg 1368w, https:\/\/andreasimonetti.com.br\/blog\/wp-content\/uploads\/2023\/11\/404721635_6985491384864336_8012166568625735508_n-200x300.jpg 200w, https:\/\/andreasimonetti.com.br\/blog\/wp-content\/uploads\/2023\/11\/404721635_6985491384864336_8012166568625735508_n-684x1024.jpg 684w, https:\/\/andreasimonetti.com.br\/blog\/wp-content\/uploads\/2023\/11\/404721635_6985491384864336_8012166568625735508_n-768x1150.jpg 768w, https:\/\/andreasimonetti.com.br\/blog\/wp-content\/uploads\/2023\/11\/404721635_6985491384864336_8012166568625735508_n-1026x1536.jpg 1026w, https:\/\/andreasimonetti.com.br\/blog\/wp-content\/uploads\/2023\/11\/404721635_6985491384864336_8012166568625735508_n-1170x1752.jpg 1170w, https:\/\/andreasimonetti.com.br\/blog\/wp-content\/uploads\/2023\/11\/404721635_6985491384864336_8012166568625735508_n-585x876.jpg 585w\" sizes=\"auto, (max-width: 1368px) 100vw, 1368px\" \/><\/div>\n<div dir=\"auto\"><span style=\"text-align: justify;\">Cr\u00e9ditos:<\/span><\/div>\n<\/div>\n<div class=\"x11i5rnm xat24cr x1mh8g0r x1vvkbs xtlvy1s x126k92a\">\n<div dir=\"auto\">\u00a0<\/div>\n<\/div>\n<div class=\"x11i5rnm xat24cr x1mh8g0r x1vvkbs xtlvy1s x126k92a\">\n<div dir=\"auto\">&#8211; Look <a class=\"x1i10hfl xjbqb8w x6umtig x1b1mbwd xaqea5y xav7gou x9f619 x1ypdohk xt0psk2 xe8uvvx xdj266r x11i5rnm xat24cr x1mh8g0r xexx8yu x4uap5 x18d9i69 xkhd6sd x16tdsg8 x1hl2dhg xggy1nq x1a2a7pz xt0b8zv x1qq9wsj xo1l8bm\" tabindex=\"0\" role=\"link\" href=\"https:\/\/www.facebook.com\/pedagio.loja?__cft__[0]=AZVAgIt27-SM9piEq3cXkvOfCOW6fwSVKF7Q82kQRPizgHfi-lPgtNxG1XQQfJ6pXjn97G7SOf2h73I1yjOew4ecDFlGzGstgOl1aN3xAgZJbk1gLpJce0lxRRiL0gQi9xBp1oJpKg9pNXYltPzzv9pruX11P9mOBx0PCbqjqvtgzTYXaQYcC6TgrTd3dquRbbc&amp;__tn__=-]K-R\"><span class=\"xt0psk2\">Loja Pedagio<\/span><\/a><\/div>\n<div dir=\"auto\">&#8211; Acess\u00f3rios <a class=\"x1i10hfl xjbqb8w x6umtig x1b1mbwd xaqea5y xav7gou x9f619 x1ypdohk xt0psk2 xe8uvvx xdj266r x11i5rnm xat24cr x1mh8g0r xexx8yu x4uap5 x18d9i69 xkhd6sd x16tdsg8 x1hl2dhg xggy1nq x1a2a7pz xt0b8zv x1qq9wsj xo1l8bm\" tabindex=\"0\" role=\"link\" href=\"https:\/\/www.facebook.com\/jade.semijoiaseacessorios?__cft__[0]=AZVAgIt27-SM9piEq3cXkvOfCOW6fwSVKF7Q82kQRPizgHfi-lPgtNxG1XQQfJ6pXjn97G7SOf2h73I1yjOew4ecDFlGzGstgOl1aN3xAgZJbk1gLpJce0lxRRiL0gQi9xBp1oJpKg9pNXYltPzzv9pruX11P9mOBx0PCbqjqvtgzTYXaQYcC6TgrTd3dquRbbc&amp;__tn__=-]K-R\"><span class=\"xt0psk2\">Jade Semij\u00f3ias E Acess\u00f3rios<\/span><\/a><\/div>\n<div dir=\"auto\">&#8211; \u00d3culos <a class=\"x1i10hfl xjbqb8w x6umtig x1b1mbwd xaqea5y xav7gou x9f619 x1ypdohk xt0psk2 xe8uvvx xdj266r x11i5rnm xat24cr x1mh8g0r xexx8yu x4uap5 x18d9i69 xkhd6sd x16tdsg8 x1hl2dhg xggy1nq x1a2a7pz xt0b8zv x1qq9wsj xo1l8bm\" tabindex=\"0\" role=\"link\" href=\"https:\/\/www.facebook.com\/sineoptica?__cft__[0]=AZVAgIt27-SM9piEq3cXkvOfCOW6fwSVKF7Q82kQRPizgHfi-lPgtNxG1XQQfJ6pXjn97G7SOf2h73I1yjOew4ecDFlGzGstgOl1aN3xAgZJbk1gLpJce0lxRRiL0gQi9xBp1oJpKg9pNXYltPzzv9pruX11P9mOBx0PCbqjqvtgzTYXaQYcC6TgrTd3dquRbbc&amp;__tn__=-]K-R\"><span class=\"xt0psk2\">Sine \u00d3ptica<\/span><\/a><\/div>\n<\/div>\n","protected":false},"excerpt":{"rendered":"<p>\u00a0 Uma pe\u00e7a que agrada mulheres criativas e informais e tamb\u00e9m as mais tradicionais em seus momentos de descontra\u00e7\u00e3o. \u00a0 A saia jeans longa com lavagem clara \u00e9 presen\u00e7a obrigat\u00f3ria&hellip;<\/p>\n","protected":false},"author":7,"featured_media":24257,"comment_status":"open","ping_status":"open","sticky":false,"template":"","format":"standard","meta":{"_monsterinsights_skip_tracking":false,"_monsterinsights_sitenote_active":false,"_monsterinsights_sitenote_note":"","_monsterinsights_sitenote_category":0,"footnotes":""},"categories":[3057,1508,3],"tags":[3444,3445],"class_list":["post-24256","post","type-post","status-publish","format-standard","has-post-thumbnail","hentry","category-consultoria-de-estilo","category-destaque","category-moda","tag-meu-look-saia-jeans-longa","tag-saia-jeans-claro"],"yoast_head":"<!-- This site is optimized with the Yoast SEO plugin v26.3 - https:\/\/yoast.com\/wordpress\/plugins\/seo\/ -->\n<title>Meu look: Saia jeans longa - Andrea Simonetti<\/title>\n<meta name=\"description\" content=\"A saia jeans longa com lavagem clara \u00e9 presen\u00e7a obrigat\u00f3ria no arm\u00e1rio; em alguma ocasi\u00e3o nesse ver\u00e3o \u00e9 ela que vai te salvar.\" \/>\n<meta name=\"robots\" content=\"index, follow, max-snippet:-1, max-image-preview:large, max-video-preview:-1\" \/>\n<link rel=\"canonical\" href=\"https:\/\/andreasimonetti.com.br\/blog\/meu-look-saia-jeans-longa-2\/\" \/>\n<meta property=\"og:locale\" content=\"pt_BR\" \/>\n<meta property=\"og:type\" content=\"article\" \/>\n<meta property=\"og:title\" content=\"Meu look: Saia jeans longa - Andrea Simonetti\" \/>\n<meta property=\"og:description\" content=\"A saia jeans longa com lavagem clara \u00e9 presen\u00e7a obrigat\u00f3ria no arm\u00e1rio; em alguma ocasi\u00e3o nesse ver\u00e3o \u00e9 ela que vai te salvar.\" \/>\n<meta property=\"og:url\" content=\"https:\/\/andreasimonetti.com.br\/blog\/meu-look-saia-jeans-longa-2\/\" \/>\n<meta property=\"og:site_name\" content=\"Andrea Simonetti\" \/>\n<meta property=\"article:publisher\" content=\"https:\/\/www.facebook.com\/blogdaandreasimonetti\/\" \/>\n<meta property=\"article:author\" content=\"https:\/\/www.facebook.com\/blogdaandreasimonetti\/\" \/>\n<meta property=\"article:published_time\" content=\"2023-11-29T23:41:51+00:00\" \/>\n<meta property=\"og:image\" content=\"https:\/\/andreasimonetti.com.br\/blog\/wp-content\/uploads\/2023\/11\/406394820_18395891704005924_4197351790776686235_n.jpg\" \/>\n\t<meta property=\"og:image:width\" content=\"1440\" \/>\n\t<meta property=\"og:image:height\" content=\"1800\" \/>\n\t<meta property=\"og:image:type\" content=\"image\/jpeg\" \/>\n<meta name=\"author\" content=\"Andrea Simonetti\" \/>\n<meta name=\"twitter:card\" content=\"summary_large_image\" \/>\n<meta name=\"twitter:creator\" content=\"@https:\/\/twitter.com\/Andrea_Simoneti\" \/>\n<meta name=\"twitter:site\" content=\"@Andrea_Simoneti\" \/>\n<meta name=\"twitter:label1\" content=\"Escrito por\" \/>\n\t<meta name=\"twitter:data1\" content=\"Andrea Simonetti\" \/>\n\t<meta name=\"twitter:label2\" content=\"Est. tempo de leitura\" \/>\n\t<meta name=\"twitter:data2\" content=\"1 minuto\" \/>\n<!-- \/ Yoast SEO plugin. -->","yoast_head_json":{"title":"Meu look: Saia jeans longa - Andrea Simonetti","description":"A saia jeans longa com lavagem clara \u00e9 presen\u00e7a obrigat\u00f3ria no arm\u00e1rio; em alguma ocasi\u00e3o nesse ver\u00e3o \u00e9 ela que vai te salvar.","robots":{"index":"index","follow":"follow","max-snippet":"max-snippet:-1","max-image-preview":"max-image-preview:large","max-video-preview":"max-video-preview:-1"},"canonical":"https:\/\/andreasimonetti.com.br\/blog\/meu-look-saia-jeans-longa-2\/","og_locale":"pt_BR","og_type":"article","og_title":"Meu look: Saia jeans longa - Andrea Simonetti","og_description":"A saia jeans longa com lavagem clara \u00e9 presen\u00e7a obrigat\u00f3ria no arm\u00e1rio; em alguma ocasi\u00e3o nesse ver\u00e3o \u00e9 ela que vai te salvar.","og_url":"https:\/\/andreasimonetti.com.br\/blog\/meu-look-saia-jeans-longa-2\/","og_site_name":"Andrea Simonetti","article_publisher":"https:\/\/www.facebook.com\/blogdaandreasimonetti\/","article_author":"https:\/\/www.facebook.com\/blogdaandreasimonetti\/","article_published_time":"2023-11-29T23:41:51+00:00","og_image":[{"width":1440,"height":1800,"url":"https:\/\/andreasimonetti.com.br\/blog\/wp-content\/uploads\/2023\/11\/406394820_18395891704005924_4197351790776686235_n.jpg","type":"image\/jpeg"}],"author":"Andrea Simonetti","twitter_card":"summary_large_image","twitter_creator":"@https:\/\/twitter.com\/Andrea_Simoneti","twitter_site":"@Andrea_Simoneti","twitter_misc":{"Escrito por":"Andrea Simonetti","Est. tempo de leitura":"1 minuto"},"schema":{"@context":"https:\/\/schema.org","@graph":[{"@type":"WebPage","@id":"https:\/\/andreasimonetti.com.br\/blog\/meu-look-saia-jeans-longa-2\/","url":"https:\/\/andreasimonetti.com.br\/blog\/meu-look-saia-jeans-longa-2\/","name":"Meu look: Saia jeans longa - Andrea Simonetti","isPartOf":{"@id":"https:\/\/andreasimonetti.com.br\/blog\/#website"},"primaryImageOfPage":{"@id":"https:\/\/andreasimonetti.com.br\/blog\/meu-look-saia-jeans-longa-2\/#primaryimage"},"image":{"@id":"https:\/\/andreasimonetti.com.br\/blog\/meu-look-saia-jeans-longa-2\/#primaryimage"},"thumbnailUrl":"https:\/\/andreasimonetti.com.br\/blog\/wp-content\/uploads\/2023\/11\/406394820_18395891704005924_4197351790776686235_n.jpg","datePublished":"2023-11-29T23:41:51+00:00","author":{"@id":"https:\/\/andreasimonetti.com.br\/blog\/#\/schema\/person\/254f763c24ac288e27ea738a7366ad2a"},"description":"A saia jeans longa com lavagem clara \u00e9 presen\u00e7a obrigat\u00f3ria no arm\u00e1rio; em alguma ocasi\u00e3o nesse ver\u00e3o \u00e9 ela que vai te salvar.","breadcrumb":{"@id":"https:\/\/andreasimonetti.com.br\/blog\/meu-look-saia-jeans-longa-2\/#breadcrumb"},"inLanguage":"pt-BR","potentialAction":[{"@type":"ReadAction","target":["https:\/\/andreasimonetti.com.br\/blog\/meu-look-saia-jeans-longa-2\/"]}]},{"@type":"ImageObject","inLanguage":"pt-BR","@id":"https:\/\/andreasimonetti.com.br\/blog\/meu-look-saia-jeans-longa-2\/#primaryimage","url":"https:\/\/andreasimonetti.com.br\/blog\/wp-content\/uploads\/2023\/11\/406394820_18395891704005924_4197351790776686235_n.jpg","contentUrl":"https:\/\/andreasimonetti.com.br\/blog\/wp-content\/uploads\/2023\/11\/406394820_18395891704005924_4197351790776686235_n.jpg","width":1440,"height":1800,"caption":"Meu look: Saia jeans longa"},{"@type":"BreadcrumbList","@id":"https:\/\/andreasimonetti.com.br\/blog\/meu-look-saia-jeans-longa-2\/#breadcrumb","itemListElement":[{"@type":"ListItem","position":1,"name":"In\u00edcio","item":"https:\/\/andreasimonetti.com.br\/blog\/"},{"@type":"ListItem","position":2,"name":"Meu look: Saia jeans longa"}]},{"@type":"WebSite","@id":"https:\/\/andreasimonetti.com.br\/blog\/#website","url":"https:\/\/andreasimonetti.com.br\/blog\/","name":"Andrea Simonetti","description":"","potentialAction":[{"@type":"SearchAction","target":{"@type":"EntryPoint","urlTemplate":"https:\/\/andreasimonetti.com.br\/blog\/?s={search_term_string}"},"query-input":{"@type":"PropertyValueSpecification","valueRequired":true,"valueName":"search_term_string"}}],"inLanguage":"pt-BR"},{"@type":"Person","@id":"https:\/\/andreasimonetti.com.br\/blog\/#\/schema\/person\/254f763c24ac288e27ea738a7366ad2a","name":"Andrea Simonetti","image":{"@type":"ImageObject","inLanguage":"pt-BR","@id":"https:\/\/andreasimonetti.com.br\/blog\/#\/schema\/person\/image\/","url":"https:\/\/andreasimonetti.com.br\/blog\/wp-content\/uploads\/2018\/04\/andrea-simonetti-96x96.png","contentUrl":"https:\/\/andreasimonetti.com.br\/blog\/wp-content\/uploads\/2018\/04\/andrea-simonetti-96x96.png","caption":"Andrea Simonetti"},"description":"Sou formada em Administra\u00e7\u00e3o de Empresas, Produ\u00e7\u00e3o de Moda pelo SENAC e Consultoria de Estilo. Sou fascinada por moda desde sempre, adoro ver as pessoas produzidas e de bem com a vida. Moda \u00e9 o meu assunto preferido. Comecei meu blog em 2011, ele cresceu e hoje \u00e9 um site bem mais abrangente, onde eu falo sobre moda e meu trabalho de consultora de estilo. E falo tamb\u00e9m sobre a minha experi\u00eancia de vida. Mas antes de tudo, acredito num Deus Soberano que nos guia e aben\u00e7oa, o tempo todo!","sameAs":["https:\/\/www.andreasimonetti.com.br\/","https:\/\/www.facebook.com\/blogdaandreasimonetti\/","https:\/\/www.instagram.com\/andrea_simonetti\/","https:\/\/br.pinterest.com\/BlogAndrea\/","https:\/\/x.com\/https:\/\/twitter.com\/Andrea_Simoneti"],"url":"https:\/\/andreasimonetti.com.br\/blog\/author\/andrea\/"}]}},"_links":{"self":[{"href":"https:\/\/andreasimonetti.com.br\/blog\/wp-json\/wp\/v2\/posts\/24256","targetHints":{"allow":["GET"]}}],"collection":[{"href":"https:\/\/andreasimonetti.com.br\/blog\/wp-json\/wp\/v2\/posts"}],"about":[{"href":"https:\/\/andreasimonetti.com.br\/blog\/wp-json\/wp\/v2\/types\/post"}],"author":[{"embeddable":true,"href":"https:\/\/andreasimonetti.com.br\/blog\/wp-json\/wp\/v2\/users\/7"}],"replies":[{"embeddable":true,"href":"https:\/\/andreasimonetti.com.br\/blog\/wp-json\/wp\/v2\/comments?post=24256"}],"version-history":[{"count":1,"href":"https:\/\/andreasimonetti.com.br\/blog\/wp-json\/wp\/v2\/posts\/24256\/revisions"}],"predecessor-version":[{"id":24261,"href":"https:\/\/andreasimonetti.com.br\/blog\/wp-json\/wp\/v2\/posts\/24256\/revisions\/24261"}],"wp:featuredmedia":[{"embeddable":true,"href":"https:\/\/andreasimonetti.com.br\/blog\/wp-json\/wp\/v2\/media\/24257"}],"wp:attachment":[{"href":"https:\/\/andreasimonetti.com.br\/blog\/wp-json\/wp\/v2\/media?parent=24256"}],"wp:term":[{"taxonomy":"category","embeddable":true,"href":"https:\/\/andreasimonetti.com.br\/blog\/wp-json\/wp\/v2\/categories?post=24256"},{"taxonomy":"post_tag","embeddable":true,"href":"https:\/\/andreasimonetti.com.br\/blog\/wp-json\/wp\/v2\/tags?post=24256"}],"curies":[{"name":"wp","href":"https:\/\/api.w.org\/{rel}","templated":true}]}}