{"id":24179,"date":"2023-09-15T21:38:22","date_gmt":"2023-09-16T00:38:22","guid":{"rendered":"https:\/\/andreasimonetti.com.br\/blog\/?p=24179"},"modified":"2023-09-15T21:38:22","modified_gmt":"2023-09-16T00:38:22","slug":"luz-da-lua-inaugura-em-bauru","status":"publish","type":"post","link":"https:\/\/andreasimonetti.com.br\/blog\/luz-da-lua-inaugura-em-bauru\/","title":{"rendered":"Luz da Lua inaugura em Bauru"},"content":{"rendered":"<p style=\"text-align: justify;\">Uma das marcas mais desejadas de bolsas, cal\u00e7ados e acess\u00f3rios chegou \u00e0 Bauru.<br \/>\nA <a href=\"http:\/\/www.luzdalua.com.br\">Luz da Lua\u00a0<\/a> inaugurou sua loja com um coquetel muito especial no Bauru Shopping.<br \/>\nO evento foi prestigiado por admiradoras da marca e amigos dos franqueados Gustavo e\u00a0 Nat\u00e1lia Freitas , que possuem larga experi\u00eancia no segmento de moda.<br \/>\nOs produtos da marca s\u00e3o reconhecidos pelo design e sofistica\u00e7\u00e3o e tamb\u00e9m pela qualidade da mat\u00e9ria prima refletida nos couros especiais e nos metais personalizados.<br \/>\nSandra Mattos\u00a0 , que acumula larga experi\u00eancia no varejo de moda, \u00e9 a gerente da loja.<br \/>\nSe voc\u00ea valoriza tend\u00eancias e muita qualidade, visite a linda loja Luz da Luz, no Piso 1 do <a class=\"x1i10hfl xjbqb8w x6umtig x1b1mbwd xaqea5y xav7gou x9f619 x1ypdohk xt0psk2 xe8uvvx xdj266r x11i5rnm xat24cr x1mh8g0r xexx8yu x4uap5 x18d9i69 xkhd6sd x16tdsg8 x1hl2dhg xggy1nq x1a2a7pz notranslate _a6hd\" tabindex=\"0\" role=\"link\" href=\"https:\/\/www.instagram.com\/baurushoppingoficial\/\">@baurushoppingoficial<\/a> .<img loading=\"lazy\" decoding=\"async\" class=\"alignnone wp-image-24182 size-full\" style=\"text-align: center;\" src=\"https:\/\/andreasimonetti.com.br\/blog\/wp-content\/uploads\/2023\/09\/376280732_709784987856942_6337463176967432485_n.jpg\" alt=\"INAUGURA\u00c7\u00c3O LUZ DA LUA EM BAURU \" width=\"2048\" height=\"1365\" srcset=\"https:\/\/andreasimonetti.com.br\/blog\/wp-content\/uploads\/2023\/09\/376280732_709784987856942_6337463176967432485_n.jpg 2048w, https:\/\/andreasimonetti.com.br\/blog\/wp-content\/uploads\/2023\/09\/376280732_709784987856942_6337463176967432485_n-300x200.jpg 300w, https:\/\/andreasimonetti.com.br\/blog\/wp-content\/uploads\/2023\/09\/376280732_709784987856942_6337463176967432485_n-1024x683.jpg 1024w, https:\/\/andreasimonetti.com.br\/blog\/wp-content\/uploads\/2023\/09\/376280732_709784987856942_6337463176967432485_n-768x512.jpg 768w, https:\/\/andreasimonetti.com.br\/blog\/wp-content\/uploads\/2023\/09\/376280732_709784987856942_6337463176967432485_n-1536x1024.jpg 1536w, https:\/\/andreasimonetti.com.br\/blog\/wp-content\/uploads\/2023\/09\/376280732_709784987856942_6337463176967432485_n-1170x780.jpg 1170w, https:\/\/andreasimonetti.com.br\/blog\/wp-content\/uploads\/2023\/09\/376280732_709784987856942_6337463176967432485_n-585x390.jpg 585w, https:\/\/andreasimonetti.com.br\/blog\/wp-content\/uploads\/2023\/09\/376280732_709784987856942_6337463176967432485_n-263x175.jpg 263w\" sizes=\"auto, (max-width: 2048px) 100vw, 2048px\" \/><\/p>\n<div id=\"attachment_24180\" style=\"width: 2058px\" class=\"wp-caption aligncenter\"><img loading=\"lazy\" decoding=\"async\" aria-describedby=\"caption-attachment-24180\" class=\"wp-image-24180 size-full\" src=\"https:\/\/andreasimonetti.com.br\/blog\/wp-content\/uploads\/2023\/09\/376227540_709785221190252_5867388366546537287_n.jpg\" alt=\"INAUGURA\u00c7\u00c3O LUZ DA LUA EM BAURU \" width=\"2048\" height=\"1365\" srcset=\"https:\/\/andreasimonetti.com.br\/blog\/wp-content\/uploads\/2023\/09\/376227540_709785221190252_5867388366546537287_n.jpg 2048w, https:\/\/andreasimonetti.com.br\/blog\/wp-content\/uploads\/2023\/09\/376227540_709785221190252_5867388366546537287_n-300x200.jpg 300w, https:\/\/andreasimonetti.com.br\/blog\/wp-content\/uploads\/2023\/09\/376227540_709785221190252_5867388366546537287_n-1024x683.jpg 1024w, https:\/\/andreasimonetti.com.br\/blog\/wp-content\/uploads\/2023\/09\/376227540_709785221190252_5867388366546537287_n-768x512.jpg 768w, https:\/\/andreasimonetti.com.br\/blog\/wp-content\/uploads\/2023\/09\/376227540_709785221190252_5867388366546537287_n-1536x1024.jpg 1536w, https:\/\/andreasimonetti.com.br\/blog\/wp-content\/uploads\/2023\/09\/376227540_709785221190252_5867388366546537287_n-1170x780.jpg 1170w, https:\/\/andreasimonetti.com.br\/blog\/wp-content\/uploads\/2023\/09\/376227540_709785221190252_5867388366546537287_n-585x390.jpg 585w, https:\/\/andreasimonetti.com.br\/blog\/wp-content\/uploads\/2023\/09\/376227540_709785221190252_5867388366546537287_n-263x175.jpg 263w\" sizes=\"auto, (max-width: 2048px) 100vw, 2048px\" \/><p id=\"caption-attachment-24180\" class=\"wp-caption-text\">Sandra Mattos gerente da Luz da Lua<\/p><\/div>\n<p><img loading=\"lazy\" decoding=\"async\" class=\"alignnone wp-image-24183 size-full\" src=\"https:\/\/andreasimonetti.com.br\/blog\/wp-content\/uploads\/2023\/09\/379458892_6701366763276801_3756651082359976106_n.jpg\" alt=\"INAUGURA\u00c7\u00c3O LUZ DA LUA EM BAURU \" width=\"1366\" height=\"2048\" srcset=\"https:\/\/andreasimonetti.com.br\/blog\/wp-content\/uploads\/2023\/09\/379458892_6701366763276801_3756651082359976106_n.jpg 1366w, https:\/\/andreasimonetti.com.br\/blog\/wp-content\/uploads\/2023\/09\/379458892_6701366763276801_3756651082359976106_n-200x300.jpg 200w, https:\/\/andreasimonetti.com.br\/blog\/wp-content\/uploads\/2023\/09\/379458892_6701366763276801_3756651082359976106_n-683x1024.jpg 683w, https:\/\/andreasimonetti.com.br\/blog\/wp-content\/uploads\/2023\/09\/379458892_6701366763276801_3756651082359976106_n-768x1151.jpg 768w, https:\/\/andreasimonetti.com.br\/blog\/wp-content\/uploads\/2023\/09\/379458892_6701366763276801_3756651082359976106_n-1025x1536.jpg 1025w, https:\/\/andreasimonetti.com.br\/blog\/wp-content\/uploads\/2023\/09\/379458892_6701366763276801_3756651082359976106_n-1170x1754.jpg 1170w, https:\/\/andreasimonetti.com.br\/blog\/wp-content\/uploads\/2023\/09\/379458892_6701366763276801_3756651082359976106_n-585x877.jpg 585w\" sizes=\"auto, (max-width: 1366px) 100vw, 1366px\" \/><img loading=\"lazy\" decoding=\"async\" class=\"alignnone wp-image-24184 size-full\" src=\"https:\/\/andreasimonetti.com.br\/blog\/wp-content\/uploads\/2023\/09\/379475908_6701366856610125_5451062204166320881_n.jpg\" alt=\"INAUGURA\u00c7\u00c3O LUZ DA LUA EM BAURU \" width=\"1366\" height=\"2048\" srcset=\"https:\/\/andreasimonetti.com.br\/blog\/wp-content\/uploads\/2023\/09\/379475908_6701366856610125_5451062204166320881_n.jpg 1366w, https:\/\/andreasimonetti.com.br\/blog\/wp-content\/uploads\/2023\/09\/379475908_6701366856610125_5451062204166320881_n-200x300.jpg 200w, https:\/\/andreasimonetti.com.br\/blog\/wp-content\/uploads\/2023\/09\/379475908_6701366856610125_5451062204166320881_n-683x1024.jpg 683w, https:\/\/andreasimonetti.com.br\/blog\/wp-content\/uploads\/2023\/09\/379475908_6701366856610125_5451062204166320881_n-768x1151.jpg 768w, https:\/\/andreasimonetti.com.br\/blog\/wp-content\/uploads\/2023\/09\/379475908_6701366856610125_5451062204166320881_n-1025x1536.jpg 1025w, https:\/\/andreasimonetti.com.br\/blog\/wp-content\/uploads\/2023\/09\/379475908_6701366856610125_5451062204166320881_n-1170x1754.jpg 1170w, https:\/\/andreasimonetti.com.br\/blog\/wp-content\/uploads\/2023\/09\/379475908_6701366856610125_5451062204166320881_n-585x877.jpg 585w\" sizes=\"auto, (max-width: 1366px) 100vw, 1366px\" \/><img loading=\"lazy\" decoding=\"async\" class=\"alignnone wp-image-24185 size-full\" src=\"https:\/\/andreasimonetti.com.br\/blog\/wp-content\/uploads\/2023\/09\/379415554_6701366879943456_6682630106012796095_n.jpg\" alt=\"INAUGURA\u00c7\u00c3O LUZ DA LUA EM BAURU \" width=\"1366\" height=\"2048\" srcset=\"https:\/\/andreasimonetti.com.br\/blog\/wp-content\/uploads\/2023\/09\/379415554_6701366879943456_6682630106012796095_n.jpg 1366w, https:\/\/andreasimonetti.com.br\/blog\/wp-content\/uploads\/2023\/09\/379415554_6701366879943456_6682630106012796095_n-200x300.jpg 200w, https:\/\/andreasimonetti.com.br\/blog\/wp-content\/uploads\/2023\/09\/379415554_6701366879943456_6682630106012796095_n-683x1024.jpg 683w, https:\/\/andreasimonetti.com.br\/blog\/wp-content\/uploads\/2023\/09\/379415554_6701366879943456_6682630106012796095_n-768x1151.jpg 768w, https:\/\/andreasimonetti.com.br\/blog\/wp-content\/uploads\/2023\/09\/379415554_6701366879943456_6682630106012796095_n-1025x1536.jpg 1025w, https:\/\/andreasimonetti.com.br\/blog\/wp-content\/uploads\/2023\/09\/379415554_6701366879943456_6682630106012796095_n-1170x1754.jpg 1170w, https:\/\/andreasimonetti.com.br\/blog\/wp-content\/uploads\/2023\/09\/379415554_6701366879943456_6682630106012796095_n-585x877.jpg 585w\" sizes=\"auto, (max-width: 1366px) 100vw, 1366px\" \/><\/p>\n<p>&nbsp;<\/p>\n","protected":false},"excerpt":{"rendered":"<p>Uma das marcas mais desejadas de bolsas, cal\u00e7ados e acess\u00f3rios chegou \u00e0 Bauru. A Luz da Lua\u00a0 inaugurou sua loja com um coquetel muito especial no Bauru Shopping. O evento&hellip;<\/p>\n","protected":false},"author":7,"featured_media":24186,"comment_status":"open","ping_status":"open","sticky":false,"template":"","format":"standard","meta":{"_monsterinsights_skip_tracking":false,"_monsterinsights_sitenote_active":false,"_monsterinsights_sitenote_note":"","_monsterinsights_sitenote_category":0,"footnotes":""},"categories":[1508,3],"tags":[1258,3432,3433],"class_list":["post-24179","post","type-post","status-publish","format-standard","has-post-thumbnail","hentry","category-destaque","category-moda","tag-bauru-shopping","tag-inauguracao-luz-da-lua-em-bauru","tag-luz-da-lua"],"yoast_head":"<!-- This site is optimized with the Yoast SEO plugin v26.3 - https:\/\/yoast.com\/wordpress\/plugins\/seo\/ -->\n<title>Luz da Lua inaugura em Bauru - Andrea Simonetti<\/title>\n<meta name=\"description\" content=\"A Luz da Lua\u00a0 inaugurou sua loja com um coquetel muito especial no Bauru Shopping.O evento foi prestigiado por admiradoras da marca e amigos\" \/>\n<meta name=\"robots\" content=\"index, follow, max-snippet:-1, max-image-preview:large, max-video-preview:-1\" \/>\n<link rel=\"canonical\" href=\"https:\/\/andreasimonetti.com.br\/blog\/luz-da-lua-inaugura-em-bauru\/\" \/>\n<meta property=\"og:locale\" content=\"pt_BR\" \/>\n<meta property=\"og:type\" content=\"article\" \/>\n<meta property=\"og:title\" content=\"Luz da Lua inaugura em Bauru - Andrea Simonetti\" \/>\n<meta property=\"og:description\" content=\"A Luz da Lua\u00a0 inaugurou sua loja com um coquetel muito especial no Bauru Shopping.O evento foi prestigiado por admiradoras da marca e amigos\" \/>\n<meta property=\"og:url\" content=\"https:\/\/andreasimonetti.com.br\/blog\/luz-da-lua-inaugura-em-bauru\/\" \/>\n<meta property=\"og:site_name\" content=\"Andrea Simonetti\" \/>\n<meta property=\"article:publisher\" content=\"https:\/\/www.facebook.com\/blogdaandreasimonetti\/\" \/>\n<meta property=\"article:author\" content=\"https:\/\/www.facebook.com\/blogdaandreasimonetti\/\" \/>\n<meta property=\"article:published_time\" content=\"2023-09-16T00:38:22+00:00\" \/>\n<meta property=\"og:image\" content=\"https:\/\/andreasimonetti.com.br\/blog\/wp-content\/uploads\/2023\/09\/379441972_6701366786610132_7902415781756752569_n.jpg\" \/>\n\t<meta property=\"og:image:width\" content=\"2048\" \/>\n\t<meta property=\"og:image:height\" content=\"1366\" \/>\n\t<meta property=\"og:image:type\" content=\"image\/jpeg\" \/>\n<meta name=\"author\" content=\"Andrea Simonetti\" \/>\n<meta name=\"twitter:card\" content=\"summary_large_image\" \/>\n<meta name=\"twitter:creator\" content=\"@https:\/\/twitter.com\/Andrea_Simoneti\" \/>\n<meta name=\"twitter:site\" content=\"@Andrea_Simoneti\" \/>\n<meta name=\"twitter:label1\" content=\"Escrito por\" \/>\n\t<meta name=\"twitter:data1\" content=\"Andrea Simonetti\" \/>\n\t<meta name=\"twitter:label2\" content=\"Est. tempo de leitura\" \/>\n\t<meta name=\"twitter:data2\" content=\"1 minuto\" \/>\n<!-- \/ Yoast SEO plugin. -->","yoast_head_json":{"title":"Luz da Lua inaugura em Bauru - Andrea Simonetti","description":"A Luz da Lua\u00a0 inaugurou sua loja com um coquetel muito especial no Bauru Shopping.O evento foi prestigiado por admiradoras da marca e amigos","robots":{"index":"index","follow":"follow","max-snippet":"max-snippet:-1","max-image-preview":"max-image-preview:large","max-video-preview":"max-video-preview:-1"},"canonical":"https:\/\/andreasimonetti.com.br\/blog\/luz-da-lua-inaugura-em-bauru\/","og_locale":"pt_BR","og_type":"article","og_title":"Luz da Lua inaugura em Bauru - Andrea Simonetti","og_description":"A Luz da Lua\u00a0 inaugurou sua loja com um coquetel muito especial no Bauru Shopping.O evento foi prestigiado por admiradoras da marca e amigos","og_url":"https:\/\/andreasimonetti.com.br\/blog\/luz-da-lua-inaugura-em-bauru\/","og_site_name":"Andrea Simonetti","article_publisher":"https:\/\/www.facebook.com\/blogdaandreasimonetti\/","article_author":"https:\/\/www.facebook.com\/blogdaandreasimonetti\/","article_published_time":"2023-09-16T00:38:22+00:00","og_image":[{"width":2048,"height":1366,"url":"https:\/\/andreasimonetti.com.br\/blog\/wp-content\/uploads\/2023\/09\/379441972_6701366786610132_7902415781756752569_n.jpg","type":"image\/jpeg"}],"author":"Andrea Simonetti","twitter_card":"summary_large_image","twitter_creator":"@https:\/\/twitter.com\/Andrea_Simoneti","twitter_site":"@Andrea_Simoneti","twitter_misc":{"Escrito por":"Andrea Simonetti","Est. tempo de leitura":"1 minuto"},"schema":{"@context":"https:\/\/schema.org","@graph":[{"@type":"WebPage","@id":"https:\/\/andreasimonetti.com.br\/blog\/luz-da-lua-inaugura-em-bauru\/","url":"https:\/\/andreasimonetti.com.br\/blog\/luz-da-lua-inaugura-em-bauru\/","name":"Luz da Lua inaugura em Bauru - Andrea Simonetti","isPartOf":{"@id":"https:\/\/andreasimonetti.com.br\/blog\/#website"},"primaryImageOfPage":{"@id":"https:\/\/andreasimonetti.com.br\/blog\/luz-da-lua-inaugura-em-bauru\/#primaryimage"},"image":{"@id":"https:\/\/andreasimonetti.com.br\/blog\/luz-da-lua-inaugura-em-bauru\/#primaryimage"},"thumbnailUrl":"https:\/\/andreasimonetti.com.br\/blog\/wp-content\/uploads\/2023\/09\/379441972_6701366786610132_7902415781756752569_n.jpg","datePublished":"2023-09-16T00:38:22+00:00","author":{"@id":"https:\/\/andreasimonetti.com.br\/blog\/#\/schema\/person\/254f763c24ac288e27ea738a7366ad2a"},"description":"A Luz da Lua\u00a0 inaugurou sua loja com um coquetel muito especial no Bauru Shopping.O evento foi prestigiado por admiradoras da marca e amigos","breadcrumb":{"@id":"https:\/\/andreasimonetti.com.br\/blog\/luz-da-lua-inaugura-em-bauru\/#breadcrumb"},"inLanguage":"pt-BR","potentialAction":[{"@type":"ReadAction","target":["https:\/\/andreasimonetti.com.br\/blog\/luz-da-lua-inaugura-em-bauru\/"]}]},{"@type":"ImageObject","inLanguage":"pt-BR","@id":"https:\/\/andreasimonetti.com.br\/blog\/luz-da-lua-inaugura-em-bauru\/#primaryimage","url":"https:\/\/andreasimonetti.com.br\/blog\/wp-content\/uploads\/2023\/09\/379441972_6701366786610132_7902415781756752569_n.jpg","contentUrl":"https:\/\/andreasimonetti.com.br\/blog\/wp-content\/uploads\/2023\/09\/379441972_6701366786610132_7902415781756752569_n.jpg","width":2048,"height":1366,"caption":"Gustavo e Nat\u00e1lia Freitas"},{"@type":"BreadcrumbList","@id":"https:\/\/andreasimonetti.com.br\/blog\/luz-da-lua-inaugura-em-bauru\/#breadcrumb","itemListElement":[{"@type":"ListItem","position":1,"name":"In\u00edcio","item":"https:\/\/andreasimonetti.com.br\/blog\/"},{"@type":"ListItem","position":2,"name":"Luz da Lua inaugura em Bauru"}]},{"@type":"WebSite","@id":"https:\/\/andreasimonetti.com.br\/blog\/#website","url":"https:\/\/andreasimonetti.com.br\/blog\/","name":"Andrea Simonetti","description":"","potentialAction":[{"@type":"SearchAction","target":{"@type":"EntryPoint","urlTemplate":"https:\/\/andreasimonetti.com.br\/blog\/?s={search_term_string}"},"query-input":{"@type":"PropertyValueSpecification","valueRequired":true,"valueName":"search_term_string"}}],"inLanguage":"pt-BR"},{"@type":"Person","@id":"https:\/\/andreasimonetti.com.br\/blog\/#\/schema\/person\/254f763c24ac288e27ea738a7366ad2a","name":"Andrea Simonetti","image":{"@type":"ImageObject","inLanguage":"pt-BR","@id":"https:\/\/andreasimonetti.com.br\/blog\/#\/schema\/person\/image\/","url":"https:\/\/andreasimonetti.com.br\/blog\/wp-content\/uploads\/2018\/04\/andrea-simonetti-96x96.png","contentUrl":"https:\/\/andreasimonetti.com.br\/blog\/wp-content\/uploads\/2018\/04\/andrea-simonetti-96x96.png","caption":"Andrea Simonetti"},"description":"Sou formada em Administra\u00e7\u00e3o de Empresas, Produ\u00e7\u00e3o de Moda pelo SENAC e Consultoria de Estilo. Sou fascinada por moda desde sempre, adoro ver as pessoas produzidas e de bem com a vida. Moda \u00e9 o meu assunto preferido. Comecei meu blog em 2011, ele cresceu e hoje \u00e9 um site bem mais abrangente, onde eu falo sobre moda e meu trabalho de consultora de estilo. E falo tamb\u00e9m sobre a minha experi\u00eancia de vida. Mas antes de tudo, acredito num Deus Soberano que nos guia e aben\u00e7oa, o tempo todo!","sameAs":["https:\/\/www.andreasimonetti.com.br\/","https:\/\/www.facebook.com\/blogdaandreasimonetti\/","https:\/\/www.instagram.com\/andrea_simonetti\/","https:\/\/br.pinterest.com\/BlogAndrea\/","https:\/\/x.com\/https:\/\/twitter.com\/Andrea_Simoneti"],"url":"https:\/\/andreasimonetti.com.br\/blog\/author\/andrea\/"}]}},"_links":{"self":[{"href":"https:\/\/andreasimonetti.com.br\/blog\/wp-json\/wp\/v2\/posts\/24179","targetHints":{"allow":["GET"]}}],"collection":[{"href":"https:\/\/andreasimonetti.com.br\/blog\/wp-json\/wp\/v2\/posts"}],"about":[{"href":"https:\/\/andreasimonetti.com.br\/blog\/wp-json\/wp\/v2\/types\/post"}],"author":[{"embeddable":true,"href":"https:\/\/andreasimonetti.com.br\/blog\/wp-json\/wp\/v2\/users\/7"}],"replies":[{"embeddable":true,"href":"https:\/\/andreasimonetti.com.br\/blog\/wp-json\/wp\/v2\/comments?post=24179"}],"version-history":[{"count":2,"href":"https:\/\/andreasimonetti.com.br\/blog\/wp-json\/wp\/v2\/posts\/24179\/revisions"}],"predecessor-version":[{"id":24188,"href":"https:\/\/andreasimonetti.com.br\/blog\/wp-json\/wp\/v2\/posts\/24179\/revisions\/24188"}],"wp:featuredmedia":[{"embeddable":true,"href":"https:\/\/andreasimonetti.com.br\/blog\/wp-json\/wp\/v2\/media\/24186"}],"wp:attachment":[{"href":"https:\/\/andreasimonetti.com.br\/blog\/wp-json\/wp\/v2\/media?parent=24179"}],"wp:term":[{"taxonomy":"category","embeddable":true,"href":"https:\/\/andreasimonetti.com.br\/blog\/wp-json\/wp\/v2\/categories?post=24179"},{"taxonomy":"post_tag","embeddable":true,"href":"https:\/\/andreasimonetti.com.br\/blog\/wp-json\/wp\/v2\/tags?post=24179"}],"curies":[{"name":"wp","href":"https:\/\/api.w.org\/{rel}","templated":true}]}}