{"id":24121,"date":"2023-06-29T18:31:30","date_gmt":"2023-06-29T21:31:30","guid":{"rendered":"https:\/\/andreasimonetti.com.br\/blog\/?p=24121"},"modified":"2025-05-01T19:45:41","modified_gmt":"2025-05-01T22:45:41","slug":"calca-de-couro-3-propostas-de-como-usar","status":"publish","type":"post","link":"https:\/\/andreasimonetti.com.br\/blog\/calca-de-couro-3-propostas-de-como-usar\/","title":{"rendered":"Cal\u00e7a de couro: 3 propostas de como usar"},"content":{"rendered":"<p>Cal\u00e7a de couro: uma das estrelas desse inverno!<br \/>\nLooks casuais para o dia ou produ\u00e7\u00f5es mais elaboradas para a noite, tem em comum essa pe\u00e7a.<br \/>\nNesse look que fotografei 3 op\u00e7\u00f5es com a cal\u00e7a de couro da <a class=\"x1i10hfl xjbqb8w x6umtig x1b1mbwd xaqea5y xav7gou x9f619 x1ypdohk xt0psk2 xe8uvvx xdj266r x11i5rnm xat24cr x1mh8g0r xexx8yu x4uap5 x18d9i69 xkhd6sd x16tdsg8 x1hl2dhg xggy1nq x1a2a7pz xt0b8zv x1fey0fg\" tabindex=\"0\" role=\"link\" href=\"https:\/\/l.facebook.com\/l.php?u=https%3A%2F%2Fwww.instagram.com%2F_u%2Fcalvinkleinbrasil%3Ffbclid%3DIwAR1i0m0SM30RkhvOBPzjle-88PvYviya7-GrUrFBpSav4N1iOy3gBEoanHc&amp;h=AT0fgeLQk5eT4P3yA_BWPITmWKLkkoDDXCn2W3xTUBdzCsG6VQ1HAZg_WN7k9Tf-5Vud7p-GRRprv7nz0Fwj7_l1iVIxFvsj5rxgLMexchjamZnOJDem2S47nYnO2kW21KVhVVVwKUjaBK9oyE7i&amp;__tn__=-UK*F&amp;c[0]=AT1v48lkWtIcIWvZgFAiBG3Qdi9VTu3TQ06ddlaOIJ_QfhXKH1nLI62-dbA45rXh8ZYq-BGpvPXfQwYd5w6Ct0-m_sDYvgBuD-r0IDt1c8MAtUkfNCVxWKFNJ5V7iDinh9if_8HIbW4aUZsW-HIJ_xW_96DbFqFCRQdGPnZovZRfxTmHJJVkA-vObWFuEOphhLpfkgTpLCN0\" target=\"_blank\" rel=\"nofollow noopener noreferrer\">@calvinkleinbrasil<\/a>\u00a0.<br \/>\nUma dica de <span style=\"color: #ff6600;\"><a href=\"https:\/\/andreasimonetti.com.br\/blog\/1o-passo-na-consultoria-de-estilo\/\">consultoria de estilo<\/a><\/span> ao comprar uma cal\u00e7a de couro : prefira os modelos mais tradicionais, afinal, \u00e9 uma pe\u00e7a atemporal e que te acompanhar\u00e1 por muitas esta\u00e7\u00f5es.<\/p>\n<p><strong>Cr\u00e9ditos<\/strong>:<br \/>\nLook\u00a0<a class=\"x1i10hfl xjbqb8w x6umtig x1b1mbwd xaqea5y xav7gou x9f619 x1ypdohk xt0psk2 xe8uvvx xdj266r x11i5rnm xat24cr x1mh8g0r xexx8yu x4uap5 x18d9i69 xkhd6sd x16tdsg8 x1hl2dhg xggy1nq x1a2a7pz xt0b8zv x1fey0fg\" tabindex=\"0\" role=\"link\" href=\"https:\/\/www.instagram.com\/_u\/lojapedagio?fbclid=IwAR2IwCTx2NnIDD9iNlr4qQKuuzuWP9NQqqPn5zdWmWi7o5ZsaQSNzmwl49M\" target=\"_blank\" rel=\"nofollow noopener noreferrer\">@lojapedagio<\/a>\u00a0<\/p>\n","protected":false},"excerpt":{"rendered":"<p>Cal\u00e7a de couro: uma das estrelas desse inverno! Looks casuais para o dia ou produ\u00e7\u00f5es mais elaboradas para a noite, tem em comum essa pe\u00e7a. Nesse look que fotografei 3&hellip;<\/p>\n","protected":false},"author":7,"featured_media":24122,"comment_status":"open","ping_status":"open","sticky":false,"template":"","format":"standard","meta":{"_monsterinsights_skip_tracking":false,"_monsterinsights_sitenote_active":false,"_monsterinsights_sitenote_note":"","_monsterinsights_sitenote_category":0,"footnotes":""},"categories":[3057,3],"tags":[3420],"class_list":["post-24121","post","type-post","status-publish","format-standard","has-post-thumbnail","hentry","category-consultoria-de-estilo","category-moda","tag-calca-de-couro-3-propostas-de-como-usar"],"yoast_head":"<!-- This site is optimized with the Yoast SEO plugin v26.3 - https:\/\/yoast.com\/wordpress\/plugins\/seo\/ -->\n<title>Cal\u00e7a de couro: 3 propostas de como usar - Andrea Simonetti<\/title>\n<meta name=\"description\" content=\"Cal\u00e7a de couro: uma das estrelas desse inverno!Looks casuais para o dia ou produ\u00e7\u00f5es mais elaboradas para a noite, tem em comum essa pe\u00e7a.\" \/>\n<meta name=\"robots\" content=\"index, follow, max-snippet:-1, max-image-preview:large, max-video-preview:-1\" \/>\n<link rel=\"canonical\" href=\"https:\/\/andreasimonetti.com.br\/blog\/calca-de-couro-3-propostas-de-como-usar\/\" \/>\n<meta property=\"og:locale\" content=\"pt_BR\" \/>\n<meta property=\"og:type\" content=\"article\" \/>\n<meta property=\"og:title\" content=\"Cal\u00e7a de couro: 3 propostas de como usar - Andrea Simonetti\" \/>\n<meta property=\"og:description\" content=\"Cal\u00e7a de couro: uma das estrelas desse inverno!Looks casuais para o dia ou produ\u00e7\u00f5es mais elaboradas para a noite, tem em comum essa pe\u00e7a.\" \/>\n<meta property=\"og:url\" content=\"https:\/\/andreasimonetti.com.br\/blog\/calca-de-couro-3-propostas-de-como-usar\/\" \/>\n<meta property=\"og:site_name\" content=\"Andrea Simonetti\" \/>\n<meta property=\"article:publisher\" content=\"https:\/\/www.facebook.com\/blogdaandreasimonetti\/\" \/>\n<meta property=\"article:author\" content=\"https:\/\/www.facebook.com\/blogdaandreasimonetti\/\" \/>\n<meta property=\"article:published_time\" content=\"2023-06-29T21:31:30+00:00\" \/>\n<meta property=\"article:modified_time\" content=\"2025-05-01T22:45:41+00:00\" \/>\n<meta property=\"og:image\" content=\"https:\/\/andreasimonetti.com.br\/blog\/wp-content\/uploads\/2023\/06\/355885381_999052948126010_879158275521477759_n.jpg\" \/>\n\t<meta property=\"og:image:width\" content=\"1440\" \/>\n\t<meta property=\"og:image:height\" content=\"1440\" \/>\n\t<meta property=\"og:image:type\" content=\"image\/jpeg\" \/>\n<meta name=\"author\" content=\"Andrea Simonetti\" \/>\n<meta name=\"twitter:card\" content=\"summary_large_image\" \/>\n<meta name=\"twitter:creator\" content=\"@https:\/\/twitter.com\/Andrea_Simoneti\" \/>\n<meta name=\"twitter:site\" content=\"@Andrea_Simoneti\" \/>\n<meta name=\"twitter:label1\" content=\"Escrito por\" \/>\n\t<meta name=\"twitter:data1\" content=\"Andrea Simonetti\" \/>\n\t<meta name=\"twitter:label2\" content=\"Est. tempo de leitura\" \/>\n\t<meta name=\"twitter:data2\" content=\"1 minuto\" \/>\n<!-- \/ Yoast SEO plugin. -->","yoast_head_json":{"title":"Cal\u00e7a de couro: 3 propostas de como usar - Andrea Simonetti","description":"Cal\u00e7a de couro: uma das estrelas desse inverno!Looks casuais para o dia ou produ\u00e7\u00f5es mais elaboradas para a noite, tem em comum essa pe\u00e7a.","robots":{"index":"index","follow":"follow","max-snippet":"max-snippet:-1","max-image-preview":"max-image-preview:large","max-video-preview":"max-video-preview:-1"},"canonical":"https:\/\/andreasimonetti.com.br\/blog\/calca-de-couro-3-propostas-de-como-usar\/","og_locale":"pt_BR","og_type":"article","og_title":"Cal\u00e7a de couro: 3 propostas de como usar - Andrea Simonetti","og_description":"Cal\u00e7a de couro: uma das estrelas desse inverno!Looks casuais para o dia ou produ\u00e7\u00f5es mais elaboradas para a noite, tem em comum essa pe\u00e7a.","og_url":"https:\/\/andreasimonetti.com.br\/blog\/calca-de-couro-3-propostas-de-como-usar\/","og_site_name":"Andrea Simonetti","article_publisher":"https:\/\/www.facebook.com\/blogdaandreasimonetti\/","article_author":"https:\/\/www.facebook.com\/blogdaandreasimonetti\/","article_published_time":"2023-06-29T21:31:30+00:00","article_modified_time":"2025-05-01T22:45:41+00:00","og_image":[{"width":1440,"height":1440,"url":"https:\/\/andreasimonetti.com.br\/blog\/wp-content\/uploads\/2023\/06\/355885381_999052948126010_879158275521477759_n.jpg","type":"image\/jpeg"}],"author":"Andrea Simonetti","twitter_card":"summary_large_image","twitter_creator":"@https:\/\/twitter.com\/Andrea_Simoneti","twitter_site":"@Andrea_Simoneti","twitter_misc":{"Escrito por":"Andrea Simonetti","Est. tempo de leitura":"1 minuto"},"schema":{"@context":"https:\/\/schema.org","@graph":[{"@type":"WebPage","@id":"https:\/\/andreasimonetti.com.br\/blog\/calca-de-couro-3-propostas-de-como-usar\/","url":"https:\/\/andreasimonetti.com.br\/blog\/calca-de-couro-3-propostas-de-como-usar\/","name":"Cal\u00e7a de couro: 3 propostas de como usar - Andrea Simonetti","isPartOf":{"@id":"https:\/\/andreasimonetti.com.br\/blog\/#website"},"primaryImageOfPage":{"@id":"https:\/\/andreasimonetti.com.br\/blog\/calca-de-couro-3-propostas-de-como-usar\/#primaryimage"},"image":{"@id":"https:\/\/andreasimonetti.com.br\/blog\/calca-de-couro-3-propostas-de-como-usar\/#primaryimage"},"thumbnailUrl":"https:\/\/andreasimonetti.com.br\/blog\/wp-content\/uploads\/2023\/06\/355885381_999052948126010_879158275521477759_n.jpg","datePublished":"2023-06-29T21:31:30+00:00","dateModified":"2025-05-01T22:45:41+00:00","author":{"@id":"https:\/\/andreasimonetti.com.br\/blog\/#\/schema\/person\/254f763c24ac288e27ea738a7366ad2a"},"description":"Cal\u00e7a de couro: uma das estrelas desse inverno!Looks casuais para o dia ou produ\u00e7\u00f5es mais elaboradas para a noite, tem em comum essa pe\u00e7a.","breadcrumb":{"@id":"https:\/\/andreasimonetti.com.br\/blog\/calca-de-couro-3-propostas-de-como-usar\/#breadcrumb"},"inLanguage":"pt-BR","potentialAction":[{"@type":"ReadAction","target":["https:\/\/andreasimonetti.com.br\/blog\/calca-de-couro-3-propostas-de-como-usar\/"]}]},{"@type":"ImageObject","inLanguage":"pt-BR","@id":"https:\/\/andreasimonetti.com.br\/blog\/calca-de-couro-3-propostas-de-como-usar\/#primaryimage","url":"https:\/\/andreasimonetti.com.br\/blog\/wp-content\/uploads\/2023\/06\/355885381_999052948126010_879158275521477759_n.jpg","contentUrl":"https:\/\/andreasimonetti.com.br\/blog\/wp-content\/uploads\/2023\/06\/355885381_999052948126010_879158275521477759_n.jpg","width":1440,"height":1440,"caption":"Cal\u00e7a de couro: 3 propostas de como usar"},{"@type":"BreadcrumbList","@id":"https:\/\/andreasimonetti.com.br\/blog\/calca-de-couro-3-propostas-de-como-usar\/#breadcrumb","itemListElement":[{"@type":"ListItem","position":1,"name":"In\u00edcio","item":"https:\/\/andreasimonetti.com.br\/blog\/"},{"@type":"ListItem","position":2,"name":"Cal\u00e7a de couro: 3 propostas de como usar"}]},{"@type":"WebSite","@id":"https:\/\/andreasimonetti.com.br\/blog\/#website","url":"https:\/\/andreasimonetti.com.br\/blog\/","name":"Andrea Simonetti","description":"","potentialAction":[{"@type":"SearchAction","target":{"@type":"EntryPoint","urlTemplate":"https:\/\/andreasimonetti.com.br\/blog\/?s={search_term_string}"},"query-input":{"@type":"PropertyValueSpecification","valueRequired":true,"valueName":"search_term_string"}}],"inLanguage":"pt-BR"},{"@type":"Person","@id":"https:\/\/andreasimonetti.com.br\/blog\/#\/schema\/person\/254f763c24ac288e27ea738a7366ad2a","name":"Andrea Simonetti","image":{"@type":"ImageObject","inLanguage":"pt-BR","@id":"https:\/\/andreasimonetti.com.br\/blog\/#\/schema\/person\/image\/","url":"https:\/\/andreasimonetti.com.br\/blog\/wp-content\/uploads\/2018\/04\/andrea-simonetti-96x96.png","contentUrl":"https:\/\/andreasimonetti.com.br\/blog\/wp-content\/uploads\/2018\/04\/andrea-simonetti-96x96.png","caption":"Andrea Simonetti"},"description":"Sou formada em Administra\u00e7\u00e3o de Empresas, Produ\u00e7\u00e3o de Moda pelo SENAC e Consultoria de Estilo. Sou fascinada por moda desde sempre, adoro ver as pessoas produzidas e de bem com a vida. Moda \u00e9 o meu assunto preferido. Comecei meu blog em 2011, ele cresceu e hoje \u00e9 um site bem mais abrangente, onde eu falo sobre moda e meu trabalho de consultora de estilo. E falo tamb\u00e9m sobre a minha experi\u00eancia de vida. Mas antes de tudo, acredito num Deus Soberano que nos guia e aben\u00e7oa, o tempo todo!","sameAs":["https:\/\/www.andreasimonetti.com.br\/","https:\/\/www.facebook.com\/blogdaandreasimonetti\/","https:\/\/www.instagram.com\/andrea_simonetti\/","https:\/\/br.pinterest.com\/BlogAndrea\/","https:\/\/x.com\/https:\/\/twitter.com\/Andrea_Simoneti"],"url":"https:\/\/andreasimonetti.com.br\/blog\/author\/andrea\/"}]}},"_links":{"self":[{"href":"https:\/\/andreasimonetti.com.br\/blog\/wp-json\/wp\/v2\/posts\/24121","targetHints":{"allow":["GET"]}}],"collection":[{"href":"https:\/\/andreasimonetti.com.br\/blog\/wp-json\/wp\/v2\/posts"}],"about":[{"href":"https:\/\/andreasimonetti.com.br\/blog\/wp-json\/wp\/v2\/types\/post"}],"author":[{"embeddable":true,"href":"https:\/\/andreasimonetti.com.br\/blog\/wp-json\/wp\/v2\/users\/7"}],"replies":[{"embeddable":true,"href":"https:\/\/andreasimonetti.com.br\/blog\/wp-json\/wp\/v2\/comments?post=24121"}],"version-history":[{"count":2,"href":"https:\/\/andreasimonetti.com.br\/blog\/wp-json\/wp\/v2\/posts\/24121\/revisions"}],"predecessor-version":[{"id":24124,"href":"https:\/\/andreasimonetti.com.br\/blog\/wp-json\/wp\/v2\/posts\/24121\/revisions\/24124"}],"wp:featuredmedia":[{"embeddable":true,"href":"https:\/\/andreasimonetti.com.br\/blog\/wp-json\/wp\/v2\/media\/24122"}],"wp:attachment":[{"href":"https:\/\/andreasimonetti.com.br\/blog\/wp-json\/wp\/v2\/media?parent=24121"}],"wp:term":[{"taxonomy":"category","embeddable":true,"href":"https:\/\/andreasimonetti.com.br\/blog\/wp-json\/wp\/v2\/categories?post=24121"},{"taxonomy":"post_tag","embeddable":true,"href":"https:\/\/andreasimonetti.com.br\/blog\/wp-json\/wp\/v2\/tags?post=24121"}],"curies":[{"name":"wp","href":"https:\/\/api.w.org\/{rel}","templated":true}]}}