{"id":24109,"date":"2023-06-16T15:34:11","date_gmt":"2023-06-16T18:34:11","guid":{"rendered":"https:\/\/andreasimonetti.com.br\/blog\/?p=24109"},"modified":"2023-06-16T15:34:11","modified_gmt":"2023-06-16T18:34:11","slug":"7-produtos-de-beleza-que-uso-diariamente","status":"publish","type":"post","link":"https:\/\/andreasimonetti.com.br\/blog\/7-produtos-de-beleza-que-uso-diariamente\/","title":{"rendered":"7 produtos de beleza que uso diariamente"},"content":{"rendered":"<div class=\"xyamay9 x1pi30zi xsag5q8 x1swvt13\">\n<div>\n<div class=\"xyinxu5 x4uap5 x1g2khh7 xkhd6sd\" style=\"text-align: justify;\">\n<p><span class=\"x193iq5w xeuugli x13faqbe x1vvkbs x1xmvt09 x1lliihq x1s928wv xhkezso x1gmr53x x1cpjm7i x1fgarty x1943h6x xudqn12 x3x7a5m x6prxxf xvq8zen xo1l8bm xzsf02u\" dir=\"auto\">Manter uma rotina de hidrata\u00e7\u00e3o da pele \u00e9 essencial para proteger do ressecamento e das agress\u00f5es como a polui\u00e7\u00e3o e o clima.<\/span><\/p>\n<p>Na minha rotina di\u00e1ria utilizo muitos produtos manipulados pela\u00a0<a class=\"x1i10hfl xjbqb8w x6umtig x1b1mbwd xaqea5y xav7gou x9f619 x1ypdohk xt0psk2 xe8uvvx xdj266r x11i5rnm xat24cr x1mh8g0r xexx8yu x4uap5 x18d9i69 xkhd6sd x16tdsg8 x1hl2dhg xggy1nq x1a2a7pz xt0b8zv xzsf02u x1s688f\" tabindex=\"0\" role=\"link\" href=\"https:\/\/www.facebook.com\/BFormulas?__tn__=-]K*F\"><span class=\"xt0psk2\">Bauru F\u00f3rmulas<\/span><\/a>, uma marca que \u00e9 sin\u00f4nimo de efic\u00e1cia, seguran\u00e7a e qualidade;<\/p>\n<p>Fotografei meu arsenal de beleza e autocuidados para voc\u00ea se inspirar e tamb\u00e9m utilizar.<\/p>\n<p><span class=\"x3nfvp2 x1j61x8r x1fcty0u xdj266r xhhsvwb xat24cr xgzva0m xxymvpz xlup9mm x1kky2od\"><img loading=\"lazy\" decoding=\"async\" src=\"https:\/\/static.xx.fbcdn.net\/images\/emoji.php\/v9\/t33\/1\/16\/2705.png\" alt=\"?\" width=\"16\" height=\"16\" \/><\/span>Creme para as m\u00e3os &#8211; tem atividade cicatrizante e hidratante, formando uma luva com filtro solar que protege contra as manchas causadas pelo sol.<\/p>\n<p><span class=\"x3nfvp2 x1j61x8r x1fcty0u xdj266r xhhsvwb xat24cr xgzva0m xxymvpz xlup9mm x1kky2od\"><img loading=\"lazy\" decoding=\"async\" src=\"https:\/\/static.xx.fbcdn.net\/images\/emoji.php\/v9\/t33\/1\/16\/2705.png\" alt=\"?\" width=\"16\" height=\"16\" \/><\/span>Hidratante de corpo- possui poder de nutri\u00e7\u00e3o e hidrata\u00e7\u00e3o profunda, e ajuda a combater a flacidez,<\/p>\n<p><span class=\"x3nfvp2 x1j61x8r x1fcty0u xdj266r xhhsvwb xat24cr xgzva0m xxymvpz xlup9mm x1kky2od\"><img loading=\"lazy\" decoding=\"async\" src=\"https:\/\/static.xx.fbcdn.net\/images\/emoji.php\/v9\/t33\/1\/16\/2705.png\" alt=\"?\" width=\"16\" height=\"16\" \/><\/span>S\u00e9rum Facial &#8211; com fito-retinol para hidrata\u00e7\u00e3o profunda, estimula a produ\u00e7\u00e3o de col\u00e1geno, reduz sinais e linhas de express\u00e3o, recupera a firmeza e o vi\u00e7o da pele. Sua f\u00f3rmula vegana possu\u00ed \u00e1cido hialur\u00f4nico e bakuchiol, em ingrediente antienvelhecimento.<\/p>\n<p><span class=\"x3nfvp2 x1j61x8r x1fcty0u xdj266r xhhsvwb xat24cr xgzva0m xxymvpz xlup9mm x1kky2od\"><img loading=\"lazy\" decoding=\"async\" src=\"https:\/\/static.xx.fbcdn.net\/images\/emoji.php\/v9\/t33\/1\/16\/2705.png\" alt=\"?\" width=\"16\" height=\"16\" \/><\/span><a href=\"https:\/\/andreasimonetti.com.br\/blog\/dica-de-sabonete-vegano-facial\/\">Sabonete vegano facial<\/a> -com espuma vegana, camomila e ativos que limpam suavemente o rosto, sem agredir a barreira protetora natural da pele.<\/p>\n<p><span class=\"x3nfvp2 x1j61x8r x1fcty0u xdj266r xhhsvwb xat24cr xgzva0m xxymvpz xlup9mm x1kky2od\"><img loading=\"lazy\" decoding=\"async\" src=\"https:\/\/static.xx.fbcdn.net\/images\/emoji.php\/v9\/t33\/1\/16\/2705.png\" alt=\"?\" width=\"16\" height=\"16\" \/><\/span>Gloss labial &#8211; possui antioxidantes na composi\u00e7\u00e3o e ativos que sintetizam col\u00e1geno e elastina. Aplicado nos l\u00e1bios, o gloss amplia os seus efeitos para todo o contorno, evitando e combatendo as ruguinhas nessa \u00e1rea.<\/p>\n<p><span class=\"x3nfvp2 x1j61x8r x1fcty0u xdj266r xhhsvwb xat24cr xgzva0m xxymvpz xlup9mm x1kky2od\"><img loading=\"lazy\" decoding=\"async\" src=\"https:\/\/static.xx.fbcdn.net\/images\/emoji.php\/v9\/t33\/1\/16\/2705.png\" alt=\"?\" width=\"16\" height=\"16\" \/><\/span>Creme para os p\u00e9s &#8211; hidratante, umectante e regulador do pH da pele,<\/p>\n<p><span class=\"x3nfvp2 x1j61x8r x1fcty0u xdj266r xhhsvwb xat24cr xgzva0m xxymvpz xlup9mm x1kky2od\"><img loading=\"lazy\" decoding=\"async\" src=\"https:\/\/static.xx.fbcdn.net\/images\/emoji.php\/v9\/t33\/1\/16\/2705.png\" alt=\"?\" width=\"16\" height=\"16\" \/><\/span>Hidratante pesco\u00e7o e colo : O Essenskin oferece \u00e0 pele uma fonte complementar de c\u00e1lcio e amino\u00e1cidos essenciais, trazendo benef\u00edcios como firmeza e elasticidade da pele.<\/p>\n<p>D\u00e1 um print na tela e manda para a\u00a0<a class=\"x1i10hfl xjbqb8w x6umtig x1b1mbwd xaqea5y xav7gou x9f619 x1ypdohk xt0psk2 xe8uvvx xdj266r x11i5rnm xat24cr x1mh8g0r xexx8yu x4uap5 x18d9i69 xkhd6sd x16tdsg8 x1hl2dhg xggy1nq x1a2a7pz xt0b8zv xzsf02u x1s688f\" tabindex=\"0\" role=\"link\" href=\"https:\/\/www.facebook.com\/BFormulas?__tn__=-]K*F\"><span class=\"xt0psk2\">Bauru F\u00f3rmulas<\/span><\/a>\u00a0manipular esses produtos; sua pele ganhar\u00e1 prote\u00e7\u00e3o, sa\u00fade e beleza.<\/p>\n<p>&nbsp;<\/p>\n<\/div>\n<\/div>\n<\/div>\n<div class=\"x1jx94hy\" style=\"text-align: justify;\">\n<div class=\"x78zum5 x13a6bvl xdj266r xktsk01 xat24cr x1d52u69\">\u00a0<\/div>\n<div class=\"x78zum5 x13a6bvl xdj266r xktsk01 xat24cr x1d52u69\">\u00a0<\/div>\n<\/div>\n<div class=\"x1jx94hy x1ey2m1c xds687c x7wzq59 x17qophe\">\n<div class=\"x1y1aw1k x1pi30zi xwib8y2 x1swvt13\">\n<div class=\"x78zum5 x1q0g3np x1a2a7pz\">\n<div class=\"xqcrz7y x14yjl9h xudhj91 x18nykt9 xww2gxu x1lliihq x1w0mnb xr9ek0c x1n2onr6\">\n<div class=\"x1i10hfl x1qjc9v5 xjbqb8w xjqpnuy xa49m3k xqeqjp1 x2hbi6w x13fuv20 xu3j5b3 x1q0q8m5 x26u7qi x972fbf xcfux6l x1qhh985 xm0m39n x9f619 x1ypdohk xdl72j9 x2lah0s xe8uvvx xdj266r x11i5rnm xat24cr x1mh8g0r x2lwn1j xeuugli xexx8yu x4uap5 x18d9i69 xkhd6sd x1n2onr6 x16tdsg8 x1hl2dhg xggy1nq x1ja2u2z x1t137rt x1o1ewxj x3x9cwd x1e5q0jg x13rtm0m x3nfvp2 x1q0g3np x87ps6o x1lku1pv x1a2a7pz\" tabindex=\"-1\" role=\"button\" aria-hidden=\"true\">\n<div class=\"x1i10hfl x1qjc9v5 xjbqb8w xjqpnuy xa49m3k xqeqjp1 x2hbi6w x13fuv20 xu3j5b3 x1q0q8m5 x26u7qi x972fbf xcfux6l x1qhh985 xm0m39n x9f619 x1ypdohk xdl72j9 x2lah0s xe8uvvx xdj266r x11i5rnm xat24cr x1mh8g0r x2lwn1j xeuugli xexx8yu x4uap5 x18d9i69 xkhd6sd x1n2onr6 x16tdsg8 x1hl2dhg xggy1nq x1ja2u2z x1t137rt x1o1ewxj x3x9cwd x1e5q0jg x13rtm0m x3nfvp2 x1q0g3np x87ps6o x1lku1pv x1a2a7pz\" tabindex=\"0\" role=\"button\" aria-label=\"Available Voices\">\n<div class=\"x4k7w5x x1h91t0o x1o1ewxj x3x9cwd x1e5q0jg x13rtm0m x1jfb8zj x1beo9mf x3igimt xarpa2k x1n2onr6 x1qrby5j\">\n<div class=\"x1rg5ohu x1n2onr6 x3ajldb x1ja2u2z\" style=\"text-align: justify;\">\n<div class=\"x14yjl9h xudhj91 x18nykt9 xww2gxu x10l6tqk xhtitgo\" data-visualcompletion=\"ignore\">\n<div class=\"x14yjl9h xudhj91 x18nykt9 xww2gxu x1rg5ohu x1iorvi4 x150jy0e xjkvuk6 x1e558r4 x3ajldb\">\n<div class=\"x14yjl9h xudhj91 x18nykt9 xww2gxu x78zum5 x6ikm8r x10wlt62 x1n2onr6\">\u00a0<\/div>\n<\/div>\n<\/div>\n<\/div>\n<div class=\"x1ey2m1c xds687c xg01cxk x47corl x10l6tqk x17qophe x13vifvy x1ebt8du x19991ni x1dhq9h x14yjl9h xudhj91 x18nykt9 xww2gxu\" style=\"text-align: justify;\" data-visualcompletion=\"ignore\">\u00a0<\/div>\n<\/div>\n<div class=\"x1o1ewxj x3x9cwd x1e5q0jg x13rtm0m x1ey2m1c xds687c xg01cxk x47corl x10l6tqk x17qophe x13vifvy x1ebt8du x19991ni x1dhq9h\" data-visualcompletion=\"ignore\">\u00a0<\/div>\n<\/div>\n<div class=\"x1ey2m1c xds687c xg01cxk x47corl x10l6tqk x17qophe x13vifvy x1ebt8du x19991ni x1dhq9h x14yjl9h xudhj91 x18nykt9 xww2gxu\" data-visualcompletion=\"ignore\">\u00a0<\/div>\n<\/div>\n<\/div>\n<div class=\"x1r8uery x1iyjqo2 x6ikm8r x10wlt62 x4uap5\">\n<div class=\"\">\n<form class=\"x1ed109x x1n2onr6 xmjcpbm x1tlxs6b x1g8br2z x1gn5b1j x230xth x972fbf xcfux6l x1qhh985 xm0m39n x78zum5 x1iyjqo2 x13a6bvl\" role=\"presentation\">\n<div class=\"xh8yej3\">\n<div class=\"x78zum5 x13a6bvl\">\n<div class=\"xi81zsa xo1l8bm xlyipyv xuxw1ft x49crj4 x1ed109x xdl72j9 x1iyjqo2 xs83m0k x6prxxf x6ikm8r x10wlt62 x1y1aw1k xn6708d xwib8y2 x1ye3gou\" data-visualcompletion=\"ignore\">\n<div class=\"x1n2onr6\">\n<div class=\"xzsf02u x1a2a7pz x1n2onr6 x14wi4xw notranslate\" tabindex=\"0\" role=\"textbox\" contenteditable=\"true\" spellcheck=\"true\" aria-label=\"Escreva um coment\u00e1rio\" data-lexical-editor=\"true\">\u00a0<\/div>\n<\/div>\n<\/div>\n<\/div>\n<\/div>\n<\/form>\n<\/div>\n<\/div>\n<\/div>\n<\/div>\n<\/div>\n","protected":false},"excerpt":{"rendered":"<p>Manter uma rotina de hidrata\u00e7\u00e3o da pele \u00e9 essencial para proteger do ressecamento e das agress\u00f5es como a polui\u00e7\u00e3o e o clima. Na minha rotina di\u00e1ria utilizo muitos produtos manipulados&hellip;<\/p>\n","protected":false},"author":7,"featured_media":24112,"comment_status":"open","ping_status":"open","sticky":false,"template":"","format":"standard","meta":{"_monsterinsights_skip_tracking":false,"_monsterinsights_sitenote_active":false,"_monsterinsights_sitenote_note":"","_monsterinsights_sitenote_category":0,"footnotes":""},"categories":[6,1508],"tags":[3417,3113],"class_list":["post-24109","post","type-post","status-publish","format-standard","has-post-thumbnail","hentry","category-beleza","category-destaque","tag-7-produtos-de-beleza-que-uso-diariamente","tag-bauru-formulas"],"yoast_head":"<!-- This site is optimized with the Yoast SEO plugin v26.3 - https:\/\/yoast.com\/wordpress\/plugins\/seo\/ -->\n<title>7 produtos de beleza que uso diariamente - Andrea Simonetti<\/title>\n<meta name=\"description\" content=\"Manter uma rotina de hidrata\u00e7\u00e3o da pele \u00e9 essencial para proteger do ressecamento e das agress\u00f5es como a polui\u00e7\u00e3o e o clima.Na minha rotina di\u00e1ria utilizo\" \/>\n<meta name=\"robots\" content=\"index, follow, max-snippet:-1, max-image-preview:large, max-video-preview:-1\" \/>\n<link rel=\"canonical\" href=\"https:\/\/andreasimonetti.com.br\/blog\/7-produtos-de-beleza-que-uso-diariamente\/\" \/>\n<meta property=\"og:locale\" content=\"pt_BR\" \/>\n<meta property=\"og:type\" content=\"article\" \/>\n<meta property=\"og:title\" content=\"7 produtos de beleza que uso diariamente - Andrea Simonetti\" \/>\n<meta property=\"og:description\" content=\"Manter uma rotina de hidrata\u00e7\u00e3o da pele \u00e9 essencial para proteger do ressecamento e das agress\u00f5es como a polui\u00e7\u00e3o e o clima.Na minha rotina di\u00e1ria utilizo\" \/>\n<meta property=\"og:url\" content=\"https:\/\/andreasimonetti.com.br\/blog\/7-produtos-de-beleza-que-uso-diariamente\/\" \/>\n<meta property=\"og:site_name\" content=\"Andrea Simonetti\" \/>\n<meta property=\"article:publisher\" content=\"https:\/\/www.facebook.com\/blogdaandreasimonetti\/\" \/>\n<meta property=\"article:author\" content=\"https:\/\/www.facebook.com\/blogdaandreasimonetti\/\" \/>\n<meta property=\"article:published_time\" content=\"2023-06-16T18:34:11+00:00\" \/>\n<meta property=\"og:image\" content=\"https:\/\/andreasimonetti.com.br\/blog\/wp-content\/uploads\/2023\/06\/352427294_196729076658116_7557367342754386317_n.jpg\" \/>\n\t<meta property=\"og:image:width\" content=\"1506\" \/>\n\t<meta property=\"og:image:height\" content=\"2048\" \/>\n\t<meta property=\"og:image:type\" content=\"image\/jpeg\" \/>\n<meta name=\"author\" content=\"Andrea Simonetti\" \/>\n<meta name=\"twitter:card\" content=\"summary_large_image\" \/>\n<meta name=\"twitter:creator\" content=\"@https:\/\/twitter.com\/Andrea_Simoneti\" \/>\n<meta name=\"twitter:site\" content=\"@Andrea_Simoneti\" \/>\n<meta name=\"twitter:label1\" content=\"Escrito por\" \/>\n\t<meta name=\"twitter:data1\" content=\"Andrea Simonetti\" \/>\n\t<meta name=\"twitter:label2\" content=\"Est. tempo de leitura\" \/>\n\t<meta name=\"twitter:data2\" content=\"1 minuto\" \/>\n<!-- \/ Yoast SEO plugin. -->","yoast_head_json":{"title":"7 produtos de beleza que uso diariamente - Andrea Simonetti","description":"Manter uma rotina de hidrata\u00e7\u00e3o da pele \u00e9 essencial para proteger do ressecamento e das agress\u00f5es como a polui\u00e7\u00e3o e o clima.Na minha rotina di\u00e1ria utilizo","robots":{"index":"index","follow":"follow","max-snippet":"max-snippet:-1","max-image-preview":"max-image-preview:large","max-video-preview":"max-video-preview:-1"},"canonical":"https:\/\/andreasimonetti.com.br\/blog\/7-produtos-de-beleza-que-uso-diariamente\/","og_locale":"pt_BR","og_type":"article","og_title":"7 produtos de beleza que uso diariamente - Andrea Simonetti","og_description":"Manter uma rotina de hidrata\u00e7\u00e3o da pele \u00e9 essencial para proteger do ressecamento e das agress\u00f5es como a polui\u00e7\u00e3o e o clima.Na minha rotina di\u00e1ria utilizo","og_url":"https:\/\/andreasimonetti.com.br\/blog\/7-produtos-de-beleza-que-uso-diariamente\/","og_site_name":"Andrea Simonetti","article_publisher":"https:\/\/www.facebook.com\/blogdaandreasimonetti\/","article_author":"https:\/\/www.facebook.com\/blogdaandreasimonetti\/","article_published_time":"2023-06-16T18:34:11+00:00","og_image":[{"width":1506,"height":2048,"url":"https:\/\/andreasimonetti.com.br\/blog\/wp-content\/uploads\/2023\/06\/352427294_196729076658116_7557367342754386317_n.jpg","type":"image\/jpeg"}],"author":"Andrea Simonetti","twitter_card":"summary_large_image","twitter_creator":"@https:\/\/twitter.com\/Andrea_Simoneti","twitter_site":"@Andrea_Simoneti","twitter_misc":{"Escrito por":"Andrea Simonetti","Est. tempo de leitura":"1 minuto"},"schema":{"@context":"https:\/\/schema.org","@graph":[{"@type":"WebPage","@id":"https:\/\/andreasimonetti.com.br\/blog\/7-produtos-de-beleza-que-uso-diariamente\/","url":"https:\/\/andreasimonetti.com.br\/blog\/7-produtos-de-beleza-que-uso-diariamente\/","name":"7 produtos de beleza que uso diariamente - Andrea Simonetti","isPartOf":{"@id":"https:\/\/andreasimonetti.com.br\/blog\/#website"},"primaryImageOfPage":{"@id":"https:\/\/andreasimonetti.com.br\/blog\/7-produtos-de-beleza-que-uso-diariamente\/#primaryimage"},"image":{"@id":"https:\/\/andreasimonetti.com.br\/blog\/7-produtos-de-beleza-que-uso-diariamente\/#primaryimage"},"thumbnailUrl":"https:\/\/andreasimonetti.com.br\/blog\/wp-content\/uploads\/2023\/06\/352427294_196729076658116_7557367342754386317_n.jpg","datePublished":"2023-06-16T18:34:11+00:00","author":{"@id":"https:\/\/andreasimonetti.com.br\/blog\/#\/schema\/person\/254f763c24ac288e27ea738a7366ad2a"},"description":"Manter uma rotina de hidrata\u00e7\u00e3o da pele \u00e9 essencial para proteger do ressecamento e das agress\u00f5es como a polui\u00e7\u00e3o e o clima.Na minha rotina di\u00e1ria utilizo","breadcrumb":{"@id":"https:\/\/andreasimonetti.com.br\/blog\/7-produtos-de-beleza-que-uso-diariamente\/#breadcrumb"},"inLanguage":"pt-BR","potentialAction":[{"@type":"ReadAction","target":["https:\/\/andreasimonetti.com.br\/blog\/7-produtos-de-beleza-que-uso-diariamente\/"]}]},{"@type":"ImageObject","inLanguage":"pt-BR","@id":"https:\/\/andreasimonetti.com.br\/blog\/7-produtos-de-beleza-que-uso-diariamente\/#primaryimage","url":"https:\/\/andreasimonetti.com.br\/blog\/wp-content\/uploads\/2023\/06\/352427294_196729076658116_7557367342754386317_n.jpg","contentUrl":"https:\/\/andreasimonetti.com.br\/blog\/wp-content\/uploads\/2023\/06\/352427294_196729076658116_7557367342754386317_n.jpg","width":1506,"height":2048,"caption":"7 produtos de beleza que uso diariamente"},{"@type":"BreadcrumbList","@id":"https:\/\/andreasimonetti.com.br\/blog\/7-produtos-de-beleza-que-uso-diariamente\/#breadcrumb","itemListElement":[{"@type":"ListItem","position":1,"name":"In\u00edcio","item":"https:\/\/andreasimonetti.com.br\/blog\/"},{"@type":"ListItem","position":2,"name":"7 produtos de beleza que uso diariamente"}]},{"@type":"WebSite","@id":"https:\/\/andreasimonetti.com.br\/blog\/#website","url":"https:\/\/andreasimonetti.com.br\/blog\/","name":"Andrea Simonetti","description":"","potentialAction":[{"@type":"SearchAction","target":{"@type":"EntryPoint","urlTemplate":"https:\/\/andreasimonetti.com.br\/blog\/?s={search_term_string}"},"query-input":{"@type":"PropertyValueSpecification","valueRequired":true,"valueName":"search_term_string"}}],"inLanguage":"pt-BR"},{"@type":"Person","@id":"https:\/\/andreasimonetti.com.br\/blog\/#\/schema\/person\/254f763c24ac288e27ea738a7366ad2a","name":"Andrea Simonetti","image":{"@type":"ImageObject","inLanguage":"pt-BR","@id":"https:\/\/andreasimonetti.com.br\/blog\/#\/schema\/person\/image\/","url":"https:\/\/andreasimonetti.com.br\/blog\/wp-content\/uploads\/2018\/04\/andrea-simonetti-96x96.png","contentUrl":"https:\/\/andreasimonetti.com.br\/blog\/wp-content\/uploads\/2018\/04\/andrea-simonetti-96x96.png","caption":"Andrea Simonetti"},"description":"Sou formada em Administra\u00e7\u00e3o de Empresas, Produ\u00e7\u00e3o de Moda pelo SENAC e Consultoria de Estilo. Sou fascinada por moda desde sempre, adoro ver as pessoas produzidas e de bem com a vida. Moda \u00e9 o meu assunto preferido. Comecei meu blog em 2011, ele cresceu e hoje \u00e9 um site bem mais abrangente, onde eu falo sobre moda e meu trabalho de consultora de estilo. E falo tamb\u00e9m sobre a minha experi\u00eancia de vida. Mas antes de tudo, acredito num Deus Soberano que nos guia e aben\u00e7oa, o tempo todo!","sameAs":["https:\/\/www.andreasimonetti.com.br\/","https:\/\/www.facebook.com\/blogdaandreasimonetti\/","https:\/\/www.instagram.com\/andrea_simonetti\/","https:\/\/br.pinterest.com\/BlogAndrea\/","https:\/\/x.com\/https:\/\/twitter.com\/Andrea_Simoneti"],"url":"https:\/\/andreasimonetti.com.br\/blog\/author\/andrea\/"}]}},"_links":{"self":[{"href":"https:\/\/andreasimonetti.com.br\/blog\/wp-json\/wp\/v2\/posts\/24109","targetHints":{"allow":["GET"]}}],"collection":[{"href":"https:\/\/andreasimonetti.com.br\/blog\/wp-json\/wp\/v2\/posts"}],"about":[{"href":"https:\/\/andreasimonetti.com.br\/blog\/wp-json\/wp\/v2\/types\/post"}],"author":[{"embeddable":true,"href":"https:\/\/andreasimonetti.com.br\/blog\/wp-json\/wp\/v2\/users\/7"}],"replies":[{"embeddable":true,"href":"https:\/\/andreasimonetti.com.br\/blog\/wp-json\/wp\/v2\/comments?post=24109"}],"version-history":[{"count":2,"href":"https:\/\/andreasimonetti.com.br\/blog\/wp-json\/wp\/v2\/posts\/24109\/revisions"}],"predecessor-version":[{"id":24111,"href":"https:\/\/andreasimonetti.com.br\/blog\/wp-json\/wp\/v2\/posts\/24109\/revisions\/24111"}],"wp:featuredmedia":[{"embeddable":true,"href":"https:\/\/andreasimonetti.com.br\/blog\/wp-json\/wp\/v2\/media\/24112"}],"wp:attachment":[{"href":"https:\/\/andreasimonetti.com.br\/blog\/wp-json\/wp\/v2\/media?parent=24109"}],"wp:term":[{"taxonomy":"category","embeddable":true,"href":"https:\/\/andreasimonetti.com.br\/blog\/wp-json\/wp\/v2\/categories?post=24109"},{"taxonomy":"post_tag","embeddable":true,"href":"https:\/\/andreasimonetti.com.br\/blog\/wp-json\/wp\/v2\/tags?post=24109"}],"curies":[{"name":"wp","href":"https:\/\/api.w.org\/{rel}","templated":true}]}}