{"id":24089,"date":"2023-05-21T20:22:56","date_gmt":"2023-05-21T23:22:56","guid":{"rendered":"https:\/\/andreasimonetti.com.br\/blog\/?p=24089"},"modified":"2023-05-21T20:22:56","modified_gmt":"2023-05-21T23:22:56","slug":"3-opcoes-de-look-com-a-mesma-base","status":"publish","type":"post","link":"https:\/\/andreasimonetti.com.br\/blog\/3-opcoes-de-look-com-a-mesma-base\/","title":{"rendered":"3 op\u00e7\u00f5es de look com a mesma base"},"content":{"rendered":"<h4><span style=\"color: #ff6600;\">Com a base preta , montei 3 op\u00e7\u00f5es de look.<\/span><\/h4>\n<p>A <a href=\"https:\/\/andreasimonetti.com.br\/blog\/jaqueta-jeans\/\">jaqueta jeans<\/a> \u00e9 uma pe\u00e7a indispens\u00e1vel no seu closet.<\/p>\n<p>O t\u00e9nis e a bolsa na mesma tonalidade deu um ar moderno ao look.\u00a0<\/p>\n<p><img loading=\"lazy\" decoding=\"async\" class=\"alignnone wp-image-24092 size-full\" src=\"https:\/\/andreasimonetti.com.br\/blog\/wp-content\/uploads\/2023\/05\/348252000_192171356638592_7914385752268446834_n.jpg\" alt=\"3 op\u00e7\u00f5es de look com a mesma base\" width=\"2048\" height=\"2048\" srcset=\"https:\/\/andreasimonetti.com.br\/blog\/wp-content\/uploads\/2023\/05\/348252000_192171356638592_7914385752268446834_n.jpg 2048w, https:\/\/andreasimonetti.com.br\/blog\/wp-content\/uploads\/2023\/05\/348252000_192171356638592_7914385752268446834_n-300x300.jpg 300w, https:\/\/andreasimonetti.com.br\/blog\/wp-content\/uploads\/2023\/05\/348252000_192171356638592_7914385752268446834_n-1024x1024.jpg 1024w, https:\/\/andreasimonetti.com.br\/blog\/wp-content\/uploads\/2023\/05\/348252000_192171356638592_7914385752268446834_n-150x150.jpg 150w, https:\/\/andreasimonetti.com.br\/blog\/wp-content\/uploads\/2023\/05\/348252000_192171356638592_7914385752268446834_n-768x768.jpg 768w, https:\/\/andreasimonetti.com.br\/blog\/wp-content\/uploads\/2023\/05\/348252000_192171356638592_7914385752268446834_n-1536x1536.jpg 1536w, https:\/\/andreasimonetti.com.br\/blog\/wp-content\/uploads\/2023\/05\/348252000_192171356638592_7914385752268446834_n-1170x1170.jpg 1170w, https:\/\/andreasimonetti.com.br\/blog\/wp-content\/uploads\/2023\/05\/348252000_192171356638592_7914385752268446834_n-585x585.jpg 585w\" sizes=\"auto, (max-width: 2048px) 100vw, 2048px\" \/><\/p>\n<p class=\"x_x_MsoNormal\"><span class=\"x_x_ContentPasted0 x_ContentPasted0\">Dias mais frios pedem pe\u00e7as mais quentinhas. \u00a0<\/span><\/p>\n<p class=\"x_x_MsoNormal x_ContentPasted0\"><span class=\"x_x_ContentPasted0 x_ContentPasted0\">O casaco em matelass\u00ea \u00e9 acolchoado e com enchimento e costuma ser o favorito nos dias de inverno rigoroso.<\/span><\/p>\n<p class=\"x_x_MsoNormal x_ContentPasted0\"><span class=\"x_x_ContentPasted0 x_ContentPasted0\">Aqui combinei com a bota com pelo,<\/span><span class=\"x_x_ContentPasted0 x_ContentPasted0\">\u00a0extremamente confort\u00e1vel e indicada para in\u00fameras ocasi\u00f5es.<\/span>\u00a0<\/p>\n<p><img loading=\"lazy\" decoding=\"async\" class=\"alignnone wp-image-24093 size-full\" src=\"https:\/\/andreasimonetti.com.br\/blog\/wp-content\/uploads\/2023\/05\/348274559_172186435806730_3074654101692460988_n.jpg\" alt=\"3 op\u00e7\u00f5es de look com a mesma base\" width=\"2048\" height=\"2048\" srcset=\"https:\/\/andreasimonetti.com.br\/blog\/wp-content\/uploads\/2023\/05\/348274559_172186435806730_3074654101692460988_n.jpg 2048w, https:\/\/andreasimonetti.com.br\/blog\/wp-content\/uploads\/2023\/05\/348274559_172186435806730_3074654101692460988_n-300x300.jpg 300w, https:\/\/andreasimonetti.com.br\/blog\/wp-content\/uploads\/2023\/05\/348274559_172186435806730_3074654101692460988_n-1024x1024.jpg 1024w, https:\/\/andreasimonetti.com.br\/blog\/wp-content\/uploads\/2023\/05\/348274559_172186435806730_3074654101692460988_n-150x150.jpg 150w, https:\/\/andreasimonetti.com.br\/blog\/wp-content\/uploads\/2023\/05\/348274559_172186435806730_3074654101692460988_n-768x768.jpg 768w, https:\/\/andreasimonetti.com.br\/blog\/wp-content\/uploads\/2023\/05\/348274559_172186435806730_3074654101692460988_n-1536x1536.jpg 1536w, https:\/\/andreasimonetti.com.br\/blog\/wp-content\/uploads\/2023\/05\/348274559_172186435806730_3074654101692460988_n-1170x1170.jpg 1170w, https:\/\/andreasimonetti.com.br\/blog\/wp-content\/uploads\/2023\/05\/348274559_172186435806730_3074654101692460988_n-585x585.jpg 585w\" sizes=\"auto, (max-width: 2048px) 100vw, 2048px\" \/><\/p>\n<p>O trench coat com bota deixa o look com cara de inverno.\u00a0<\/p>\n<p><img loading=\"lazy\" decoding=\"async\" class=\"alignnone wp-image-24094 size-full\" src=\"https:\/\/andreasimonetti.com.br\/blog\/wp-content\/uploads\/2023\/05\/348290763_210209881868619_3790922345999271216_n.jpg\" alt=\"3 op\u00e7\u00f5es de look com a mesma base\" width=\"2048\" height=\"2048\" srcset=\"https:\/\/andreasimonetti.com.br\/blog\/wp-content\/uploads\/2023\/05\/348290763_210209881868619_3790922345999271216_n.jpg 2048w, https:\/\/andreasimonetti.com.br\/blog\/wp-content\/uploads\/2023\/05\/348290763_210209881868619_3790922345999271216_n-300x300.jpg 300w, https:\/\/andreasimonetti.com.br\/blog\/wp-content\/uploads\/2023\/05\/348290763_210209881868619_3790922345999271216_n-1024x1024.jpg 1024w, https:\/\/andreasimonetti.com.br\/blog\/wp-content\/uploads\/2023\/05\/348290763_210209881868619_3790922345999271216_n-150x150.jpg 150w, https:\/\/andreasimonetti.com.br\/blog\/wp-content\/uploads\/2023\/05\/348290763_210209881868619_3790922345999271216_n-768x768.jpg 768w, https:\/\/andreasimonetti.com.br\/blog\/wp-content\/uploads\/2023\/05\/348290763_210209881868619_3790922345999271216_n-1536x1536.jpg 1536w, https:\/\/andreasimonetti.com.br\/blog\/wp-content\/uploads\/2023\/05\/348290763_210209881868619_3790922345999271216_n-1170x1170.jpg 1170w, https:\/\/andreasimonetti.com.br\/blog\/wp-content\/uploads\/2023\/05\/348290763_210209881868619_3790922345999271216_n-585x585.jpg 585w\" sizes=\"auto, (max-width: 2048px) 100vw, 2048px\" \/><\/p>\n<div dir=\"auto\"><strong>Cr\u00e9ditos:<\/strong><\/div>\n<div dir=\"auto\">\u00a0<\/div>\n<div dir=\"auto\">&#8211; Look <a class=\"x1i10hfl xjbqb8w x6umtig x1b1mbwd xaqea5y xav7gou x9f619 x1ypdohk xt0psk2 xe8uvvx xdj266r x11i5rnm xat24cr x1mh8g0r xexx8yu x4uap5 x18d9i69 xkhd6sd x16tdsg8 x1hl2dhg xggy1nq x1a2a7pz xt0b8zv x1qq9wsj xo1l8bm\" tabindex=\"0\" role=\"link\" href=\"https:\/\/www.facebook.com\/pedagio.loja?__cft__[0]=AZUedpdRP0oNFrpzziCX87EYLRRVXlIhyAdipbEAYpeT9gV_X9eDo6UcxTMQWJ3UBH_AM58DsoTc5fm6ArG-8UCR1kn-gmU-adj2xbM0s1auxQLwRmrmA9cw4Q-pGnzjxoXhRdG_LeqktNF4xpSBJCkTa4ydz3yOsyE7-oTYlRUa4EpcF0U72nG9kYaaxYnUHWQ&amp;__tn__=-]K-R\"><span class=\"xt0psk2\">Loja Pedagio<\/span><\/a><\/div>\n<div dir=\"auto\">&#8211; Bota , t\u00eanis e bolsa <a class=\"x1i10hfl xjbqb8w x6umtig x1b1mbwd xaqea5y xav7gou x9f619 x1ypdohk xt0psk2 xe8uvvx xdj266r x11i5rnm xat24cr x1mh8g0r xexx8yu x4uap5 x18d9i69 xkhd6sd x16tdsg8 x1hl2dhg xggy1nq x1a2a7pz xt0b8zv x1qq9wsj xo1l8bm\" tabindex=\"0\" role=\"link\" href=\"https:\/\/www.facebook.com\/usaflexbaurushopping?__cft__[0]=AZUedpdRP0oNFrpzziCX87EYLRRVXlIhyAdipbEAYpeT9gV_X9eDo6UcxTMQWJ3UBH_AM58DsoTc5fm6ArG-8UCR1kn-gmU-adj2xbM0s1auxQLwRmrmA9cw4Q-pGnzjxoXhRdG_LeqktNF4xpSBJCkTa4ydz3yOsyE7-oTYlRUa4EpcF0U72nG9kYaaxYnUHWQ&amp;__tn__=-]K-R\"><span class=\"xt0psk2\">Usaflex BauruShopping<\/span><\/a><\/div>\n","protected":false},"excerpt":{"rendered":"<p>Com a base preta , montei 3 op\u00e7\u00f5es de look. A jaqueta jeans \u00e9 uma pe\u00e7a indispens\u00e1vel no seu closet. O t\u00e9nis e a bolsa na mesma tonalidade deu um&hellip;<\/p>\n","protected":false},"author":7,"featured_media":24091,"comment_status":"open","ping_status":"open","sticky":false,"template":"","format":"standard","meta":{"_monsterinsights_skip_tracking":false,"_monsterinsights_sitenote_active":false,"_monsterinsights_sitenote_note":"","_monsterinsights_sitenote_category":0,"footnotes":""},"categories":[3057,1508,3],"tags":[3412,3410],"class_list":["post-24089","post","type-post","status-publish","format-standard","has-post-thumbnail","hentry","category-consultoria-de-estilo","category-destaque","category-moda","tag-3-opcoes-de-look-com-a-mesma-base","tag-usaflex-bauru"],"yoast_head":"<!-- This site is optimized with the Yoast SEO plugin v26.3 - https:\/\/yoast.com\/wordpress\/plugins\/seo\/ -->\n<title>3 op\u00e7\u00f5es de look com a mesma base - Andrea Simonetti<\/title>\n<meta name=\"description\" content=\"Com a base preta , montei 3 op\u00e7\u00f5es de look.A jaqueta jeans \u00e9 uma pe\u00e7a indispens\u00e1vel no seu closet.O t\u00e9nis e a bolsa na mesma tonalidade deu um ar\" \/>\n<meta name=\"robots\" content=\"index, follow, max-snippet:-1, max-image-preview:large, max-video-preview:-1\" \/>\n<link rel=\"canonical\" href=\"https:\/\/andreasimonetti.com.br\/blog\/3-opcoes-de-look-com-a-mesma-base\/\" \/>\n<meta property=\"og:locale\" content=\"pt_BR\" \/>\n<meta property=\"og:type\" content=\"article\" \/>\n<meta property=\"og:title\" content=\"3 op\u00e7\u00f5es de look com a mesma base - Andrea Simonetti\" \/>\n<meta property=\"og:description\" content=\"Com a base preta , montei 3 op\u00e7\u00f5es de look.A jaqueta jeans \u00e9 uma pe\u00e7a indispens\u00e1vel no seu closet.O t\u00e9nis e a bolsa na mesma tonalidade deu um ar\" \/>\n<meta property=\"og:url\" content=\"https:\/\/andreasimonetti.com.br\/blog\/3-opcoes-de-look-com-a-mesma-base\/\" \/>\n<meta property=\"og:site_name\" content=\"Andrea Simonetti\" \/>\n<meta property=\"article:publisher\" content=\"https:\/\/www.facebook.com\/blogdaandreasimonetti\/\" \/>\n<meta property=\"article:author\" content=\"https:\/\/www.facebook.com\/blogdaandreasimonetti\/\" \/>\n<meta property=\"article:published_time\" content=\"2023-05-21T23:22:56+00:00\" \/>\n<meta property=\"og:image\" content=\"https:\/\/andreasimonetti.com.br\/blog\/wp-content\/uploads\/2023\/05\/346989897_770709131183997_8219009218063128742_n-1.jpg\" \/>\n\t<meta property=\"og:image:width\" content=\"2048\" \/>\n\t<meta property=\"og:image:height\" content=\"2048\" \/>\n\t<meta property=\"og:image:type\" content=\"image\/jpeg\" \/>\n<meta name=\"author\" content=\"Andrea Simonetti\" \/>\n<meta name=\"twitter:card\" content=\"summary_large_image\" \/>\n<meta name=\"twitter:creator\" content=\"@https:\/\/twitter.com\/Andrea_Simoneti\" \/>\n<meta name=\"twitter:site\" content=\"@Andrea_Simoneti\" \/>\n<meta name=\"twitter:label1\" content=\"Escrito por\" \/>\n\t<meta name=\"twitter:data1\" content=\"Andrea Simonetti\" \/>\n\t<meta name=\"twitter:label2\" content=\"Est. tempo de leitura\" \/>\n\t<meta name=\"twitter:data2\" content=\"1 minuto\" \/>\n<!-- \/ Yoast SEO plugin. -->","yoast_head_json":{"title":"3 op\u00e7\u00f5es de look com a mesma base - Andrea Simonetti","description":"Com a base preta , montei 3 op\u00e7\u00f5es de look.A jaqueta jeans \u00e9 uma pe\u00e7a indispens\u00e1vel no seu closet.O t\u00e9nis e a bolsa na mesma tonalidade deu um ar","robots":{"index":"index","follow":"follow","max-snippet":"max-snippet:-1","max-image-preview":"max-image-preview:large","max-video-preview":"max-video-preview:-1"},"canonical":"https:\/\/andreasimonetti.com.br\/blog\/3-opcoes-de-look-com-a-mesma-base\/","og_locale":"pt_BR","og_type":"article","og_title":"3 op\u00e7\u00f5es de look com a mesma base - Andrea Simonetti","og_description":"Com a base preta , montei 3 op\u00e7\u00f5es de look.A jaqueta jeans \u00e9 uma pe\u00e7a indispens\u00e1vel no seu closet.O t\u00e9nis e a bolsa na mesma tonalidade deu um ar","og_url":"https:\/\/andreasimonetti.com.br\/blog\/3-opcoes-de-look-com-a-mesma-base\/","og_site_name":"Andrea Simonetti","article_publisher":"https:\/\/www.facebook.com\/blogdaandreasimonetti\/","article_author":"https:\/\/www.facebook.com\/blogdaandreasimonetti\/","article_published_time":"2023-05-21T23:22:56+00:00","og_image":[{"width":2048,"height":2048,"url":"https:\/\/andreasimonetti.com.br\/blog\/wp-content\/uploads\/2023\/05\/346989897_770709131183997_8219009218063128742_n-1.jpg","type":"image\/jpeg"}],"author":"Andrea Simonetti","twitter_card":"summary_large_image","twitter_creator":"@https:\/\/twitter.com\/Andrea_Simoneti","twitter_site":"@Andrea_Simoneti","twitter_misc":{"Escrito por":"Andrea Simonetti","Est. tempo de leitura":"1 minuto"},"schema":{"@context":"https:\/\/schema.org","@graph":[{"@type":"WebPage","@id":"https:\/\/andreasimonetti.com.br\/blog\/3-opcoes-de-look-com-a-mesma-base\/","url":"https:\/\/andreasimonetti.com.br\/blog\/3-opcoes-de-look-com-a-mesma-base\/","name":"3 op\u00e7\u00f5es de look com a mesma base - Andrea Simonetti","isPartOf":{"@id":"https:\/\/andreasimonetti.com.br\/blog\/#website"},"primaryImageOfPage":{"@id":"https:\/\/andreasimonetti.com.br\/blog\/3-opcoes-de-look-com-a-mesma-base\/#primaryimage"},"image":{"@id":"https:\/\/andreasimonetti.com.br\/blog\/3-opcoes-de-look-com-a-mesma-base\/#primaryimage"},"thumbnailUrl":"https:\/\/andreasimonetti.com.br\/blog\/wp-content\/uploads\/2023\/05\/346989897_770709131183997_8219009218063128742_n-1.jpg","datePublished":"2023-05-21T23:22:56+00:00","author":{"@id":"https:\/\/andreasimonetti.com.br\/blog\/#\/schema\/person\/254f763c24ac288e27ea738a7366ad2a"},"description":"Com a base preta , montei 3 op\u00e7\u00f5es de look.A jaqueta jeans \u00e9 uma pe\u00e7a indispens\u00e1vel no seu closet.O t\u00e9nis e a bolsa na mesma tonalidade deu um ar","breadcrumb":{"@id":"https:\/\/andreasimonetti.com.br\/blog\/3-opcoes-de-look-com-a-mesma-base\/#breadcrumb"},"inLanguage":"pt-BR","potentialAction":[{"@type":"ReadAction","target":["https:\/\/andreasimonetti.com.br\/blog\/3-opcoes-de-look-com-a-mesma-base\/"]}]},{"@type":"ImageObject","inLanguage":"pt-BR","@id":"https:\/\/andreasimonetti.com.br\/blog\/3-opcoes-de-look-com-a-mesma-base\/#primaryimage","url":"https:\/\/andreasimonetti.com.br\/blog\/wp-content\/uploads\/2023\/05\/346989897_770709131183997_8219009218063128742_n-1.jpg","contentUrl":"https:\/\/andreasimonetti.com.br\/blog\/wp-content\/uploads\/2023\/05\/346989897_770709131183997_8219009218063128742_n-1.jpg","width":2048,"height":2048,"caption":"3 op\u00e7\u00f5es de look com a mesma base"},{"@type":"BreadcrumbList","@id":"https:\/\/andreasimonetti.com.br\/blog\/3-opcoes-de-look-com-a-mesma-base\/#breadcrumb","itemListElement":[{"@type":"ListItem","position":1,"name":"In\u00edcio","item":"https:\/\/andreasimonetti.com.br\/blog\/"},{"@type":"ListItem","position":2,"name":"3 op\u00e7\u00f5es de look com a mesma base"}]},{"@type":"WebSite","@id":"https:\/\/andreasimonetti.com.br\/blog\/#website","url":"https:\/\/andreasimonetti.com.br\/blog\/","name":"Andrea Simonetti","description":"","potentialAction":[{"@type":"SearchAction","target":{"@type":"EntryPoint","urlTemplate":"https:\/\/andreasimonetti.com.br\/blog\/?s={search_term_string}"},"query-input":{"@type":"PropertyValueSpecification","valueRequired":true,"valueName":"search_term_string"}}],"inLanguage":"pt-BR"},{"@type":"Person","@id":"https:\/\/andreasimonetti.com.br\/blog\/#\/schema\/person\/254f763c24ac288e27ea738a7366ad2a","name":"Andrea Simonetti","image":{"@type":"ImageObject","inLanguage":"pt-BR","@id":"https:\/\/andreasimonetti.com.br\/blog\/#\/schema\/person\/image\/","url":"https:\/\/andreasimonetti.com.br\/blog\/wp-content\/uploads\/2018\/04\/andrea-simonetti-96x96.png","contentUrl":"https:\/\/andreasimonetti.com.br\/blog\/wp-content\/uploads\/2018\/04\/andrea-simonetti-96x96.png","caption":"Andrea Simonetti"},"description":"Sou formada em Administra\u00e7\u00e3o de Empresas, Produ\u00e7\u00e3o de Moda pelo SENAC e Consultoria de Estilo. Sou fascinada por moda desde sempre, adoro ver as pessoas produzidas e de bem com a vida. Moda \u00e9 o meu assunto preferido. Comecei meu blog em 2011, ele cresceu e hoje \u00e9 um site bem mais abrangente, onde eu falo sobre moda e meu trabalho de consultora de estilo. E falo tamb\u00e9m sobre a minha experi\u00eancia de vida. Mas antes de tudo, acredito num Deus Soberano que nos guia e aben\u00e7oa, o tempo todo!","sameAs":["https:\/\/www.andreasimonetti.com.br\/","https:\/\/www.facebook.com\/blogdaandreasimonetti\/","https:\/\/www.instagram.com\/andrea_simonetti\/","https:\/\/br.pinterest.com\/BlogAndrea\/","https:\/\/x.com\/https:\/\/twitter.com\/Andrea_Simoneti"],"url":"https:\/\/andreasimonetti.com.br\/blog\/author\/andrea\/"}]}},"_links":{"self":[{"href":"https:\/\/andreasimonetti.com.br\/blog\/wp-json\/wp\/v2\/posts\/24089","targetHints":{"allow":["GET"]}}],"collection":[{"href":"https:\/\/andreasimonetti.com.br\/blog\/wp-json\/wp\/v2\/posts"}],"about":[{"href":"https:\/\/andreasimonetti.com.br\/blog\/wp-json\/wp\/v2\/types\/post"}],"author":[{"embeddable":true,"href":"https:\/\/andreasimonetti.com.br\/blog\/wp-json\/wp\/v2\/users\/7"}],"replies":[{"embeddable":true,"href":"https:\/\/andreasimonetti.com.br\/blog\/wp-json\/wp\/v2\/comments?post=24089"}],"version-history":[{"count":3,"href":"https:\/\/andreasimonetti.com.br\/blog\/wp-json\/wp\/v2\/posts\/24089\/revisions"}],"predecessor-version":[{"id":24097,"href":"https:\/\/andreasimonetti.com.br\/blog\/wp-json\/wp\/v2\/posts\/24089\/revisions\/24097"}],"wp:featuredmedia":[{"embeddable":true,"href":"https:\/\/andreasimonetti.com.br\/blog\/wp-json\/wp\/v2\/media\/24091"}],"wp:attachment":[{"href":"https:\/\/andreasimonetti.com.br\/blog\/wp-json\/wp\/v2\/media?parent=24089"}],"wp:term":[{"taxonomy":"category","embeddable":true,"href":"https:\/\/andreasimonetti.com.br\/blog\/wp-json\/wp\/v2\/categories?post=24089"},{"taxonomy":"post_tag","embeddable":true,"href":"https:\/\/andreasimonetti.com.br\/blog\/wp-json\/wp\/v2\/tags?post=24089"}],"curies":[{"name":"wp","href":"https:\/\/api.w.org\/{rel}","templated":true}]}}