{"id":23993,"date":"2023-02-12T19:16:37","date_gmt":"2023-02-12T22:16:37","guid":{"rendered":"https:\/\/andreasimonetti.com.br\/blog\/?p=23993"},"modified":"2023-02-12T19:17:51","modified_gmt":"2023-02-12T22:17:51","slug":"quer-cabelos-lindos-e-iluminados","status":"publish","type":"post","link":"https:\/\/andreasimonetti.com.br\/blog\/quer-cabelos-lindos-e-iluminados\/","title":{"rendered":"Quer cabelos lindos e iluminados ?"},"content":{"rendered":"<div class=\"xyinxu5 x4uap5 x1g2khh7 xkhd6sd\" style=\"text-align: justify;\">\n<p><span class=\"x193iq5w xeuugli x13faqbe x1vvkbs x1xmvt09 x1lliihq x1s928wv xhkezso x1gmr53x x1cpjm7i x1fgarty x1943h6x xudqn12 x3x7a5m x6prxxf xvq8zen xo1l8bm xzsf02u\" dir=\"auto\">Quer cabelos lindos e iluminados ?<\/span><\/p>\n<p>Meu hair stylist<strong> Julinho Dinardi<\/strong>, aplicou a <a href=\"https:\/\/andreasimonetti.com.br\/blog\/visual-novo-2022\/\">t\u00e9cnica hair contour<\/a> nos meus cabelos, um procedimento em alta entre muitas famosas por iluminar e valorizar o rosto.<\/p>\n<p>O Julinho me explicou que n\u00e3o utiliza p\u00f3 descolorante, produto muito comum na t\u00e9cnica, mas que prejudica a sa\u00fade dos cabelos, por mais competente que seja o profissional que a utiliza. O Julinho prefere uma colora\u00e7\u00e3o com abertura de cor mais intensa, que n\u00e3o agride a fibra capilar e preserva a integridade dos fios. Nesse procedimento as mechas super claras s\u00e3o substitu\u00eddas por mechas brilhantes e fios muito saud\u00e1veis; cabelos saud\u00e1veis \u00e9 o que todas n\u00f3s queremos, n\u00e3o \u00e9 ?<\/p>\n<p>Essa t\u00e9cnica de hair contour \u00e9 indicada para alcan\u00e7ar tons menos intensos e tamb\u00e9m para cabelos que j\u00e1 sofreram com qu\u00edmicas agressivas anteriores.<\/p>\n<p>Ter um novo visual com a seguran\u00e7a de que os cabelos est\u00e3o bem tratados e saud\u00e1veis traz muita tranquilidade.<\/p>\n<\/div>\n<div id=\"attachment_23994\" style=\"width: 1546px\" class=\"wp-caption alignnone\"><img loading=\"lazy\" decoding=\"async\" aria-describedby=\"caption-attachment-23994\" class=\"wp-image-23994 size-full\" src=\"https:\/\/andreasimonetti.com.br\/blog\/wp-content\/uploads\/2023\/02\/330456035_981958049855524_7520489890263293586_n.jpg\" alt=\"\" width=\"1536\" height=\"2048\" srcset=\"https:\/\/andreasimonetti.com.br\/blog\/wp-content\/uploads\/2023\/02\/330456035_981958049855524_7520489890263293586_n.jpg 1536w, https:\/\/andreasimonetti.com.br\/blog\/wp-content\/uploads\/2023\/02\/330456035_981958049855524_7520489890263293586_n-225x300.jpg 225w, https:\/\/andreasimonetti.com.br\/blog\/wp-content\/uploads\/2023\/02\/330456035_981958049855524_7520489890263293586_n-768x1024.jpg 768w, https:\/\/andreasimonetti.com.br\/blog\/wp-content\/uploads\/2023\/02\/330456035_981958049855524_7520489890263293586_n-1152x1536.jpg 1152w, https:\/\/andreasimonetti.com.br\/blog\/wp-content\/uploads\/2023\/02\/330456035_981958049855524_7520489890263293586_n-1170x1560.jpg 1170w, https:\/\/andreasimonetti.com.br\/blog\/wp-content\/uploads\/2023\/02\/330456035_981958049855524_7520489890263293586_n-585x780.jpg 585w\" sizes=\"auto, (max-width: 1536px) 100vw, 1536px\" \/><p id=\"caption-attachment-23994\" class=\"wp-caption-text\">Julio Dinardi<\/p><\/div>\n<ul>\n<li><a href=\"http:\/\/Dinard\u00b4s Hair Fashion\">Dinard\u00b4s Hair Fashion<\/a>\u00a0 fica na Rua: a Tuffy Saab, 4-39, Jd. Paulista<\/li>\n<li>Bauru &#8211; SP\u00a0<\/li>\n<\/ul>\n","protected":false},"excerpt":{"rendered":"<p>Quer cabelos lindos e iluminados ? Meu hair stylist Julinho Dinardi, aplicou a t\u00e9cnica hair contour nos meus cabelos, um procedimento em alta entre muitas famosas por iluminar e valorizar&hellip;<\/p>\n","protected":false},"author":7,"featured_media":23995,"comment_status":"open","ping_status":"open","sticky":false,"template":"","format":"standard","meta":{"_monsterinsights_skip_tracking":false,"_monsterinsights_sitenote_active":false,"_monsterinsights_sitenote_note":"","_monsterinsights_sitenote_category":0,"footnotes":""},"categories":[6,1508],"tags":[3392,3393],"class_list":["post-23993","post","type-post","status-publish","format-standard","has-post-thumbnail","hentry","category-beleza","category-destaque","tag-quer-cabelos-lindos-e-iluminados","tag-tecnica-hair-contour"],"yoast_head":"<!-- This site is optimized with the Yoast SEO plugin v26.3 - https:\/\/yoast.com\/wordpress\/plugins\/seo\/ -->\n<title>Quer cabelos lindos e iluminados ? - Andrea Simonetti<\/title>\n<meta name=\"robots\" content=\"index, follow, max-snippet:-1, max-image-preview:large, max-video-preview:-1\" \/>\n<link rel=\"canonical\" href=\"https:\/\/andreasimonetti.com.br\/blog\/quer-cabelos-lindos-e-iluminados\/\" \/>\n<meta property=\"og:locale\" content=\"pt_BR\" \/>\n<meta property=\"og:type\" content=\"article\" \/>\n<meta property=\"og:title\" content=\"Quer cabelos lindos e iluminados ? - Andrea Simonetti\" \/>\n<meta property=\"og:description\" content=\"Quer cabelos lindos e iluminados ? Meu hair stylist Julinho Dinardi, aplicou a t\u00e9cnica hair contour nos meus cabelos, um procedimento em alta entre muitas famosas por iluminar e valorizar&hellip;\" \/>\n<meta property=\"og:url\" content=\"https:\/\/andreasimonetti.com.br\/blog\/quer-cabelos-lindos-e-iluminados\/\" \/>\n<meta property=\"og:site_name\" content=\"Andrea Simonetti\" \/>\n<meta property=\"article:publisher\" content=\"https:\/\/www.facebook.com\/blogdaandreasimonetti\/\" \/>\n<meta property=\"article:author\" content=\"https:\/\/www.facebook.com\/blogdaandreasimonetti\/\" \/>\n<meta property=\"article:published_time\" content=\"2023-02-12T22:16:37+00:00\" \/>\n<meta property=\"article:modified_time\" content=\"2023-02-12T22:17:51+00:00\" \/>\n<meta property=\"og:image\" content=\"https:\/\/andreasimonetti.com.br\/blog\/wp-content\/uploads\/2023\/02\/329907205_3474358239442703_4257550430097754090_n.jpg\" \/>\n\t<meta property=\"og:image:width\" content=\"1536\" \/>\n\t<meta property=\"og:image:height\" content=\"2048\" \/>\n\t<meta property=\"og:image:type\" content=\"image\/jpeg\" \/>\n<meta name=\"author\" content=\"Andrea Simonetti\" \/>\n<meta name=\"twitter:card\" content=\"summary_large_image\" \/>\n<meta name=\"twitter:creator\" content=\"@https:\/\/twitter.com\/Andrea_Simoneti\" \/>\n<meta name=\"twitter:site\" content=\"@Andrea_Simoneti\" \/>\n<meta name=\"twitter:label1\" content=\"Escrito por\" \/>\n\t<meta name=\"twitter:data1\" content=\"Andrea Simonetti\" \/>\n\t<meta name=\"twitter:label2\" content=\"Est. tempo de leitura\" \/>\n\t<meta name=\"twitter:data2\" content=\"1 minuto\" \/>\n<!-- \/ Yoast SEO plugin. -->","yoast_head_json":{"title":"Quer cabelos lindos e iluminados ? - Andrea Simonetti","robots":{"index":"index","follow":"follow","max-snippet":"max-snippet:-1","max-image-preview":"max-image-preview:large","max-video-preview":"max-video-preview:-1"},"canonical":"https:\/\/andreasimonetti.com.br\/blog\/quer-cabelos-lindos-e-iluminados\/","og_locale":"pt_BR","og_type":"article","og_title":"Quer cabelos lindos e iluminados ? - Andrea Simonetti","og_description":"Quer cabelos lindos e iluminados ? Meu hair stylist Julinho Dinardi, aplicou a t\u00e9cnica hair contour nos meus cabelos, um procedimento em alta entre muitas famosas por iluminar e valorizar&hellip;","og_url":"https:\/\/andreasimonetti.com.br\/blog\/quer-cabelos-lindos-e-iluminados\/","og_site_name":"Andrea Simonetti","article_publisher":"https:\/\/www.facebook.com\/blogdaandreasimonetti\/","article_author":"https:\/\/www.facebook.com\/blogdaandreasimonetti\/","article_published_time":"2023-02-12T22:16:37+00:00","article_modified_time":"2023-02-12T22:17:51+00:00","og_image":[{"width":1536,"height":2048,"url":"https:\/\/andreasimonetti.com.br\/blog\/wp-content\/uploads\/2023\/02\/329907205_3474358239442703_4257550430097754090_n.jpg","type":"image\/jpeg"}],"author":"Andrea Simonetti","twitter_card":"summary_large_image","twitter_creator":"@https:\/\/twitter.com\/Andrea_Simoneti","twitter_site":"@Andrea_Simoneti","twitter_misc":{"Escrito por":"Andrea Simonetti","Est. tempo de leitura":"1 minuto"},"schema":{"@context":"https:\/\/schema.org","@graph":[{"@type":"WebPage","@id":"https:\/\/andreasimonetti.com.br\/blog\/quer-cabelos-lindos-e-iluminados\/","url":"https:\/\/andreasimonetti.com.br\/blog\/quer-cabelos-lindos-e-iluminados\/","name":"Quer cabelos lindos e iluminados ? - Andrea Simonetti","isPartOf":{"@id":"https:\/\/andreasimonetti.com.br\/blog\/#website"},"primaryImageOfPage":{"@id":"https:\/\/andreasimonetti.com.br\/blog\/quer-cabelos-lindos-e-iluminados\/#primaryimage"},"image":{"@id":"https:\/\/andreasimonetti.com.br\/blog\/quer-cabelos-lindos-e-iluminados\/#primaryimage"},"thumbnailUrl":"https:\/\/andreasimonetti.com.br\/blog\/wp-content\/uploads\/2023\/02\/329907205_3474358239442703_4257550430097754090_n.jpg","datePublished":"2023-02-12T22:16:37+00:00","dateModified":"2023-02-12T22:17:51+00:00","author":{"@id":"https:\/\/andreasimonetti.com.br\/blog\/#\/schema\/person\/254f763c24ac288e27ea738a7366ad2a"},"breadcrumb":{"@id":"https:\/\/andreasimonetti.com.br\/blog\/quer-cabelos-lindos-e-iluminados\/#breadcrumb"},"inLanguage":"pt-BR","potentialAction":[{"@type":"ReadAction","target":["https:\/\/andreasimonetti.com.br\/blog\/quer-cabelos-lindos-e-iluminados\/"]}]},{"@type":"ImageObject","inLanguage":"pt-BR","@id":"https:\/\/andreasimonetti.com.br\/blog\/quer-cabelos-lindos-e-iluminados\/#primaryimage","url":"https:\/\/andreasimonetti.com.br\/blog\/wp-content\/uploads\/2023\/02\/329907205_3474358239442703_4257550430097754090_n.jpg","contentUrl":"https:\/\/andreasimonetti.com.br\/blog\/wp-content\/uploads\/2023\/02\/329907205_3474358239442703_4257550430097754090_n.jpg","width":1536,"height":2048,"caption":"Quer cabelos lindos e iluminados ?"},{"@type":"BreadcrumbList","@id":"https:\/\/andreasimonetti.com.br\/blog\/quer-cabelos-lindos-e-iluminados\/#breadcrumb","itemListElement":[{"@type":"ListItem","position":1,"name":"In\u00edcio","item":"https:\/\/andreasimonetti.com.br\/blog\/"},{"@type":"ListItem","position":2,"name":"Quer cabelos lindos e iluminados ?"}]},{"@type":"WebSite","@id":"https:\/\/andreasimonetti.com.br\/blog\/#website","url":"https:\/\/andreasimonetti.com.br\/blog\/","name":"Andrea Simonetti","description":"","potentialAction":[{"@type":"SearchAction","target":{"@type":"EntryPoint","urlTemplate":"https:\/\/andreasimonetti.com.br\/blog\/?s={search_term_string}"},"query-input":{"@type":"PropertyValueSpecification","valueRequired":true,"valueName":"search_term_string"}}],"inLanguage":"pt-BR"},{"@type":"Person","@id":"https:\/\/andreasimonetti.com.br\/blog\/#\/schema\/person\/254f763c24ac288e27ea738a7366ad2a","name":"Andrea Simonetti","image":{"@type":"ImageObject","inLanguage":"pt-BR","@id":"https:\/\/andreasimonetti.com.br\/blog\/#\/schema\/person\/image\/","url":"https:\/\/andreasimonetti.com.br\/blog\/wp-content\/uploads\/2018\/04\/andrea-simonetti-96x96.png","contentUrl":"https:\/\/andreasimonetti.com.br\/blog\/wp-content\/uploads\/2018\/04\/andrea-simonetti-96x96.png","caption":"Andrea Simonetti"},"description":"Sou formada em Administra\u00e7\u00e3o de Empresas, Produ\u00e7\u00e3o de Moda pelo SENAC e Consultoria de Estilo. Sou fascinada por moda desde sempre, adoro ver as pessoas produzidas e de bem com a vida. Moda \u00e9 o meu assunto preferido. Comecei meu blog em 2011, ele cresceu e hoje \u00e9 um site bem mais abrangente, onde eu falo sobre moda e meu trabalho de consultora de estilo. E falo tamb\u00e9m sobre a minha experi\u00eancia de vida. Mas antes de tudo, acredito num Deus Soberano que nos guia e aben\u00e7oa, o tempo todo!","sameAs":["https:\/\/www.andreasimonetti.com.br\/","https:\/\/www.facebook.com\/blogdaandreasimonetti\/","https:\/\/www.instagram.com\/andrea_simonetti\/","https:\/\/br.pinterest.com\/BlogAndrea\/","https:\/\/x.com\/https:\/\/twitter.com\/Andrea_Simoneti"],"url":"https:\/\/andreasimonetti.com.br\/blog\/author\/andrea\/"}]}},"_links":{"self":[{"href":"https:\/\/andreasimonetti.com.br\/blog\/wp-json\/wp\/v2\/posts\/23993","targetHints":{"allow":["GET"]}}],"collection":[{"href":"https:\/\/andreasimonetti.com.br\/blog\/wp-json\/wp\/v2\/posts"}],"about":[{"href":"https:\/\/andreasimonetti.com.br\/blog\/wp-json\/wp\/v2\/types\/post"}],"author":[{"embeddable":true,"href":"https:\/\/andreasimonetti.com.br\/blog\/wp-json\/wp\/v2\/users\/7"}],"replies":[{"embeddable":true,"href":"https:\/\/andreasimonetti.com.br\/blog\/wp-json\/wp\/v2\/comments?post=23993"}],"version-history":[{"count":3,"href":"https:\/\/andreasimonetti.com.br\/blog\/wp-json\/wp\/v2\/posts\/23993\/revisions"}],"predecessor-version":[{"id":23998,"href":"https:\/\/andreasimonetti.com.br\/blog\/wp-json\/wp\/v2\/posts\/23993\/revisions\/23998"}],"wp:featuredmedia":[{"embeddable":true,"href":"https:\/\/andreasimonetti.com.br\/blog\/wp-json\/wp\/v2\/media\/23995"}],"wp:attachment":[{"href":"https:\/\/andreasimonetti.com.br\/blog\/wp-json\/wp\/v2\/media?parent=23993"}],"wp:term":[{"taxonomy":"category","embeddable":true,"href":"https:\/\/andreasimonetti.com.br\/blog\/wp-json\/wp\/v2\/categories?post=23993"},{"taxonomy":"post_tag","embeddable":true,"href":"https:\/\/andreasimonetti.com.br\/blog\/wp-json\/wp\/v2\/tags?post=23993"}],"curies":[{"name":"wp","href":"https:\/\/api.w.org\/{rel}","templated":true}]}}