{"id":23952,"date":"2023-01-09T20:46:05","date_gmt":"2023-01-09T23:46:05","guid":{"rendered":"https:\/\/andreasimonetti.com.br\/blog\/?p=23952"},"modified":"2023-01-09T20:48:02","modified_gmt":"2023-01-09T23:48:02","slug":"oligoflora-sempre-cuidando-da-minha-pele","status":"publish","type":"post","link":"https:\/\/andreasimonetti.com.br\/blog\/oligoflora-sempre-cuidando-da-minha-pele\/","title":{"rendered":"Oligoflora sempre cuidando da minha pele"},"content":{"rendered":"<p>Sai ano, entra ano e os cuidados com a pele ficam cada vez mais indispens\u00e1veis.<\/p>\n<p>Em 2022 continuei com a minha rotina de tratamentos est\u00e9ticos na Oligoflora Bauru, que tem garantido a sa\u00fade da minha pele com o avan\u00e7o da idade.<\/p>\n<p>Gerenciar o e envelhecimento da pele envolve um conjunto de a\u00e7\u00f5es e associa\u00e7\u00f5es de tratamentos, que v\u00e3o agir na nutri\u00e7\u00e3o celular estimulando a produ\u00e7\u00e3o de col\u00e1geno e elastina, clareando e iluminado a pele.<\/p>\n<p>E o que me encanta na <a href=\"https:\/\/andreasimonetti.com.br\/blog\/voce-conhece-o-mapa-metabolico-da-oligoflora\/\">Oligoflora Bauru<\/a> \u00e9 que todas as op\u00e7\u00f5es est\u00e9ticas tem foco na naturalidade, sem exageros e com muita vitalidade.<\/p>\n<p>Fechei o ano com uma sess\u00e3o de <a href=\"https:\/\/www.instagram.com\/p\/Cm0G9_qus_z\/\">radiofrequ\u00eancia<\/a>.<\/p>\n<p>Quem em 2023 voc\u00ea escolha cuidar-se bem, porque \u00e9 a partir dessa atitude que outras coisas boas come\u00e7am a acontecer.<\/p>\n<p><a href=\"https:\/\/bauru.oligoflora.com.br\/#avaliacao\">Marque a sua avalia\u00e7\u00e3o gratuita na OLigoflora Bauru<\/a>.<\/p>\n","protected":false},"excerpt":{"rendered":"<p>Sai ano, entra ano e os cuidados com a pele ficam cada vez mais indispens\u00e1veis. Em 2022 continuei com a minha rotina de tratamentos est\u00e9ticos na Oligoflora Bauru, que tem&hellip;<\/p>\n","protected":false},"author":7,"featured_media":23951,"comment_status":"open","ping_status":"open","sticky":false,"template":"","format":"standard","meta":{"_monsterinsights_skip_tracking":false,"_monsterinsights_sitenote_active":false,"_monsterinsights_sitenote_note":"","_monsterinsights_sitenote_category":0,"footnotes":""},"categories":[6,1508],"tags":[3379,3378],"class_list":["post-23952","post","type-post","status-publish","format-standard","has-post-thumbnail","hentry","category-beleza","category-destaque","tag-clinica-estetica-bauru","tag-oligoflora-sempre-cuidando-da-minha-pele"],"yoast_head":"<!-- This site is optimized with the Yoast SEO plugin v26.3 - https:\/\/yoast.com\/wordpress\/plugins\/seo\/ -->\n<title>Oligoflora sempre cuidando da minha pele - Andrea Simonetti<\/title>\n<meta name=\"description\" content=\"Sai ano, entra ano e os cuidados com a pele ficam cada vez mais indispens\u00e1veis.Em 2022 continuei com a minha rotina de tratamentos est\u00e9ticos na\" \/>\n<meta name=\"robots\" content=\"index, follow, max-snippet:-1, max-image-preview:large, max-video-preview:-1\" \/>\n<link rel=\"canonical\" href=\"https:\/\/andreasimonetti.com.br\/blog\/oligoflora-sempre-cuidando-da-minha-pele\/\" \/>\n<meta property=\"og:locale\" content=\"pt_BR\" \/>\n<meta property=\"og:type\" content=\"article\" \/>\n<meta property=\"og:title\" content=\"Oligoflora sempre cuidando da minha pele - Andrea Simonetti\" \/>\n<meta property=\"og:description\" content=\"Sai ano, entra ano e os cuidados com a pele ficam cada vez mais indispens\u00e1veis.Em 2022 continuei com a minha rotina de tratamentos est\u00e9ticos na\" \/>\n<meta property=\"og:url\" content=\"https:\/\/andreasimonetti.com.br\/blog\/oligoflora-sempre-cuidando-da-minha-pele\/\" \/>\n<meta property=\"og:site_name\" content=\"Andrea Simonetti\" \/>\n<meta property=\"article:publisher\" content=\"https:\/\/www.facebook.com\/blogdaandreasimonetti\/\" \/>\n<meta property=\"article:author\" content=\"https:\/\/www.facebook.com\/blogdaandreasimonetti\/\" \/>\n<meta property=\"article:published_time\" content=\"2023-01-09T23:46:05+00:00\" \/>\n<meta property=\"article:modified_time\" content=\"2023-01-09T23:48:02+00:00\" \/>\n<meta property=\"og:image\" content=\"https:\/\/andreasimonetti.com.br\/blog\/wp-content\/uploads\/2023\/01\/322005402_694961488943994_3914556177023673289_n.jpg\" \/>\n\t<meta property=\"og:image:width\" content=\"1536\" \/>\n\t<meta property=\"og:image:height\" content=\"2048\" \/>\n\t<meta property=\"og:image:type\" content=\"image\/jpeg\" \/>\n<meta name=\"author\" content=\"Andrea Simonetti\" \/>\n<meta name=\"twitter:card\" content=\"summary_large_image\" \/>\n<meta name=\"twitter:creator\" content=\"@https:\/\/twitter.com\/Andrea_Simoneti\" \/>\n<meta name=\"twitter:site\" content=\"@Andrea_Simoneti\" \/>\n<meta name=\"twitter:label1\" content=\"Escrito por\" \/>\n\t<meta name=\"twitter:data1\" content=\"Andrea Simonetti\" \/>\n\t<meta name=\"twitter:label2\" content=\"Est. tempo de leitura\" \/>\n\t<meta name=\"twitter:data2\" content=\"1 minuto\" \/>\n<!-- \/ Yoast SEO plugin. -->","yoast_head_json":{"title":"Oligoflora sempre cuidando da minha pele - Andrea Simonetti","description":"Sai ano, entra ano e os cuidados com a pele ficam cada vez mais indispens\u00e1veis.Em 2022 continuei com a minha rotina de tratamentos est\u00e9ticos na","robots":{"index":"index","follow":"follow","max-snippet":"max-snippet:-1","max-image-preview":"max-image-preview:large","max-video-preview":"max-video-preview:-1"},"canonical":"https:\/\/andreasimonetti.com.br\/blog\/oligoflora-sempre-cuidando-da-minha-pele\/","og_locale":"pt_BR","og_type":"article","og_title":"Oligoflora sempre cuidando da minha pele - Andrea Simonetti","og_description":"Sai ano, entra ano e os cuidados com a pele ficam cada vez mais indispens\u00e1veis.Em 2022 continuei com a minha rotina de tratamentos est\u00e9ticos na","og_url":"https:\/\/andreasimonetti.com.br\/blog\/oligoflora-sempre-cuidando-da-minha-pele\/","og_site_name":"Andrea Simonetti","article_publisher":"https:\/\/www.facebook.com\/blogdaandreasimonetti\/","article_author":"https:\/\/www.facebook.com\/blogdaandreasimonetti\/","article_published_time":"2023-01-09T23:46:05+00:00","article_modified_time":"2023-01-09T23:48:02+00:00","og_image":[{"width":1536,"height":2048,"url":"https:\/\/andreasimonetti.com.br\/blog\/wp-content\/uploads\/2023\/01\/322005402_694961488943994_3914556177023673289_n.jpg","type":"image\/jpeg"}],"author":"Andrea Simonetti","twitter_card":"summary_large_image","twitter_creator":"@https:\/\/twitter.com\/Andrea_Simoneti","twitter_site":"@Andrea_Simoneti","twitter_misc":{"Escrito por":"Andrea Simonetti","Est. tempo de leitura":"1 minuto"},"schema":{"@context":"https:\/\/schema.org","@graph":[{"@type":"WebPage","@id":"https:\/\/andreasimonetti.com.br\/blog\/oligoflora-sempre-cuidando-da-minha-pele\/","url":"https:\/\/andreasimonetti.com.br\/blog\/oligoflora-sempre-cuidando-da-minha-pele\/","name":"Oligoflora sempre cuidando da minha pele - Andrea Simonetti","isPartOf":{"@id":"https:\/\/andreasimonetti.com.br\/blog\/#website"},"primaryImageOfPage":{"@id":"https:\/\/andreasimonetti.com.br\/blog\/oligoflora-sempre-cuidando-da-minha-pele\/#primaryimage"},"image":{"@id":"https:\/\/andreasimonetti.com.br\/blog\/oligoflora-sempre-cuidando-da-minha-pele\/#primaryimage"},"thumbnailUrl":"https:\/\/andreasimonetti.com.br\/blog\/wp-content\/uploads\/2023\/01\/322005402_694961488943994_3914556177023673289_n.jpg","datePublished":"2023-01-09T23:46:05+00:00","dateModified":"2023-01-09T23:48:02+00:00","author":{"@id":"https:\/\/andreasimonetti.com.br\/blog\/#\/schema\/person\/254f763c24ac288e27ea738a7366ad2a"},"description":"Sai ano, entra ano e os cuidados com a pele ficam cada vez mais indispens\u00e1veis.Em 2022 continuei com a minha rotina de tratamentos est\u00e9ticos na","breadcrumb":{"@id":"https:\/\/andreasimonetti.com.br\/blog\/oligoflora-sempre-cuidando-da-minha-pele\/#breadcrumb"},"inLanguage":"pt-BR","potentialAction":[{"@type":"ReadAction","target":["https:\/\/andreasimonetti.com.br\/blog\/oligoflora-sempre-cuidando-da-minha-pele\/"]}]},{"@type":"ImageObject","inLanguage":"pt-BR","@id":"https:\/\/andreasimonetti.com.br\/blog\/oligoflora-sempre-cuidando-da-minha-pele\/#primaryimage","url":"https:\/\/andreasimonetti.com.br\/blog\/wp-content\/uploads\/2023\/01\/322005402_694961488943994_3914556177023673289_n.jpg","contentUrl":"https:\/\/andreasimonetti.com.br\/blog\/wp-content\/uploads\/2023\/01\/322005402_694961488943994_3914556177023673289_n.jpg","width":1536,"height":2048,"caption":"Oligoflora sempre cuidando da minha pele"},{"@type":"BreadcrumbList","@id":"https:\/\/andreasimonetti.com.br\/blog\/oligoflora-sempre-cuidando-da-minha-pele\/#breadcrumb","itemListElement":[{"@type":"ListItem","position":1,"name":"In\u00edcio","item":"https:\/\/andreasimonetti.com.br\/blog\/"},{"@type":"ListItem","position":2,"name":"Oligoflora sempre cuidando da minha pele"}]},{"@type":"WebSite","@id":"https:\/\/andreasimonetti.com.br\/blog\/#website","url":"https:\/\/andreasimonetti.com.br\/blog\/","name":"Andrea Simonetti","description":"","potentialAction":[{"@type":"SearchAction","target":{"@type":"EntryPoint","urlTemplate":"https:\/\/andreasimonetti.com.br\/blog\/?s={search_term_string}"},"query-input":{"@type":"PropertyValueSpecification","valueRequired":true,"valueName":"search_term_string"}}],"inLanguage":"pt-BR"},{"@type":"Person","@id":"https:\/\/andreasimonetti.com.br\/blog\/#\/schema\/person\/254f763c24ac288e27ea738a7366ad2a","name":"Andrea Simonetti","image":{"@type":"ImageObject","inLanguage":"pt-BR","@id":"https:\/\/andreasimonetti.com.br\/blog\/#\/schema\/person\/image\/","url":"https:\/\/andreasimonetti.com.br\/blog\/wp-content\/uploads\/2018\/04\/andrea-simonetti-96x96.png","contentUrl":"https:\/\/andreasimonetti.com.br\/blog\/wp-content\/uploads\/2018\/04\/andrea-simonetti-96x96.png","caption":"Andrea Simonetti"},"description":"Sou formada em Administra\u00e7\u00e3o de Empresas, Produ\u00e7\u00e3o de Moda pelo SENAC e Consultoria de Estilo. Sou fascinada por moda desde sempre, adoro ver as pessoas produzidas e de bem com a vida. Moda \u00e9 o meu assunto preferido. Comecei meu blog em 2011, ele cresceu e hoje \u00e9 um site bem mais abrangente, onde eu falo sobre moda e meu trabalho de consultora de estilo. E falo tamb\u00e9m sobre a minha experi\u00eancia de vida. Mas antes de tudo, acredito num Deus Soberano que nos guia e aben\u00e7oa, o tempo todo!","sameAs":["https:\/\/www.andreasimonetti.com.br\/","https:\/\/www.facebook.com\/blogdaandreasimonetti\/","https:\/\/www.instagram.com\/andrea_simonetti\/","https:\/\/br.pinterest.com\/BlogAndrea\/","https:\/\/x.com\/https:\/\/twitter.com\/Andrea_Simoneti"],"url":"https:\/\/andreasimonetti.com.br\/blog\/author\/andrea\/"}]}},"_links":{"self":[{"href":"https:\/\/andreasimonetti.com.br\/blog\/wp-json\/wp\/v2\/posts\/23952","targetHints":{"allow":["GET"]}}],"collection":[{"href":"https:\/\/andreasimonetti.com.br\/blog\/wp-json\/wp\/v2\/posts"}],"about":[{"href":"https:\/\/andreasimonetti.com.br\/blog\/wp-json\/wp\/v2\/types\/post"}],"author":[{"embeddable":true,"href":"https:\/\/andreasimonetti.com.br\/blog\/wp-json\/wp\/v2\/users\/7"}],"replies":[{"embeddable":true,"href":"https:\/\/andreasimonetti.com.br\/blog\/wp-json\/wp\/v2\/comments?post=23952"}],"version-history":[{"count":3,"href":"https:\/\/andreasimonetti.com.br\/blog\/wp-json\/wp\/v2\/posts\/23952\/revisions"}],"predecessor-version":[{"id":23955,"href":"https:\/\/andreasimonetti.com.br\/blog\/wp-json\/wp\/v2\/posts\/23952\/revisions\/23955"}],"wp:featuredmedia":[{"embeddable":true,"href":"https:\/\/andreasimonetti.com.br\/blog\/wp-json\/wp\/v2\/media\/23951"}],"wp:attachment":[{"href":"https:\/\/andreasimonetti.com.br\/blog\/wp-json\/wp\/v2\/media?parent=23952"}],"wp:term":[{"taxonomy":"category","embeddable":true,"href":"https:\/\/andreasimonetti.com.br\/blog\/wp-json\/wp\/v2\/categories?post=23952"},{"taxonomy":"post_tag","embeddable":true,"href":"https:\/\/andreasimonetti.com.br\/blog\/wp-json\/wp\/v2\/tags?post=23952"}],"curies":[{"name":"wp","href":"https:\/\/api.w.org\/{rel}","templated":true}]}}