{"id":23846,"date":"2022-10-23T15:12:23","date_gmt":"2022-10-23T18:12:23","guid":{"rendered":"https:\/\/andreasimonetti.com.br\/blog\/?p=23846"},"modified":"2022-10-23T15:12:23","modified_gmt":"2022-10-23T18:12:23","slug":"vamos-cuidar-da-pele-do-pescoco-e-colo","status":"publish","type":"post","link":"https:\/\/andreasimonetti.com.br\/blog\/vamos-cuidar-da-pele-do-pescoco-e-colo\/","title":{"rendered":"Vamos cuidar da pele do pesco\u00e7o e colo?"},"content":{"rendered":"<div class=\"xdj266r x11i5rnm xat24cr x1mh8g0r x1vvkbs x126k92a\">\n<div dir=\"auto\" style=\"text-align: justify;\">No dia a dia, \u00e9 comum focar em cremes e tratamentos para o rosto e esquecer dos cuidados com pesco\u00e7o e o colo, que tamb\u00e9m sofrem com a idade.<\/div>\n<div dir=\"auto\" style=\"text-align: justify;\">\u00a0<\/div>\n<\/div>\n<div class=\"x11i5rnm xat24cr x1mh8g0r x1vvkbs xtlvy1s x126k92a\" style=\"text-align: justify;\">\n<div dir=\"auto\">Por indica\u00e7\u00e3o da minha farmac\u00eautica de confian\u00e7a, a Luciana Trevizani, propriet\u00e1ria da<a href=\"https:\/\/andreasimonetti.com.br\/blog\/gloss-labial-com-colageno-da-bauru-formulas\/\"> Bauru F\u00f3rmulas<\/a>, comecei a usar o creme Essenskin nessas \u00e1reas.<\/div>\n<div dir=\"auto\">\u00a0<\/div>\n<\/div>\n<div class=\"x11i5rnm xat24cr x1mh8g0r x1vvkbs xtlvy1s x126k92a\" style=\"text-align: justify;\">\n<div dir=\"auto\">O Essenskin oferece \u00e0 pele uma fonte complementar de c\u00e1lcio e amino\u00e1cidos essenciais, trazendo benef\u00edcios como firmeza e elasticidade da pele.<\/div>\n<div dir=\"auto\">\u00a0<\/div>\n<\/div>\n<div class=\"x11i5rnm xat24cr x1mh8g0r x1vvkbs xtlvy1s x126k92a\" style=\"text-align: justify;\">\n<div dir=\"auto\">Encomende o seu Essenskin na <a href=\"https:\/\/www.bauruformulas.com.br\/\">Bauru F\u00f3rmula<\/a>s, em pouco tempo voc\u00ea vai perceber a melhora na pele do colo e pesco\u00e7o.<\/div>\n<div dir=\"auto\">\u00a0<\/div>\n<\/div>\n<div dir=\"auto\" style=\"text-align: justify;\">\u00a0<\/div>\n<div dir=\"auto\">A Bauru Formulas fica <strong>Al. Dr. Oct\u00e1vio Pinheiro Brisolla 16-05<\/strong><\/div>\n<div dir=\"auto\"><strong> Vila Universit\u00e1ria\u00a0<\/strong><\/div>\n<div dir=\"auto\"><strong> Bauru\/SP<\/strong><\/div>\n","protected":false},"excerpt":{"rendered":"<p>No dia a dia, \u00e9 comum focar em cremes e tratamentos para o rosto e esquecer dos cuidados com pesco\u00e7o e o colo, que tamb\u00e9m sofrem com a idade. \u00a0&hellip;<\/p>\n","protected":false},"author":7,"featured_media":23847,"comment_status":"open","ping_status":"open","sticky":false,"template":"","format":"standard","meta":{"_monsterinsights_skip_tracking":false,"_monsterinsights_sitenote_active":false,"_monsterinsights_sitenote_note":"","_monsterinsights_sitenote_category":0,"footnotes":""},"categories":[6,1508],"tags":[3113,3348,3349,3347],"class_list":["post-23846","post","type-post","status-publish","format-standard","has-post-thumbnail","hentry","category-beleza","category-destaque","tag-bauru-formulas","tag-creme-colo-e-pescoco","tag-essenskin","tag-vamos-cuidar-da-pele-do-pescoco-e-colo"],"yoast_head":"<!-- This site is optimized with the Yoast SEO plugin v26.3 - https:\/\/yoast.com\/wordpress\/plugins\/seo\/ -->\n<title>Vamos cuidar da pele do pesco\u00e7o e colo? - Andrea Simonetti<\/title>\n<meta name=\"description\" content=\"No dia a dia, \u00e9 comum focar em cremes e tratamentos para o rosto e esquecer dos cuidados com pesco\u00e7o e o colo, que tamb\u00e9m sofrem com a idade.\" \/>\n<meta name=\"robots\" content=\"index, follow, max-snippet:-1, max-image-preview:large, max-video-preview:-1\" \/>\n<link rel=\"canonical\" href=\"https:\/\/andreasimonetti.com.br\/blog\/vamos-cuidar-da-pele-do-pescoco-e-colo\/\" \/>\n<meta property=\"og:locale\" content=\"pt_BR\" \/>\n<meta property=\"og:type\" content=\"article\" \/>\n<meta property=\"og:title\" content=\"Vamos cuidar da pele do pesco\u00e7o e colo? - Andrea Simonetti\" \/>\n<meta property=\"og:description\" content=\"No dia a dia, \u00e9 comum focar em cremes e tratamentos para o rosto e esquecer dos cuidados com pesco\u00e7o e o colo, que tamb\u00e9m sofrem com a idade.\" \/>\n<meta property=\"og:url\" content=\"https:\/\/andreasimonetti.com.br\/blog\/vamos-cuidar-da-pele-do-pescoco-e-colo\/\" \/>\n<meta property=\"og:site_name\" content=\"Andrea Simonetti\" \/>\n<meta property=\"article:publisher\" content=\"https:\/\/www.facebook.com\/blogdaandreasimonetti\/\" \/>\n<meta property=\"article:author\" content=\"https:\/\/www.facebook.com\/blogdaandreasimonetti\/\" \/>\n<meta property=\"article:published_time\" content=\"2022-10-23T18:12:23+00:00\" \/>\n<meta property=\"og:image\" content=\"https:\/\/andreasimonetti.com.br\/blog\/wp-content\/uploads\/2022\/10\/312783121_5633373073409514_8991359418976113055_n.jpg\" \/>\n\t<meta property=\"og:image:width\" content=\"1365\" \/>\n\t<meta property=\"og:image:height\" content=\"2048\" \/>\n\t<meta property=\"og:image:type\" content=\"image\/jpeg\" \/>\n<meta name=\"author\" content=\"Andrea Simonetti\" \/>\n<meta name=\"twitter:card\" content=\"summary_large_image\" \/>\n<meta name=\"twitter:creator\" content=\"@https:\/\/twitter.com\/Andrea_Simoneti\" \/>\n<meta name=\"twitter:site\" content=\"@Andrea_Simoneti\" \/>\n<meta name=\"twitter:label1\" content=\"Escrito por\" \/>\n\t<meta name=\"twitter:data1\" content=\"Andrea Simonetti\" \/>\n\t<meta name=\"twitter:label2\" content=\"Est. tempo de leitura\" \/>\n\t<meta name=\"twitter:data2\" content=\"1 minuto\" \/>\n<!-- \/ Yoast SEO plugin. -->","yoast_head_json":{"title":"Vamos cuidar da pele do pesco\u00e7o e colo? - Andrea Simonetti","description":"No dia a dia, \u00e9 comum focar em cremes e tratamentos para o rosto e esquecer dos cuidados com pesco\u00e7o e o colo, que tamb\u00e9m sofrem com a idade.","robots":{"index":"index","follow":"follow","max-snippet":"max-snippet:-1","max-image-preview":"max-image-preview:large","max-video-preview":"max-video-preview:-1"},"canonical":"https:\/\/andreasimonetti.com.br\/blog\/vamos-cuidar-da-pele-do-pescoco-e-colo\/","og_locale":"pt_BR","og_type":"article","og_title":"Vamos cuidar da pele do pesco\u00e7o e colo? - Andrea Simonetti","og_description":"No dia a dia, \u00e9 comum focar em cremes e tratamentos para o rosto e esquecer dos cuidados com pesco\u00e7o e o colo, que tamb\u00e9m sofrem com a idade.","og_url":"https:\/\/andreasimonetti.com.br\/blog\/vamos-cuidar-da-pele-do-pescoco-e-colo\/","og_site_name":"Andrea Simonetti","article_publisher":"https:\/\/www.facebook.com\/blogdaandreasimonetti\/","article_author":"https:\/\/www.facebook.com\/blogdaandreasimonetti\/","article_published_time":"2022-10-23T18:12:23+00:00","og_image":[{"width":1365,"height":2048,"url":"https:\/\/andreasimonetti.com.br\/blog\/wp-content\/uploads\/2022\/10\/312783121_5633373073409514_8991359418976113055_n.jpg","type":"image\/jpeg"}],"author":"Andrea Simonetti","twitter_card":"summary_large_image","twitter_creator":"@https:\/\/twitter.com\/Andrea_Simoneti","twitter_site":"@Andrea_Simoneti","twitter_misc":{"Escrito por":"Andrea Simonetti","Est. tempo de leitura":"1 minuto"},"schema":{"@context":"https:\/\/schema.org","@graph":[{"@type":"WebPage","@id":"https:\/\/andreasimonetti.com.br\/blog\/vamos-cuidar-da-pele-do-pescoco-e-colo\/","url":"https:\/\/andreasimonetti.com.br\/blog\/vamos-cuidar-da-pele-do-pescoco-e-colo\/","name":"Vamos cuidar da pele do pesco\u00e7o e colo? - Andrea Simonetti","isPartOf":{"@id":"https:\/\/andreasimonetti.com.br\/blog\/#website"},"primaryImageOfPage":{"@id":"https:\/\/andreasimonetti.com.br\/blog\/vamos-cuidar-da-pele-do-pescoco-e-colo\/#primaryimage"},"image":{"@id":"https:\/\/andreasimonetti.com.br\/blog\/vamos-cuidar-da-pele-do-pescoco-e-colo\/#primaryimage"},"thumbnailUrl":"https:\/\/andreasimonetti.com.br\/blog\/wp-content\/uploads\/2022\/10\/312783121_5633373073409514_8991359418976113055_n.jpg","datePublished":"2022-10-23T18:12:23+00:00","author":{"@id":"https:\/\/andreasimonetti.com.br\/blog\/#\/schema\/person\/254f763c24ac288e27ea738a7366ad2a"},"description":"No dia a dia, \u00e9 comum focar em cremes e tratamentos para o rosto e esquecer dos cuidados com pesco\u00e7o e o colo, que tamb\u00e9m sofrem com a idade.","breadcrumb":{"@id":"https:\/\/andreasimonetti.com.br\/blog\/vamos-cuidar-da-pele-do-pescoco-e-colo\/#breadcrumb"},"inLanguage":"pt-BR","potentialAction":[{"@type":"ReadAction","target":["https:\/\/andreasimonetti.com.br\/blog\/vamos-cuidar-da-pele-do-pescoco-e-colo\/"]}]},{"@type":"ImageObject","inLanguage":"pt-BR","@id":"https:\/\/andreasimonetti.com.br\/blog\/vamos-cuidar-da-pele-do-pescoco-e-colo\/#primaryimage","url":"https:\/\/andreasimonetti.com.br\/blog\/wp-content\/uploads\/2022\/10\/312783121_5633373073409514_8991359418976113055_n.jpg","contentUrl":"https:\/\/andreasimonetti.com.br\/blog\/wp-content\/uploads\/2022\/10\/312783121_5633373073409514_8991359418976113055_n.jpg","width":1365,"height":2048,"caption":"Vamos cuidar da pele do pesco\u00e7o e colo?"},{"@type":"BreadcrumbList","@id":"https:\/\/andreasimonetti.com.br\/blog\/vamos-cuidar-da-pele-do-pescoco-e-colo\/#breadcrumb","itemListElement":[{"@type":"ListItem","position":1,"name":"In\u00edcio","item":"https:\/\/andreasimonetti.com.br\/blog\/"},{"@type":"ListItem","position":2,"name":"Vamos cuidar da pele do pesco\u00e7o e colo?"}]},{"@type":"WebSite","@id":"https:\/\/andreasimonetti.com.br\/blog\/#website","url":"https:\/\/andreasimonetti.com.br\/blog\/","name":"Andrea Simonetti","description":"","potentialAction":[{"@type":"SearchAction","target":{"@type":"EntryPoint","urlTemplate":"https:\/\/andreasimonetti.com.br\/blog\/?s={search_term_string}"},"query-input":{"@type":"PropertyValueSpecification","valueRequired":true,"valueName":"search_term_string"}}],"inLanguage":"pt-BR"},{"@type":"Person","@id":"https:\/\/andreasimonetti.com.br\/blog\/#\/schema\/person\/254f763c24ac288e27ea738a7366ad2a","name":"Andrea Simonetti","image":{"@type":"ImageObject","inLanguage":"pt-BR","@id":"https:\/\/andreasimonetti.com.br\/blog\/#\/schema\/person\/image\/","url":"https:\/\/andreasimonetti.com.br\/blog\/wp-content\/uploads\/2018\/04\/andrea-simonetti-96x96.png","contentUrl":"https:\/\/andreasimonetti.com.br\/blog\/wp-content\/uploads\/2018\/04\/andrea-simonetti-96x96.png","caption":"Andrea Simonetti"},"description":"Sou formada em Administra\u00e7\u00e3o de Empresas, Produ\u00e7\u00e3o de Moda pelo SENAC e Consultoria de Estilo. Sou fascinada por moda desde sempre, adoro ver as pessoas produzidas e de bem com a vida. Moda \u00e9 o meu assunto preferido. Comecei meu blog em 2011, ele cresceu e hoje \u00e9 um site bem mais abrangente, onde eu falo sobre moda e meu trabalho de consultora de estilo. E falo tamb\u00e9m sobre a minha experi\u00eancia de vida. Mas antes de tudo, acredito num Deus Soberano que nos guia e aben\u00e7oa, o tempo todo!","sameAs":["https:\/\/www.andreasimonetti.com.br\/","https:\/\/www.facebook.com\/blogdaandreasimonetti\/","https:\/\/www.instagram.com\/andrea_simonetti\/","https:\/\/br.pinterest.com\/BlogAndrea\/","https:\/\/x.com\/https:\/\/twitter.com\/Andrea_Simoneti"],"url":"https:\/\/andreasimonetti.com.br\/blog\/author\/andrea\/"}]}},"_links":{"self":[{"href":"https:\/\/andreasimonetti.com.br\/blog\/wp-json\/wp\/v2\/posts\/23846","targetHints":{"allow":["GET"]}}],"collection":[{"href":"https:\/\/andreasimonetti.com.br\/blog\/wp-json\/wp\/v2\/posts"}],"about":[{"href":"https:\/\/andreasimonetti.com.br\/blog\/wp-json\/wp\/v2\/types\/post"}],"author":[{"embeddable":true,"href":"https:\/\/andreasimonetti.com.br\/blog\/wp-json\/wp\/v2\/users\/7"}],"replies":[{"embeddable":true,"href":"https:\/\/andreasimonetti.com.br\/blog\/wp-json\/wp\/v2\/comments?post=23846"}],"version-history":[{"count":1,"href":"https:\/\/andreasimonetti.com.br\/blog\/wp-json\/wp\/v2\/posts\/23846\/revisions"}],"predecessor-version":[{"id":23848,"href":"https:\/\/andreasimonetti.com.br\/blog\/wp-json\/wp\/v2\/posts\/23846\/revisions\/23848"}],"wp:featuredmedia":[{"embeddable":true,"href":"https:\/\/andreasimonetti.com.br\/blog\/wp-json\/wp\/v2\/media\/23847"}],"wp:attachment":[{"href":"https:\/\/andreasimonetti.com.br\/blog\/wp-json\/wp\/v2\/media?parent=23846"}],"wp:term":[{"taxonomy":"category","embeddable":true,"href":"https:\/\/andreasimonetti.com.br\/blog\/wp-json\/wp\/v2\/categories?post=23846"},{"taxonomy":"post_tag","embeddable":true,"href":"https:\/\/andreasimonetti.com.br\/blog\/wp-json\/wp\/v2\/tags?post=23846"}],"curies":[{"name":"wp","href":"https:\/\/api.w.org\/{rel}","templated":true}]}}