{"id":23838,"date":"2022-10-17T16:51:33","date_gmt":"2022-10-17T19:51:33","guid":{"rendered":"https:\/\/andreasimonetti.com.br\/blog\/?p=23838"},"modified":"2022-10-17T16:52:47","modified_gmt":"2022-10-17T19:52:47","slug":"o-que-vestir-casamento-as-17-horas","status":"publish","type":"post","link":"https:\/\/andreasimonetti.com.br\/blog\/o-que-vestir-casamento-as-17-horas\/","title":{"rendered":"O que vestir: Casamento as 17 horas?"},"content":{"rendered":"<p style=\"text-align: justify;\"><span class=\"_aacl _aaco _aacu _aacx _aad7 _aade\"><a href=\"https:\/\/andreasimonetti.com.br\/blog\/o-que-nao-usar-em-casamento\/\">Para n\u00e3o errar por falta de informa\u00e7\u00e3<\/a>o, comece perguntando ao cerimonial da festa, \u00e0 fam\u00edlia ou \u00e0 pr\u00f3pria noiva, qual o dress code esperado, e ent\u00e3o, siga as orienta\u00e7\u00f5es.<\/p>\n<p>Mas \u00e9 sempre \u00fatil ter no\u00e7\u00f5es b\u00e1sicas sobre esse assunto, por exemplo:<br \/>\n<\/span><\/p>\n<p style=\"text-align: justify;\"><span class=\"_aacl _aaco _aacu _aacx _aad7 _aade\">&#8211; O esporte fino normalmente \u00e9 indicado para cerim\u00f4nias mais informais, e por favor, \u00e9 esporte FINO, n\u00e3o um look esportivo;<br \/>\n&#8211; Vestidos com tecidos flu\u00eddos, com comprimentos que podem ser at\u00e9 o joelho, midis e at\u00e9 longos, caem super bem em eventos de fim de tarde;<br \/>\n&#8211; Nos p\u00e9s, sand\u00e1lias de salto fino ou scarpin;<br \/>\n&#8211; O brilho aparecer\u00e1 nos acess\u00f3rios;<br \/>\n&#8211; O cabelo semi preso \u00e9 a melhor op\u00e7\u00e3o, porque uma cerim\u00f4nia merece algo mais elaborado do que cabelos soltos;<br \/>\n\u00a0a maquiagem tamb\u00e9m pede aten\u00e7\u00e3o e delicadeza.<br \/>\n<\/span><\/p>\n<p style=\"text-align: justify;\"><span class=\"_aacl _aaco _aacu _aacx _aad7 _aade\">Minha querida sobrinha Camila Gaio se casou num fim de tarde de um s\u00e1bado de sol.<\/p>\n<p>E a minha escolha para a cerim\u00f4nia foi : vestido flu\u00eddo com babados, acess\u00f3rios bem coloridos e cabelos com baby liss e tran\u00e7as laterais, trabalho do hair stylist J\u00falio Dinardi.<\/p>\n<p>Eu quis um look adequado num dia t\u00e3o especial na vida dessa noiva t\u00e3o linda que \u00e9 a Camilinha.??<br \/>\n<\/span><\/p>\n<p><img loading=\"lazy\" decoding=\"async\" class=\"alignnone wp-image-23839 size-full\" src=\"https:\/\/andreasimonetti.com.br\/blog\/wp-content\/uploads\/2022\/10\/307699574_792331528798154_5209105927040478025_n.jpg\" alt=\"O que vestir: Casamento as 17 horas? \" width=\"1152\" height=\"2048\" srcset=\"https:\/\/andreasimonetti.com.br\/blog\/wp-content\/uploads\/2022\/10\/307699574_792331528798154_5209105927040478025_n.jpg 1152w, https:\/\/andreasimonetti.com.br\/blog\/wp-content\/uploads\/2022\/10\/307699574_792331528798154_5209105927040478025_n-169x300.jpg 169w, https:\/\/andreasimonetti.com.br\/blog\/wp-content\/uploads\/2022\/10\/307699574_792331528798154_5209105927040478025_n-576x1024.jpg 576w, https:\/\/andreasimonetti.com.br\/blog\/wp-content\/uploads\/2022\/10\/307699574_792331528798154_5209105927040478025_n-768x1365.jpg 768w, https:\/\/andreasimonetti.com.br\/blog\/wp-content\/uploads\/2022\/10\/307699574_792331528798154_5209105927040478025_n-864x1536.jpg 864w, https:\/\/andreasimonetti.com.br\/blog\/wp-content\/uploads\/2022\/10\/307699574_792331528798154_5209105927040478025_n-585x1040.jpg 585w\" sizes=\"auto, (max-width: 1152px) 100vw, 1152px\" \/><\/p>\n<p><img loading=\"lazy\" decoding=\"async\" class=\"alignnone wp-image-23840 size-full\" src=\"https:\/\/andreasimonetti.com.br\/blog\/wp-content\/uploads\/2022\/10\/302356344_792327428798564_5993047272716671476_n.jpg\" alt=\"O que vestir: Casamento as 17 horas? \" width=\"1536\" height=\"2048\" srcset=\"https:\/\/andreasimonetti.com.br\/blog\/wp-content\/uploads\/2022\/10\/302356344_792327428798564_5993047272716671476_n.jpg 1536w, https:\/\/andreasimonetti.com.br\/blog\/wp-content\/uploads\/2022\/10\/302356344_792327428798564_5993047272716671476_n-225x300.jpg 225w, https:\/\/andreasimonetti.com.br\/blog\/wp-content\/uploads\/2022\/10\/302356344_792327428798564_5993047272716671476_n-768x1024.jpg 768w, https:\/\/andreasimonetti.com.br\/blog\/wp-content\/uploads\/2022\/10\/302356344_792327428798564_5993047272716671476_n-1152x1536.jpg 1152w, https:\/\/andreasimonetti.com.br\/blog\/wp-content\/uploads\/2022\/10\/302356344_792327428798564_5993047272716671476_n-1170x1560.jpg 1170w, https:\/\/andreasimonetti.com.br\/blog\/wp-content\/uploads\/2022\/10\/302356344_792327428798564_5993047272716671476_n-585x780.jpg 585w\" sizes=\"auto, (max-width: 1536px) 100vw, 1536px\" \/> <img loading=\"lazy\" decoding=\"async\" class=\"alignnone wp-image-23841 size-full\" src=\"https:\/\/andreasimonetti.com.br\/blog\/wp-content\/uploads\/2022\/10\/308516003_792331505464823_3288610019006737157_n.jpg\" alt=\"O que vestir: Casamento as 17 horas? \" width=\"1536\" height=\"2048\" srcset=\"https:\/\/andreasimonetti.com.br\/blog\/wp-content\/uploads\/2022\/10\/308516003_792331505464823_3288610019006737157_n.jpg 1536w, https:\/\/andreasimonetti.com.br\/blog\/wp-content\/uploads\/2022\/10\/308516003_792331505464823_3288610019006737157_n-225x300.jpg 225w, https:\/\/andreasimonetti.com.br\/blog\/wp-content\/uploads\/2022\/10\/308516003_792331505464823_3288610019006737157_n-768x1024.jpg 768w, https:\/\/andreasimonetti.com.br\/blog\/wp-content\/uploads\/2022\/10\/308516003_792331505464823_3288610019006737157_n-1152x1536.jpg 1152w, https:\/\/andreasimonetti.com.br\/blog\/wp-content\/uploads\/2022\/10\/308516003_792331505464823_3288610019006737157_n-1170x1560.jpg 1170w, https:\/\/andreasimonetti.com.br\/blog\/wp-content\/uploads\/2022\/10\/308516003_792331505464823_3288610019006737157_n-585x780.jpg 585w\" sizes=\"auto, (max-width: 1536px) 100vw, 1536px\" \/><\/p>\n<p><span class=\"_aacl _aaco _aacu _aacx _aad7 _aade\"><strong>Cr\u00e9ditos<\/strong> :<br \/>\n&#8211; Look\u00a0<a class=\"x1i10hfl xjbqb8w x6umtig x1b1mbwd xaqea5y xav7gou x9f619 x1ypdohk xt0psk2 xe8uvvx xdj266r x11i5rnm xat24cr x1mh8g0r xexx8yu x4uap5 x18d9i69 xkhd6sd x16tdsg8 x1hl2dhg xggy1nq x1a2a7pz notranslate _a6hd\" tabindex=\"0\" role=\"link\" href=\"https:\/\/www.instagram.com\/averarabrand\/?hl=pt-br\">@averarabrand<\/a>\u00a0da\u00a0<a class=\"x1i10hfl xjbqb8w x6umtig x1b1mbwd xaqea5y xav7gou x9f619 x1ypdohk xt0psk2 xe8uvvx xdj266r x11i5rnm xat24cr x1mh8g0r xexx8yu x4uap5 x18d9i69 xkhd6sd x16tdsg8 x1hl2dhg xggy1nq x1a2a7pz notranslate _a6hd\" tabindex=\"0\" role=\"link\" href=\"https:\/\/www.instagram.com\/lojapedagio\/?hl=pt-br\">@lojapedagio<\/a><br \/>\n&#8211; Acess\u00f3rios\u00a0<a class=\"x1i10hfl xjbqb8w x6umtig x1b1mbwd xaqea5y xav7gou x9f619 x1ypdohk xt0psk2 xe8uvvx xdj266r x11i5rnm xat24cr x1mh8g0r xexx8yu x4uap5 x18d9i69 xkhd6sd x16tdsg8 x1hl2dhg xggy1nq x1a2a7pz notranslate _a6hd\" tabindex=\"0\" role=\"link\" href=\"https:\/\/www.instagram.com\/jadeacessorios\/?hl=pt-br\">@jadeacessorios<\/a><br \/>\n&#8211; Make e Hair\u00a0<a class=\"x1i10hfl xjbqb8w x6umtig x1b1mbwd xaqea5y xav7gou x9f619 x1ypdohk xt0psk2 xe8uvvx xdj266r x11i5rnm xat24cr x1mh8g0r xexx8yu x4uap5 x18d9i69 xkhd6sd x16tdsg8 x1hl2dhg xggy1nq x1a2a7pz notranslate _a6hd\" tabindex=\"0\" role=\"link\" href=\"https:\/\/www.instagram.com\/dinardshairfashion\/?hl=pt-br\">@dinardshairfashion<\/a><\/span><\/p>\n","protected":false},"excerpt":{"rendered":"<p>Para n\u00e3o errar por falta de informa\u00e7\u00e3o, comece perguntando ao cerimonial da festa, \u00e0 fam\u00edlia ou \u00e0 pr\u00f3pria noiva, qual o dress code esperado, e ent\u00e3o, siga as orienta\u00e7\u00f5es. Mas&hellip;<\/p>\n","protected":false},"author":7,"featured_media":23843,"comment_status":"open","ping_status":"open","sticky":false,"template":"","format":"standard","meta":{"_monsterinsights_skip_tracking":false,"_monsterinsights_sitenote_active":false,"_monsterinsights_sitenote_note":"","_monsterinsights_sitenote_category":0,"footnotes":""},"categories":[3057,1508],"tags":[3346,3345],"class_list":["post-23838","post","type-post","status-publish","format-standard","has-post-thumbnail","hentry","category-consultoria-de-estilo","category-destaque","tag-consultoria-para-madrinhas","tag-o-que-vestir-casamento-as-17-horas"],"yoast_head":"<!-- This site is optimized with the Yoast SEO plugin v26.3 - https:\/\/yoast.com\/wordpress\/plugins\/seo\/ -->\n<title>O que vestir: Casamento as 17 horas? - Andrea Simonetti<\/title>\n<meta name=\"description\" content=\"Mas \u00e9 sempre \u00fatil ter no\u00e7\u00f5es b\u00e1sicas sobre esse assunto, por exemplo:-O esporte fino normalmente \u00e9 indicado para cerim\u00f4nias mais informais, e por favor,\" \/>\n<meta name=\"robots\" content=\"index, follow, max-snippet:-1, max-image-preview:large, max-video-preview:-1\" \/>\n<link rel=\"canonical\" href=\"https:\/\/andreasimonetti.com.br\/blog\/o-que-vestir-casamento-as-17-horas\/\" \/>\n<meta property=\"og:locale\" content=\"pt_BR\" \/>\n<meta property=\"og:type\" content=\"article\" \/>\n<meta property=\"og:title\" content=\"O que vestir: Casamento as 17 horas? - Andrea Simonetti\" \/>\n<meta property=\"og:description\" content=\"Mas \u00e9 sempre \u00fatil ter no\u00e7\u00f5es b\u00e1sicas sobre esse assunto, por exemplo:-O esporte fino normalmente \u00e9 indicado para cerim\u00f4nias mais informais, e por favor,\" \/>\n<meta property=\"og:url\" content=\"https:\/\/andreasimonetti.com.br\/blog\/o-que-vestir-casamento-as-17-horas\/\" \/>\n<meta property=\"og:site_name\" content=\"Andrea Simonetti\" \/>\n<meta property=\"article:publisher\" content=\"https:\/\/www.facebook.com\/blogdaandreasimonetti\/\" \/>\n<meta property=\"article:author\" content=\"https:\/\/www.facebook.com\/blogdaandreasimonetti\/\" \/>\n<meta property=\"article:published_time\" content=\"2022-10-17T19:51:33+00:00\" \/>\n<meta property=\"article:modified_time\" content=\"2022-10-17T19:52:47+00:00\" \/>\n<meta property=\"og:image\" content=\"https:\/\/andreasimonetti.com.br\/blog\/wp-content\/uploads\/2022\/10\/309592837_792327385465235_2200707159827061433_n.jpg\" \/>\n\t<meta property=\"og:image:width\" content=\"1536\" \/>\n\t<meta property=\"og:image:height\" content=\"2048\" \/>\n\t<meta property=\"og:image:type\" content=\"image\/jpeg\" \/>\n<meta name=\"author\" content=\"Andrea Simonetti\" \/>\n<meta name=\"twitter:card\" content=\"summary_large_image\" \/>\n<meta name=\"twitter:creator\" content=\"@https:\/\/twitter.com\/Andrea_Simoneti\" \/>\n<meta name=\"twitter:site\" content=\"@Andrea_Simoneti\" \/>\n<meta name=\"twitter:label1\" content=\"Escrito por\" \/>\n\t<meta name=\"twitter:data1\" content=\"Andrea Simonetti\" \/>\n\t<meta name=\"twitter:label2\" content=\"Est. tempo de leitura\" \/>\n\t<meta name=\"twitter:data2\" content=\"1 minuto\" \/>\n<!-- \/ Yoast SEO plugin. -->","yoast_head_json":{"title":"O que vestir: Casamento as 17 horas? - Andrea Simonetti","description":"Mas \u00e9 sempre \u00fatil ter no\u00e7\u00f5es b\u00e1sicas sobre esse assunto, por exemplo:-O esporte fino normalmente \u00e9 indicado para cerim\u00f4nias mais informais, e por favor,","robots":{"index":"index","follow":"follow","max-snippet":"max-snippet:-1","max-image-preview":"max-image-preview:large","max-video-preview":"max-video-preview:-1"},"canonical":"https:\/\/andreasimonetti.com.br\/blog\/o-que-vestir-casamento-as-17-horas\/","og_locale":"pt_BR","og_type":"article","og_title":"O que vestir: Casamento as 17 horas? - Andrea Simonetti","og_description":"Mas \u00e9 sempre \u00fatil ter no\u00e7\u00f5es b\u00e1sicas sobre esse assunto, por exemplo:-O esporte fino normalmente \u00e9 indicado para cerim\u00f4nias mais informais, e por favor,","og_url":"https:\/\/andreasimonetti.com.br\/blog\/o-que-vestir-casamento-as-17-horas\/","og_site_name":"Andrea Simonetti","article_publisher":"https:\/\/www.facebook.com\/blogdaandreasimonetti\/","article_author":"https:\/\/www.facebook.com\/blogdaandreasimonetti\/","article_published_time":"2022-10-17T19:51:33+00:00","article_modified_time":"2022-10-17T19:52:47+00:00","og_image":[{"width":1536,"height":2048,"url":"https:\/\/andreasimonetti.com.br\/blog\/wp-content\/uploads\/2022\/10\/309592837_792327385465235_2200707159827061433_n.jpg","type":"image\/jpeg"}],"author":"Andrea Simonetti","twitter_card":"summary_large_image","twitter_creator":"@https:\/\/twitter.com\/Andrea_Simoneti","twitter_site":"@Andrea_Simoneti","twitter_misc":{"Escrito por":"Andrea Simonetti","Est. tempo de leitura":"1 minuto"},"schema":{"@context":"https:\/\/schema.org","@graph":[{"@type":"WebPage","@id":"https:\/\/andreasimonetti.com.br\/blog\/o-que-vestir-casamento-as-17-horas\/","url":"https:\/\/andreasimonetti.com.br\/blog\/o-que-vestir-casamento-as-17-horas\/","name":"O que vestir: Casamento as 17 horas? - Andrea Simonetti","isPartOf":{"@id":"https:\/\/andreasimonetti.com.br\/blog\/#website"},"primaryImageOfPage":{"@id":"https:\/\/andreasimonetti.com.br\/blog\/o-que-vestir-casamento-as-17-horas\/#primaryimage"},"image":{"@id":"https:\/\/andreasimonetti.com.br\/blog\/o-que-vestir-casamento-as-17-horas\/#primaryimage"},"thumbnailUrl":"https:\/\/andreasimonetti.com.br\/blog\/wp-content\/uploads\/2022\/10\/309592837_792327385465235_2200707159827061433_n.jpg","datePublished":"2022-10-17T19:51:33+00:00","dateModified":"2022-10-17T19:52:47+00:00","author":{"@id":"https:\/\/andreasimonetti.com.br\/blog\/#\/schema\/person\/254f763c24ac288e27ea738a7366ad2a"},"description":"Mas \u00e9 sempre \u00fatil ter no\u00e7\u00f5es b\u00e1sicas sobre esse assunto, por exemplo:-O esporte fino normalmente \u00e9 indicado para cerim\u00f4nias mais informais, e por favor,","breadcrumb":{"@id":"https:\/\/andreasimonetti.com.br\/blog\/o-que-vestir-casamento-as-17-horas\/#breadcrumb"},"inLanguage":"pt-BR","potentialAction":[{"@type":"ReadAction","target":["https:\/\/andreasimonetti.com.br\/blog\/o-que-vestir-casamento-as-17-horas\/"]}]},{"@type":"ImageObject","inLanguage":"pt-BR","@id":"https:\/\/andreasimonetti.com.br\/blog\/o-que-vestir-casamento-as-17-horas\/#primaryimage","url":"https:\/\/andreasimonetti.com.br\/blog\/wp-content\/uploads\/2022\/10\/309592837_792327385465235_2200707159827061433_n.jpg","contentUrl":"https:\/\/andreasimonetti.com.br\/blog\/wp-content\/uploads\/2022\/10\/309592837_792327385465235_2200707159827061433_n.jpg","width":1536,"height":2048,"caption":"O que vestir: Casamento as 17 horas?"},{"@type":"BreadcrumbList","@id":"https:\/\/andreasimonetti.com.br\/blog\/o-que-vestir-casamento-as-17-horas\/#breadcrumb","itemListElement":[{"@type":"ListItem","position":1,"name":"In\u00edcio","item":"https:\/\/andreasimonetti.com.br\/blog\/"},{"@type":"ListItem","position":2,"name":"O que vestir: Casamento as 17 horas?"}]},{"@type":"WebSite","@id":"https:\/\/andreasimonetti.com.br\/blog\/#website","url":"https:\/\/andreasimonetti.com.br\/blog\/","name":"Andrea Simonetti","description":"","potentialAction":[{"@type":"SearchAction","target":{"@type":"EntryPoint","urlTemplate":"https:\/\/andreasimonetti.com.br\/blog\/?s={search_term_string}"},"query-input":{"@type":"PropertyValueSpecification","valueRequired":true,"valueName":"search_term_string"}}],"inLanguage":"pt-BR"},{"@type":"Person","@id":"https:\/\/andreasimonetti.com.br\/blog\/#\/schema\/person\/254f763c24ac288e27ea738a7366ad2a","name":"Andrea Simonetti","image":{"@type":"ImageObject","inLanguage":"pt-BR","@id":"https:\/\/andreasimonetti.com.br\/blog\/#\/schema\/person\/image\/","url":"https:\/\/andreasimonetti.com.br\/blog\/wp-content\/uploads\/2018\/04\/andrea-simonetti-96x96.png","contentUrl":"https:\/\/andreasimonetti.com.br\/blog\/wp-content\/uploads\/2018\/04\/andrea-simonetti-96x96.png","caption":"Andrea Simonetti"},"description":"Sou formada em Administra\u00e7\u00e3o de Empresas, Produ\u00e7\u00e3o de Moda pelo SENAC e Consultoria de Estilo. Sou fascinada por moda desde sempre, adoro ver as pessoas produzidas e de bem com a vida. Moda \u00e9 o meu assunto preferido. Comecei meu blog em 2011, ele cresceu e hoje \u00e9 um site bem mais abrangente, onde eu falo sobre moda e meu trabalho de consultora de estilo. E falo tamb\u00e9m sobre a minha experi\u00eancia de vida. Mas antes de tudo, acredito num Deus Soberano que nos guia e aben\u00e7oa, o tempo todo!","sameAs":["https:\/\/www.andreasimonetti.com.br\/","https:\/\/www.facebook.com\/blogdaandreasimonetti\/","https:\/\/www.instagram.com\/andrea_simonetti\/","https:\/\/br.pinterest.com\/BlogAndrea\/","https:\/\/x.com\/https:\/\/twitter.com\/Andrea_Simoneti"],"url":"https:\/\/andreasimonetti.com.br\/blog\/author\/andrea\/"}]}},"_links":{"self":[{"href":"https:\/\/andreasimonetti.com.br\/blog\/wp-json\/wp\/v2\/posts\/23838","targetHints":{"allow":["GET"]}}],"collection":[{"href":"https:\/\/andreasimonetti.com.br\/blog\/wp-json\/wp\/v2\/posts"}],"about":[{"href":"https:\/\/andreasimonetti.com.br\/blog\/wp-json\/wp\/v2\/types\/post"}],"author":[{"embeddable":true,"href":"https:\/\/andreasimonetti.com.br\/blog\/wp-json\/wp\/v2\/users\/7"}],"replies":[{"embeddable":true,"href":"https:\/\/andreasimonetti.com.br\/blog\/wp-json\/wp\/v2\/comments?post=23838"}],"version-history":[{"count":2,"href":"https:\/\/andreasimonetti.com.br\/blog\/wp-json\/wp\/v2\/posts\/23838\/revisions"}],"predecessor-version":[{"id":23845,"href":"https:\/\/andreasimonetti.com.br\/blog\/wp-json\/wp\/v2\/posts\/23838\/revisions\/23845"}],"wp:featuredmedia":[{"embeddable":true,"href":"https:\/\/andreasimonetti.com.br\/blog\/wp-json\/wp\/v2\/media\/23843"}],"wp:attachment":[{"href":"https:\/\/andreasimonetti.com.br\/blog\/wp-json\/wp\/v2\/media?parent=23838"}],"wp:term":[{"taxonomy":"category","embeddable":true,"href":"https:\/\/andreasimonetti.com.br\/blog\/wp-json\/wp\/v2\/categories?post=23838"},{"taxonomy":"post_tag","embeddable":true,"href":"https:\/\/andreasimonetti.com.br\/blog\/wp-json\/wp\/v2\/tags?post=23838"}],"curies":[{"name":"wp","href":"https:\/\/api.w.org\/{rel}","templated":true}]}}