{"id":23613,"date":"2022-07-10T15:10:26","date_gmt":"2022-07-10T18:10:26","guid":{"rendered":"https:\/\/andreasimonetti.com.br\/blog\/?p=23613"},"modified":"2022-07-10T15:10:26","modified_gmt":"2022-07-10T18:10:26","slug":"look-fucsia-da-cholet","status":"publish","type":"post","link":"https:\/\/andreasimonetti.com.br\/blog\/look-fucsia-da-cholet\/","title":{"rendered":"Look f\u00facsia da Cholet"},"content":{"rendered":"<div class=\"kvgmc6g5 cxmmr5t8 oygrvhab hcukyx3x c1et5uql ii04i59q\">\n<div dir=\"auto\">Aposte em um look com a cor f\u00facsia, a cor foi inspirada em uma flor, que leva o mesmo nome.<\/div>\n<div dir=\"auto\">Ela possui uma mistura de tons entre rosa e roxo, resultando em uma cor vibrante e bem moderna.<\/div>\n<\/div>\n<div class=\"cxmmr5t8 oygrvhab hcukyx3x c1et5uql o9v6fnle ii04i59q\">\n<div dir=\"auto\">Com esse look voc\u00ea pode ir perfeitamente a um jantar com amigos, anivers\u00e1rios e outras ocasi\u00f5es.<\/div>\n<\/div>\n<div class=\"cxmmr5t8 oygrvhab hcukyx3x c1et5uql o9v6fnle ii04i59q\">\n<div dir=\"auto\">O rechelie vazado na saia deu um ar bem sofisticado ao look.<\/div>\n<div dir=\"auto\">\u00a0<\/div>\n<\/div>\n<div class=\"cxmmr5t8 oygrvhab hcukyx3x c1et5uql o9v6fnle ii04i59q\">\n<div dir=\"auto\"><strong>Cr\u00e9ditos:<\/strong><\/div>\n<div dir=\"auto\">\u00a0<\/div>\n<div dir=\"auto\">&#8211; Look <a href=\"https:\/\/cholet.com.br\/\">@choletoficial<\/a> da <a href=\"https:\/\/www.lojapedagio.com.br\/\">@lojapedagio<\/a><\/div>\n<\/div>\n","protected":false},"excerpt":{"rendered":"<p>Aposte em um look com a cor f\u00facsia, a cor foi inspirada em uma flor, que leva o mesmo nome. Ela possui uma mistura de tons entre rosa e roxo,&hellip;<\/p>\n","protected":false},"author":7,"featured_media":23614,"comment_status":"open","ping_status":"open","sticky":false,"template":"","format":"standard","meta":{"_monsterinsights_skip_tracking":false,"_monsterinsights_sitenote_active":false,"_monsterinsights_sitenote_note":"","_monsterinsights_sitenote_category":0,"footnotes":""},"categories":[1508,3],"tags":[3294,3293],"class_list":["post-23613","post","type-post","status-publish","format-standard","has-post-thumbnail","hentry","category-destaque","category-moda","tag-look-cholet","tag-look-fucsia"],"yoast_head":"<!-- This site is optimized with the Yoast SEO plugin v26.3 - https:\/\/yoast.com\/wordpress\/plugins\/seo\/ -->\n<title>Look f\u00facsia da Cholet - Andrea Simonetti<\/title>\n<meta name=\"description\" content=\"Aposte em um look com a cor f\u00facsia, a cor foi inspirada em uma flor, que leva o mesmo nome.Ela possui uma mistura de tons entre rosa e roxo\" \/>\n<meta name=\"robots\" content=\"index, follow, max-snippet:-1, max-image-preview:large, max-video-preview:-1\" \/>\n<link rel=\"canonical\" href=\"https:\/\/andreasimonetti.com.br\/blog\/look-fucsia-da-cholet\/\" \/>\n<meta property=\"og:locale\" content=\"pt_BR\" \/>\n<meta property=\"og:type\" content=\"article\" \/>\n<meta property=\"og:title\" content=\"Look f\u00facsia da Cholet - Andrea Simonetti\" \/>\n<meta property=\"og:description\" content=\"Aposte em um look com a cor f\u00facsia, a cor foi inspirada em uma flor, que leva o mesmo nome.Ela possui uma mistura de tons entre rosa e roxo\" \/>\n<meta property=\"og:url\" content=\"https:\/\/andreasimonetti.com.br\/blog\/look-fucsia-da-cholet\/\" \/>\n<meta property=\"og:site_name\" content=\"Andrea Simonetti\" \/>\n<meta property=\"article:publisher\" content=\"https:\/\/www.facebook.com\/blogdaandreasimonetti\/\" \/>\n<meta property=\"article:author\" content=\"https:\/\/www.facebook.com\/blogdaandreasimonetti\/\" \/>\n<meta property=\"article:published_time\" content=\"2022-07-10T18:10:26+00:00\" \/>\n<meta property=\"og:image\" content=\"https:\/\/andreasimonetti.com.br\/blog\/wp-content\/uploads\/2022\/07\/290080133_705591760805465_6440211085961431553_n.jpg\" \/>\n\t<meta property=\"og:image:width\" content=\"1440\" \/>\n\t<meta property=\"og:image:height\" content=\"1616\" \/>\n\t<meta property=\"og:image:type\" content=\"image\/jpeg\" \/>\n<meta name=\"author\" content=\"Andrea Simonetti\" \/>\n<meta name=\"twitter:card\" content=\"summary_large_image\" \/>\n<meta name=\"twitter:creator\" content=\"@https:\/\/twitter.com\/Andrea_Simoneti\" \/>\n<meta name=\"twitter:site\" content=\"@Andrea_Simoneti\" \/>\n<meta name=\"twitter:label1\" content=\"Escrito por\" \/>\n\t<meta name=\"twitter:data1\" content=\"Andrea Simonetti\" \/>\n<!-- \/ Yoast SEO plugin. -->","yoast_head_json":{"title":"Look f\u00facsia da Cholet - Andrea Simonetti","description":"Aposte em um look com a cor f\u00facsia, a cor foi inspirada em uma flor, que leva o mesmo nome.Ela possui uma mistura de tons entre rosa e roxo","robots":{"index":"index","follow":"follow","max-snippet":"max-snippet:-1","max-image-preview":"max-image-preview:large","max-video-preview":"max-video-preview:-1"},"canonical":"https:\/\/andreasimonetti.com.br\/blog\/look-fucsia-da-cholet\/","og_locale":"pt_BR","og_type":"article","og_title":"Look f\u00facsia da Cholet - Andrea Simonetti","og_description":"Aposte em um look com a cor f\u00facsia, a cor foi inspirada em uma flor, que leva o mesmo nome.Ela possui uma mistura de tons entre rosa e roxo","og_url":"https:\/\/andreasimonetti.com.br\/blog\/look-fucsia-da-cholet\/","og_site_name":"Andrea Simonetti","article_publisher":"https:\/\/www.facebook.com\/blogdaandreasimonetti\/","article_author":"https:\/\/www.facebook.com\/blogdaandreasimonetti\/","article_published_time":"2022-07-10T18:10:26+00:00","og_image":[{"width":1440,"height":1616,"url":"https:\/\/andreasimonetti.com.br\/blog\/wp-content\/uploads\/2022\/07\/290080133_705591760805465_6440211085961431553_n.jpg","type":"image\/jpeg"}],"author":"Andrea Simonetti","twitter_card":"summary_large_image","twitter_creator":"@https:\/\/twitter.com\/Andrea_Simoneti","twitter_site":"@Andrea_Simoneti","twitter_misc":{"Escrito por":"Andrea Simonetti"},"schema":{"@context":"https:\/\/schema.org","@graph":[{"@type":"WebPage","@id":"https:\/\/andreasimonetti.com.br\/blog\/look-fucsia-da-cholet\/","url":"https:\/\/andreasimonetti.com.br\/blog\/look-fucsia-da-cholet\/","name":"Look f\u00facsia da Cholet - Andrea Simonetti","isPartOf":{"@id":"https:\/\/andreasimonetti.com.br\/blog\/#website"},"primaryImageOfPage":{"@id":"https:\/\/andreasimonetti.com.br\/blog\/look-fucsia-da-cholet\/#primaryimage"},"image":{"@id":"https:\/\/andreasimonetti.com.br\/blog\/look-fucsia-da-cholet\/#primaryimage"},"thumbnailUrl":"https:\/\/andreasimonetti.com.br\/blog\/wp-content\/uploads\/2022\/07\/290080133_705591760805465_6440211085961431553_n.jpg","datePublished":"2022-07-10T18:10:26+00:00","author":{"@id":"https:\/\/andreasimonetti.com.br\/blog\/#\/schema\/person\/254f763c24ac288e27ea738a7366ad2a"},"description":"Aposte em um look com a cor f\u00facsia, a cor foi inspirada em uma flor, que leva o mesmo nome.Ela possui uma mistura de tons entre rosa e roxo","breadcrumb":{"@id":"https:\/\/andreasimonetti.com.br\/blog\/look-fucsia-da-cholet\/#breadcrumb"},"inLanguage":"pt-BR","potentialAction":[{"@type":"ReadAction","target":["https:\/\/andreasimonetti.com.br\/blog\/look-fucsia-da-cholet\/"]}]},{"@type":"ImageObject","inLanguage":"pt-BR","@id":"https:\/\/andreasimonetti.com.br\/blog\/look-fucsia-da-cholet\/#primaryimage","url":"https:\/\/andreasimonetti.com.br\/blog\/wp-content\/uploads\/2022\/07\/290080133_705591760805465_6440211085961431553_n.jpg","contentUrl":"https:\/\/andreasimonetti.com.br\/blog\/wp-content\/uploads\/2022\/07\/290080133_705591760805465_6440211085961431553_n.jpg","width":1440,"height":1616,"caption":"Look f\u00facsia Cholet"},{"@type":"BreadcrumbList","@id":"https:\/\/andreasimonetti.com.br\/blog\/look-fucsia-da-cholet\/#breadcrumb","itemListElement":[{"@type":"ListItem","position":1,"name":"In\u00edcio","item":"https:\/\/andreasimonetti.com.br\/blog\/"},{"@type":"ListItem","position":2,"name":"Look f\u00facsia da Cholet"}]},{"@type":"WebSite","@id":"https:\/\/andreasimonetti.com.br\/blog\/#website","url":"https:\/\/andreasimonetti.com.br\/blog\/","name":"Andrea Simonetti","description":"","potentialAction":[{"@type":"SearchAction","target":{"@type":"EntryPoint","urlTemplate":"https:\/\/andreasimonetti.com.br\/blog\/?s={search_term_string}"},"query-input":{"@type":"PropertyValueSpecification","valueRequired":true,"valueName":"search_term_string"}}],"inLanguage":"pt-BR"},{"@type":"Person","@id":"https:\/\/andreasimonetti.com.br\/blog\/#\/schema\/person\/254f763c24ac288e27ea738a7366ad2a","name":"Andrea Simonetti","image":{"@type":"ImageObject","inLanguage":"pt-BR","@id":"https:\/\/andreasimonetti.com.br\/blog\/#\/schema\/person\/image\/","url":"https:\/\/andreasimonetti.com.br\/blog\/wp-content\/uploads\/2018\/04\/andrea-simonetti-96x96.png","contentUrl":"https:\/\/andreasimonetti.com.br\/blog\/wp-content\/uploads\/2018\/04\/andrea-simonetti-96x96.png","caption":"Andrea Simonetti"},"description":"Sou formada em Administra\u00e7\u00e3o de Empresas, Produ\u00e7\u00e3o de Moda pelo SENAC e Consultoria de Estilo. Sou fascinada por moda desde sempre, adoro ver as pessoas produzidas e de bem com a vida. Moda \u00e9 o meu assunto preferido. Comecei meu blog em 2011, ele cresceu e hoje \u00e9 um site bem mais abrangente, onde eu falo sobre moda e meu trabalho de consultora de estilo. E falo tamb\u00e9m sobre a minha experi\u00eancia de vida. Mas antes de tudo, acredito num Deus Soberano que nos guia e aben\u00e7oa, o tempo todo!","sameAs":["https:\/\/www.andreasimonetti.com.br\/","https:\/\/www.facebook.com\/blogdaandreasimonetti\/","https:\/\/www.instagram.com\/andrea_simonetti\/","https:\/\/br.pinterest.com\/BlogAndrea\/","https:\/\/x.com\/https:\/\/twitter.com\/Andrea_Simoneti"],"url":"https:\/\/andreasimonetti.com.br\/blog\/author\/andrea\/"}]}},"_links":{"self":[{"href":"https:\/\/andreasimonetti.com.br\/blog\/wp-json\/wp\/v2\/posts\/23613","targetHints":{"allow":["GET"]}}],"collection":[{"href":"https:\/\/andreasimonetti.com.br\/blog\/wp-json\/wp\/v2\/posts"}],"about":[{"href":"https:\/\/andreasimonetti.com.br\/blog\/wp-json\/wp\/v2\/types\/post"}],"author":[{"embeddable":true,"href":"https:\/\/andreasimonetti.com.br\/blog\/wp-json\/wp\/v2\/users\/7"}],"replies":[{"embeddable":true,"href":"https:\/\/andreasimonetti.com.br\/blog\/wp-json\/wp\/v2\/comments?post=23613"}],"version-history":[{"count":1,"href":"https:\/\/andreasimonetti.com.br\/blog\/wp-json\/wp\/v2\/posts\/23613\/revisions"}],"predecessor-version":[{"id":23615,"href":"https:\/\/andreasimonetti.com.br\/blog\/wp-json\/wp\/v2\/posts\/23613\/revisions\/23615"}],"wp:featuredmedia":[{"embeddable":true,"href":"https:\/\/andreasimonetti.com.br\/blog\/wp-json\/wp\/v2\/media\/23614"}],"wp:attachment":[{"href":"https:\/\/andreasimonetti.com.br\/blog\/wp-json\/wp\/v2\/media?parent=23613"}],"wp:term":[{"taxonomy":"category","embeddable":true,"href":"https:\/\/andreasimonetti.com.br\/blog\/wp-json\/wp\/v2\/categories?post=23613"},{"taxonomy":"post_tag","embeddable":true,"href":"https:\/\/andreasimonetti.com.br\/blog\/wp-json\/wp\/v2\/tags?post=23613"}],"curies":[{"name":"wp","href":"https:\/\/api.w.org\/{rel}","templated":true}]}}