{"id":23479,"date":"2022-05-24T22:58:53","date_gmt":"2022-05-25T01:58:53","guid":{"rendered":"https:\/\/andreasimonetti.com.br\/blog\/?p=23479"},"modified":"2022-05-24T22:58:53","modified_gmt":"2022-05-25T01:58:53","slug":"roteiro-de-3-dias-em-viena","status":"publish","type":"post","link":"https:\/\/andreasimonetti.com.br\/blog\/roteiro-de-3-dias-em-viena\/","title":{"rendered":"Roteiro de 3 dias em Viena"},"content":{"rendered":"<h4><span style=\"color: #ff6600;\">O meu roteiro durante tr\u00eas dias em Viena\u00a0<\/span><\/h4>\n<p><strong><span style=\"color: #000000;\">Chegamos em Viena num s\u00e1bado de primavera.<\/span><\/strong><\/p>\n<p>Muitas pessoas estavam nas ruas e parques aproveitando o dia ensolarado para passear e fazer piqueniques.<br \/>\nO que me chamou a aten\u00e7\u00e3o foi ver como o cidad\u00e3o vienense, de todas as idades, se mistura nesses espa\u00e7os p\u00fablicos num clima de plena harmonia.<br \/>\nEu e minhas irm\u00e3s fizemos um roteiro onde conhecemos os principais pontos tur\u00edsticos da cidade. Ficamos hospedadas bem no centro da cidade; isso \u00e9 muito importante porque no centro ficam v\u00e1rios pontos tur\u00edsticos imperd\u00edveis: o <strong>Museu de<\/strong> <strong>Albertina, a \u00d3pera de Viena e a Catedral de Santo Estev\u00e3o.<\/strong>\u00a0<\/p>\n<p>O legado art\u00edstico e intelectual da cidade se consolidou com as obras de figuras como Mozart, Beethoven e Sigmund Freud, que nela viveram.<br \/>\nViena \u00e9 considerada a capital da m\u00fasica: a \u00d3pera de Viena \u00e9 a mais conhecida do mundo.<\/p>\n<div id=\"attachment_23480\" style=\"width: 810px\" class=\"wp-caption aligncenter\"><img loading=\"lazy\" decoding=\"async\" aria-describedby=\"caption-attachment-23480\" class=\"wp-image-23480\" src=\"https:\/\/andreasimonetti.com.br\/blog\/wp-content\/uploads\/2022\/05\/F1ACC68E-FA69-4BE8-B274-3CB04046FBBF.jpg\" alt=\"Roteiro de 3 dias em Viena\" width=\"800\" height=\"1001\" srcset=\"https:\/\/andreasimonetti.com.br\/blog\/wp-content\/uploads\/2022\/05\/F1ACC68E-FA69-4BE8-B274-3CB04046FBBF.jpg 730w, https:\/\/andreasimonetti.com.br\/blog\/wp-content\/uploads\/2022\/05\/F1ACC68E-FA69-4BE8-B274-3CB04046FBBF-240x300.jpg 240w, https:\/\/andreasimonetti.com.br\/blog\/wp-content\/uploads\/2022\/05\/F1ACC68E-FA69-4BE8-B274-3CB04046FBBF-585x732.jpg 585w\" sizes=\"auto, (max-width: 800px) 100vw, 800px\" \/><p id=\"caption-attachment-23480\" class=\"wp-caption-text\">Teatro da \u00d3pera de Viena (Straatsoper)<\/p><\/div>\n<p style=\"text-align: justify;\">Nossa primeira visita foi exatamente no <strong>Teatro da \u00d3pera de Viena, <\/strong>inaugurado em 1869 com a apresenta\u00e7\u00e3o de uma obra de Mozart, mas a constru\u00e7\u00e3o n\u00e3o saiu de acordo com as expectativas dos vienenses, que esperavam algo mais grandioso.<br \/>\nDecepcionado com a ideia de sua obra n\u00e3o ter agradado, um dos arquitetos do edif\u00edcio se suicidou. O segundo arquiteto contratado n\u00e3o aguentou a press\u00e3o e morreu de infarto.<br \/>\nEm 1945, uma bomba atingiu seriamente o edif\u00edcio da \u00f3pera, acontecimento que os cidad\u00e3os encararam como uma agress\u00e3o simb\u00f3lica \u00e0 cidade.<\/p>\n<div id=\"attachment_23490\" style=\"width: 1546px\" class=\"wp-caption aligncenter\"><img loading=\"lazy\" decoding=\"async\" aria-describedby=\"caption-attachment-23490\" class=\"wp-image-23490 size-full\" src=\"https:\/\/andreasimonetti.com.br\/blog\/wp-content\/uploads\/2022\/05\/280176468_668996334465008_1539209660772604478_n-1.jpg\" alt=\"Roteiro de 3 dias em Viena\" width=\"1536\" height=\"2048\" srcset=\"https:\/\/andreasimonetti.com.br\/blog\/wp-content\/uploads\/2022\/05\/280176468_668996334465008_1539209660772604478_n-1.jpg 1536w, https:\/\/andreasimonetti.com.br\/blog\/wp-content\/uploads\/2022\/05\/280176468_668996334465008_1539209660772604478_n-1-225x300.jpg 225w, https:\/\/andreasimonetti.com.br\/blog\/wp-content\/uploads\/2022\/05\/280176468_668996334465008_1539209660772604478_n-1-768x1024.jpg 768w, https:\/\/andreasimonetti.com.br\/blog\/wp-content\/uploads\/2022\/05\/280176468_668996334465008_1539209660772604478_n-1-1152x1536.jpg 1152w, https:\/\/andreasimonetti.com.br\/blog\/wp-content\/uploads\/2022\/05\/280176468_668996334465008_1539209660772604478_n-1-1170x1560.jpg 1170w, https:\/\/andreasimonetti.com.br\/blog\/wp-content\/uploads\/2022\/05\/280176468_668996334465008_1539209660772604478_n-1-585x780.jpg 585w\" sizes=\"auto, (max-width: 1536px) 100vw, 1536px\" \/><p id=\"caption-attachment-23490\" class=\"wp-caption-text\">Centro de Viena<\/p><\/div>\n<p>Bem no centro de Viena, entre belas ruas hist\u00f3ricas, est\u00e3o marcas internacionais de luxo que escolheram esse ponto da cidade para instalar suas lojas e transformar cl\u00e1ssicos endere\u00e7os em locais de tend\u00eancias e novidades do mundo da moda.<\/p>\n<div id=\"attachment_23481\" style=\"width: 740px\" class=\"wp-caption aligncenter\"><img loading=\"lazy\" decoding=\"async\" aria-describedby=\"caption-attachment-23481\" class=\"wp-image-23481 size-full\" src=\"https:\/\/andreasimonetti.com.br\/blog\/wp-content\/uploads\/2022\/05\/F8713616-E074-44D5-A944-AF9724FA4394.jpg\" alt=\"Roteiro de 3 dias em Viena\" width=\"730\" height=\"913\" srcset=\"https:\/\/andreasimonetti.com.br\/blog\/wp-content\/uploads\/2022\/05\/F8713616-E074-44D5-A944-AF9724FA4394.jpg 730w, https:\/\/andreasimonetti.com.br\/blog\/wp-content\/uploads\/2022\/05\/F8713616-E074-44D5-A944-AF9724FA4394-240x300.jpg 240w, https:\/\/andreasimonetti.com.br\/blog\/wp-content\/uploads\/2022\/05\/F8713616-E074-44D5-A944-AF9724FA4394-585x732.jpg 585w\" sizes=\"auto, (max-width: 730px) 100vw, 730px\" \/><p id=\"caption-attachment-23481\" class=\"wp-caption-text\">Museu Albertina em Viena<\/p><\/div>\n<p style=\"text-align: justify;\">O museu <strong>Albertina<\/strong>, que fica no centro da cidade, abriga uma das cole\u00e7\u00f5es gr\u00e1ficas mais extensas do mundo, formada por mais de 65.000 desenhos e aproximadamente um milh\u00e3o de gravuras.<br \/>\nO museu est\u00e1 instalado em um pal\u00e1cio que pertenceu a Maria Cristina e seu marido, o Duque Alberto Von Sachsen-Teschen, que deu nome \u00e0 galeria.<\/p>\n<div id=\"attachment_23485\" style=\"width: 2058px\" class=\"wp-caption aligncenter\"><img loading=\"lazy\" decoding=\"async\" aria-describedby=\"caption-attachment-23485\" class=\"wp-image-23485 size-full\" src=\"https:\/\/andreasimonetti.com.br\/blog\/wp-content\/uploads\/2022\/05\/282727728_5196824850397674_7922851915677210657_n-1.jpg\" alt=\"Roteiro de 3 dias em Viena\" width=\"2048\" height=\"2048\" srcset=\"https:\/\/andreasimonetti.com.br\/blog\/wp-content\/uploads\/2022\/05\/282727728_5196824850397674_7922851915677210657_n-1.jpg 2048w, https:\/\/andreasimonetti.com.br\/blog\/wp-content\/uploads\/2022\/05\/282727728_5196824850397674_7922851915677210657_n-1-300x300.jpg 300w, https:\/\/andreasimonetti.com.br\/blog\/wp-content\/uploads\/2022\/05\/282727728_5196824850397674_7922851915677210657_n-1-1024x1024.jpg 1024w, https:\/\/andreasimonetti.com.br\/blog\/wp-content\/uploads\/2022\/05\/282727728_5196824850397674_7922851915677210657_n-1-150x150.jpg 150w, https:\/\/andreasimonetti.com.br\/blog\/wp-content\/uploads\/2022\/05\/282727728_5196824850397674_7922851915677210657_n-1-768x768.jpg 768w, https:\/\/andreasimonetti.com.br\/blog\/wp-content\/uploads\/2022\/05\/282727728_5196824850397674_7922851915677210657_n-1-1536x1536.jpg 1536w, https:\/\/andreasimonetti.com.br\/blog\/wp-content\/uploads\/2022\/05\/282727728_5196824850397674_7922851915677210657_n-1-1170x1170.jpg 1170w, https:\/\/andreasimonetti.com.br\/blog\/wp-content\/uploads\/2022\/05\/282727728_5196824850397674_7922851915677210657_n-1-585x585.jpg 585w\" sizes=\"auto, (max-width: 2048px) 100vw, 2048px\" \/><p id=\"caption-attachment-23485\" class=\"wp-caption-text\">Do &amp; Do Albertina<\/p><\/div>\n<p>Aproveitamos a visita ao museu e almo\u00e7amos no <a href=\"https:\/\/www.doco.com\/albertina\/\">Do &amp; Do Albertina<\/a>; um restaurante lindo e com atendimento impec\u00e1vel.<br \/>\nExperimentei o macarr\u00e3o com tomate cereja e mussarela de b\u00fafala. Simplesmente divino !!<\/p>\n<div id=\"attachment_23482\" style=\"width: 1546px\" class=\"wp-caption alignnone\"><img loading=\"lazy\" decoding=\"async\" aria-describedby=\"caption-attachment-23482\" class=\"wp-image-23482 size-full\" src=\"https:\/\/andreasimonetti.com.br\/blog\/wp-content\/uploads\/2022\/05\/279744931_5145639218849571_2055762917490938965_n.jpg\" alt=\"Roteiro de 3 dias em Viena\" width=\"1536\" height=\"2048\" srcset=\"https:\/\/andreasimonetti.com.br\/blog\/wp-content\/uploads\/2022\/05\/279744931_5145639218849571_2055762917490938965_n.jpg 1536w, https:\/\/andreasimonetti.com.br\/blog\/wp-content\/uploads\/2022\/05\/279744931_5145639218849571_2055762917490938965_n-225x300.jpg 225w, https:\/\/andreasimonetti.com.br\/blog\/wp-content\/uploads\/2022\/05\/279744931_5145639218849571_2055762917490938965_n-768x1024.jpg 768w, https:\/\/andreasimonetti.com.br\/blog\/wp-content\/uploads\/2022\/05\/279744931_5145639218849571_2055762917490938965_n-1152x1536.jpg 1152w, https:\/\/andreasimonetti.com.br\/blog\/wp-content\/uploads\/2022\/05\/279744931_5145639218849571_2055762917490938965_n-1170x1560.jpg 1170w, https:\/\/andreasimonetti.com.br\/blog\/wp-content\/uploads\/2022\/05\/279744931_5145639218849571_2055762917490938965_n-585x780.jpg 585w\" sizes=\"auto, (max-width: 1536px) 100vw, 1536px\" \/><p id=\"caption-attachment-23482\" class=\"wp-caption-text\">Pal\u00e1cio de Sch\u00f6nbrunn, em Viena<\/p><\/div>\n<p style=\"text-align: justify;\">O <strong>Pal\u00e1cio de Sch\u00f6nbrunn,<\/strong> \u00e9 um dos principais monumentos hist\u00f3ricos e culturais da \u00c1ustria.<br \/>\nO local tamb\u00e9m \u00e9 conhecido como o Pal\u00e1cio de Sissi, que era o apelido de Elisabeth Amalie Eugenie von Wittelsbach, a Elisabeth da Baviera, conhecida depois como Elisabeth da \u00c1ustria, ap\u00f3s se casar com o imperador Francisco Jos\u00e9 I &#8211; seu primo &#8211; passando a ser a imperatriz consorte da \u00c1ustria e tamb\u00e9m rainha consorte da Hungria (a partir de 1867).<br \/>\nApesar de imperatriz e rainha viver em um imenso e lindo pal\u00e1cio, Sissi era infeliz e sofria de depress\u00e3o. Mesmo assim, era obcecada por sua beleza e pelo seu peso \u2013 poderia hoje ser considerada anor\u00e9xica, pois quase n\u00e3o se alimentava e pesava cerca de 45 quilos, apesar de ter 1,73 de altura.<br \/>\n<span style=\"color: #ff6600;\">Isabel era uma viajante \u2013 passando por diversos pa\u00edses \u2013 e adoradora de moda, leituras, cavalgadas, poesia, dentre outras atividades. Nascida em Munique no dia 24 de dezembro de 1837, foi assassinada em Genebra, 10 de setembro de 1898, por um anarquista italiano.<\/span><br \/>\nHoje, apesar de ter sido, na verdade, a resid\u00eancia de ver\u00e3o de toda a fam\u00edlia imperial, o <strong>Pal\u00e1cio de Sch\u00f6nbrunn,<\/strong> \u00e9 conhecido como o Pal\u00e1cio da Sissi.<br \/>\nMuitas hist\u00f3rias aconteceram neste pal\u00e1cio, que foi cen\u00e1rio do filme Sissi, dos anos 1950, com a atriz Romy Schneider.<br \/>\nFoi dentro deste castelo que o Mozart tocou para a realeza pela primeira vez, aos 6 anos de idade; isso aconteceu na Sala dos Espelhos, que est\u00e1 da mesma forma como era antes.<br \/>\n<span style=\"color: #ff6600;\">Napole\u00e3o<\/span> se hospedou no Pal\u00e1cio e foi ali que\u00a0 seu filho morreu l\u00e1. A Sala de Napole\u00e3o, \u00e9 uma homenagem a ele.<br \/>\nComo n\u00e3o \u00e9 permitido tirar fotos, toda esse cen\u00e1rio, com suas hist\u00f3rias de amor e tristezas, fica gravado na mem\u00f3ria dos visitantes.<br \/>\nEu n\u00e3o tenho palavras para explicar tudo o que senti ao visitar esse local magn\u00edfico.<\/p>\n<div class=\"_a6o-\">\n<div id=\"attachment_23483\" style=\"width: 2058px\" class=\"wp-caption alignnone\"><img loading=\"lazy\" decoding=\"async\" aria-describedby=\"caption-attachment-23483\" class=\"wp-image-23483 size-full\" src=\"https:\/\/andreasimonetti.com.br\/blog\/wp-content\/uploads\/2022\/05\/281961058_5196837460396413_5781647596661648839_n.jpg\" alt=\"Roteiro de 3 dias em Viena\" width=\"2048\" height=\"2048\" srcset=\"https:\/\/andreasimonetti.com.br\/blog\/wp-content\/uploads\/2022\/05\/281961058_5196837460396413_5781647596661648839_n.jpg 2048w, https:\/\/andreasimonetti.com.br\/blog\/wp-content\/uploads\/2022\/05\/281961058_5196837460396413_5781647596661648839_n-300x300.jpg 300w, https:\/\/andreasimonetti.com.br\/blog\/wp-content\/uploads\/2022\/05\/281961058_5196837460396413_5781647596661648839_n-1024x1024.jpg 1024w, https:\/\/andreasimonetti.com.br\/blog\/wp-content\/uploads\/2022\/05\/281961058_5196837460396413_5781647596661648839_n-150x150.jpg 150w, https:\/\/andreasimonetti.com.br\/blog\/wp-content\/uploads\/2022\/05\/281961058_5196837460396413_5781647596661648839_n-768x768.jpg 768w, https:\/\/andreasimonetti.com.br\/blog\/wp-content\/uploads\/2022\/05\/281961058_5196837460396413_5781647596661648839_n-1536x1536.jpg 1536w, https:\/\/andreasimonetti.com.br\/blog\/wp-content\/uploads\/2022\/05\/281961058_5196837460396413_5781647596661648839_n-1170x1170.jpg 1170w, https:\/\/andreasimonetti.com.br\/blog\/wp-content\/uploads\/2022\/05\/281961058_5196837460396413_5781647596661648839_n-585x585.jpg 585w\" sizes=\"auto, (max-width: 2048px) 100vw, 2048px\" \/><p id=\"caption-attachment-23483\" class=\"wp-caption-text\">Ch\u00e1 com \u2018Strawberry Mousse Waffle\u2019<\/p><\/div>\n<div>\n<p><span class=\"_9_68 _9_6b _9_6h _9_6j _9_6u _9_6_\">Ap\u00f3s a visita <a class=\"oajrlxb2 g5ia77u1 qu0x051f esr5mh6w e9989ue4 r7d6kgcz rq0escxv nhd2j8a9 nc684nl6 p7hjln8o kvgmc6g5 cxmmr5t8 oygrvhab hcukyx3x jb3vyjys rz4wbd8a qt6c0cv9 a8nywdso i1ao9s8h esuyzwwr f1sip0of lzcic4wl notranslate _a6hd\" tabindex=\"0\" role=\"link\" href=\"https:\/\/www.instagram.com\/schoenbrunnpalace\/\">@schoenbrunnpalace<\/a> tomei um ch\u00e1 com um doce maravilhoso no<\/span>\u00a0<strong><a href=\"https:\/\/www.cafe-residenz.at\/\">Caf\u00e9 Restaurant Residenz,<\/a><\/strong> que fica\u00a0 dentro do\u00a0 <strong>Pal\u00e1cio de Sch\u00f6nbrunn<\/strong>.<\/p>\n<p>O menu oferece pratos da cozinha austr\u00edaca e tamb\u00e9m internacional; \u00e9 um dos caf\u00e9s mais incr\u00edveis de Viena.\u00a0<\/p>\n<\/div>\n<\/div>\n<div id=\"attachment_23484\" style=\"width: 810px\" class=\"wp-caption alignnone\"><img loading=\"lazy\" decoding=\"async\" aria-describedby=\"caption-attachment-23484\" class=\"wp-image-23484\" src=\"https:\/\/andreasimonetti.com.br\/blog\/wp-content\/uploads\/2022\/05\/IMG_5445.jpg\" alt=\"Roteiro de 3 dias em Viena\" width=\"800\" height=\"1067\" srcset=\"https:\/\/andreasimonetti.com.br\/blog\/wp-content\/uploads\/2022\/05\/IMG_5445.jpg 684w, https:\/\/andreasimonetti.com.br\/blog\/wp-content\/uploads\/2022\/05\/IMG_5445-225x300.jpg 225w, https:\/\/andreasimonetti.com.br\/blog\/wp-content\/uploads\/2022\/05\/IMG_5445-585x780.jpg 585w\" sizes=\"auto, (max-width: 800px) 100vw, 800px\" \/><p id=\"caption-attachment-23484\" class=\"wp-caption-text\">WIENER SCHNITZEL \u00e9 o prato t\u00edpico de Viena .<\/p><\/div>\n<p><span class=\"_9_68 _9_6b _9_6h _9_6j _9_6u _9_6_\"><strong>WIENER SCHNITZEL<\/strong> \u00e9 o prato t\u00edpico de Viena .<br \/>\nO Wiener schnitzel remete \u00e0 cidade at\u00e9 no nome, j\u00e1 que em alem\u00e3o quer dizer \u201cescalope \u00e0 moda de Viena\u201d.<br \/>\nO schnitzel de Viena (que costuma ser bem grande) \u00e9 tradicionalmente feito com uma fina fatia de carne de vitela, empanada em farinha de trigo, ovo e p\u00e3o esfarelado, e frito na manteiga ou banha de porco.<br \/>\nO prato vem acompanhado de salada de batatas e rodelas de lim\u00e3o. Mas eu pedi com pur\u00ea de batatas.<br \/>\nQuando estiver na cidade, voc\u00ea encontrar\u00e1 o schnitzel em praticamente todo restaurante ou bar da cidade.<\/span><\/p>\n<div id=\"attachment_23486\" style=\"width: 1546px\" class=\"wp-caption alignnone\"><img loading=\"lazy\" decoding=\"async\" aria-describedby=\"caption-attachment-23486\" class=\"wp-image-23486 size-full\" src=\"https:\/\/andreasimonetti.com.br\/blog\/wp-content\/uploads\/2022\/05\/280216344_5151338331612993_4937934903023837575_n.jpg\" alt=\"Roteiro de 3 dias em Viena\" width=\"1536\" height=\"2048\" srcset=\"https:\/\/andreasimonetti.com.br\/blog\/wp-content\/uploads\/2022\/05\/280216344_5151338331612993_4937934903023837575_n.jpg 1536w, https:\/\/andreasimonetti.com.br\/blog\/wp-content\/uploads\/2022\/05\/280216344_5151338331612993_4937934903023837575_n-225x300.jpg 225w, https:\/\/andreasimonetti.com.br\/blog\/wp-content\/uploads\/2022\/05\/280216344_5151338331612993_4937934903023837575_n-768x1024.jpg 768w, https:\/\/andreasimonetti.com.br\/blog\/wp-content\/uploads\/2022\/05\/280216344_5151338331612993_4937934903023837575_n-1152x1536.jpg 1152w, https:\/\/andreasimonetti.com.br\/blog\/wp-content\/uploads\/2022\/05\/280216344_5151338331612993_4937934903023837575_n-1170x1560.jpg 1170w, https:\/\/andreasimonetti.com.br\/blog\/wp-content\/uploads\/2022\/05\/280216344_5151338331612993_4937934903023837575_n-585x780.jpg 585w\" sizes=\"auto, (max-width: 1536px) 100vw, 1536px\" \/><p id=\"caption-attachment-23486\" class=\"wp-caption-text\">Minhas irm\u00e3s Fabiana e Claudia Simonetti<\/p><\/div> <div id=\"attachment_23487\" style=\"width: 2058px\" class=\"wp-caption alignnone\"><img loading=\"lazy\" decoding=\"async\" aria-describedby=\"caption-attachment-23487\" class=\"wp-image-23487\" src=\"https:\/\/andreasimonetti.com.br\/blog\/wp-content\/uploads\/2022\/05\/280311960_5151338088279684_9192671312415604705_n.jpg\" alt=\"Roteiro de 3 dias em Viena\" width=\"2048\" height=\"1800\" srcset=\"https:\/\/andreasimonetti.com.br\/blog\/wp-content\/uploads\/2022\/05\/280311960_5151338088279684_9192671312415604705_n.jpg 2048w, https:\/\/andreasimonetti.com.br\/blog\/wp-content\/uploads\/2022\/05\/280311960_5151338088279684_9192671312415604705_n-300x264.jpg 300w, https:\/\/andreasimonetti.com.br\/blog\/wp-content\/uploads\/2022\/05\/280311960_5151338088279684_9192671312415604705_n-1024x900.jpg 1024w, https:\/\/andreasimonetti.com.br\/blog\/wp-content\/uploads\/2022\/05\/280311960_5151338088279684_9192671312415604705_n-768x675.jpg 768w, https:\/\/andreasimonetti.com.br\/blog\/wp-content\/uploads\/2022\/05\/280311960_5151338088279684_9192671312415604705_n-1536x1350.jpg 1536w, https:\/\/andreasimonetti.com.br\/blog\/wp-content\/uploads\/2022\/05\/280311960_5151338088279684_9192671312415604705_n-1170x1028.jpg 1170w, https:\/\/andreasimonetti.com.br\/blog\/wp-content\/uploads\/2022\/05\/280311960_5151338088279684_9192671312415604705_n-585x514.jpg 585w\" sizes=\"auto, (max-width: 2048px) 100vw, 2048px\" \/><p id=\"caption-attachment-23487\" class=\"wp-caption-text\">Catedral de Santo Est\u00eav\u00e3o em Viena<\/p><\/div>\n<div style=\"text-align: justify;\">A <strong>catedral de Santo Estev\u00e3o,<\/strong> \u00e9 uma das mais antigas catedrais do estilo g\u00f3tico europeu, est\u00e1 situada na Stephansplatz, no centro da cidade Viena, \u00c1ustria.<br \/>\nTrata-se de uma obra mundialmente conhecida e um exemplo da arquitetura do s\u00e9culo XII. A tamb\u00e9m denominada &#8220;Steffl&#8221; \u00e9 uma das mais importantes catedrais g\u00f3ticas do mundo.<br \/>\nO famoso sino da <strong>Catedral de Santo Est\u00eav\u00e3o<\/strong>, o &#8220;Pummerin&#8221;, pesando n\u00e3o menos que 21 toneladas, sofreu consider\u00e1veis danos causados pelos ataques da Segunda Guerra Mundial; desde ent\u00e3o ele vem sendo consertado e \u00e9 usado atualmente para determinar ocasi\u00f5es especiais, assim como para anunciar o novo ano.<\/div>\n<div class=\"_a1bn  _9-f2 _9-f7 _9-fd _a8ww _9-fm _9-gg _9-hz\">\n<div class=\"_9_68 _9_6a _9_6h _9_6k _9_6t\">\u00a0<\/div>\n<\/div>\n<div id=\"attachment_23489\" style=\"width: 2058px\" class=\"wp-caption alignnone\"><img loading=\"lazy\" decoding=\"async\" aria-describedby=\"caption-attachment-23489\" class=\"wp-image-23489 size-full\" src=\"https:\/\/andreasimonetti.com.br\/blog\/wp-content\/uploads\/2022\/05\/281413724_5196837577063068_6036448393248170418_n.jpg\" alt=\"Roteiro de 3 dias em Viena\" width=\"2048\" height=\"2048\" srcset=\"https:\/\/andreasimonetti.com.br\/blog\/wp-content\/uploads\/2022\/05\/281413724_5196837577063068_6036448393248170418_n.jpg 2048w, https:\/\/andreasimonetti.com.br\/blog\/wp-content\/uploads\/2022\/05\/281413724_5196837577063068_6036448393248170418_n-300x300.jpg 300w, https:\/\/andreasimonetti.com.br\/blog\/wp-content\/uploads\/2022\/05\/281413724_5196837577063068_6036448393248170418_n-1024x1024.jpg 1024w, https:\/\/andreasimonetti.com.br\/blog\/wp-content\/uploads\/2022\/05\/281413724_5196837577063068_6036448393248170418_n-150x150.jpg 150w, https:\/\/andreasimonetti.com.br\/blog\/wp-content\/uploads\/2022\/05\/281413724_5196837577063068_6036448393248170418_n-768x768.jpg 768w, https:\/\/andreasimonetti.com.br\/blog\/wp-content\/uploads\/2022\/05\/281413724_5196837577063068_6036448393248170418_n-1536x1536.jpg 1536w, https:\/\/andreasimonetti.com.br\/blog\/wp-content\/uploads\/2022\/05\/281413724_5196837577063068_6036448393248170418_n-1170x1170.jpg 1170w, https:\/\/andreasimonetti.com.br\/blog\/wp-content\/uploads\/2022\/05\/281413724_5196837577063068_6036448393248170418_n-585x585.jpg 585w\" sizes=\"auto, (max-width: 2048px) 100vw, 2048px\" \/><p id=\"caption-attachment-23489\" class=\"wp-caption-text\">Caf\u00e9 Sacher em Viena<\/p><\/div>\n<p style=\"text-align: justify;\"><span class=\"_9_68 _9_6b _9_6h _9_6j _9_6u _9_6_\"><strong>Sacher<\/strong> \u00e9 o nome de uma das tortas mais famosas do mundo. Criada por Franz Sacher, \u00e9 um doce de chocolate meio amargo com recheio de damasco e \u00e9 servida em todas as partes de Viena. Por\u00e9m, \u00e9 no tradicional e luxuoso Caf\u00e9 Sacher, localizado dentro de um hotel de mesmo nome, que a torta \u00e9 servida com chantilly e considerada uma das melhores da cidade.<br \/>\nTomar um cafezinho no final da tarde \u00e9 um ritual bem brasileiro. Mas os cl\u00e1ssicos caf\u00e9s de Viena tamb\u00e9m t\u00eam uma grande import\u00e2ncia cultural na cidade.<br \/>\nO primeiro dos caf\u00e9s de Viena foi aberto em 1683 por um arm\u00eanio e a inaugura\u00e7\u00e3o contou com a presen\u00e7a do pr\u00f3prio imperador da \u00e9poca, Leopoldo I.<br \/>\nE voc\u00ea sabia que at\u00e9 o ano de 1840, as mulheres eram proibidas de entrar sozinhas nas casas de caf\u00e9 de Viena? S\u00f3 eram atendidas as que estavam acompanhadas dos maridos.<br \/>\nOs caf\u00e9s de Viena foram e ainda s\u00e3o pontos de efervesc\u00eancia cultural, principalmente nos anos pr\u00f3ximos ao per\u00edodo da Segunda Guerra Mundial, quando as cafeterias foram muito utilizadas como locais de reuni\u00f5es de intelectuais, para discuss\u00f5es e debates. Grandes figuras como Trotsky, Stalin e Sigmund Freud chegaram a frequentar os caf\u00e9s da capital austr\u00edaca.<br \/>\nFui conhecer o <a href=\"https:\/\/www.sacher.com\/en\/restaurants\/cafe-sacher-wien\/\">Caf\u00e9 Sacher<\/a>, e \u00e9 imposs\u00edvel n\u00e3o se encantar &#8211; e se emocionar &#8211; num lugar que guarda tantas hist\u00f3rias.<\/span><\/p>\n<div id=\"attachment_23488\" style=\"width: 2058px\" class=\"wp-caption alignnone\"><img loading=\"lazy\" decoding=\"async\" aria-describedby=\"caption-attachment-23488\" class=\"wp-image-23488 size-full\" src=\"https:\/\/andreasimonetti.com.br\/blog\/wp-content\/uploads\/2022\/05\/283254514_5196824860397673_8740151178824001813_n.jpg\" alt=\"Roteiro de 3 dias em Viena\" width=\"2048\" height=\"2048\" srcset=\"https:\/\/andreasimonetti.com.br\/blog\/wp-content\/uploads\/2022\/05\/283254514_5196824860397673_8740151178824001813_n.jpg 2048w, https:\/\/andreasimonetti.com.br\/blog\/wp-content\/uploads\/2022\/05\/283254514_5196824860397673_8740151178824001813_n-300x300.jpg 300w, https:\/\/andreasimonetti.com.br\/blog\/wp-content\/uploads\/2022\/05\/283254514_5196824860397673_8740151178824001813_n-1024x1024.jpg 1024w, https:\/\/andreasimonetti.com.br\/blog\/wp-content\/uploads\/2022\/05\/283254514_5196824860397673_8740151178824001813_n-150x150.jpg 150w, https:\/\/andreasimonetti.com.br\/blog\/wp-content\/uploads\/2022\/05\/283254514_5196824860397673_8740151178824001813_n-768x768.jpg 768w, https:\/\/andreasimonetti.com.br\/blog\/wp-content\/uploads\/2022\/05\/283254514_5196824860397673_8740151178824001813_n-1536x1536.jpg 1536w, https:\/\/andreasimonetti.com.br\/blog\/wp-content\/uploads\/2022\/05\/283254514_5196824860397673_8740151178824001813_n-1170x1170.jpg 1170w, https:\/\/andreasimonetti.com.br\/blog\/wp-content\/uploads\/2022\/05\/283254514_5196824860397673_8740151178824001813_n-585x585.jpg 585w\" sizes=\"auto, (max-width: 2048px) 100vw, 2048px\" \/><p id=\"caption-attachment-23488\" class=\"wp-caption-text\">https:\/\/www.motel-one.com\/en\/hotels\/vienna\/hotel-vienna-staatsoper\/<\/p><\/div>\n<p>Ficamos hospedadas no <a href=\"https:\/\/www.motel-one.com\/en\/hotels\/vienna\/hotel-vienna-staatsoper\/\">Motel One Wien-Staatsoper<\/a> no centro de Viena.<\/p>\n<p>\u00d3tima localiza\u00e7\u00e3o , super indico!<\/p>\n<h4>Viena \u00e9 um sonho!<\/h4>\n<h4>#Viajandocomandreasimonetti<\/h4>\n<p>&nbsp;<\/p>\n<p>&nbsp;<\/p>\n","protected":false},"excerpt":{"rendered":"<p>O meu roteiro durante tr\u00eas dias em Viena\u00a0 Chegamos em Viena num s\u00e1bado de primavera. Muitas pessoas estavam nas ruas e parques aproveitando o dia ensolarado para passear e fazer&hellip;<\/p>\n","protected":false},"author":7,"featured_media":23420,"comment_status":"open","ping_status":"open","sticky":false,"template":"","format":"standard","meta":{"_monsterinsights_skip_tracking":false,"_monsterinsights_sitenote_active":false,"_monsterinsights_sitenote_note":"","_monsterinsights_sitenote_category":0,"footnotes":""},"categories":[1508,2013],"tags":[3268,3267,3266,3269,3263,3270,3265,3264],"class_list":["post-23479","post","type-post","status-publish","format-standard","has-post-thumbnail","hentry","category-destaque","category-lifestyle","tag-catedral-de-santo-estevao-viena","tag-hotel-em-viena","tag-museu-albertina","tag-palacio-de-schonbrunn","tag-roteiro-de-3-dias-em-viena","tag-teatro-da-opera-de-viena","tag-viajando-com-andrea-simonetti","tag-viena-austria"],"yoast_head":"<!-- This site is optimized with the Yoast SEO plugin v26.3 - https:\/\/yoast.com\/wordpress\/plugins\/seo\/ -->\n<title>Roteiro de 3 dias em Viena - Andrea Simonetti<\/title>\n<meta name=\"description\" content=\"O meu roteiro durante tr\u00eas dias em Viena\u00a0.Muitas pessoas estavam nas ruas e parques aproveitando o dia ensolarado para passear e fazer piqueniques.O que me\" \/>\n<meta name=\"robots\" content=\"index, follow, max-snippet:-1, max-image-preview:large, max-video-preview:-1\" \/>\n<link rel=\"canonical\" href=\"https:\/\/andreasimonetti.com.br\/blog\/roteiro-de-3-dias-em-viena\/\" \/>\n<meta property=\"og:locale\" content=\"pt_BR\" \/>\n<meta property=\"og:type\" content=\"article\" \/>\n<meta property=\"og:title\" content=\"Roteiro de 3 dias em Viena - Andrea Simonetti\" \/>\n<meta property=\"og:description\" content=\"O meu roteiro durante tr\u00eas dias em Viena\u00a0.Muitas pessoas estavam nas ruas e parques aproveitando o dia ensolarado para passear e fazer piqueniques.O que me\" \/>\n<meta property=\"og:url\" content=\"https:\/\/andreasimonetti.com.br\/blog\/roteiro-de-3-dias-em-viena\/\" \/>\n<meta property=\"og:site_name\" content=\"Andrea Simonetti\" \/>\n<meta property=\"article:publisher\" content=\"https:\/\/www.facebook.com\/blogdaandreasimonetti\/\" \/>\n<meta property=\"article:author\" content=\"https:\/\/www.facebook.com\/blogdaandreasimonetti\/\" \/>\n<meta property=\"article:published_time\" content=\"2022-05-25T01:58:53+00:00\" \/>\n<meta property=\"og:image\" content=\"https:\/\/andreasimonetti.com.br\/blog\/wp-content\/uploads\/2022\/05\/280129977_668992471132061_7183800691826744427_n.jpg\" \/>\n\t<meta property=\"og:image:width\" content=\"1536\" \/>\n\t<meta property=\"og:image:height\" content=\"2048\" \/>\n\t<meta property=\"og:image:type\" content=\"image\/jpeg\" \/>\n<meta name=\"author\" content=\"Andrea Simonetti\" \/>\n<meta name=\"twitter:card\" content=\"summary_large_image\" \/>\n<meta name=\"twitter:creator\" content=\"@https:\/\/twitter.com\/Andrea_Simoneti\" \/>\n<meta name=\"twitter:site\" content=\"@Andrea_Simoneti\" \/>\n<meta name=\"twitter:label1\" content=\"Escrito por\" \/>\n\t<meta name=\"twitter:data1\" content=\"Andrea Simonetti\" \/>\n\t<meta name=\"twitter:label2\" content=\"Est. tempo de leitura\" \/>\n\t<meta name=\"twitter:data2\" content=\"7 minutos\" \/>\n<!-- \/ Yoast SEO plugin. -->","yoast_head_json":{"title":"Roteiro de 3 dias em Viena - Andrea Simonetti","description":"O meu roteiro durante tr\u00eas dias em Viena\u00a0.Muitas pessoas estavam nas ruas e parques aproveitando o dia ensolarado para passear e fazer piqueniques.O que me","robots":{"index":"index","follow":"follow","max-snippet":"max-snippet:-1","max-image-preview":"max-image-preview:large","max-video-preview":"max-video-preview:-1"},"canonical":"https:\/\/andreasimonetti.com.br\/blog\/roteiro-de-3-dias-em-viena\/","og_locale":"pt_BR","og_type":"article","og_title":"Roteiro de 3 dias em Viena - Andrea Simonetti","og_description":"O meu roteiro durante tr\u00eas dias em Viena\u00a0.Muitas pessoas estavam nas ruas e parques aproveitando o dia ensolarado para passear e fazer piqueniques.O que me","og_url":"https:\/\/andreasimonetti.com.br\/blog\/roteiro-de-3-dias-em-viena\/","og_site_name":"Andrea Simonetti","article_publisher":"https:\/\/www.facebook.com\/blogdaandreasimonetti\/","article_author":"https:\/\/www.facebook.com\/blogdaandreasimonetti\/","article_published_time":"2022-05-25T01:58:53+00:00","og_image":[{"width":1536,"height":2048,"url":"https:\/\/andreasimonetti.com.br\/blog\/wp-content\/uploads\/2022\/05\/280129977_668992471132061_7183800691826744427_n.jpg","type":"image\/jpeg"}],"author":"Andrea Simonetti","twitter_card":"summary_large_image","twitter_creator":"@https:\/\/twitter.com\/Andrea_Simoneti","twitter_site":"@Andrea_Simoneti","twitter_misc":{"Escrito por":"Andrea Simonetti","Est. tempo de leitura":"7 minutos"},"schema":{"@context":"https:\/\/schema.org","@graph":[{"@type":"WebPage","@id":"https:\/\/andreasimonetti.com.br\/blog\/roteiro-de-3-dias-em-viena\/","url":"https:\/\/andreasimonetti.com.br\/blog\/roteiro-de-3-dias-em-viena\/","name":"Roteiro de 3 dias em Viena - Andrea Simonetti","isPartOf":{"@id":"https:\/\/andreasimonetti.com.br\/blog\/#website"},"primaryImageOfPage":{"@id":"https:\/\/andreasimonetti.com.br\/blog\/roteiro-de-3-dias-em-viena\/#primaryimage"},"image":{"@id":"https:\/\/andreasimonetti.com.br\/blog\/roteiro-de-3-dias-em-viena\/#primaryimage"},"thumbnailUrl":"https:\/\/andreasimonetti.com.br\/blog\/wp-content\/uploads\/2022\/05\/280129977_668992471132061_7183800691826744427_n.jpg","datePublished":"2022-05-25T01:58:53+00:00","author":{"@id":"https:\/\/andreasimonetti.com.br\/blog\/#\/schema\/person\/254f763c24ac288e27ea738a7366ad2a"},"description":"O meu roteiro durante tr\u00eas dias em Viena\u00a0.Muitas pessoas estavam nas ruas e parques aproveitando o dia ensolarado para passear e fazer piqueniques.O que me","breadcrumb":{"@id":"https:\/\/andreasimonetti.com.br\/blog\/roteiro-de-3-dias-em-viena\/#breadcrumb"},"inLanguage":"pt-BR","potentialAction":[{"@type":"ReadAction","target":["https:\/\/andreasimonetti.com.br\/blog\/roteiro-de-3-dias-em-viena\/"]}]},{"@type":"ImageObject","inLanguage":"pt-BR","@id":"https:\/\/andreasimonetti.com.br\/blog\/roteiro-de-3-dias-em-viena\/#primaryimage","url":"https:\/\/andreasimonetti.com.br\/blog\/wp-content\/uploads\/2022\/05\/280129977_668992471132061_7183800691826744427_n.jpg","contentUrl":"https:\/\/andreasimonetti.com.br\/blog\/wp-content\/uploads\/2022\/05\/280129977_668992471132061_7183800691826744427_n.jpg","width":1536,"height":2048,"caption":"Roteiro de 3 dias em Viena"},{"@type":"BreadcrumbList","@id":"https:\/\/andreasimonetti.com.br\/blog\/roteiro-de-3-dias-em-viena\/#breadcrumb","itemListElement":[{"@type":"ListItem","position":1,"name":"In\u00edcio","item":"https:\/\/andreasimonetti.com.br\/blog\/"},{"@type":"ListItem","position":2,"name":"Roteiro de 3 dias em Viena"}]},{"@type":"WebSite","@id":"https:\/\/andreasimonetti.com.br\/blog\/#website","url":"https:\/\/andreasimonetti.com.br\/blog\/","name":"Andrea Simonetti","description":"","potentialAction":[{"@type":"SearchAction","target":{"@type":"EntryPoint","urlTemplate":"https:\/\/andreasimonetti.com.br\/blog\/?s={search_term_string}"},"query-input":{"@type":"PropertyValueSpecification","valueRequired":true,"valueName":"search_term_string"}}],"inLanguage":"pt-BR"},{"@type":"Person","@id":"https:\/\/andreasimonetti.com.br\/blog\/#\/schema\/person\/254f763c24ac288e27ea738a7366ad2a","name":"Andrea Simonetti","image":{"@type":"ImageObject","inLanguage":"pt-BR","@id":"https:\/\/andreasimonetti.com.br\/blog\/#\/schema\/person\/image\/","url":"https:\/\/andreasimonetti.com.br\/blog\/wp-content\/uploads\/2018\/04\/andrea-simonetti-96x96.png","contentUrl":"https:\/\/andreasimonetti.com.br\/blog\/wp-content\/uploads\/2018\/04\/andrea-simonetti-96x96.png","caption":"Andrea Simonetti"},"description":"Sou formada em Administra\u00e7\u00e3o de Empresas, Produ\u00e7\u00e3o de Moda pelo SENAC e Consultoria de Estilo. Sou fascinada por moda desde sempre, adoro ver as pessoas produzidas e de bem com a vida. Moda \u00e9 o meu assunto preferido. Comecei meu blog em 2011, ele cresceu e hoje \u00e9 um site bem mais abrangente, onde eu falo sobre moda e meu trabalho de consultora de estilo. E falo tamb\u00e9m sobre a minha experi\u00eancia de vida. Mas antes de tudo, acredito num Deus Soberano que nos guia e aben\u00e7oa, o tempo todo!","sameAs":["https:\/\/www.andreasimonetti.com.br\/","https:\/\/www.facebook.com\/blogdaandreasimonetti\/","https:\/\/www.instagram.com\/andrea_simonetti\/","https:\/\/br.pinterest.com\/BlogAndrea\/","https:\/\/x.com\/https:\/\/twitter.com\/Andrea_Simoneti"],"url":"https:\/\/andreasimonetti.com.br\/blog\/author\/andrea\/"}]}},"_links":{"self":[{"href":"https:\/\/andreasimonetti.com.br\/blog\/wp-json\/wp\/v2\/posts\/23479","targetHints":{"allow":["GET"]}}],"collection":[{"href":"https:\/\/andreasimonetti.com.br\/blog\/wp-json\/wp\/v2\/posts"}],"about":[{"href":"https:\/\/andreasimonetti.com.br\/blog\/wp-json\/wp\/v2\/types\/post"}],"author":[{"embeddable":true,"href":"https:\/\/andreasimonetti.com.br\/blog\/wp-json\/wp\/v2\/users\/7"}],"replies":[{"embeddable":true,"href":"https:\/\/andreasimonetti.com.br\/blog\/wp-json\/wp\/v2\/comments?post=23479"}],"version-history":[{"count":7,"href":"https:\/\/andreasimonetti.com.br\/blog\/wp-json\/wp\/v2\/posts\/23479\/revisions"}],"predecessor-version":[{"id":23498,"href":"https:\/\/andreasimonetti.com.br\/blog\/wp-json\/wp\/v2\/posts\/23479\/revisions\/23498"}],"wp:featuredmedia":[{"embeddable":true,"href":"https:\/\/andreasimonetti.com.br\/blog\/wp-json\/wp\/v2\/media\/23420"}],"wp:attachment":[{"href":"https:\/\/andreasimonetti.com.br\/blog\/wp-json\/wp\/v2\/media?parent=23479"}],"wp:term":[{"taxonomy":"category","embeddable":true,"href":"https:\/\/andreasimonetti.com.br\/blog\/wp-json\/wp\/v2\/categories?post=23479"},{"taxonomy":"post_tag","embeddable":true,"href":"https:\/\/andreasimonetti.com.br\/blog\/wp-json\/wp\/v2\/tags?post=23479"}],"curies":[{"name":"wp","href":"https:\/\/api.w.org\/{rel}","templated":true}]}}