{"id":23466,"date":"2022-05-23T17:07:12","date_gmt":"2022-05-23T20:07:12","guid":{"rendered":"https:\/\/andreasimonetti.com.br\/blog\/?p=23466"},"modified":"2022-05-23T17:10:29","modified_gmt":"2022-05-23T20:10:29","slug":"nao-deixe-de-visitar-a-mainz-na-alemanha","status":"publish","type":"post","link":"https:\/\/andreasimonetti.com.br\/blog\/nao-deixe-de-visitar-a-mainz-na-alemanha\/","title":{"rendered":"N\u00e3o deixe de visitar Mainz na Alemanha"},"content":{"rendered":"<h4><span style=\"color: #ff6600;\">Cidades hist\u00f3ricas e charmosas estavam\u00a0 no roteiro da minha viagem para\u00a0 Alemanha.<\/span><\/h4>\n<p style=\"text-align: justify;\">\nRevisitei a cidade de\u00a0 Mainz, onde j\u00e1 estive outras vezes.<br \/>\nCom mais de 2 mil anos de exist\u00eancia, a cidade \u00e9 um dos ber\u00e7os da imprensa : o seu filho mais ilustre \u00e9 Johannes Gutemberg, que desenvolveu ali a impress\u00e3o com tipos m\u00f3veis, uma inven\u00e7\u00e3o que revolucionou a comunica\u00e7\u00e3o no mundo. Um dos pontos tur\u00edsticos mais visitados \u00e9 o Museu de Gutemberg, que entre tantas preciosidades, apresenta um dos poucos exemplares da famosa B\u00edblia de Gutemberg.<\/p>\n<p>Outro ponto tur\u00edstico importante em Mainz \u00e9 a Catedral Dom Saint Martin, constru\u00edda por volta de 975 e inaugurada em agosto de 1009.<\/p>\n<p>Ruas ladrilhadas, grandes pra\u00e7as com fontes de \u00e1gua no centro e fachadas em estilo rococ\u00f3, fazem do centro antigo de Mainz um lugar muito especial.<\/p>\n<p style=\"text-align: justify;\">N\u00e3o deixe de tomar caf\u00e9 da manh\u00e3 ou almo\u00e7ar no<a href=\"https:\/\/www.instagram.com\/wilma_wunder\/\"> Wilma Wunder<\/a> que fica em frente a Catedral de Mainz.<br \/>\nOutra dica \u00e9 comer um strudel delicioso &#8211;\u00a0 no <a href=\"https:\/\/www.instagram.com\/domcafemainz\/\">Dom Caf\u00e9<\/a>, o mais antigo da cidade.<\/p>\n<div class=\"_a6o-\" style=\"text-align: justify;\"><span class=\"_9_68 _9_6b _9_6h _9_6j _9_6u _9_6_\">Passamos a tarde passeando \u00e0s margens do Rio Reno em Mainz.<\/p>\n<p>Com seus 1.233 km, o Reno nasce nos alpes su\u00ed\u00e7os, e atravessa ou acompanha 6 pa\u00edses (Alemanha, Su\u00ed\u00e7a, \u00c1ustria, Liechtenstein, Fran\u00e7a e Holanda).<\/p>\n<p>Com muitos bares e restaurantes, as pessoas aproveitam o chegada da primavera pra fazer picinic \u00e0s margens do rio.<\/p>\n<p>\u00c9 um lugar de muita alegria e descontra\u00e7\u00e3o.<\/span><\/div>\n<div class=\"_a1bn  _9-f2 _9-f7 _9-fd _a8ww _9-fm _9-gg _9-hz\">\n<div class=\"_9_68 _9_6a _9_6h _9_6k _9_6t\">\u00a0<\/div>\n<\/div>\n<div id=\"attachment_23467\" style=\"width: 1450px\" class=\"wp-caption aligncenter\"><img loading=\"lazy\" decoding=\"async\" aria-describedby=\"caption-attachment-23467\" class=\"wp-image-23467 size-full\" src=\"https:\/\/andreasimonetti.com.br\/blog\/wp-content\/uploads\/2022\/05\/278252431_5093201570760003_922932605445991425_n.jpg\" alt=\"N\u00e3o deixe de visitar a cidade Mainz na Alemanha\" width=\"1440\" height=\"1440\" srcset=\"https:\/\/andreasimonetti.com.br\/blog\/wp-content\/uploads\/2022\/05\/278252431_5093201570760003_922932605445991425_n.jpg 1440w, https:\/\/andreasimonetti.com.br\/blog\/wp-content\/uploads\/2022\/05\/278252431_5093201570760003_922932605445991425_n-300x300.jpg 300w, https:\/\/andreasimonetti.com.br\/blog\/wp-content\/uploads\/2022\/05\/278252431_5093201570760003_922932605445991425_n-1024x1024.jpg 1024w, https:\/\/andreasimonetti.com.br\/blog\/wp-content\/uploads\/2022\/05\/278252431_5093201570760003_922932605445991425_n-150x150.jpg 150w, https:\/\/andreasimonetti.com.br\/blog\/wp-content\/uploads\/2022\/05\/278252431_5093201570760003_922932605445991425_n-768x768.jpg 768w, https:\/\/andreasimonetti.com.br\/blog\/wp-content\/uploads\/2022\/05\/278252431_5093201570760003_922932605445991425_n-1170x1170.jpg 1170w, https:\/\/andreasimonetti.com.br\/blog\/wp-content\/uploads\/2022\/05\/278252431_5093201570760003_922932605445991425_n-585x585.jpg 585w\" sizes=\"auto, (max-width: 1440px) 100vw, 1440px\" \/><p id=\"caption-attachment-23467\" class=\"wp-caption-text\">Centro de Mainz<\/p><\/div>\n<p><img loading=\"lazy\" decoding=\"async\" class=\"aligncenter wp-image-23468 size-full\" src=\"https:\/\/andreasimonetti.com.br\/blog\/wp-content\/uploads\/2022\/05\/278347586_5093201524093341_5751823013534258869_n.jpg\" alt=\"N\u00e3o deixe de visitar a cidade Mainz na Alemanha\" width=\"1440\" height=\"1440\" srcset=\"https:\/\/andreasimonetti.com.br\/blog\/wp-content\/uploads\/2022\/05\/278347586_5093201524093341_5751823013534258869_n.jpg 1440w, https:\/\/andreasimonetti.com.br\/blog\/wp-content\/uploads\/2022\/05\/278347586_5093201524093341_5751823013534258869_n-300x300.jpg 300w, https:\/\/andreasimonetti.com.br\/blog\/wp-content\/uploads\/2022\/05\/278347586_5093201524093341_5751823013534258869_n-1024x1024.jpg 1024w, https:\/\/andreasimonetti.com.br\/blog\/wp-content\/uploads\/2022\/05\/278347586_5093201524093341_5751823013534258869_n-150x150.jpg 150w, https:\/\/andreasimonetti.com.br\/blog\/wp-content\/uploads\/2022\/05\/278347586_5093201524093341_5751823013534258869_n-768x768.jpg 768w, https:\/\/andreasimonetti.com.br\/blog\/wp-content\/uploads\/2022\/05\/278347586_5093201524093341_5751823013534258869_n-1170x1170.jpg 1170w, https:\/\/andreasimonetti.com.br\/blog\/wp-content\/uploads\/2022\/05\/278347586_5093201524093341_5751823013534258869_n-585x585.jpg 585w\" sizes=\"auto, (max-width: 1440px) 100vw, 1440px\" \/> <img loading=\"lazy\" decoding=\"async\" class=\"alignnone wp-image-23469 size-full\" src=\"https:\/\/andreasimonetti.com.br\/blog\/wp-content\/uploads\/2022\/05\/278640109_5093201217426705_8666078918598689126_n.jpg\" alt=\"N\u00e3o deixe de visitar a cidade Mainz na Alemanha\" width=\"1440\" height=\"1440\" srcset=\"https:\/\/andreasimonetti.com.br\/blog\/wp-content\/uploads\/2022\/05\/278640109_5093201217426705_8666078918598689126_n.jpg 1440w, https:\/\/andreasimonetti.com.br\/blog\/wp-content\/uploads\/2022\/05\/278640109_5093201217426705_8666078918598689126_n-300x300.jpg 300w, https:\/\/andreasimonetti.com.br\/blog\/wp-content\/uploads\/2022\/05\/278640109_5093201217426705_8666078918598689126_n-1024x1024.jpg 1024w, https:\/\/andreasimonetti.com.br\/blog\/wp-content\/uploads\/2022\/05\/278640109_5093201217426705_8666078918598689126_n-150x150.jpg 150w, https:\/\/andreasimonetti.com.br\/blog\/wp-content\/uploads\/2022\/05\/278640109_5093201217426705_8666078918598689126_n-768x768.jpg 768w, https:\/\/andreasimonetti.com.br\/blog\/wp-content\/uploads\/2022\/05\/278640109_5093201217426705_8666078918598689126_n-1170x1170.jpg 1170w, https:\/\/andreasimonetti.com.br\/blog\/wp-content\/uploads\/2022\/05\/278640109_5093201217426705_8666078918598689126_n-585x585.jpg 585w\" sizes=\"auto, (max-width: 1440px) 100vw, 1440px\" \/><\/p>\n<div id=\"attachment_23471\" style=\"width: 1226px\" class=\"wp-caption aligncenter\"><img loading=\"lazy\" decoding=\"async\" aria-describedby=\"caption-attachment-23471\" class=\"wp-image-23471 size-full\" src=\"https:\/\/andreasimonetti.com.br\/blog\/wp-content\/uploads\/2022\/05\/IMG_5191.jpg\" alt=\"N\u00e3o deixe de visitar a cidade Mainz na Alemanha\" width=\"1216\" height=\"912\" srcset=\"https:\/\/andreasimonetti.com.br\/blog\/wp-content\/uploads\/2022\/05\/IMG_5191.jpg 1216w, https:\/\/andreasimonetti.com.br\/blog\/wp-content\/uploads\/2022\/05\/IMG_5191-300x225.jpg 300w, https:\/\/andreasimonetti.com.br\/blog\/wp-content\/uploads\/2022\/05\/IMG_5191-1024x768.jpg 1024w, https:\/\/andreasimonetti.com.br\/blog\/wp-content\/uploads\/2022\/05\/IMG_5191-768x576.jpg 768w, https:\/\/andreasimonetti.com.br\/blog\/wp-content\/uploads\/2022\/05\/IMG_5191-1170x878.jpg 1170w, https:\/\/andreasimonetti.com.br\/blog\/wp-content\/uploads\/2022\/05\/IMG_5191-585x439.jpg 585w\" sizes=\"auto, (max-width: 1216px) 100vw, 1216px\" \/><p id=\"caption-attachment-23471\" class=\"wp-caption-text\">Catedral Dom Saint Martin,<\/p><\/div>\n<p>O restaurante <a class=\"oajrlxb2 g5ia77u1 qu0x051f esr5mh6w e9989ue4 r7d6kgcz rq0escxv nhd2j8a9 nc684nl6 p7hjln8o kvgmc6g5 cxmmr5t8 oygrvhab hcukyx3x jb3vyjys rz4wbd8a qt6c0cv9 a8nywdso i1ao9s8h esuyzwwr f1sip0of lzcic4wl notranslate _a6hd\" tabindex=\"0\" role=\"link\" href=\"https:\/\/www.instagram.com\/wilma_wunder\/\">@wilma_wunder <\/a>oferece caf\u00e9 da manh\u00e3, almo\u00e7o e jantar.<br \/>\nOs alem\u00e3es s\u00e3o conhecidos no exterior por seu rico caf\u00e9 da manh\u00e3.<br \/>\n0 caf\u00e9 da manh\u00e3 alem\u00e3o cl\u00e1ssico \u00e9 composto por diferentes tipos de p\u00e3es, geleia e caf\u00e9 ou ch\u00e1.<br \/>\nMuitos tamb\u00e9m gostam de cereais com leite ou iogurte pela manh\u00e3.<\/p>\n<div id=\"attachment_23470\" style=\"width: 2058px\" class=\"wp-caption aligncenter\"><img loading=\"lazy\" decoding=\"async\" aria-describedby=\"caption-attachment-23470\" class=\"wp-image-23470 size-full\" src=\"https:\/\/andreasimonetti.com.br\/blog\/wp-content\/uploads\/2022\/05\/283449520_5196387940441365_6035804914624470143_n.jpg\" alt=\"N\u00e3o deixe de visitar a cidade Mainz na Alemanha\" width=\"2048\" height=\"2048\" srcset=\"https:\/\/andreasimonetti.com.br\/blog\/wp-content\/uploads\/2022\/05\/283449520_5196387940441365_6035804914624470143_n.jpg 2048w, https:\/\/andreasimonetti.com.br\/blog\/wp-content\/uploads\/2022\/05\/283449520_5196387940441365_6035804914624470143_n-300x300.jpg 300w, https:\/\/andreasimonetti.com.br\/blog\/wp-content\/uploads\/2022\/05\/283449520_5196387940441365_6035804914624470143_n-1024x1024.jpg 1024w, https:\/\/andreasimonetti.com.br\/blog\/wp-content\/uploads\/2022\/05\/283449520_5196387940441365_6035804914624470143_n-150x150.jpg 150w, https:\/\/andreasimonetti.com.br\/blog\/wp-content\/uploads\/2022\/05\/283449520_5196387940441365_6035804914624470143_n-768x768.jpg 768w, https:\/\/andreasimonetti.com.br\/blog\/wp-content\/uploads\/2022\/05\/283449520_5196387940441365_6035804914624470143_n-1536x1536.jpg 1536w, https:\/\/andreasimonetti.com.br\/blog\/wp-content\/uploads\/2022\/05\/283449520_5196387940441365_6035804914624470143_n-1170x1170.jpg 1170w, https:\/\/andreasimonetti.com.br\/blog\/wp-content\/uploads\/2022\/05\/283449520_5196387940441365_6035804914624470143_n-585x585.jpg 585w\" sizes=\"auto, (max-width: 2048px) 100vw, 2048px\" \/><p id=\"caption-attachment-23470\" class=\"wp-caption-text\">Wilma Wunder<\/p><\/div> <div id=\"attachment_23473\" style=\"width: 810px\" class=\"wp-caption aligncenter\"><img loading=\"lazy\" decoding=\"async\" aria-describedby=\"caption-attachment-23473\" class=\"wp-image-23473\" src=\"https:\/\/andreasimonetti.com.br\/blog\/wp-content\/uploads\/2022\/05\/IMG_5272.jpg\" alt=\"N\u00e3o deixe de visitar a cidade Mainz na Alemanha\" width=\"800\" height=\"1067\" srcset=\"https:\/\/andreasimonetti.com.br\/blog\/wp-content\/uploads\/2022\/05\/IMG_5272.jpg 684w, https:\/\/andreasimonetti.com.br\/blog\/wp-content\/uploads\/2022\/05\/IMG_5272-225x300.jpg 225w, https:\/\/andreasimonetti.com.br\/blog\/wp-content\/uploads\/2022\/05\/IMG_5272-585x780.jpg 585w\" sizes=\"auto, (max-width: 800px) 100vw, 800px\" \/><p id=\"caption-attachment-23473\" class=\"wp-caption-text\">Museu de Gutemberg<\/p><\/div>\n","protected":false},"excerpt":{"rendered":"<p>Cidades hist\u00f3ricas e charmosas estavam\u00a0 no roteiro da minha viagem para\u00a0 Alemanha. Revisitei a cidade de\u00a0 Mainz, onde j\u00e1 estive outras vezes. Com mais de 2 mil anos de exist\u00eancia,&hellip;<\/p>\n","protected":false},"author":7,"featured_media":23472,"comment_status":"open","ping_status":"open","sticky":false,"template":"","format":"standard","meta":{"_monsterinsights_skip_tracking":false,"_monsterinsights_sitenote_active":false,"_monsterinsights_sitenote_note":"","_monsterinsights_sitenote_category":0,"footnotes":""},"categories":[1508,2013],"tags":[3261,3262,3260],"class_list":["post-23466","post","type-post","status-publish","format-standard","has-post-thumbnail","hentry","category-destaque","category-lifestyle","tag-mainz-e-a-catedral-dom-saint-martin","tag-museu-gutemberg-na-alemanha","tag-nao-deixe-de-visitar-a-cidade-mainz-na-alemanha"],"yoast_head":"<!-- This site is optimized with the Yoast SEO plugin v26.3 - https:\/\/yoast.com\/wordpress\/plugins\/seo\/ -->\n<title>N\u00e3o deixe de visitar Mainz na Alemanha - Andrea Simonetti<\/title>\n<meta name=\"description\" content=\"Revisitei a cidade de\u00a0 Mainz, onde j\u00e1 estive outras vezes.Com mais de 2 mil anos de exist\u00eancia, a cidade \u00e9 um dos ber\u00e7os da imprensa : o seu filho mais\" \/>\n<meta name=\"robots\" content=\"index, follow, max-snippet:-1, max-image-preview:large, max-video-preview:-1\" \/>\n<link rel=\"canonical\" href=\"https:\/\/andreasimonetti.com.br\/blog\/nao-deixe-de-visitar-a-mainz-na-alemanha\/\" \/>\n<meta property=\"og:locale\" content=\"pt_BR\" \/>\n<meta property=\"og:type\" content=\"article\" \/>\n<meta property=\"og:title\" content=\"N\u00e3o deixe de visitar Mainz na Alemanha - Andrea Simonetti\" \/>\n<meta property=\"og:description\" content=\"Revisitei a cidade de\u00a0 Mainz, onde j\u00e1 estive outras vezes.Com mais de 2 mil anos de exist\u00eancia, a cidade \u00e9 um dos ber\u00e7os da imprensa : o seu filho mais\" \/>\n<meta property=\"og:url\" content=\"https:\/\/andreasimonetti.com.br\/blog\/nao-deixe-de-visitar-a-mainz-na-alemanha\/\" \/>\n<meta property=\"og:site_name\" content=\"Andrea Simonetti\" \/>\n<meta property=\"article:publisher\" content=\"https:\/\/www.facebook.com\/blogdaandreasimonetti\/\" \/>\n<meta property=\"article:author\" content=\"https:\/\/www.facebook.com\/blogdaandreasimonetti\/\" \/>\n<meta property=\"article:published_time\" content=\"2022-05-23T20:07:12+00:00\" \/>\n<meta property=\"article:modified_time\" content=\"2022-05-23T20:10:29+00:00\" \/>\n<meta property=\"og:image\" content=\"https:\/\/andreasimonetti.com.br\/blog\/wp-content\/uploads\/2022\/05\/278308591_5093201430760017_82456549237946791_n.jpg\" \/>\n\t<meta property=\"og:image:width\" content=\"1440\" \/>\n\t<meta property=\"og:image:height\" content=\"1800\" \/>\n\t<meta property=\"og:image:type\" content=\"image\/jpeg\" \/>\n<meta name=\"author\" content=\"Andrea Simonetti\" \/>\n<meta name=\"twitter:card\" content=\"summary_large_image\" \/>\n<meta name=\"twitter:creator\" content=\"@https:\/\/twitter.com\/Andrea_Simoneti\" \/>\n<meta name=\"twitter:site\" content=\"@Andrea_Simoneti\" \/>\n<meta name=\"twitter:label1\" content=\"Escrito por\" \/>\n\t<meta name=\"twitter:data1\" content=\"Andrea Simonetti\" \/>\n\t<meta name=\"twitter:label2\" content=\"Est. tempo de leitura\" \/>\n\t<meta name=\"twitter:data2\" content=\"2 minutos\" \/>\n<!-- \/ Yoast SEO plugin. -->","yoast_head_json":{"title":"N\u00e3o deixe de visitar Mainz na Alemanha - Andrea Simonetti","description":"Revisitei a cidade de\u00a0 Mainz, onde j\u00e1 estive outras vezes.Com mais de 2 mil anos de exist\u00eancia, a cidade \u00e9 um dos ber\u00e7os da imprensa : o seu filho mais","robots":{"index":"index","follow":"follow","max-snippet":"max-snippet:-1","max-image-preview":"max-image-preview:large","max-video-preview":"max-video-preview:-1"},"canonical":"https:\/\/andreasimonetti.com.br\/blog\/nao-deixe-de-visitar-a-mainz-na-alemanha\/","og_locale":"pt_BR","og_type":"article","og_title":"N\u00e3o deixe de visitar Mainz na Alemanha - Andrea Simonetti","og_description":"Revisitei a cidade de\u00a0 Mainz, onde j\u00e1 estive outras vezes.Com mais de 2 mil anos de exist\u00eancia, a cidade \u00e9 um dos ber\u00e7os da imprensa : o seu filho mais","og_url":"https:\/\/andreasimonetti.com.br\/blog\/nao-deixe-de-visitar-a-mainz-na-alemanha\/","og_site_name":"Andrea Simonetti","article_publisher":"https:\/\/www.facebook.com\/blogdaandreasimonetti\/","article_author":"https:\/\/www.facebook.com\/blogdaandreasimonetti\/","article_published_time":"2022-05-23T20:07:12+00:00","article_modified_time":"2022-05-23T20:10:29+00:00","og_image":[{"width":1440,"height":1800,"url":"https:\/\/andreasimonetti.com.br\/blog\/wp-content\/uploads\/2022\/05\/278308591_5093201430760017_82456549237946791_n.jpg","type":"image\/jpeg"}],"author":"Andrea Simonetti","twitter_card":"summary_large_image","twitter_creator":"@https:\/\/twitter.com\/Andrea_Simoneti","twitter_site":"@Andrea_Simoneti","twitter_misc":{"Escrito por":"Andrea Simonetti","Est. tempo de leitura":"2 minutos"},"schema":{"@context":"https:\/\/schema.org","@graph":[{"@type":"WebPage","@id":"https:\/\/andreasimonetti.com.br\/blog\/nao-deixe-de-visitar-a-mainz-na-alemanha\/","url":"https:\/\/andreasimonetti.com.br\/blog\/nao-deixe-de-visitar-a-mainz-na-alemanha\/","name":"N\u00e3o deixe de visitar Mainz na Alemanha - Andrea Simonetti","isPartOf":{"@id":"https:\/\/andreasimonetti.com.br\/blog\/#website"},"primaryImageOfPage":{"@id":"https:\/\/andreasimonetti.com.br\/blog\/nao-deixe-de-visitar-a-mainz-na-alemanha\/#primaryimage"},"image":{"@id":"https:\/\/andreasimonetti.com.br\/blog\/nao-deixe-de-visitar-a-mainz-na-alemanha\/#primaryimage"},"thumbnailUrl":"https:\/\/andreasimonetti.com.br\/blog\/wp-content\/uploads\/2022\/05\/278308591_5093201430760017_82456549237946791_n.jpg","datePublished":"2022-05-23T20:07:12+00:00","dateModified":"2022-05-23T20:10:29+00:00","author":{"@id":"https:\/\/andreasimonetti.com.br\/blog\/#\/schema\/person\/254f763c24ac288e27ea738a7366ad2a"},"description":"Revisitei a cidade de\u00a0 Mainz, onde j\u00e1 estive outras vezes.Com mais de 2 mil anos de exist\u00eancia, a cidade \u00e9 um dos ber\u00e7os da imprensa : o seu filho mais","breadcrumb":{"@id":"https:\/\/andreasimonetti.com.br\/blog\/nao-deixe-de-visitar-a-mainz-na-alemanha\/#breadcrumb"},"inLanguage":"pt-BR","potentialAction":[{"@type":"ReadAction","target":["https:\/\/andreasimonetti.com.br\/blog\/nao-deixe-de-visitar-a-mainz-na-alemanha\/"]}]},{"@type":"ImageObject","inLanguage":"pt-BR","@id":"https:\/\/andreasimonetti.com.br\/blog\/nao-deixe-de-visitar-a-mainz-na-alemanha\/#primaryimage","url":"https:\/\/andreasimonetti.com.br\/blog\/wp-content\/uploads\/2022\/05\/278308591_5093201430760017_82456549237946791_n.jpg","contentUrl":"https:\/\/andreasimonetti.com.br\/blog\/wp-content\/uploads\/2022\/05\/278308591_5093201430760017_82456549237946791_n.jpg","width":1440,"height":1800},{"@type":"BreadcrumbList","@id":"https:\/\/andreasimonetti.com.br\/blog\/nao-deixe-de-visitar-a-mainz-na-alemanha\/#breadcrumb","itemListElement":[{"@type":"ListItem","position":1,"name":"In\u00edcio","item":"https:\/\/andreasimonetti.com.br\/blog\/"},{"@type":"ListItem","position":2,"name":"N\u00e3o deixe de visitar Mainz na Alemanha"}]},{"@type":"WebSite","@id":"https:\/\/andreasimonetti.com.br\/blog\/#website","url":"https:\/\/andreasimonetti.com.br\/blog\/","name":"Andrea Simonetti","description":"","potentialAction":[{"@type":"SearchAction","target":{"@type":"EntryPoint","urlTemplate":"https:\/\/andreasimonetti.com.br\/blog\/?s={search_term_string}"},"query-input":{"@type":"PropertyValueSpecification","valueRequired":true,"valueName":"search_term_string"}}],"inLanguage":"pt-BR"},{"@type":"Person","@id":"https:\/\/andreasimonetti.com.br\/blog\/#\/schema\/person\/254f763c24ac288e27ea738a7366ad2a","name":"Andrea Simonetti","image":{"@type":"ImageObject","inLanguage":"pt-BR","@id":"https:\/\/andreasimonetti.com.br\/blog\/#\/schema\/person\/image\/","url":"https:\/\/andreasimonetti.com.br\/blog\/wp-content\/uploads\/2018\/04\/andrea-simonetti-96x96.png","contentUrl":"https:\/\/andreasimonetti.com.br\/blog\/wp-content\/uploads\/2018\/04\/andrea-simonetti-96x96.png","caption":"Andrea Simonetti"},"description":"Sou formada em Administra\u00e7\u00e3o de Empresas, Produ\u00e7\u00e3o de Moda pelo SENAC e Consultoria de Estilo. Sou fascinada por moda desde sempre, adoro ver as pessoas produzidas e de bem com a vida. Moda \u00e9 o meu assunto preferido. Comecei meu blog em 2011, ele cresceu e hoje \u00e9 um site bem mais abrangente, onde eu falo sobre moda e meu trabalho de consultora de estilo. E falo tamb\u00e9m sobre a minha experi\u00eancia de vida. Mas antes de tudo, acredito num Deus Soberano que nos guia e aben\u00e7oa, o tempo todo!","sameAs":["https:\/\/www.andreasimonetti.com.br\/","https:\/\/www.facebook.com\/blogdaandreasimonetti\/","https:\/\/www.instagram.com\/andrea_simonetti\/","https:\/\/br.pinterest.com\/BlogAndrea\/","https:\/\/x.com\/https:\/\/twitter.com\/Andrea_Simoneti"],"url":"https:\/\/andreasimonetti.com.br\/blog\/author\/andrea\/"}]}},"_links":{"self":[{"href":"https:\/\/andreasimonetti.com.br\/blog\/wp-json\/wp\/v2\/posts\/23466","targetHints":{"allow":["GET"]}}],"collection":[{"href":"https:\/\/andreasimonetti.com.br\/blog\/wp-json\/wp\/v2\/posts"}],"about":[{"href":"https:\/\/andreasimonetti.com.br\/blog\/wp-json\/wp\/v2\/types\/post"}],"author":[{"embeddable":true,"href":"https:\/\/andreasimonetti.com.br\/blog\/wp-json\/wp\/v2\/users\/7"}],"replies":[{"embeddable":true,"href":"https:\/\/andreasimonetti.com.br\/blog\/wp-json\/wp\/v2\/comments?post=23466"}],"version-history":[{"count":5,"href":"https:\/\/andreasimonetti.com.br\/blog\/wp-json\/wp\/v2\/posts\/23466\/revisions"}],"predecessor-version":[{"id":23478,"href":"https:\/\/andreasimonetti.com.br\/blog\/wp-json\/wp\/v2\/posts\/23466\/revisions\/23478"}],"wp:featuredmedia":[{"embeddable":true,"href":"https:\/\/andreasimonetti.com.br\/blog\/wp-json\/wp\/v2\/media\/23472"}],"wp:attachment":[{"href":"https:\/\/andreasimonetti.com.br\/blog\/wp-json\/wp\/v2\/media?parent=23466"}],"wp:term":[{"taxonomy":"category","embeddable":true,"href":"https:\/\/andreasimonetti.com.br\/blog\/wp-json\/wp\/v2\/categories?post=23466"},{"taxonomy":"post_tag","embeddable":true,"href":"https:\/\/andreasimonetti.com.br\/blog\/wp-json\/wp\/v2\/tags?post=23466"}],"curies":[{"name":"wp","href":"https:\/\/api.w.org\/{rel}","templated":true}]}}