{"id":23424,"date":"2022-05-16T18:41:31","date_gmt":"2022-05-16T21:41:31","guid":{"rendered":"https:\/\/andreasimonetti.com.br\/blog\/?p=23424"},"modified":"2022-05-16T18:42:30","modified_gmt":"2022-05-16T21:42:30","slug":"vem-ver-o-hotel-que-fiquei-em-riviera-francesa","status":"publish","type":"post","link":"https:\/\/andreasimonetti.com.br\/blog\/vem-ver-o-hotel-que-fiquei-em-riviera-francesa\/","title":{"rendered":"Vem ver o hotel que fiquei em Riviera Francesa"},"content":{"rendered":"<div class=\"_a6o-\">\n<p style=\"text-align: justify;\"><span class=\"_9_68 _9_6b _9_6h _9_6j _9_6u _9_6_\">Nos dias em que estive na Riviera Francesa, me hospedei no <a href=\"https:\/\/www.thalazur.fr\/bandol\/hotel\/\">lle Rousse Thalazur Bandol<\/a>, na regi\u00e3o central da cidade, com vista para a Ba\u00eda Ren\u00e9cros.<\/span><\/p>\n<p style=\"text-align: justify;\">Na categoria 5 estrelas, o hotel oferece um servi\u00e7o excepcional e uma estrutura repleta de servi\u00e7os aos h\u00f3spedes.<\/p>\n<p style=\"text-align: justify;\">O spa com seus tratamentos corporais e de beleza, a piscina interna aquecida e a sauna\u00a0 s\u00e3o oportunidades para um relaxamento completo.<\/p>\n<p style=\"text-align: justify;\">O restaurante do hotel, o Les Oliviers, com estrela Michelin, serve especialidades regionais e oferece vista do mar; no ver\u00e3o, as refei\u00e7\u00f5es podem ser saboreadas junto \u00e0 piscina.<\/p>\n<p style=\"text-align: justify;\">Foram cinco dias no\u00a0<a class=\"oajrlxb2 g5ia77u1 qu0x051f esr5mh6w e9989ue4 r7d6kgcz rq0escxv nhd2j8a9 nc684nl6 p7hjln8o kvgmc6g5 cxmmr5t8 oygrvhab hcukyx3x jb3vyjys rz4wbd8a qt6c0cv9 a8nywdso i1ao9s8h esuyzwwr f1sip0of lzcic4wl notranslate _a6hd\" tabindex=\"0\" role=\"link\" href=\"https:\/\/www.instagram.com\/thalazur\/?hl=pt-br\">@thalazur<\/a>\u00a0, e o que vi foi pura perfei\u00e7\u00e3o em todos, todos os detalhes.<\/p>\n<p style=\"text-align: justify;\">Essa \u00e9 uma das minhas principais indica\u00e7\u00f5es nessa viagem : na Riviera Francesa, o seu melhor lugar \u00e9 o\u00a0<a class=\"oajrlxb2 g5ia77u1 qu0x051f esr5mh6w e9989ue4 r7d6kgcz rq0escxv nhd2j8a9 nc684nl6 p7hjln8o kvgmc6g5 cxmmr5t8 oygrvhab hcukyx3x jb3vyjys rz4wbd8a qt6c0cv9 a8nywdso i1ao9s8h esuyzwwr f1sip0of lzcic4wl notranslate _a6hd\" tabindex=\"0\" role=\"link\" href=\"https:\/\/www.instagram.com\/thalazur\/?hl=pt-br\">@thalazur<\/a>\u00a0.<\/p>\n<\/div>\n<div>\n<div id=\"attachment_23435\" style=\"width: 1450px\" class=\"wp-caption alignnone\"><img loading=\"lazy\" decoding=\"async\" aria-describedby=\"caption-attachment-23435\" class=\"wp-image-23435 size-full\" src=\"https:\/\/andreasimonetti.com.br\/blog\/wp-content\/uploads\/2022\/05\/280713053_5175315615881931_3930097193728962446_n.jpg\" alt=\"Hotel IIe Rouse Thalazur em Bandol \" width=\"1440\" height=\"1800\" srcset=\"https:\/\/andreasimonetti.com.br\/blog\/wp-content\/uploads\/2022\/05\/280713053_5175315615881931_3930097193728962446_n.jpg 1440w, https:\/\/andreasimonetti.com.br\/blog\/wp-content\/uploads\/2022\/05\/280713053_5175315615881931_3930097193728962446_n-240x300.jpg 240w, https:\/\/andreasimonetti.com.br\/blog\/wp-content\/uploads\/2022\/05\/280713053_5175315615881931_3930097193728962446_n-819x1024.jpg 819w, https:\/\/andreasimonetti.com.br\/blog\/wp-content\/uploads\/2022\/05\/280713053_5175315615881931_3930097193728962446_n-768x960.jpg 768w, https:\/\/andreasimonetti.com.br\/blog\/wp-content\/uploads\/2022\/05\/280713053_5175315615881931_3930097193728962446_n-1229x1536.jpg 1229w, https:\/\/andreasimonetti.com.br\/blog\/wp-content\/uploads\/2022\/05\/280713053_5175315615881931_3930097193728962446_n-1170x1463.jpg 1170w, https:\/\/andreasimonetti.com.br\/blog\/wp-content\/uploads\/2022\/05\/280713053_5175315615881931_3930097193728962446_n-585x731.jpg 585w\" sizes=\"auto, (max-width: 1440px) 100vw, 1440px\" \/><p id=\"caption-attachment-23435\" class=\"wp-caption-text\">Para esse cen\u00e1rio magico escolhi body e a camisa da @ciamaritimabauru do Bauru Shopping. Cia Mar\u00edtima est\u00e1 viajando comigo.<\/p><\/div>\n<\/div>\n<div>\u00a0<\/div>\n<div>\n<div id=\"attachment_23432\" style=\"width: 810px\" class=\"wp-caption alignnone\"><img loading=\"lazy\" decoding=\"async\" aria-describedby=\"caption-attachment-23432\" class=\"wp-image-23432\" src=\"https:\/\/andreasimonetti.com.br\/blog\/wp-content\/uploads\/2022\/05\/280654833_5175316045881888_7294849814664531414_n.jpg\" alt=\"Hotel IIe Rouse Thalazur em Bandol \" width=\"800\" height=\"1422\" srcset=\"https:\/\/andreasimonetti.com.br\/blog\/wp-content\/uploads\/2022\/05\/280654833_5175316045881888_7294849814664531414_n.jpg 1152w, https:\/\/andreasimonetti.com.br\/blog\/wp-content\/uploads\/2022\/05\/280654833_5175316045881888_7294849814664531414_n-169x300.jpg 169w, https:\/\/andreasimonetti.com.br\/blog\/wp-content\/uploads\/2022\/05\/280654833_5175316045881888_7294849814664531414_n-576x1024.jpg 576w, https:\/\/andreasimonetti.com.br\/blog\/wp-content\/uploads\/2022\/05\/280654833_5175316045881888_7294849814664531414_n-768x1365.jpg 768w, https:\/\/andreasimonetti.com.br\/blog\/wp-content\/uploads\/2022\/05\/280654833_5175316045881888_7294849814664531414_n-864x1536.jpg 864w, https:\/\/andreasimonetti.com.br\/blog\/wp-content\/uploads\/2022\/05\/280654833_5175316045881888_7294849814664531414_n-585x1040.jpg 585w\" sizes=\"auto, (max-width: 800px) 100vw, 800px\" \/><p id=\"caption-attachment-23432\" class=\"wp-caption-text\">Hotel IIe Rouse Thalazur em Bandol<\/p><\/div>\n<\/div>\n<div>\u00a0<\/div>\n<div>\n<div id=\"attachment_23430\" style=\"width: 1055px\" class=\"wp-caption alignnone\"><img loading=\"lazy\" decoding=\"async\" aria-describedby=\"caption-attachment-23430\" class=\"wp-image-23430 size-full\" src=\"https:\/\/andreasimonetti.com.br\/blog\/wp-content\/uploads\/2022\/05\/120556398_3412858385403682_2769865038117807078_n.jpg\" alt=\"Hotel IIe Rouse Thalazur em Bandol \" width=\"1045\" height=\"682\" srcset=\"https:\/\/andreasimonetti.com.br\/blog\/wp-content\/uploads\/2022\/05\/120556398_3412858385403682_2769865038117807078_n.jpg 1045w, https:\/\/andreasimonetti.com.br\/blog\/wp-content\/uploads\/2022\/05\/120556398_3412858385403682_2769865038117807078_n-300x196.jpg 300w, https:\/\/andreasimonetti.com.br\/blog\/wp-content\/uploads\/2022\/05\/120556398_3412858385403682_2769865038117807078_n-1024x668.jpg 1024w, https:\/\/andreasimonetti.com.br\/blog\/wp-content\/uploads\/2022\/05\/120556398_3412858385403682_2769865038117807078_n-768x501.jpg 768w, https:\/\/andreasimonetti.com.br\/blog\/wp-content\/uploads\/2022\/05\/120556398_3412858385403682_2769865038117807078_n-585x382.jpg 585w\" sizes=\"auto, (max-width: 1045px) 100vw, 1045px\" \/><p id=\"caption-attachment-23430\" class=\"wp-caption-text\">Hotel IIe Rouse Thalazur em Bandol<\/p><\/div> <div id=\"attachment_23431\" style=\"width: 2058px\" class=\"wp-caption alignnone\"><img loading=\"lazy\" decoding=\"async\" aria-describedby=\"caption-attachment-23431\" class=\"wp-image-23431 size-full\" src=\"https:\/\/andreasimonetti.com.br\/blog\/wp-content\/uploads\/2022\/05\/280608796_5175333599213466_8341964059836165449_n.jpg\" alt=\"Hotel IIe Rouse Thalazur em Bandol \" width=\"2048\" height=\"1536\" srcset=\"https:\/\/andreasimonetti.com.br\/blog\/wp-content\/uploads\/2022\/05\/280608796_5175333599213466_8341964059836165449_n.jpg 2048w, https:\/\/andreasimonetti.com.br\/blog\/wp-content\/uploads\/2022\/05\/280608796_5175333599213466_8341964059836165449_n-300x225.jpg 300w, https:\/\/andreasimonetti.com.br\/blog\/wp-content\/uploads\/2022\/05\/280608796_5175333599213466_8341964059836165449_n-1024x768.jpg 1024w, https:\/\/andreasimonetti.com.br\/blog\/wp-content\/uploads\/2022\/05\/280608796_5175333599213466_8341964059836165449_n-768x576.jpg 768w, https:\/\/andreasimonetti.com.br\/blog\/wp-content\/uploads\/2022\/05\/280608796_5175333599213466_8341964059836165449_n-1536x1152.jpg 1536w, https:\/\/andreasimonetti.com.br\/blog\/wp-content\/uploads\/2022\/05\/280608796_5175333599213466_8341964059836165449_n-1170x878.jpg 1170w, https:\/\/andreasimonetti.com.br\/blog\/wp-content\/uploads\/2022\/05\/280608796_5175333599213466_8341964059836165449_n-585x439.jpg 585w\" sizes=\"auto, (max-width: 2048px) 100vw, 2048px\" \/><p id=\"caption-attachment-23431\" class=\"wp-caption-text\">Hotel IIe Rouse Thalazur em Bandol<\/p><\/div>\n<\/div>\n<div class=\"_9_68 _9_6a _9_6h _9_6k _9_6t\">\n<div id=\"attachment_23425\" style=\"width: 810px\" class=\"wp-caption aligncenter\"><img loading=\"lazy\" decoding=\"async\" aria-describedby=\"caption-attachment-23425\" class=\"wp-image-23425\" src=\"https:\/\/andreasimonetti.com.br\/blog\/wp-content\/uploads\/2022\/05\/280286365_5175316232548536_5456724998824541913_n.jpg\" alt=\"Piscina interna do lle Rousse Thalazur\" width=\"800\" height=\"1067\" srcset=\"https:\/\/andreasimonetti.com.br\/blog\/wp-content\/uploads\/2022\/05\/280286365_5175316232548536_5456724998824541913_n.jpg 1536w, https:\/\/andreasimonetti.com.br\/blog\/wp-content\/uploads\/2022\/05\/280286365_5175316232548536_5456724998824541913_n-225x300.jpg 225w, https:\/\/andreasimonetti.com.br\/blog\/wp-content\/uploads\/2022\/05\/280286365_5175316232548536_5456724998824541913_n-768x1024.jpg 768w, https:\/\/andreasimonetti.com.br\/blog\/wp-content\/uploads\/2022\/05\/280286365_5175316232548536_5456724998824541913_n-1152x1536.jpg 1152w, https:\/\/andreasimonetti.com.br\/blog\/wp-content\/uploads\/2022\/05\/280286365_5175316232548536_5456724998824541913_n-1170x1560.jpg 1170w, https:\/\/andreasimonetti.com.br\/blog\/wp-content\/uploads\/2022\/05\/280286365_5175316232548536_5456724998824541913_n-585x780.jpg 585w\" sizes=\"auto, (max-width: 800px) 100vw, 800px\" \/><p id=\"caption-attachment-23425\" class=\"wp-caption-text\">Piscina interna do lle Rousse Thalazur<\/p><\/div> <div id=\"attachment_23427\" style=\"width: 1546px\" class=\"wp-caption aligncenter\"><img loading=\"lazy\" decoding=\"async\" aria-describedby=\"caption-attachment-23427\" class=\"wp-image-23427 size-full\" src=\"https:\/\/andreasimonetti.com.br\/blog\/wp-content\/uploads\/2022\/05\/280369958_5175333619213464_4971855657817979752_n.jpg\" alt=\"lle Rousse Thalazur em Bandol \" width=\"1536\" height=\"2048\" srcset=\"https:\/\/andreasimonetti.com.br\/blog\/wp-content\/uploads\/2022\/05\/280369958_5175333619213464_4971855657817979752_n.jpg 1536w, https:\/\/andreasimonetti.com.br\/blog\/wp-content\/uploads\/2022\/05\/280369958_5175333619213464_4971855657817979752_n-225x300.jpg 225w, https:\/\/andreasimonetti.com.br\/blog\/wp-content\/uploads\/2022\/05\/280369958_5175333619213464_4971855657817979752_n-768x1024.jpg 768w, https:\/\/andreasimonetti.com.br\/blog\/wp-content\/uploads\/2022\/05\/280369958_5175333619213464_4971855657817979752_n-1152x1536.jpg 1152w, https:\/\/andreasimonetti.com.br\/blog\/wp-content\/uploads\/2022\/05\/280369958_5175333619213464_4971855657817979752_n-1170x1560.jpg 1170w, https:\/\/andreasimonetti.com.br\/blog\/wp-content\/uploads\/2022\/05\/280369958_5175333619213464_4971855657817979752_n-585x780.jpg 585w\" sizes=\"auto, (max-width: 1536px) 100vw, 1536px\" \/><p id=\"caption-attachment-23427\" class=\"wp-caption-text\">Uma jantar especial com minhas irm\u00e3s Claudia e Fabiana Simonetti<\/p><\/div> <div id=\"attachment_23428\" style=\"width: 1450px\" class=\"wp-caption aligncenter\"><img loading=\"lazy\" decoding=\"async\" aria-describedby=\"caption-attachment-23428\" class=\"wp-image-23428 size-full\" src=\"https:\/\/andreasimonetti.com.br\/blog\/wp-content\/uploads\/2022\/05\/281342546_5175315782548581_8048666856459310265_n.jpg\" alt=\"IIe Rouse Thalazur em Bandol \" width=\"1440\" height=\"1559\" srcset=\"https:\/\/andreasimonetti.com.br\/blog\/wp-content\/uploads\/2022\/05\/281342546_5175315782548581_8048666856459310265_n.jpg 1440w, https:\/\/andreasimonetti.com.br\/blog\/wp-content\/uploads\/2022\/05\/281342546_5175315782548581_8048666856459310265_n-277x300.jpg 277w, https:\/\/andreasimonetti.com.br\/blog\/wp-content\/uploads\/2022\/05\/281342546_5175315782548581_8048666856459310265_n-946x1024.jpg 946w, https:\/\/andreasimonetti.com.br\/blog\/wp-content\/uploads\/2022\/05\/281342546_5175315782548581_8048666856459310265_n-768x831.jpg 768w, https:\/\/andreasimonetti.com.br\/blog\/wp-content\/uploads\/2022\/05\/281342546_5175315782548581_8048666856459310265_n-1419x1536.jpg 1419w, https:\/\/andreasimonetti.com.br\/blog\/wp-content\/uploads\/2022\/05\/281342546_5175315782548581_8048666856459310265_n-1170x1267.jpg 1170w, https:\/\/andreasimonetti.com.br\/blog\/wp-content\/uploads\/2022\/05\/281342546_5175315782548581_8048666856459310265_n-585x633.jpg 585w\" sizes=\"auto, (max-width: 1440px) 100vw, 1440px\" \/><p id=\"caption-attachment-23428\" class=\"wp-caption-text\">Para o jantar especial no hotel IIe Rouse Thalazur , escolhi esse body da @valiserebaurushop . Com modelagem ampla, manga morcego em tule leve e estampado, a pe\u00e7a tem estrutura interna de regata em microfibra dupla na frente, para evitar transpar\u00eancia. E mais: a renda abaixo da cintura tem forro apenas na frente da regi\u00e3o da calcinha. Combinei com saia de couro e bota.<\/p><\/div>\n<\/div>\n<div>\n<div id=\"attachment_23436\" style=\"width: 1546px\" class=\"wp-caption aligncenter\"><img loading=\"lazy\" decoding=\"async\" aria-describedby=\"caption-attachment-23436\" class=\"wp-image-23436 size-full\" src=\"https:\/\/andreasimonetti.com.br\/blog\/wp-content\/uploads\/2022\/05\/280829797_5175316112548548_3621745297737580959_n.jpg\" alt=\"Hotel IIe Rouse Thalazur em Bandol \" width=\"1536\" height=\"2048\" srcset=\"https:\/\/andreasimonetti.com.br\/blog\/wp-content\/uploads\/2022\/05\/280829797_5175316112548548_3621745297737580959_n.jpg 1536w, https:\/\/andreasimonetti.com.br\/blog\/wp-content\/uploads\/2022\/05\/280829797_5175316112548548_3621745297737580959_n-225x300.jpg 225w, https:\/\/andreasimonetti.com.br\/blog\/wp-content\/uploads\/2022\/05\/280829797_5175316112548548_3621745297737580959_n-768x1024.jpg 768w, https:\/\/andreasimonetti.com.br\/blog\/wp-content\/uploads\/2022\/05\/280829797_5175316112548548_3621745297737580959_n-1152x1536.jpg 1152w, https:\/\/andreasimonetti.com.br\/blog\/wp-content\/uploads\/2022\/05\/280829797_5175316112548548_3621745297737580959_n-1170x1560.jpg 1170w, https:\/\/andreasimonetti.com.br\/blog\/wp-content\/uploads\/2022\/05\/280829797_5175316112548548_3621745297737580959_n-585x780.jpg 585w\" sizes=\"auto, (max-width: 1536px) 100vw, 1536px\" \/><p id=\"caption-attachment-23436\" class=\"wp-caption-text\">Escolhi um pijama preto, em tecido da @theclassiquee . A Th\u00e9 Classique est\u00e1 viajando comigo.<\/p><\/div>\n<\/div>\n","protected":false},"excerpt":{"rendered":"<p>Nos dias em que estive na Riviera Francesa, me hospedei no lle Rousse Thalazur Bandol, na regi\u00e3o central da cidade, com vista para a Ba\u00eda Ren\u00e9cros. Na categoria 5 estrelas,&hellip;<\/p>\n","protected":false},"author":7,"featured_media":23433,"comment_status":"open","ping_status":"open","sticky":false,"template":"","format":"standard","meta":{"_monsterinsights_skip_tracking":false,"_monsterinsights_sitenote_active":false,"_monsterinsights_sitenote_note":"","_monsterinsights_sitenote_category":0,"footnotes":""},"categories":[1508,2013],"tags":[1749,3252,3254,3253,3255],"class_list":["post-23424","post","type-post","status-publish","format-standard","has-post-thumbnail","hentry","category-destaque","category-lifestyle","tag-franca","tag-lle-rousse-thalazur-bandol","tag-riviera-francesa","tag-thalazur","tag-viajar"],"yoast_head":"<!-- This site is optimized with the Yoast SEO plugin v26.3 - https:\/\/yoast.com\/wordpress\/plugins\/seo\/ -->\n<title>Vem ver o hotel que fiquei em Riviera Francesa - Andrea Simonetti<\/title>\n<meta name=\"description\" content=\"Nos dias em que estive na Riviera Francesa, me hospedei no lle Rousse Thalazur Bandol, na regi\u00e3o central da cidade, com vista para a Ba\u00eda Ren\u00e9cros.\" \/>\n<meta name=\"robots\" content=\"index, follow, max-snippet:-1, max-image-preview:large, max-video-preview:-1\" \/>\n<link rel=\"canonical\" href=\"https:\/\/andreasimonetti.com.br\/blog\/vem-ver-o-hotel-que-fiquei-em-riviera-francesa\/\" \/>\n<meta property=\"og:locale\" content=\"pt_BR\" \/>\n<meta property=\"og:type\" content=\"article\" \/>\n<meta property=\"og:title\" content=\"Vem ver o hotel que fiquei em Riviera Francesa - Andrea Simonetti\" \/>\n<meta property=\"og:description\" content=\"Nos dias em que estive na Riviera Francesa, me hospedei no lle Rousse Thalazur Bandol, na regi\u00e3o central da cidade, com vista para a Ba\u00eda Ren\u00e9cros.\" \/>\n<meta property=\"og:url\" content=\"https:\/\/andreasimonetti.com.br\/blog\/vem-ver-o-hotel-que-fiquei-em-riviera-francesa\/\" \/>\n<meta property=\"og:site_name\" content=\"Andrea Simonetti\" \/>\n<meta property=\"article:publisher\" content=\"https:\/\/www.facebook.com\/blogdaandreasimonetti\/\" \/>\n<meta property=\"article:author\" content=\"https:\/\/www.facebook.com\/blogdaandreasimonetti\/\" \/>\n<meta property=\"article:published_time\" content=\"2022-05-16T21:41:31+00:00\" \/>\n<meta property=\"article:modified_time\" content=\"2022-05-16T21:42:30+00:00\" \/>\n<meta property=\"og:image\" content=\"https:\/\/andreasimonetti.com.br\/blog\/wp-content\/uploads\/2022\/05\/280686137_5175316125881880_4903801007367638491_n.jpg\" \/>\n\t<meta property=\"og:image:width\" content=\"1152\" \/>\n\t<meta property=\"og:image:height\" content=\"2048\" \/>\n\t<meta property=\"og:image:type\" content=\"image\/jpeg\" \/>\n<meta name=\"author\" content=\"Andrea Simonetti\" \/>\n<meta name=\"twitter:card\" content=\"summary_large_image\" \/>\n<meta name=\"twitter:creator\" content=\"@https:\/\/twitter.com\/Andrea_Simoneti\" \/>\n<meta name=\"twitter:site\" content=\"@Andrea_Simoneti\" \/>\n<meta name=\"twitter:label1\" content=\"Escrito por\" \/>\n\t<meta name=\"twitter:data1\" content=\"Andrea Simonetti\" \/>\n\t<meta name=\"twitter:label2\" content=\"Est. tempo de leitura\" \/>\n\t<meta name=\"twitter:data2\" content=\"2 minutos\" \/>\n<!-- \/ Yoast SEO plugin. -->","yoast_head_json":{"title":"Vem ver o hotel que fiquei em Riviera Francesa - Andrea Simonetti","description":"Nos dias em que estive na Riviera Francesa, me hospedei no lle Rousse Thalazur Bandol, na regi\u00e3o central da cidade, com vista para a Ba\u00eda Ren\u00e9cros.","robots":{"index":"index","follow":"follow","max-snippet":"max-snippet:-1","max-image-preview":"max-image-preview:large","max-video-preview":"max-video-preview:-1"},"canonical":"https:\/\/andreasimonetti.com.br\/blog\/vem-ver-o-hotel-que-fiquei-em-riviera-francesa\/","og_locale":"pt_BR","og_type":"article","og_title":"Vem ver o hotel que fiquei em Riviera Francesa - Andrea Simonetti","og_description":"Nos dias em que estive na Riviera Francesa, me hospedei no lle Rousse Thalazur Bandol, na regi\u00e3o central da cidade, com vista para a Ba\u00eda Ren\u00e9cros.","og_url":"https:\/\/andreasimonetti.com.br\/blog\/vem-ver-o-hotel-que-fiquei-em-riviera-francesa\/","og_site_name":"Andrea Simonetti","article_publisher":"https:\/\/www.facebook.com\/blogdaandreasimonetti\/","article_author":"https:\/\/www.facebook.com\/blogdaandreasimonetti\/","article_published_time":"2022-05-16T21:41:31+00:00","article_modified_time":"2022-05-16T21:42:30+00:00","og_image":[{"width":1152,"height":2048,"url":"https:\/\/andreasimonetti.com.br\/blog\/wp-content\/uploads\/2022\/05\/280686137_5175316125881880_4903801007367638491_n.jpg","type":"image\/jpeg"}],"author":"Andrea Simonetti","twitter_card":"summary_large_image","twitter_creator":"@https:\/\/twitter.com\/Andrea_Simoneti","twitter_site":"@Andrea_Simoneti","twitter_misc":{"Escrito por":"Andrea Simonetti","Est. tempo de leitura":"2 minutos"},"schema":{"@context":"https:\/\/schema.org","@graph":[{"@type":"WebPage","@id":"https:\/\/andreasimonetti.com.br\/blog\/vem-ver-o-hotel-que-fiquei-em-riviera-francesa\/","url":"https:\/\/andreasimonetti.com.br\/blog\/vem-ver-o-hotel-que-fiquei-em-riviera-francesa\/","name":"Vem ver o hotel que fiquei em Riviera Francesa - Andrea Simonetti","isPartOf":{"@id":"https:\/\/andreasimonetti.com.br\/blog\/#website"},"primaryImageOfPage":{"@id":"https:\/\/andreasimonetti.com.br\/blog\/vem-ver-o-hotel-que-fiquei-em-riviera-francesa\/#primaryimage"},"image":{"@id":"https:\/\/andreasimonetti.com.br\/blog\/vem-ver-o-hotel-que-fiquei-em-riviera-francesa\/#primaryimage"},"thumbnailUrl":"https:\/\/andreasimonetti.com.br\/blog\/wp-content\/uploads\/2022\/05\/280686137_5175316125881880_4903801007367638491_n.jpg","datePublished":"2022-05-16T21:41:31+00:00","dateModified":"2022-05-16T21:42:30+00:00","author":{"@id":"https:\/\/andreasimonetti.com.br\/blog\/#\/schema\/person\/254f763c24ac288e27ea738a7366ad2a"},"description":"Nos dias em que estive na Riviera Francesa, me hospedei no lle Rousse Thalazur Bandol, na regi\u00e3o central da cidade, com vista para a Ba\u00eda Ren\u00e9cros.","breadcrumb":{"@id":"https:\/\/andreasimonetti.com.br\/blog\/vem-ver-o-hotel-que-fiquei-em-riviera-francesa\/#breadcrumb"},"inLanguage":"pt-BR","potentialAction":[{"@type":"ReadAction","target":["https:\/\/andreasimonetti.com.br\/blog\/vem-ver-o-hotel-que-fiquei-em-riviera-francesa\/"]}]},{"@type":"ImageObject","inLanguage":"pt-BR","@id":"https:\/\/andreasimonetti.com.br\/blog\/vem-ver-o-hotel-que-fiquei-em-riviera-francesa\/#primaryimage","url":"https:\/\/andreasimonetti.com.br\/blog\/wp-content\/uploads\/2022\/05\/280686137_5175316125881880_4903801007367638491_n.jpg","contentUrl":"https:\/\/andreasimonetti.com.br\/blog\/wp-content\/uploads\/2022\/05\/280686137_5175316125881880_4903801007367638491_n.jpg","width":1152,"height":2048},{"@type":"BreadcrumbList","@id":"https:\/\/andreasimonetti.com.br\/blog\/vem-ver-o-hotel-que-fiquei-em-riviera-francesa\/#breadcrumb","itemListElement":[{"@type":"ListItem","position":1,"name":"In\u00edcio","item":"https:\/\/andreasimonetti.com.br\/blog\/"},{"@type":"ListItem","position":2,"name":"Vem ver o hotel que fiquei em Riviera Francesa"}]},{"@type":"WebSite","@id":"https:\/\/andreasimonetti.com.br\/blog\/#website","url":"https:\/\/andreasimonetti.com.br\/blog\/","name":"Andrea Simonetti","description":"","potentialAction":[{"@type":"SearchAction","target":{"@type":"EntryPoint","urlTemplate":"https:\/\/andreasimonetti.com.br\/blog\/?s={search_term_string}"},"query-input":{"@type":"PropertyValueSpecification","valueRequired":true,"valueName":"search_term_string"}}],"inLanguage":"pt-BR"},{"@type":"Person","@id":"https:\/\/andreasimonetti.com.br\/blog\/#\/schema\/person\/254f763c24ac288e27ea738a7366ad2a","name":"Andrea Simonetti","image":{"@type":"ImageObject","inLanguage":"pt-BR","@id":"https:\/\/andreasimonetti.com.br\/blog\/#\/schema\/person\/image\/","url":"https:\/\/andreasimonetti.com.br\/blog\/wp-content\/uploads\/2018\/04\/andrea-simonetti-96x96.png","contentUrl":"https:\/\/andreasimonetti.com.br\/blog\/wp-content\/uploads\/2018\/04\/andrea-simonetti-96x96.png","caption":"Andrea Simonetti"},"description":"Sou formada em Administra\u00e7\u00e3o de Empresas, Produ\u00e7\u00e3o de Moda pelo SENAC e Consultoria de Estilo. Sou fascinada por moda desde sempre, adoro ver as pessoas produzidas e de bem com a vida. Moda \u00e9 o meu assunto preferido. Comecei meu blog em 2011, ele cresceu e hoje \u00e9 um site bem mais abrangente, onde eu falo sobre moda e meu trabalho de consultora de estilo. E falo tamb\u00e9m sobre a minha experi\u00eancia de vida. Mas antes de tudo, acredito num Deus Soberano que nos guia e aben\u00e7oa, o tempo todo!","sameAs":["https:\/\/www.andreasimonetti.com.br\/","https:\/\/www.facebook.com\/blogdaandreasimonetti\/","https:\/\/www.instagram.com\/andrea_simonetti\/","https:\/\/br.pinterest.com\/BlogAndrea\/","https:\/\/x.com\/https:\/\/twitter.com\/Andrea_Simoneti"],"url":"https:\/\/andreasimonetti.com.br\/blog\/author\/andrea\/"}]}},"_links":{"self":[{"href":"https:\/\/andreasimonetti.com.br\/blog\/wp-json\/wp\/v2\/posts\/23424","targetHints":{"allow":["GET"]}}],"collection":[{"href":"https:\/\/andreasimonetti.com.br\/blog\/wp-json\/wp\/v2\/posts"}],"about":[{"href":"https:\/\/andreasimonetti.com.br\/blog\/wp-json\/wp\/v2\/types\/post"}],"author":[{"embeddable":true,"href":"https:\/\/andreasimonetti.com.br\/blog\/wp-json\/wp\/v2\/users\/7"}],"replies":[{"embeddable":true,"href":"https:\/\/andreasimonetti.com.br\/blog\/wp-json\/wp\/v2\/comments?post=23424"}],"version-history":[{"count":3,"href":"https:\/\/andreasimonetti.com.br\/blog\/wp-json\/wp\/v2\/posts\/23424\/revisions"}],"predecessor-version":[{"id":23439,"href":"https:\/\/andreasimonetti.com.br\/blog\/wp-json\/wp\/v2\/posts\/23424\/revisions\/23439"}],"wp:featuredmedia":[{"embeddable":true,"href":"https:\/\/andreasimonetti.com.br\/blog\/wp-json\/wp\/v2\/media\/23433"}],"wp:attachment":[{"href":"https:\/\/andreasimonetti.com.br\/blog\/wp-json\/wp\/v2\/media?parent=23424"}],"wp:term":[{"taxonomy":"category","embeddable":true,"href":"https:\/\/andreasimonetti.com.br\/blog\/wp-json\/wp\/v2\/categories?post=23424"},{"taxonomy":"post_tag","embeddable":true,"href":"https:\/\/andreasimonetti.com.br\/blog\/wp-json\/wp\/v2\/tags?post=23424"}],"curies":[{"name":"wp","href":"https:\/\/api.w.org\/{rel}","templated":true}]}}