{"id":23410,"date":"2022-04-08T12:02:33","date_gmt":"2022-04-08T15:02:33","guid":{"rendered":"https:\/\/andreasimonetti.com.br\/blog\/?p=23410"},"modified":"2022-04-08T12:02:33","modified_gmt":"2022-04-08T15:02:33","slug":"espelho-vitoriano-na-decoracao","status":"publish","type":"post","link":"https:\/\/andreasimonetti.com.br\/blog\/espelho-vitoriano-na-decoracao\/","title":{"rendered":"Espelho vitoriano na decora\u00e7\u00e3o"},"content":{"rendered":"<h4><span style=\"color: #ff6600;\">Espelho vitoriano na decora\u00e7\u00e3o<\/span><\/h4>\n<div>\u00a0<\/div>\n<div class=\"MOdxS \"><span class=\"_7UhW9   xLCgt      MMzan   KV-D4           se6yk       T0kll \">Esse lindo espelho no estilo vitoriano \u00e9 uma das pe\u00e7as de decora\u00e7\u00e3o que mais gosto na minha <a href=\"https:\/\/andreasimonetti.com.br\/blog\/decorando-meu-mezanino\/\">casa<\/a>.<\/p>\n<p>E ele ganhou ainda mais destaque quanto o arquiteto Tiago Rosa da <a href=\"https:\/\/www.aespelharia.com.br\/\">Espelharia<\/a>\u00a0 sugeriu que fosse colocado no topo da escadaria.<\/p>\n<p>Pra completar o ambiente, o Tiago usou ba\u00fas de rattan; esse espa\u00e7o da casa ficou maravilhoso!<\/p>\n<p>O espelho estilo vitoriano &#8211; pe\u00e7a que hoje \u00e9 refer\u00eancia na decora\u00e7\u00e3o de estilo moderno &#8211; pode ser usado em diversas \u00e1reas, principalmente como ponto de destaque no projeto.<\/p>\n<p>Com a orienta\u00e7\u00e3o de um arquiteto ou design de interiores, voc\u00ea cria o ambiente dos seus sonhos com as muitas op\u00e7\u00f5es de espelhos decorativos que A ESPELHARIA oferece.\u00a0<\/span><\/div>\n<div id=\"attachment_23411\" style=\"width: 1648px\" class=\"wp-caption alignnone\"><img loading=\"lazy\" decoding=\"async\" aria-describedby=\"caption-attachment-23411\" class=\"wp-image-23411 size-full\" src=\"https:\/\/andreasimonetti.com.br\/blog\/wp-content\/uploads\/2022\/04\/277770150_5069720936441400_7236416839682521523_n.jpg\" alt=\"Espelho vitoriano \" width=\"1638\" height=\"2048\" srcset=\"https:\/\/andreasimonetti.com.br\/blog\/wp-content\/uploads\/2022\/04\/277770150_5069720936441400_7236416839682521523_n.jpg 1638w, https:\/\/andreasimonetti.com.br\/blog\/wp-content\/uploads\/2022\/04\/277770150_5069720936441400_7236416839682521523_n-240x300.jpg 240w, https:\/\/andreasimonetti.com.br\/blog\/wp-content\/uploads\/2022\/04\/277770150_5069720936441400_7236416839682521523_n-819x1024.jpg 819w, https:\/\/andreasimonetti.com.br\/blog\/wp-content\/uploads\/2022\/04\/277770150_5069720936441400_7236416839682521523_n-768x960.jpg 768w, https:\/\/andreasimonetti.com.br\/blog\/wp-content\/uploads\/2022\/04\/277770150_5069720936441400_7236416839682521523_n-1229x1536.jpg 1229w, https:\/\/andreasimonetti.com.br\/blog\/wp-content\/uploads\/2022\/04\/277770150_5069720936441400_7236416839682521523_n-1170x1463.jpg 1170w, https:\/\/andreasimonetti.com.br\/blog\/wp-content\/uploads\/2022\/04\/277770150_5069720936441400_7236416839682521523_n-585x731.jpg 585w\" sizes=\"auto, (max-width: 1638px) 100vw, 1638px\" \/><p id=\"caption-attachment-23411\" class=\"wp-caption-text\">A Espelharia<\/p><\/div>\n<p><strong>A Espelharia fica na\u00a0 Avenida Nossa Senhora de F\u00e1tima 20-53 &#8211; loja 1 <\/strong><\/p>\n<p><strong>Bauru &#8211; SP<\/strong><\/p>\n","protected":false},"excerpt":{"rendered":"<p>Espelho vitoriano na decora\u00e7\u00e3o \u00a0 Esse lindo espelho no estilo vitoriano \u00e9 uma das pe\u00e7as de decora\u00e7\u00e3o que mais gosto na minha casa. E ele ganhou ainda mais destaque quanto&hellip;<\/p>\n","protected":false},"author":7,"featured_media":23412,"comment_status":"open","ping_status":"open","sticky":false,"template":"","format":"standard","meta":{"_monsterinsights_skip_tracking":false,"_monsterinsights_sitenote_active":false,"_monsterinsights_sitenote_note":"","_monsterinsights_sitenote_category":0,"footnotes":""},"categories":[1508,2013],"tags":[3185,3244,3251],"class_list":["post-23410","post","type-post","status-publish","format-standard","has-post-thumbnail","hentry","category-destaque","category-lifestyle","tag-a-espelharia","tag-decoracao-interiores","tag-espelho-vitoriano"],"yoast_head":"<!-- This site is optimized with the Yoast SEO plugin v26.3 - https:\/\/yoast.com\/wordpress\/plugins\/seo\/ -->\n<title>Espelho vitoriano na decora\u00e7\u00e3o - Andrea Simonetti<\/title>\n<meta name=\"robots\" content=\"index, follow, max-snippet:-1, max-image-preview:large, max-video-preview:-1\" \/>\n<link rel=\"canonical\" href=\"https:\/\/andreasimonetti.com.br\/blog\/espelho-vitoriano-na-decoracao\/\" \/>\n<meta property=\"og:locale\" content=\"pt_BR\" \/>\n<meta property=\"og:type\" content=\"article\" \/>\n<meta property=\"og:title\" content=\"Espelho vitoriano na decora\u00e7\u00e3o - Andrea Simonetti\" \/>\n<meta property=\"og:description\" content=\"Espelho vitoriano na decora\u00e7\u00e3o \u00a0 Esse lindo espelho no estilo vitoriano \u00e9 uma das pe\u00e7as de decora\u00e7\u00e3o que mais gosto na minha casa. E ele ganhou ainda mais destaque quanto&hellip;\" \/>\n<meta property=\"og:url\" content=\"https:\/\/andreasimonetti.com.br\/blog\/espelho-vitoriano-na-decoracao\/\" \/>\n<meta property=\"og:site_name\" content=\"Andrea Simonetti\" \/>\n<meta property=\"article:publisher\" content=\"https:\/\/www.facebook.com\/blogdaandreasimonetti\/\" \/>\n<meta property=\"article:author\" content=\"https:\/\/www.facebook.com\/blogdaandreasimonetti\/\" \/>\n<meta property=\"article:published_time\" content=\"2022-04-08T15:02:33+00:00\" \/>\n<meta property=\"og:image\" content=\"https:\/\/andreasimonetti.com.br\/blog\/wp-content\/uploads\/2022\/04\/277574214_5069720549774772_2617861926033463229_n.jpg\" \/>\n\t<meta property=\"og:image:width\" content=\"1638\" \/>\n\t<meta property=\"og:image:height\" content=\"2048\" \/>\n\t<meta property=\"og:image:type\" content=\"image\/jpeg\" \/>\n<meta name=\"author\" content=\"Andrea Simonetti\" \/>\n<meta name=\"twitter:card\" content=\"summary_large_image\" \/>\n<meta name=\"twitter:creator\" content=\"@https:\/\/twitter.com\/Andrea_Simoneti\" \/>\n<meta name=\"twitter:site\" content=\"@Andrea_Simoneti\" \/>\n<meta name=\"twitter:label1\" content=\"Escrito por\" \/>\n\t<meta name=\"twitter:data1\" content=\"Andrea Simonetti\" \/>\n\t<meta name=\"twitter:label2\" content=\"Est. tempo de leitura\" \/>\n\t<meta name=\"twitter:data2\" content=\"1 minuto\" \/>\n<!-- \/ Yoast SEO plugin. -->","yoast_head_json":{"title":"Espelho vitoriano na decora\u00e7\u00e3o - Andrea Simonetti","robots":{"index":"index","follow":"follow","max-snippet":"max-snippet:-1","max-image-preview":"max-image-preview:large","max-video-preview":"max-video-preview:-1"},"canonical":"https:\/\/andreasimonetti.com.br\/blog\/espelho-vitoriano-na-decoracao\/","og_locale":"pt_BR","og_type":"article","og_title":"Espelho vitoriano na decora\u00e7\u00e3o - Andrea Simonetti","og_description":"Espelho vitoriano na decora\u00e7\u00e3o \u00a0 Esse lindo espelho no estilo vitoriano \u00e9 uma das pe\u00e7as de decora\u00e7\u00e3o que mais gosto na minha casa. E ele ganhou ainda mais destaque quanto&hellip;","og_url":"https:\/\/andreasimonetti.com.br\/blog\/espelho-vitoriano-na-decoracao\/","og_site_name":"Andrea Simonetti","article_publisher":"https:\/\/www.facebook.com\/blogdaandreasimonetti\/","article_author":"https:\/\/www.facebook.com\/blogdaandreasimonetti\/","article_published_time":"2022-04-08T15:02:33+00:00","og_image":[{"width":1638,"height":2048,"url":"https:\/\/andreasimonetti.com.br\/blog\/wp-content\/uploads\/2022\/04\/277574214_5069720549774772_2617861926033463229_n.jpg","type":"image\/jpeg"}],"author":"Andrea Simonetti","twitter_card":"summary_large_image","twitter_creator":"@https:\/\/twitter.com\/Andrea_Simoneti","twitter_site":"@Andrea_Simoneti","twitter_misc":{"Escrito por":"Andrea Simonetti","Est. tempo de leitura":"1 minuto"},"schema":{"@context":"https:\/\/schema.org","@graph":[{"@type":"WebPage","@id":"https:\/\/andreasimonetti.com.br\/blog\/espelho-vitoriano-na-decoracao\/","url":"https:\/\/andreasimonetti.com.br\/blog\/espelho-vitoriano-na-decoracao\/","name":"Espelho vitoriano na decora\u00e7\u00e3o - Andrea Simonetti","isPartOf":{"@id":"https:\/\/andreasimonetti.com.br\/blog\/#website"},"primaryImageOfPage":{"@id":"https:\/\/andreasimonetti.com.br\/blog\/espelho-vitoriano-na-decoracao\/#primaryimage"},"image":{"@id":"https:\/\/andreasimonetti.com.br\/blog\/espelho-vitoriano-na-decoracao\/#primaryimage"},"thumbnailUrl":"https:\/\/andreasimonetti.com.br\/blog\/wp-content\/uploads\/2022\/04\/277574214_5069720549774772_2617861926033463229_n.jpg","datePublished":"2022-04-08T15:02:33+00:00","author":{"@id":"https:\/\/andreasimonetti.com.br\/blog\/#\/schema\/person\/254f763c24ac288e27ea738a7366ad2a"},"breadcrumb":{"@id":"https:\/\/andreasimonetti.com.br\/blog\/espelho-vitoriano-na-decoracao\/#breadcrumb"},"inLanguage":"pt-BR","potentialAction":[{"@type":"ReadAction","target":["https:\/\/andreasimonetti.com.br\/blog\/espelho-vitoriano-na-decoracao\/"]}]},{"@type":"ImageObject","inLanguage":"pt-BR","@id":"https:\/\/andreasimonetti.com.br\/blog\/espelho-vitoriano-na-decoracao\/#primaryimage","url":"https:\/\/andreasimonetti.com.br\/blog\/wp-content\/uploads\/2022\/04\/277574214_5069720549774772_2617861926033463229_n.jpg","contentUrl":"https:\/\/andreasimonetti.com.br\/blog\/wp-content\/uploads\/2022\/04\/277574214_5069720549774772_2617861926033463229_n.jpg","width":1638,"height":2048,"caption":"ESPELHO VITORIANO"},{"@type":"BreadcrumbList","@id":"https:\/\/andreasimonetti.com.br\/blog\/espelho-vitoriano-na-decoracao\/#breadcrumb","itemListElement":[{"@type":"ListItem","position":1,"name":"In\u00edcio","item":"https:\/\/andreasimonetti.com.br\/blog\/"},{"@type":"ListItem","position":2,"name":"Espelho vitoriano na decora\u00e7\u00e3o"}]},{"@type":"WebSite","@id":"https:\/\/andreasimonetti.com.br\/blog\/#website","url":"https:\/\/andreasimonetti.com.br\/blog\/","name":"Andrea Simonetti","description":"","potentialAction":[{"@type":"SearchAction","target":{"@type":"EntryPoint","urlTemplate":"https:\/\/andreasimonetti.com.br\/blog\/?s={search_term_string}"},"query-input":{"@type":"PropertyValueSpecification","valueRequired":true,"valueName":"search_term_string"}}],"inLanguage":"pt-BR"},{"@type":"Person","@id":"https:\/\/andreasimonetti.com.br\/blog\/#\/schema\/person\/254f763c24ac288e27ea738a7366ad2a","name":"Andrea Simonetti","image":{"@type":"ImageObject","inLanguage":"pt-BR","@id":"https:\/\/andreasimonetti.com.br\/blog\/#\/schema\/person\/image\/","url":"https:\/\/andreasimonetti.com.br\/blog\/wp-content\/uploads\/2018\/04\/andrea-simonetti-96x96.png","contentUrl":"https:\/\/andreasimonetti.com.br\/blog\/wp-content\/uploads\/2018\/04\/andrea-simonetti-96x96.png","caption":"Andrea Simonetti"},"description":"Sou formada em Administra\u00e7\u00e3o de Empresas, Produ\u00e7\u00e3o de Moda pelo SENAC e Consultoria de Estilo. Sou fascinada por moda desde sempre, adoro ver as pessoas produzidas e de bem com a vida. Moda \u00e9 o meu assunto preferido. Comecei meu blog em 2011, ele cresceu e hoje \u00e9 um site bem mais abrangente, onde eu falo sobre moda e meu trabalho de consultora de estilo. E falo tamb\u00e9m sobre a minha experi\u00eancia de vida. Mas antes de tudo, acredito num Deus Soberano que nos guia e aben\u00e7oa, o tempo todo!","sameAs":["https:\/\/www.andreasimonetti.com.br\/","https:\/\/www.facebook.com\/blogdaandreasimonetti\/","https:\/\/www.instagram.com\/andrea_simonetti\/","https:\/\/br.pinterest.com\/BlogAndrea\/","https:\/\/x.com\/https:\/\/twitter.com\/Andrea_Simoneti"],"url":"https:\/\/andreasimonetti.com.br\/blog\/author\/andrea\/"}]}},"_links":{"self":[{"href":"https:\/\/andreasimonetti.com.br\/blog\/wp-json\/wp\/v2\/posts\/23410","targetHints":{"allow":["GET"]}}],"collection":[{"href":"https:\/\/andreasimonetti.com.br\/blog\/wp-json\/wp\/v2\/posts"}],"about":[{"href":"https:\/\/andreasimonetti.com.br\/blog\/wp-json\/wp\/v2\/types\/post"}],"author":[{"embeddable":true,"href":"https:\/\/andreasimonetti.com.br\/blog\/wp-json\/wp\/v2\/users\/7"}],"replies":[{"embeddable":true,"href":"https:\/\/andreasimonetti.com.br\/blog\/wp-json\/wp\/v2\/comments?post=23410"}],"version-history":[{"count":2,"href":"https:\/\/andreasimonetti.com.br\/blog\/wp-json\/wp\/v2\/posts\/23410\/revisions"}],"predecessor-version":[{"id":23414,"href":"https:\/\/andreasimonetti.com.br\/blog\/wp-json\/wp\/v2\/posts\/23410\/revisions\/23414"}],"wp:featuredmedia":[{"embeddable":true,"href":"https:\/\/andreasimonetti.com.br\/blog\/wp-json\/wp\/v2\/media\/23412"}],"wp:attachment":[{"href":"https:\/\/andreasimonetti.com.br\/blog\/wp-json\/wp\/v2\/media?parent=23410"}],"wp:term":[{"taxonomy":"category","embeddable":true,"href":"https:\/\/andreasimonetti.com.br\/blog\/wp-json\/wp\/v2\/categories?post=23410"},{"taxonomy":"post_tag","embeddable":true,"href":"https:\/\/andreasimonetti.com.br\/blog\/wp-json\/wp\/v2\/tags?post=23410"}],"curies":[{"name":"wp","href":"https:\/\/api.w.org\/{rel}","templated":true}]}}