{"id":23313,"date":"2022-01-28T10:41:17","date_gmt":"2022-01-28T13:41:17","guid":{"rendered":"https:\/\/andreasimonetti.com.br\/blog\/?p=23313"},"modified":"2022-01-28T10:41:17","modified_gmt":"2022-01-28T13:41:17","slug":"o-perfume-escolhido-para-este-ano-2","status":"publish","type":"post","link":"https:\/\/andreasimonetti.com.br\/blog\/o-perfume-escolhido-para-este-ano-2\/","title":{"rendered":"O perfume escolhido para este ano!"},"content":{"rendered":"<div class=\"kvgmc6g5 cxmmr5t8 oygrvhab hcukyx3x c1et5uql ii04i59q\">\n<div dir=\"auto\">Minha irm\u00e3 @claudiasimonetti71 , que mora na Alemanha e \u00e9 super atenta a novidades, me presenteou com uma fragr\u00e2ncia da grife MCM.<\/div>\n<div dir=\"auto\">\u00a0<\/div>\n<\/div>\n<div class=\"cxmmr5t8 oygrvhab hcukyx3x c1et5uql o9v6fnle ii04i59q\">\n<div dir=\"auto\">A sua fragr\u00e2ncia frutada conta com framboesa e damasco como notas de sa\u00edda, que se combinam com jasmim, pe\u00f4nia e a violeta formando um buqu\u00ea espl\u00eandido no cora\u00e7\u00e3o da composi\u00e7\u00e3o. Madeiras quentes, ambroxan e um toque de baunilha fundem-se numa base animada que refina magistralmente este Eau de Parfum.<\/div>\n<div dir=\"auto\">\u00a0<\/div>\n<\/div>\n<div class=\"cxmmr5t8 oygrvhab hcukyx3x c1et5uql o9v6fnle ii04i59q\">\n<div dir=\"auto\">O frasco \u00e9 uma homenagem \u00e0 cl\u00e1ssica mochila com o lend\u00e1rio padr\u00e3o \u201cVisetos\u201d que mostra o design reconhecido dos produtos MCM.<\/div>\n<\/div>\n<div class=\"cxmmr5t8 oygrvhab hcukyx3x c1et5uql o9v6fnle ii04i59q\">\n<div dir=\"auto\">A <a class=\"oajrlxb2 g5ia77u1 qu0x051f esr5mh6w e9989ue4 r7d6kgcz rq0escxv nhd2j8a9 nc684nl6 p7hjln8o kvgmc6g5 cxmmr5t8 oygrvhab hcukyx3x jb3vyjys rz4wbd8a qt6c0cv9 a8nywdso i1ao9s8h esuyzwwr f1sip0of lzcic4wl gpro0wi8 py34i1dx\" tabindex=\"0\" role=\"link\" href=\"https:\/\/l.facebook.com\/l.php?u=https%3A%2F%2Fwww.instagram.com%2F_u%2Fmcmworldwide%3Ffbclid%3DIwAR2T7FrZSM1MTTwJ27fKZNnEv0B68PLiM6JS-Gt3ZbtIPJIezWd2voC1fG8&amp;h=AT2cXiDcIZE7ynrh2NNznmUIIaRAS6ysMySDJUciZJC_xg9Y6mHJyT5_t4Yk9u1Ul9W4JqPmY8L8kynVfwOFnA7kmAOJ9RT2-0qs8C2U1FMnYGpFGlQ94hwXDoReJtciJXf3KuOeAva5vjVStv4R&amp;__tn__=-UK-R&amp;c[0]=AT1wZ4zA4IXI5-KKboPfRkmkgAK90KHqjAzAatn7s5fI6LjNwm9nhk9A9GkcM0v-IzKmbMWgbtL644fNfTJ50076nrMIlAaXerD0SsfDQsequcLHzcGTLqcnSk81tezYVA2cZ77hkfe1uVbk47VE8nzvJ3tOO95MV3l4HtnRTAhy0vxh50ZedLXicrRYfFSFRKBwm4Om6HZO9No2gDZGVg\" target=\"_blank\" rel=\"nofollow noopener noreferrer\">@mcmworldwide <\/a>\u00e9 especializa em bolsas de couro e criou esse perfume inspirado em suas mochilas ic\u00f4nicas.<\/div>\n<div dir=\"auto\">\u00a0<\/div>\n<\/div>\n<div class=\"cxmmr5t8 oygrvhab hcukyx3x c1et5uql o9v6fnle ii04i59q\">\n<div dir=\"auto\">Adorei!<\/div>\n<\/div>\n","protected":false},"excerpt":{"rendered":"<p>Minha irm\u00e3 @claudiasimonetti71 , que mora na Alemanha e \u00e9 super atenta a novidades, me presenteou com uma fragr\u00e2ncia da grife MCM. \u00a0 A sua fragr\u00e2ncia frutada conta com framboesa&hellip;<\/p>\n","protected":false},"author":7,"featured_media":23314,"comment_status":"open","ping_status":"open","sticky":false,"template":"","format":"standard","meta":{"_monsterinsights_skip_tracking":false,"_monsterinsights_sitenote_active":false,"_monsterinsights_sitenote_note":"","_monsterinsights_sitenote_category":0,"footnotes":""},"categories":[6,1508],"tags":[3228,3227,3226],"class_list":["post-23313","post","type-post","status-publish","format-standard","has-post-thumbnail","hentry","category-beleza","category-destaque","tag-eau-de-parfum","tag-mcm","tag-perfume"],"yoast_head":"<!-- This site is optimized with the Yoast SEO plugin v26.3 - https:\/\/yoast.com\/wordpress\/plugins\/seo\/ -->\n<title>O perfume escolhido para este ano! - Andrea Simonetti<\/title>\n<meta name=\"description\" content=\"A sua fragr\u00e2ncia frutada conta com framboesa e damasco como notas de sa\u00edda, que se combinam com jasmim, pe\u00f4nia e a violeta formando um buqu\u00ea espl\u00eandido\" \/>\n<meta name=\"robots\" content=\"index, follow, max-snippet:-1, max-image-preview:large, max-video-preview:-1\" \/>\n<link rel=\"canonical\" href=\"https:\/\/andreasimonetti.com.br\/blog\/o-perfume-escolhido-para-este-ano-2\/\" \/>\n<meta property=\"og:locale\" content=\"pt_BR\" \/>\n<meta property=\"og:type\" content=\"article\" \/>\n<meta property=\"og:title\" content=\"O perfume escolhido para este ano! - Andrea Simonetti\" \/>\n<meta property=\"og:description\" content=\"A sua fragr\u00e2ncia frutada conta com framboesa e damasco como notas de sa\u00edda, que se combinam com jasmim, pe\u00f4nia e a violeta formando um buqu\u00ea espl\u00eandido\" \/>\n<meta property=\"og:url\" content=\"https:\/\/andreasimonetti.com.br\/blog\/o-perfume-escolhido-para-este-ano-2\/\" \/>\n<meta property=\"og:site_name\" content=\"Andrea Simonetti\" \/>\n<meta property=\"article:publisher\" content=\"https:\/\/www.facebook.com\/blogdaandreasimonetti\/\" \/>\n<meta property=\"article:author\" content=\"https:\/\/www.facebook.com\/blogdaandreasimonetti\/\" \/>\n<meta property=\"article:published_time\" content=\"2022-01-28T13:41:17+00:00\" \/>\n<meta property=\"og:image\" content=\"https:\/\/andreasimonetti.com.br\/blog\/wp-content\/uploads\/2022\/01\/271607215_4676166085801338_6635621528259215182_n.jpg\" \/>\n\t<meta property=\"og:image:width\" content=\"1440\" \/>\n\t<meta property=\"og:image:height\" content=\"1800\" \/>\n\t<meta property=\"og:image:type\" content=\"image\/jpeg\" \/>\n<meta name=\"author\" content=\"Andrea Simonetti\" \/>\n<meta name=\"twitter:card\" content=\"summary_large_image\" \/>\n<meta name=\"twitter:creator\" content=\"@https:\/\/twitter.com\/Andrea_Simoneti\" \/>\n<meta name=\"twitter:site\" content=\"@Andrea_Simoneti\" \/>\n<meta name=\"twitter:label1\" content=\"Escrito por\" \/>\n\t<meta name=\"twitter:data1\" content=\"Andrea Simonetti\" \/>\n\t<meta name=\"twitter:label2\" content=\"Est. tempo de leitura\" \/>\n\t<meta name=\"twitter:data2\" content=\"1 minuto\" \/>\n<!-- \/ Yoast SEO plugin. -->","yoast_head_json":{"title":"O perfume escolhido para este ano! - Andrea Simonetti","description":"A sua fragr\u00e2ncia frutada conta com framboesa e damasco como notas de sa\u00edda, que se combinam com jasmim, pe\u00f4nia e a violeta formando um buqu\u00ea espl\u00eandido","robots":{"index":"index","follow":"follow","max-snippet":"max-snippet:-1","max-image-preview":"max-image-preview:large","max-video-preview":"max-video-preview:-1"},"canonical":"https:\/\/andreasimonetti.com.br\/blog\/o-perfume-escolhido-para-este-ano-2\/","og_locale":"pt_BR","og_type":"article","og_title":"O perfume escolhido para este ano! - Andrea Simonetti","og_description":"A sua fragr\u00e2ncia frutada conta com framboesa e damasco como notas de sa\u00edda, que se combinam com jasmim, pe\u00f4nia e a violeta formando um buqu\u00ea espl\u00eandido","og_url":"https:\/\/andreasimonetti.com.br\/blog\/o-perfume-escolhido-para-este-ano-2\/","og_site_name":"Andrea Simonetti","article_publisher":"https:\/\/www.facebook.com\/blogdaandreasimonetti\/","article_author":"https:\/\/www.facebook.com\/blogdaandreasimonetti\/","article_published_time":"2022-01-28T13:41:17+00:00","og_image":[{"width":1440,"height":1800,"url":"https:\/\/andreasimonetti.com.br\/blog\/wp-content\/uploads\/2022\/01\/271607215_4676166085801338_6635621528259215182_n.jpg","type":"image\/jpeg"}],"author":"Andrea Simonetti","twitter_card":"summary_large_image","twitter_creator":"@https:\/\/twitter.com\/Andrea_Simoneti","twitter_site":"@Andrea_Simoneti","twitter_misc":{"Escrito por":"Andrea Simonetti","Est. tempo de leitura":"1 minuto"},"schema":{"@context":"https:\/\/schema.org","@graph":[{"@type":"WebPage","@id":"https:\/\/andreasimonetti.com.br\/blog\/o-perfume-escolhido-para-este-ano-2\/","url":"https:\/\/andreasimonetti.com.br\/blog\/o-perfume-escolhido-para-este-ano-2\/","name":"O perfume escolhido para este ano! - Andrea Simonetti","isPartOf":{"@id":"https:\/\/andreasimonetti.com.br\/blog\/#website"},"primaryImageOfPage":{"@id":"https:\/\/andreasimonetti.com.br\/blog\/o-perfume-escolhido-para-este-ano-2\/#primaryimage"},"image":{"@id":"https:\/\/andreasimonetti.com.br\/blog\/o-perfume-escolhido-para-este-ano-2\/#primaryimage"},"thumbnailUrl":"https:\/\/andreasimonetti.com.br\/blog\/wp-content\/uploads\/2022\/01\/271607215_4676166085801338_6635621528259215182_n.jpg","datePublished":"2022-01-28T13:41:17+00:00","author":{"@id":"https:\/\/andreasimonetti.com.br\/blog\/#\/schema\/person\/254f763c24ac288e27ea738a7366ad2a"},"description":"A sua fragr\u00e2ncia frutada conta com framboesa e damasco como notas de sa\u00edda, que se combinam com jasmim, pe\u00f4nia e a violeta formando um buqu\u00ea espl\u00eandido","breadcrumb":{"@id":"https:\/\/andreasimonetti.com.br\/blog\/o-perfume-escolhido-para-este-ano-2\/#breadcrumb"},"inLanguage":"pt-BR","potentialAction":[{"@type":"ReadAction","target":["https:\/\/andreasimonetti.com.br\/blog\/o-perfume-escolhido-para-este-ano-2\/"]}]},{"@type":"ImageObject","inLanguage":"pt-BR","@id":"https:\/\/andreasimonetti.com.br\/blog\/o-perfume-escolhido-para-este-ano-2\/#primaryimage","url":"https:\/\/andreasimonetti.com.br\/blog\/wp-content\/uploads\/2022\/01\/271607215_4676166085801338_6635621528259215182_n.jpg","contentUrl":"https:\/\/andreasimonetti.com.br\/blog\/wp-content\/uploads\/2022\/01\/271607215_4676166085801338_6635621528259215182_n.jpg","width":1440,"height":1800},{"@type":"BreadcrumbList","@id":"https:\/\/andreasimonetti.com.br\/blog\/o-perfume-escolhido-para-este-ano-2\/#breadcrumb","itemListElement":[{"@type":"ListItem","position":1,"name":"In\u00edcio","item":"https:\/\/andreasimonetti.com.br\/blog\/"},{"@type":"ListItem","position":2,"name":"O perfume escolhido para este ano!"}]},{"@type":"WebSite","@id":"https:\/\/andreasimonetti.com.br\/blog\/#website","url":"https:\/\/andreasimonetti.com.br\/blog\/","name":"Andrea Simonetti","description":"","potentialAction":[{"@type":"SearchAction","target":{"@type":"EntryPoint","urlTemplate":"https:\/\/andreasimonetti.com.br\/blog\/?s={search_term_string}"},"query-input":{"@type":"PropertyValueSpecification","valueRequired":true,"valueName":"search_term_string"}}],"inLanguage":"pt-BR"},{"@type":"Person","@id":"https:\/\/andreasimonetti.com.br\/blog\/#\/schema\/person\/254f763c24ac288e27ea738a7366ad2a","name":"Andrea Simonetti","image":{"@type":"ImageObject","inLanguage":"pt-BR","@id":"https:\/\/andreasimonetti.com.br\/blog\/#\/schema\/person\/image\/","url":"https:\/\/andreasimonetti.com.br\/blog\/wp-content\/uploads\/2018\/04\/andrea-simonetti-96x96.png","contentUrl":"https:\/\/andreasimonetti.com.br\/blog\/wp-content\/uploads\/2018\/04\/andrea-simonetti-96x96.png","caption":"Andrea Simonetti"},"description":"Sou formada em Administra\u00e7\u00e3o de Empresas, Produ\u00e7\u00e3o de Moda pelo SENAC e Consultoria de Estilo. Sou fascinada por moda desde sempre, adoro ver as pessoas produzidas e de bem com a vida. Moda \u00e9 o meu assunto preferido. Comecei meu blog em 2011, ele cresceu e hoje \u00e9 um site bem mais abrangente, onde eu falo sobre moda e meu trabalho de consultora de estilo. E falo tamb\u00e9m sobre a minha experi\u00eancia de vida. Mas antes de tudo, acredito num Deus Soberano que nos guia e aben\u00e7oa, o tempo todo!","sameAs":["https:\/\/www.andreasimonetti.com.br\/","https:\/\/www.facebook.com\/blogdaandreasimonetti\/","https:\/\/www.instagram.com\/andrea_simonetti\/","https:\/\/br.pinterest.com\/BlogAndrea\/","https:\/\/x.com\/https:\/\/twitter.com\/Andrea_Simoneti"],"url":"https:\/\/andreasimonetti.com.br\/blog\/author\/andrea\/"}]}},"_links":{"self":[{"href":"https:\/\/andreasimonetti.com.br\/blog\/wp-json\/wp\/v2\/posts\/23313","targetHints":{"allow":["GET"]}}],"collection":[{"href":"https:\/\/andreasimonetti.com.br\/blog\/wp-json\/wp\/v2\/posts"}],"about":[{"href":"https:\/\/andreasimonetti.com.br\/blog\/wp-json\/wp\/v2\/types\/post"}],"author":[{"embeddable":true,"href":"https:\/\/andreasimonetti.com.br\/blog\/wp-json\/wp\/v2\/users\/7"}],"replies":[{"embeddable":true,"href":"https:\/\/andreasimonetti.com.br\/blog\/wp-json\/wp\/v2\/comments?post=23313"}],"version-history":[{"count":1,"href":"https:\/\/andreasimonetti.com.br\/blog\/wp-json\/wp\/v2\/posts\/23313\/revisions"}],"predecessor-version":[{"id":23315,"href":"https:\/\/andreasimonetti.com.br\/blog\/wp-json\/wp\/v2\/posts\/23313\/revisions\/23315"}],"wp:featuredmedia":[{"embeddable":true,"href":"https:\/\/andreasimonetti.com.br\/blog\/wp-json\/wp\/v2\/media\/23314"}],"wp:attachment":[{"href":"https:\/\/andreasimonetti.com.br\/blog\/wp-json\/wp\/v2\/media?parent=23313"}],"wp:term":[{"taxonomy":"category","embeddable":true,"href":"https:\/\/andreasimonetti.com.br\/blog\/wp-json\/wp\/v2\/categories?post=23313"},{"taxonomy":"post_tag","embeddable":true,"href":"https:\/\/andreasimonetti.com.br\/blog\/wp-json\/wp\/v2\/tags?post=23313"}],"curies":[{"name":"wp","href":"https:\/\/api.w.org\/{rel}","templated":true}]}}