{"id":23289,"date":"2021-12-13T18:06:49","date_gmt":"2021-12-13T21:06:49","guid":{"rendered":"https:\/\/andreasimonetti.com.br\/blog\/?p=23289"},"modified":"2021-12-13T18:06:49","modified_gmt":"2021-12-13T21:06:49","slug":"ja-escolheu-seu-look-para-o-natal","status":"publish","type":"post","link":"https:\/\/andreasimonetti.com.br\/blog\/ja-escolheu-seu-look-para-o-natal\/","title":{"rendered":"J\u00e1 escolheu seu look para o natal?"},"content":{"rendered":"<p>Voc\u00ea j\u00e1 escolheu seu look para o Natal deste ano?<\/p>\n<p>Fotografei 3 ideias de looks para voc\u00eas.<\/p>\n<p>Qual voc\u00ea gostou mais?<\/p>\n<p><img loading=\"lazy\" decoding=\"async\" class=\"alignnone wp-image-23291 size-full\" src=\"https:\/\/andreasimonetti.com.br\/blog\/wp-content\/uploads\/2021\/12\/265999037_4686057654807732_5165081543130454089_n.jpg\" alt=\"J\u00e1 escolheu seu look para o natal? \" width=\"1440\" height=\"1800\" srcset=\"https:\/\/andreasimonetti.com.br\/blog\/wp-content\/uploads\/2021\/12\/265999037_4686057654807732_5165081543130454089_n.jpg 1440w, https:\/\/andreasimonetti.com.br\/blog\/wp-content\/uploads\/2021\/12\/265999037_4686057654807732_5165081543130454089_n-240x300.jpg 240w, https:\/\/andreasimonetti.com.br\/blog\/wp-content\/uploads\/2021\/12\/265999037_4686057654807732_5165081543130454089_n-819x1024.jpg 819w, https:\/\/andreasimonetti.com.br\/blog\/wp-content\/uploads\/2021\/12\/265999037_4686057654807732_5165081543130454089_n-768x960.jpg 768w, https:\/\/andreasimonetti.com.br\/blog\/wp-content\/uploads\/2021\/12\/265999037_4686057654807732_5165081543130454089_n-1229x1536.jpg 1229w, https:\/\/andreasimonetti.com.br\/blog\/wp-content\/uploads\/2021\/12\/265999037_4686057654807732_5165081543130454089_n-1170x1463.jpg 1170w, https:\/\/andreasimonetti.com.br\/blog\/wp-content\/uploads\/2021\/12\/265999037_4686057654807732_5165081543130454089_n-585x731.jpg 585w\" sizes=\"auto, (max-width: 1440px) 100vw, 1440px\" \/><\/p>\n<p><img loading=\"lazy\" decoding=\"async\" class=\"alignnone wp-image-23292 size-full\" src=\"https:\/\/andreasimonetti.com.br\/blog\/wp-content\/uploads\/2021\/12\/267706034_4686057704807727_5344323705719206680_n.jpg\" alt=\"J\u00e1 escolheu seu look para o natal? \" width=\"1365\" height=\"2048\" srcset=\"https:\/\/andreasimonetti.com.br\/blog\/wp-content\/uploads\/2021\/12\/267706034_4686057704807727_5344323705719206680_n.jpg 1365w, https:\/\/andreasimonetti.com.br\/blog\/wp-content\/uploads\/2021\/12\/267706034_4686057704807727_5344323705719206680_n-200x300.jpg 200w, https:\/\/andreasimonetti.com.br\/blog\/wp-content\/uploads\/2021\/12\/267706034_4686057704807727_5344323705719206680_n-683x1024.jpg 683w, https:\/\/andreasimonetti.com.br\/blog\/wp-content\/uploads\/2021\/12\/267706034_4686057704807727_5344323705719206680_n-768x1152.jpg 768w, https:\/\/andreasimonetti.com.br\/blog\/wp-content\/uploads\/2021\/12\/267706034_4686057704807727_5344323705719206680_n-1024x1536.jpg 1024w, https:\/\/andreasimonetti.com.br\/blog\/wp-content\/uploads\/2021\/12\/267706034_4686057704807727_5344323705719206680_n-1170x1755.jpg 1170w, https:\/\/andreasimonetti.com.br\/blog\/wp-content\/uploads\/2021\/12\/267706034_4686057704807727_5344323705719206680_n-585x878.jpg 585w\" sizes=\"auto, (max-width: 1365px) 100vw, 1365px\" \/> <img loading=\"lazy\" decoding=\"async\" class=\"alignnone wp-image-23293 size-full\" src=\"https:\/\/andreasimonetti.com.br\/blog\/wp-content\/uploads\/2021\/12\/265596111_4686057528141078_3874862548127747874_n.jpg\" alt=\"J\u00e1 escolheu seu look para o natal? \" width=\"1365\" height=\"2048\" srcset=\"https:\/\/andreasimonetti.com.br\/blog\/wp-content\/uploads\/2021\/12\/265596111_4686057528141078_3874862548127747874_n.jpg 1365w, https:\/\/andreasimonetti.com.br\/blog\/wp-content\/uploads\/2021\/12\/265596111_4686057528141078_3874862548127747874_n-200x300.jpg 200w, https:\/\/andreasimonetti.com.br\/blog\/wp-content\/uploads\/2021\/12\/265596111_4686057528141078_3874862548127747874_n-683x1024.jpg 683w, https:\/\/andreasimonetti.com.br\/blog\/wp-content\/uploads\/2021\/12\/265596111_4686057528141078_3874862548127747874_n-768x1152.jpg 768w, https:\/\/andreasimonetti.com.br\/blog\/wp-content\/uploads\/2021\/12\/265596111_4686057528141078_3874862548127747874_n-1024x1536.jpg 1024w, https:\/\/andreasimonetti.com.br\/blog\/wp-content\/uploads\/2021\/12\/265596111_4686057528141078_3874862548127747874_n-1170x1755.jpg 1170w, https:\/\/andreasimonetti.com.br\/blog\/wp-content\/uploads\/2021\/12\/265596111_4686057528141078_3874862548127747874_n-585x878.jpg 585w\" sizes=\"auto, (max-width: 1365px) 100vw, 1365px\" \/> Cr\u00e9ditos:<\/p>\n<p>Looks da Loja Ped\u00e1gio Bauru<\/p>\n","protected":false},"excerpt":{"rendered":"<p>Voc\u00ea j\u00e1 escolheu seu look para o Natal deste ano? Fotografei 3 ideias de looks para voc\u00eas. Qual voc\u00ea gostou mais? Cr\u00e9ditos: Looks da Loja Ped\u00e1gio Bauru<\/p>\n","protected":false},"author":7,"featured_media":23290,"comment_status":"open","ping_status":"open","sticky":false,"template":"","format":"standard","meta":{"_monsterinsights_skip_tracking":false,"_monsterinsights_sitenote_active":false,"_monsterinsights_sitenote_note":"","_monsterinsights_sitenote_category":0,"footnotes":""},"categories":[3057,1508,2675,3],"tags":[3223],"class_list":["post-23289","post","type-post","status-publish","format-standard","has-post-thumbnail","hentry","category-consultoria-de-estilo","category-destaque","category-meu-look","category-moda","tag-ja-escolheu-seu-look-para-o-natal"],"yoast_head":"<!-- This site is optimized with the Yoast SEO plugin v26.3 - https:\/\/yoast.com\/wordpress\/plugins\/seo\/ -->\n<title>J\u00e1 escolheu seu look para o natal? - Andrea Simonetti<\/title>\n<meta name=\"description\" content=\"Voc\u00ea j\u00e1 escolheu seu look para o Natal deste ano?Fotografei 3 ideias de looks para voc\u00eas.\" \/>\n<meta name=\"robots\" content=\"index, follow, max-snippet:-1, max-image-preview:large, max-video-preview:-1\" \/>\n<link rel=\"canonical\" href=\"https:\/\/andreasimonetti.com.br\/blog\/ja-escolheu-seu-look-para-o-natal\/\" \/>\n<meta property=\"og:locale\" content=\"pt_BR\" \/>\n<meta property=\"og:type\" content=\"article\" \/>\n<meta property=\"og:title\" content=\"J\u00e1 escolheu seu look para o natal? - Andrea Simonetti\" \/>\n<meta property=\"og:description\" content=\"Voc\u00ea j\u00e1 escolheu seu look para o Natal deste ano?Fotografei 3 ideias de looks para voc\u00eas.\" \/>\n<meta property=\"og:url\" content=\"https:\/\/andreasimonetti.com.br\/blog\/ja-escolheu-seu-look-para-o-natal\/\" \/>\n<meta property=\"og:site_name\" content=\"Andrea Simonetti\" \/>\n<meta property=\"article:publisher\" content=\"https:\/\/www.facebook.com\/blogdaandreasimonetti\/\" \/>\n<meta property=\"article:author\" content=\"https:\/\/www.facebook.com\/blogdaandreasimonetti\/\" \/>\n<meta property=\"article:published_time\" content=\"2021-12-13T21:06:49+00:00\" \/>\n<meta property=\"og:image\" content=\"https:\/\/andreasimonetti.com.br\/blog\/wp-content\/uploads\/2021\/12\/266841310_4686057348141096_5607519125649924305_n.jpg\" \/>\n\t<meta property=\"og:image:width\" content=\"1951\" \/>\n\t<meta property=\"og:image:height\" content=\"1951\" \/>\n\t<meta property=\"og:image:type\" content=\"image\/jpeg\" \/>\n<meta name=\"author\" content=\"Andrea Simonetti\" \/>\n<meta name=\"twitter:card\" content=\"summary_large_image\" \/>\n<meta name=\"twitter:creator\" content=\"@https:\/\/twitter.com\/Andrea_Simoneti\" \/>\n<meta name=\"twitter:site\" content=\"@Andrea_Simoneti\" \/>\n<meta name=\"twitter:label1\" content=\"Escrito por\" \/>\n\t<meta name=\"twitter:data1\" content=\"Andrea Simonetti\" \/>\n<!-- \/ Yoast SEO plugin. -->","yoast_head_json":{"title":"J\u00e1 escolheu seu look para o natal? - Andrea Simonetti","description":"Voc\u00ea j\u00e1 escolheu seu look para o Natal deste ano?Fotografei 3 ideias de looks para voc\u00eas.","robots":{"index":"index","follow":"follow","max-snippet":"max-snippet:-1","max-image-preview":"max-image-preview:large","max-video-preview":"max-video-preview:-1"},"canonical":"https:\/\/andreasimonetti.com.br\/blog\/ja-escolheu-seu-look-para-o-natal\/","og_locale":"pt_BR","og_type":"article","og_title":"J\u00e1 escolheu seu look para o natal? - Andrea Simonetti","og_description":"Voc\u00ea j\u00e1 escolheu seu look para o Natal deste ano?Fotografei 3 ideias de looks para voc\u00eas.","og_url":"https:\/\/andreasimonetti.com.br\/blog\/ja-escolheu-seu-look-para-o-natal\/","og_site_name":"Andrea Simonetti","article_publisher":"https:\/\/www.facebook.com\/blogdaandreasimonetti\/","article_author":"https:\/\/www.facebook.com\/blogdaandreasimonetti\/","article_published_time":"2021-12-13T21:06:49+00:00","og_image":[{"width":1951,"height":1951,"url":"https:\/\/andreasimonetti.com.br\/blog\/wp-content\/uploads\/2021\/12\/266841310_4686057348141096_5607519125649924305_n.jpg","type":"image\/jpeg"}],"author":"Andrea Simonetti","twitter_card":"summary_large_image","twitter_creator":"@https:\/\/twitter.com\/Andrea_Simoneti","twitter_site":"@Andrea_Simoneti","twitter_misc":{"Escrito por":"Andrea Simonetti"},"schema":{"@context":"https:\/\/schema.org","@graph":[{"@type":"WebPage","@id":"https:\/\/andreasimonetti.com.br\/blog\/ja-escolheu-seu-look-para-o-natal\/","url":"https:\/\/andreasimonetti.com.br\/blog\/ja-escolheu-seu-look-para-o-natal\/","name":"J\u00e1 escolheu seu look para o natal? - Andrea Simonetti","isPartOf":{"@id":"https:\/\/andreasimonetti.com.br\/blog\/#website"},"primaryImageOfPage":{"@id":"https:\/\/andreasimonetti.com.br\/blog\/ja-escolheu-seu-look-para-o-natal\/#primaryimage"},"image":{"@id":"https:\/\/andreasimonetti.com.br\/blog\/ja-escolheu-seu-look-para-o-natal\/#primaryimage"},"thumbnailUrl":"https:\/\/andreasimonetti.com.br\/blog\/wp-content\/uploads\/2021\/12\/266841310_4686057348141096_5607519125649924305_n.jpg","datePublished":"2021-12-13T21:06:49+00:00","author":{"@id":"https:\/\/andreasimonetti.com.br\/blog\/#\/schema\/person\/254f763c24ac288e27ea738a7366ad2a"},"description":"Voc\u00ea j\u00e1 escolheu seu look para o Natal deste ano?Fotografei 3 ideias de looks para voc\u00eas.","breadcrumb":{"@id":"https:\/\/andreasimonetti.com.br\/blog\/ja-escolheu-seu-look-para-o-natal\/#breadcrumb"},"inLanguage":"pt-BR","potentialAction":[{"@type":"ReadAction","target":["https:\/\/andreasimonetti.com.br\/blog\/ja-escolheu-seu-look-para-o-natal\/"]}]},{"@type":"ImageObject","inLanguage":"pt-BR","@id":"https:\/\/andreasimonetti.com.br\/blog\/ja-escolheu-seu-look-para-o-natal\/#primaryimage","url":"https:\/\/andreasimonetti.com.br\/blog\/wp-content\/uploads\/2021\/12\/266841310_4686057348141096_5607519125649924305_n.jpg","contentUrl":"https:\/\/andreasimonetti.com.br\/blog\/wp-content\/uploads\/2021\/12\/266841310_4686057348141096_5607519125649924305_n.jpg","width":1951,"height":1951},{"@type":"BreadcrumbList","@id":"https:\/\/andreasimonetti.com.br\/blog\/ja-escolheu-seu-look-para-o-natal\/#breadcrumb","itemListElement":[{"@type":"ListItem","position":1,"name":"In\u00edcio","item":"https:\/\/andreasimonetti.com.br\/blog\/"},{"@type":"ListItem","position":2,"name":"J\u00e1 escolheu seu look para o natal?"}]},{"@type":"WebSite","@id":"https:\/\/andreasimonetti.com.br\/blog\/#website","url":"https:\/\/andreasimonetti.com.br\/blog\/","name":"Andrea Simonetti","description":"","potentialAction":[{"@type":"SearchAction","target":{"@type":"EntryPoint","urlTemplate":"https:\/\/andreasimonetti.com.br\/blog\/?s={search_term_string}"},"query-input":{"@type":"PropertyValueSpecification","valueRequired":true,"valueName":"search_term_string"}}],"inLanguage":"pt-BR"},{"@type":"Person","@id":"https:\/\/andreasimonetti.com.br\/blog\/#\/schema\/person\/254f763c24ac288e27ea738a7366ad2a","name":"Andrea Simonetti","image":{"@type":"ImageObject","inLanguage":"pt-BR","@id":"https:\/\/andreasimonetti.com.br\/blog\/#\/schema\/person\/image\/","url":"https:\/\/andreasimonetti.com.br\/blog\/wp-content\/uploads\/2018\/04\/andrea-simonetti-96x96.png","contentUrl":"https:\/\/andreasimonetti.com.br\/blog\/wp-content\/uploads\/2018\/04\/andrea-simonetti-96x96.png","caption":"Andrea Simonetti"},"description":"Sou formada em Administra\u00e7\u00e3o de Empresas, Produ\u00e7\u00e3o de Moda pelo SENAC e Consultoria de Estilo. Sou fascinada por moda desde sempre, adoro ver as pessoas produzidas e de bem com a vida. Moda \u00e9 o meu assunto preferido. Comecei meu blog em 2011, ele cresceu e hoje \u00e9 um site bem mais abrangente, onde eu falo sobre moda e meu trabalho de consultora de estilo. E falo tamb\u00e9m sobre a minha experi\u00eancia de vida. Mas antes de tudo, acredito num Deus Soberano que nos guia e aben\u00e7oa, o tempo todo!","sameAs":["https:\/\/www.andreasimonetti.com.br\/","https:\/\/www.facebook.com\/blogdaandreasimonetti\/","https:\/\/www.instagram.com\/andrea_simonetti\/","https:\/\/br.pinterest.com\/BlogAndrea\/","https:\/\/x.com\/https:\/\/twitter.com\/Andrea_Simoneti"],"url":"https:\/\/andreasimonetti.com.br\/blog\/author\/andrea\/"}]}},"_links":{"self":[{"href":"https:\/\/andreasimonetti.com.br\/blog\/wp-json\/wp\/v2\/posts\/23289","targetHints":{"allow":["GET"]}}],"collection":[{"href":"https:\/\/andreasimonetti.com.br\/blog\/wp-json\/wp\/v2\/posts"}],"about":[{"href":"https:\/\/andreasimonetti.com.br\/blog\/wp-json\/wp\/v2\/types\/post"}],"author":[{"embeddable":true,"href":"https:\/\/andreasimonetti.com.br\/blog\/wp-json\/wp\/v2\/users\/7"}],"replies":[{"embeddable":true,"href":"https:\/\/andreasimonetti.com.br\/blog\/wp-json\/wp\/v2\/comments?post=23289"}],"version-history":[{"count":1,"href":"https:\/\/andreasimonetti.com.br\/blog\/wp-json\/wp\/v2\/posts\/23289\/revisions"}],"predecessor-version":[{"id":23294,"href":"https:\/\/andreasimonetti.com.br\/blog\/wp-json\/wp\/v2\/posts\/23289\/revisions\/23294"}],"wp:featuredmedia":[{"embeddable":true,"href":"https:\/\/andreasimonetti.com.br\/blog\/wp-json\/wp\/v2\/media\/23290"}],"wp:attachment":[{"href":"https:\/\/andreasimonetti.com.br\/blog\/wp-json\/wp\/v2\/media?parent=23289"}],"wp:term":[{"taxonomy":"category","embeddable":true,"href":"https:\/\/andreasimonetti.com.br\/blog\/wp-json\/wp\/v2\/categories?post=23289"},{"taxonomy":"post_tag","embeddable":true,"href":"https:\/\/andreasimonetti.com.br\/blog\/wp-json\/wp\/v2\/tags?post=23289"}],"curies":[{"name":"wp","href":"https:\/\/api.w.org\/{rel}","templated":true}]}}